{"id":8906,"date":"2021-02-03T14:36:00","date_gmt":"2021-02-03T13:36:00","guid":{"rendered":"https:\/\/swissbaker.ch\/?p=8906"},"modified":"2022-05-11T13:00:15","modified_gmt":"2022-05-11T11:00:15","slug":"une-annee-de-pandemie-un-engagement-important-des-succes-et-des-echecs","status":"publish","type":"post","link":"https:\/\/swissbaker.ch\/fr\/panissimo-news\/une-annee-de-pandemie-un-engagement-important-des-succes-et-des-echecs\/","title":{"rendered":"Une ann\u00e9e de pand\u00e9mie : un engagement important, des succ\u00e8s et des \u00e9checs"},"content":{"rendered":"\n<p><strong>Depuis environ un an, la pand\u00e9mie du coronavirus fait r\u00e9gner l\u2019\u00e9tat d\u2019urgence en Suisse, dans le monde entier, et cela affecte \u00e9galement notre branche. Arr\u00eatons-nous un instant pour revenir sur cette ann\u00e9e mouvement\u00e9e et pleine de bouleversements\u2009:<\/strong><\/p>\n\n\n\n<p>En mars, le Conseil f\u00e9d\u00e9ral a impos\u00e9 un \u00ab\u2009lockdown\u2009\u00bb national. Les boulangeries-confiseries ont \u00e9t\u00e9 autoris\u00e9es \u00e0 rester ouvertes, car elles sont essentielles \u00e0 l\u2019approvisionnement. Une premi\u00e8re victoire\u2009! Apr\u00e8s un premier choc, les membres se sont montr\u00e9s innovants. Ils ont fait \u00e9quipe avec d\u2019autres commer\u00e7ants, ont revu les processus de travail, supprim\u00e9 de vieilles habitudes non rentables, etc. La direction et le personnel de l\u2019Association suisse des patrons boulangers-confiseurs (BCS) ont travaill\u00e9 \u00e0 plein r\u00e9gime. Ils se sont battus avec acharnement pour la survie des membres. Ils ont conseill\u00e9 pratiquement 24\u202fheures sur 24 sur les questions juridiques et les mesures de s\u00e9curit\u00e9 et d\u2019hygi\u00e8ne. Ils ont inform\u00e9 et fait de la publicit\u00e9 sur d\u2019innombrables canaux, organis\u00e9 des campagnes telles que \u00ab\u2009acheter local\u2009\u00bb et ils ont assur\u00e9 une bonne r\u00e9sonance m\u00e9diatique. Les r\u00e9actions ont \u00e9t\u00e9 positives dans tous les domaines.<\/p>\n\n\n\n<h2 class=\"wp-block-heading\" id=\"h-deuxieme-lockdown\">Deuxi\u00e8me \u00ab\u2009lockdown\u2009\u00bb<\/h2>\n\n\n\n<p>Une br\u00e8ve tr\u00eave a eu lieu en \u00e9t\u00e9 avant que le cauchemar ne reprenne \u00e0 l\u2019automne. Cependant, la population \u00e9tait lasse de la Covid. L\u2019\u00e9nergie, le sens de l\u2019unit\u00e9 du printemps avaient disparu. Par ailleurs, les nouvelles mesures variaient d\u2019un canton \u00e0 l\u2019autre, et on s\u2019est retrouv\u00e9 devant 26 versions diff\u00e9rentes. Pour la BCS, il \u00e9tait impossible de garder une vue d\u2019ensemble claire. Les contacts avec les secr\u00e9taires et les pr\u00e9sidents des associations cantonales et r\u00e9gionales se sont intensifi\u00e9s. Un \u00e9change r\u00e9gulier a eu lieu. Les processus de communication ont \u00e9t\u00e9 &#8211; et sont toujours &#8211; optimis\u00e9s afin de pouvoir informer et soutenir les membres de la mani\u00e8re la plus compl\u00e8te possible.<\/p>\n\n\n\n<h2 class=\"wp-block-heading\" id=\"h-ventes-du-dimanche\">Ventes du dimanche<\/h2>\n\n\n\n<p>La d\u00e9cision du Conseil f\u00e9d\u00e9ral concernant les ventes du dimanche a \u00e9t\u00e9 un v\u00e9ritable casse-t\u00eate. L\u2019association a utilis\u00e9 tous ses moyens de communication et son r\u00e9seau pour faire en sorte que ses membres puissent ouvrir leurs magasins les dimanches et jours f\u00e9ri\u00e9s qui sont importants pour eux\u2009; avec les pharmacies. Bien s\u00fbr, cela ne s\u2019est pas fait sans b\u00e9mol\u2009: par exemple, le fait que les caf\u00e9s devaient rester ferm\u00e9s, alors qu\u2019elle a fait tout son possible en tant que petite association.<\/p>\n\n\n\n<h2 class=\"wp-block-heading\" id=\"h-reglement-des-cas-de-rigueur\">R\u00e8glement des cas de rigueur<\/h2>\n\n\n\n<p>L\u2019association a remport\u00e9 une autre victoire dans le cadre du r\u00e8glement des cas de rigueur. Le pr\u00e9sident de la BCS, Silvan Hotz, et le directeur, Urs Wellauer, ont utilis\u00e9 leur r\u00e9seau, avant m\u00eame que le Conseil f\u00e9d\u00e9ral ne se prononce sur la question, pour s\u2019assurer que la comptabilit\u00e9 par secteur soit prise en compte. Un \u00e9change intensif a de nouveau eu lieu avec les pr\u00e9sidents et secr\u00e9taires cantonaux et r\u00e9gionaux. Les associations cantonales ont \u00e9t\u00e9 inform\u00e9es et document\u00e9es.<\/p>\n\n\n\n<h2 class=\"wp-block-heading\" id=\"h-pour-le-bien-des-membres\">Pour le bien des membres<\/h2>\n\n\n\n<p>En tant qu\u2019association relativement petite, la BCS a r\u00e9alis\u00e9 beaucoup de choses au cours de l\u2019ann\u00e9e coronavirus. Toutefois, elle a \u00e9galement essuy\u00e9 un ou deux \u00e9checs et d\u00fb apporter des corrections ici et l\u00e0, en communiquant directement avec les associations cantonales, par exemple. Les efforts ont toujours eu et continuent d\u2019avoir pour objectif le bien des membres et de la branche artisanale. Et, la pointe de l\u2019association avec le pr\u00e9sident, le comit\u00e9 central, le comit\u00e9 directeur ainsi que le bureau ex\u00e9cutif et l\u2019ensemble des collaborateurs poursuivent cet objectif avec t\u00e9nacit\u00e9 et passion.<\/p>\n\n\n\n<h2 class=\"wp-block-heading\" id=\"h-ajustements-du-conseil-federal\">Ajustements du Conseil f\u00e9d\u00e9ral<\/h2>\n\n\n\n<p>La semaine derni\u00e8re, le Conseil f\u00e9d\u00e9ral a communiqu\u00e9 diff\u00e9rents changements ayant trait \u00e0 la dur\u00e9e de la quarantaine (changement important en mati\u00e8re de perte de gain Covid-19), au montant des contributions f\u00e9d\u00e9rales pour les cas de rigueur, \u00e0 l\u2019aide pour les travailleurs culturels et \u00e0 la prise en charge des co\u00fbts du d\u00e9pistage et de la vaccination (voir la newsletter du 28\u202fjanvier).<br>Concernant les RHT pour apprentis, un r\u00e9examen est requis pour les autorisations existantes, de m\u00eame que la preuve que la poursuite de leur formation est, respectivement sera garantie. Les informations actuelles sont disponibles dans l\u2019intranet.<\/p>\n\n\n\n<h2 class=\"wp-block-heading\" id=\"h-gare-au-cas-de-rigueur\">Gare au cas de rigueur<\/h2>\n\n\n\n<p>la r\u00e9glementation des cas de rigueur est plus compliqu\u00e9e, parce que les fonds y relatifs sont vers\u00e9s par le biais des cantons et que les pratiques en la mati\u00e8re varient. La comptabilit\u00e9 par secteur que nous avons propos\u00e9e pour la vente et la restauration a d\u00e9j\u00e0 \u00e9t\u00e9 reprise par quelques cantons. L\u2019Association suisse des patrons boulangers-confiseurs (BCS) a insist\u00e9 aupr\u00e8s du D\u00e9partement f\u00e9d\u00e9ral des finances pour que cette solution soit \u00e9galement recommand\u00e9e aux cantons au niveau f\u00e9d\u00e9ral. Des ajustements pourraient encore intervenir dans les cantons. Les artisans boulangers-confiseurs sont pri\u00e9s de s\u2019adresser \u00e0 leurs associations cantonales.<\/p>\n\n\n\n<p>Liens utiles de la BCS\u2009:<a href=\"http:\/\/bit.ly\/3tgMhrj\" target=\"_blank\" rel=\"noreferrer noopener\">bit.ly\/3tgMhrj<\/a><br>Contacts et informations des autorit\u00e9s cantonales\u2009:<a href=\"https:\/\/www.ch.ch\/fr\/sante\/coronavirus:-questions-reponses\/#contacts-et-informations-des-autoritn-s-cantonales\">bit.ly\/3tfaqP7<\/a><\/p>\n","protected":false},"excerpt":{"rendered":"<p>Depuis environ un an, la pand\u00e9mie du coronavirus fait r\u00e9gner l\u2019\u00e9tat d\u2019urgence en Suisse, dans le monde entier, et cela affecte \u00e9galement notre branche. Arr\u00eatons-nous un instant pour revenir sur cette ann\u00e9e mouvement\u00e9e et pleine de bouleversements\u2009: En mars, le Conseil f\u00e9d\u00e9ral a impos\u00e9 un \u00ab\u2009lockdown\u2009\u00bb national. Les boulangeries-confiseries ont \u00e9t\u00e9 autoris\u00e9es \u00e0 rester ouvertes, car elles sont essentielles \u00e0 [&hellip;]<\/p>\n","protected":false},"author":1,"featured_media":5464,"comment_status":"open","ping_status":"closed","sticky":false,"template":"","format":"standard","meta":{"_acf_changed":false,"footnotes":""},"categories":[45],"tags":[],"class_list":["post-8906","post","type-post","status-publish","format-standard","has-post-thumbnail","hentry","category-environnement-professionnel"],"acf":[],"yoast_head":"<!-- This site is optimized with the Yoast SEO Premium plugin v26.8 (Yoast SEO v26.8) - https:\/\/yoast.com\/product\/yoast-seo-premium-wordpress\/ -->\n<title>Une ann\u00e9e de pand\u00e9mie : un engagement important, des succ\u00e8s et des \u00e9checs | SBC<\/title>\n<meta name=\"robots\" content=\"index, follow, max-snippet:-1, max-image-preview:large, max-video-preview:-1\" \/>\n<link rel=\"canonical\" href=\"https:\/\/swissbaker.ch\/fr\/panissimo-news\/une-annee-de-pandemie-un-engagement-important-des-succes-et-des-echecs\/\" \/>\n<meta property=\"og:locale\" content=\"fr_FR\" \/>\n<meta property=\"og:type\" content=\"article\" \/>\n<meta property=\"og:title\" content=\"Une ann\u00e9e de pand\u00e9mie : un engagement important, des succ\u00e8s et des \u00e9checs\" \/>\n<meta property=\"og:description\" content=\"Depuis environ un an, la pand\u00e9mie du coronavirus fait r\u00e9gner l\u2019\u00e9tat d\u2019urgence en Suisse, dans le monde entier, et cela affecte \u00e9galement notre branche. Arr\u00eatons-nous un instant pour revenir sur cette ann\u00e9e mouvement\u00e9e et pleine de bouleversements\u2009: En mars, le Conseil f\u00e9d\u00e9ral a impos\u00e9 un \u00ab\u2009lockdown\u2009\u00bb national. Les boulangeries-confiseries ont \u00e9t\u00e9 autoris\u00e9es \u00e0 rester ouvertes, car elles sont essentielles \u00e0 [&hellip;]\" \/>\n<meta property=\"og:url\" content=\"https:\/\/swissbaker.ch\/fr\/panissimo-news\/une-annee-de-pandemie-un-engagement-important-des-succes-et-des-echecs\/\" \/>\n<meta property=\"og:site_name\" content=\"SBC\" \/>\n<meta property=\"article:publisher\" content=\"https:\/\/www.facebook.com\/swissbaker.ch\" \/>\n<meta property=\"article:published_time\" content=\"2021-02-03T13:36:00+00:00\" \/>\n<meta property=\"article:modified_time\" content=\"2022-05-11T11:00:15+00:00\" \/>\n<meta property=\"og:image\" content=\"https:\/\/swissbaker.ch\/wp-content\/uploads\/2022\/03\/3.1_Plakat-Aktion.jpg\" \/>\n\t<meta property=\"og:image:width\" content=\"800\" \/>\n\t<meta property=\"og:image:height\" content=\"474\" \/>\n\t<meta property=\"og:image:type\" content=\"image\/jpeg\" \/>\n<meta name=\"author\" content=\"azureart\" \/>\n<meta name=\"twitter:card\" content=\"summary_large_image\" \/>\n<meta name=\"twitter:creator\" content=\"@ch_swissbaker\" \/>\n<meta name=\"twitter:site\" content=\"@ch_swissbaker\" \/>\n<meta name=\"twitter:label1\" content=\"Written by\" \/>\n\t<meta name=\"twitter:data1\" content=\"azureart\" \/>\n\t<meta name=\"twitter:label2\" content=\"Est. reading time\" \/>\n\t<meta name=\"twitter:data2\" content=\"5 minutes\" \/>\n<script type=\"application\/ld+json\" class=\"yoast-schema-graph\">{\"@context\":\"https:\/\/schema.org\",\"@graph\":[{\"@type\":\"Article\",\"@id\":\"https:\/\/swissbaker.ch\/fr\/panissimo-news\/une-annee-de-pandemie-un-engagement-important-des-succes-et-des-echecs\/#article\",\"isPartOf\":{\"@id\":\"https:\/\/swissbaker.ch\/fr\/panissimo-news\/une-annee-de-pandemie-un-engagement-important-des-succes-et-des-echecs\/\"},\"author\":{\"name\":\"azureart\",\"@id\":\"https:\/\/swissbaker.ch\/fr\/#\/schema\/person\/058ac47619f7da53df62aba60f939b78\"},\"headline\":\"Une ann\u00e9e de pand\u00e9mie : un engagement important, des succ\u00e8s et des \u00e9checs\",\"datePublished\":\"2021-02-03T13:36:00+00:00\",\"dateModified\":\"2022-05-11T11:00:15+00:00\",\"mainEntityOfPage\":{\"@id\":\"https:\/\/swissbaker.ch\/fr\/panissimo-news\/une-annee-de-pandemie-un-engagement-important-des-succes-et-des-echecs\/\"},\"wordCount\":892,\"commentCount\":0,\"publisher\":{\"@id\":\"https:\/\/swissbaker.ch\/fr\/#organization\"},\"image\":{\"@id\":\"https:\/\/swissbaker.ch\/fr\/panissimo-news\/une-annee-de-pandemie-un-engagement-important-des-succes-et-des-echecs\/#primaryimage\"},\"thumbnailUrl\":\"https:\/\/swissbaker.ch\/wp-content\/uploads\/2022\/03\/3.1_Plakat-Aktion.jpg\",\"articleSection\":[\"Environnement professionnel\"],\"inLanguage\":\"fr-FR\",\"potentialAction\":[{\"@type\":\"CommentAction\",\"name\":\"Comment\",\"target\":[\"https:\/\/swissbaker.ch\/fr\/panissimo-news\/une-annee-de-pandemie-un-engagement-important-des-succes-et-des-echecs\/#respond\"]}]},{\"@type\":\"WebPage\",\"@id\":\"https:\/\/swissbaker.ch\/fr\/panissimo-news\/une-annee-de-pandemie-un-engagement-important-des-succes-et-des-echecs\/\",\"url\":\"https:\/\/swissbaker.ch\/fr\/panissimo-news\/une-annee-de-pandemie-un-engagement-important-des-succes-et-des-echecs\/\",\"name\":\"Une ann\u00e9e de pand\u00e9mie : un engagement important, des succ\u00e8s et des \u00e9checs | SBC\",\"isPartOf\":{\"@id\":\"https:\/\/swissbaker.ch\/fr\/#website\"},\"primaryImageOfPage\":{\"@id\":\"https:\/\/swissbaker.ch\/fr\/panissimo-news\/une-annee-de-pandemie-un-engagement-important-des-succes-et-des-echecs\/#primaryimage\"},\"image\":{\"@id\":\"https:\/\/swissbaker.ch\/fr\/panissimo-news\/une-annee-de-pandemie-un-engagement-important-des-succes-et-des-echecs\/#primaryimage\"},\"thumbnailUrl\":\"https:\/\/swissbaker.ch\/wp-content\/uploads\/2022\/03\/3.1_Plakat-Aktion.jpg\",\"datePublished\":\"2021-02-03T13:36:00+00:00\",\"dateModified\":\"2022-05-11T11:00:15+00:00\",\"breadcrumb\":{\"@id\":\"https:\/\/swissbaker.ch\/fr\/panissimo-news\/une-annee-de-pandemie-un-engagement-important-des-succes-et-des-echecs\/#breadcrumb\"},\"inLanguage\":\"fr-FR\",\"potentialAction\":[{\"@type\":\"ReadAction\",\"target\":[\"https:\/\/swissbaker.ch\/fr\/panissimo-news\/une-annee-de-pandemie-un-engagement-important-des-succes-et-des-echecs\/\"]}]},{\"@type\":\"ImageObject\",\"inLanguage\":\"fr-FR\",\"@id\":\"https:\/\/swissbaker.ch\/fr\/panissimo-news\/une-annee-de-pandemie-un-engagement-important-des-succes-et-des-echecs\/#primaryimage\",\"url\":\"https:\/\/swissbaker.ch\/wp-content\/uploads\/2022\/03\/3.1_Plakat-Aktion.jpg\",\"contentUrl\":\"https:\/\/swissbaker.ch\/wp-content\/uploads\/2022\/03\/3.1_Plakat-Aktion.jpg\",\"width\":800,\"height\":474,\"caption\":\"Une ann\u00e9e de pand\u00e9mie : un engagement important, des succ\u00e8s et des \u00e9checs\"},{\"@type\":\"BreadcrumbList\",\"@id\":\"https:\/\/swissbaker.ch\/fr\/panissimo-news\/une-annee-de-pandemie-un-engagement-important-des-succes-et-des-echecs\/#breadcrumb\",\"itemListElement\":[{\"@type\":\"ListItem\",\"position\":1,\"name\":\"\",\"item\":\"https:\/\/swissbaker.ch\/fr\/\"},{\"@type\":\"ListItem\",\"position\":2,\"name\":\"Environnement professionnel\",\"item\":\"https:\/\/swissbaker.ch\/fr\/panissimo-news\/category\/environnement-professionnel\/\"},{\"@type\":\"ListItem\",\"position\":3,\"name\":\"Une ann\u00e9e de pand\u00e9mie : un engagement important, des succ\u00e8s et des \u00e9checs\"}]},{\"@type\":\"WebSite\",\"@id\":\"https:\/\/swissbaker.ch\/fr\/#website\",\"url\":\"https:\/\/swissbaker.ch\/fr\/\",\"name\":\"SBC\",\"description\":\"\",\"publisher\":{\"@id\":\"https:\/\/swissbaker.ch\/fr\/#organization\"},\"potentialAction\":[{\"@type\":\"SearchAction\",\"target\":{\"@type\":\"EntryPoint\",\"urlTemplate\":\"https:\/\/swissbaker.ch\/fr\/?s={search_term_string}\"},\"query-input\":{\"@type\":\"PropertyValueSpecification\",\"valueRequired\":true,\"valueName\":\"search_term_string\"}}],\"inLanguage\":\"fr-FR\"},{\"@type\":\"Organization\",\"@id\":\"https:\/\/swissbaker.ch\/fr\/#organization\",\"name\":\"Schweizerischer B\u00e4cker-Confiseurmeister-Verband\",\"url\":\"https:\/\/swissbaker.ch\/fr\/\",\"logo\":{\"@type\":\"ImageObject\",\"inLanguage\":\"fr-FR\",\"@id\":\"https:\/\/swissbaker.ch\/fr\/#\/schema\/logo\/image\/\",\"url\":\"https:\/\/swissbaker.ch\/wp-content\/uploads\/2022\/04\/sbc-logo-yoast.jpg\",\"contentUrl\":\"https:\/\/swissbaker.ch\/wp-content\/uploads\/2022\/04\/sbc-logo-yoast.jpg\",\"width\":512,\"height\":512,\"caption\":\"Schweizerischer B\u00e4cker-Confiseurmeister-Verband\"},\"image\":{\"@id\":\"https:\/\/swissbaker.ch\/fr\/#\/schema\/logo\/image\/\"},\"sameAs\":[\"https:\/\/www.facebook.com\/swissbaker.ch\",\"https:\/\/x.com\/ch_swissbaker\"]},{\"@type\":\"Person\",\"@id\":\"https:\/\/swissbaker.ch\/fr\/#\/schema\/person\/058ac47619f7da53df62aba60f939b78\",\"name\":\"azureart\",\"image\":{\"@type\":\"ImageObject\",\"inLanguage\":\"fr-FR\",\"@id\":\"https:\/\/swissbaker.ch\/fr\/#\/schema\/person\/image\/\",\"url\":\"https:\/\/secure.gravatar.com\/avatar\/be04dd3098fd612c83067af4f7a295384c93cb6a9112f51beb9d2f477d25da61?s=96&d=mm&r=g\",\"contentUrl\":\"https:\/\/secure.gravatar.com\/avatar\/be04dd3098fd612c83067af4f7a295384c93cb6a9112f51beb9d2f477d25da61?s=96&d=mm&r=g\",\"caption\":\"azureart\"},\"sameAs\":[\"https:\/\/swissbaker.ch\"],\"url\":\"https:\/\/swissbaker.ch\/fr\/panissimo-news\/author\/pixel-ahoi\/\"}]}<\/script>\n<!-- \/ Yoast SEO Premium plugin. -->","yoast_head_json":{"title":"Une ann\u00e9e de pand\u00e9mie : un engagement important, des succ\u00e8s et des \u00e9checs | SBC","robots":{"index":"index","follow":"follow","max-snippet":"max-snippet:-1","max-image-preview":"max-image-preview:large","max-video-preview":"max-video-preview:-1"},"canonical":"https:\/\/swissbaker.ch\/fr\/panissimo-news\/une-annee-de-pandemie-un-engagement-important-des-succes-et-des-echecs\/","og_locale":"fr_FR","og_type":"article","og_title":"Une ann\u00e9e de pand\u00e9mie : un engagement important, des succ\u00e8s et des \u00e9checs","og_description":"Depuis environ un an, la pand\u00e9mie du coronavirus fait r\u00e9gner l\u2019\u00e9tat d\u2019urgence en Suisse, dans le monde entier, et cela affecte \u00e9galement notre branche. Arr\u00eatons-nous un instant pour revenir sur cette ann\u00e9e mouvement\u00e9e et pleine de bouleversements\u2009: En mars, le Conseil f\u00e9d\u00e9ral a impos\u00e9 un \u00ab\u2009lockdown\u2009\u00bb national. Les boulangeries-confiseries ont \u00e9t\u00e9 autoris\u00e9es \u00e0 rester ouvertes, car elles sont essentielles \u00e0 [&hellip;]","og_url":"https:\/\/swissbaker.ch\/fr\/panissimo-news\/une-annee-de-pandemie-un-engagement-important-des-succes-et-des-echecs\/","og_site_name":"SBC","article_publisher":"https:\/\/www.facebook.com\/swissbaker.ch","article_published_time":"2021-02-03T13:36:00+00:00","article_modified_time":"2022-05-11T11:00:15+00:00","og_image":[{"width":800,"height":474,"url":"https:\/\/swissbaker.ch\/wp-content\/uploads\/2022\/03\/3.1_Plakat-Aktion.jpg","type":"image\/jpeg"}],"author":"azureart","twitter_card":"summary_large_image","twitter_creator":"@ch_swissbaker","twitter_site":"@ch_swissbaker","twitter_misc":{"Written by":"azureart","Est. reading time":"5 minutes"},"schema":{"@context":"https:\/\/schema.org","@graph":[{"@type":"Article","@id":"https:\/\/swissbaker.ch\/fr\/panissimo-news\/une-annee-de-pandemie-un-engagement-important-des-succes-et-des-echecs\/#article","isPartOf":{"@id":"https:\/\/swissbaker.ch\/fr\/panissimo-news\/une-annee-de-pandemie-un-engagement-important-des-succes-et-des-echecs\/"},"author":{"name":"azureart","@id":"https:\/\/swissbaker.ch\/fr\/#\/schema\/person\/058ac47619f7da53df62aba60f939b78"},"headline":"Une ann\u00e9e de pand\u00e9mie : un engagement important, des succ\u00e8s et des \u00e9checs","datePublished":"2021-02-03T13:36:00+00:00","dateModified":"2022-05-11T11:00:15+00:00","mainEntityOfPage":{"@id":"https:\/\/swissbaker.ch\/fr\/panissimo-news\/une-annee-de-pandemie-un-engagement-important-des-succes-et-des-echecs\/"},"wordCount":892,"commentCount":0,"publisher":{"@id":"https:\/\/swissbaker.ch\/fr\/#organization"},"image":{"@id":"https:\/\/swissbaker.ch\/fr\/panissimo-news\/une-annee-de-pandemie-un-engagement-important-des-succes-et-des-echecs\/#primaryimage"},"thumbnailUrl":"https:\/\/swissbaker.ch\/wp-content\/uploads\/2022\/03\/3.1_Plakat-Aktion.jpg","articleSection":["Environnement professionnel"],"inLanguage":"fr-FR","potentialAction":[{"@type":"CommentAction","name":"Comment","target":["https:\/\/swissbaker.ch\/fr\/panissimo-news\/une-annee-de-pandemie-un-engagement-important-des-succes-et-des-echecs\/#respond"]}]},{"@type":"WebPage","@id":"https:\/\/swissbaker.ch\/fr\/panissimo-news\/une-annee-de-pandemie-un-engagement-important-des-succes-et-des-echecs\/","url":"https:\/\/swissbaker.ch\/fr\/panissimo-news\/une-annee-de-pandemie-un-engagement-important-des-succes-et-des-echecs\/","name":"Une ann\u00e9e de pand\u00e9mie : un engagement important, des succ\u00e8s et des \u00e9checs | SBC","isPartOf":{"@id":"https:\/\/swissbaker.ch\/fr\/#website"},"primaryImageOfPage":{"@id":"https:\/\/swissbaker.ch\/fr\/panissimo-news\/une-annee-de-pandemie-un-engagement-important-des-succes-et-des-echecs\/#primaryimage"},"image":{"@id":"https:\/\/swissbaker.ch\/fr\/panissimo-news\/une-annee-de-pandemie-un-engagement-important-des-succes-et-des-echecs\/#primaryimage"},"thumbnailUrl":"https:\/\/swissbaker.ch\/wp-content\/uploads\/2022\/03\/3.1_Plakat-Aktion.jpg","datePublished":"2021-02-03T13:36:00+00:00","dateModified":"2022-05-11T11:00:15+00:00","breadcrumb":{"@id":"https:\/\/swissbaker.ch\/fr\/panissimo-news\/une-annee-de-pandemie-un-engagement-important-des-succes-et-des-echecs\/#breadcrumb"},"inLanguage":"fr-FR","potentialAction":[{"@type":"ReadAction","target":["https:\/\/swissbaker.ch\/fr\/panissimo-news\/une-annee-de-pandemie-un-engagement-important-des-succes-et-des-echecs\/"]}]},{"@type":"ImageObject","inLanguage":"fr-FR","@id":"https:\/\/swissbaker.ch\/fr\/panissimo-news\/une-annee-de-pandemie-un-engagement-important-des-succes-et-des-echecs\/#primaryimage","url":"https:\/\/swissbaker.ch\/wp-content\/uploads\/2022\/03\/3.1_Plakat-Aktion.jpg","contentUrl":"https:\/\/swissbaker.ch\/wp-content\/uploads\/2022\/03\/3.1_Plakat-Aktion.jpg","width":800,"height":474,"caption":"Une ann\u00e9e de pand\u00e9mie : un engagement important, des succ\u00e8s et des \u00e9checs"},{"@type":"BreadcrumbList","@id":"https:\/\/swissbaker.ch\/fr\/panissimo-news\/une-annee-de-pandemie-un-engagement-important-des-succes-et-des-echecs\/#breadcrumb","itemListElement":[{"@type":"ListItem","position":1,"name":"","item":"https:\/\/swissbaker.ch\/fr\/"},{"@type":"ListItem","position":2,"name":"Environnement professionnel","item":"https:\/\/swissbaker.ch\/fr\/panissimo-news\/category\/environnement-professionnel\/"},{"@type":"ListItem","position":3,"name":"Une ann\u00e9e de pand\u00e9mie : un engagement important, des succ\u00e8s et des \u00e9checs"}]},{"@type":"WebSite","@id":"https:\/\/swissbaker.ch\/fr\/#website","url":"https:\/\/swissbaker.ch\/fr\/","name":"SBC","description":"","publisher":{"@id":"https:\/\/swissbaker.ch\/fr\/#organization"},"potentialAction":[{"@type":"SearchAction","target":{"@type":"EntryPoint","urlTemplate":"https:\/\/swissbaker.ch\/fr\/?s={search_term_string}"},"query-input":{"@type":"PropertyValueSpecification","valueRequired":true,"valueName":"search_term_string"}}],"inLanguage":"fr-FR"},{"@type":"Organization","@id":"https:\/\/swissbaker.ch\/fr\/#organization","name":"Schweizerischer B\u00e4cker-Confiseurmeister-Verband","url":"https:\/\/swissbaker.ch\/fr\/","logo":{"@type":"ImageObject","inLanguage":"fr-FR","@id":"https:\/\/swissbaker.ch\/fr\/#\/schema\/logo\/image\/","url":"https:\/\/swissbaker.ch\/wp-content\/uploads\/2022\/04\/sbc-logo-yoast.jpg","contentUrl":"https:\/\/swissbaker.ch\/wp-content\/uploads\/2022\/04\/sbc-logo-yoast.jpg","width":512,"height":512,"caption":"Schweizerischer B\u00e4cker-Confiseurmeister-Verband"},"image":{"@id":"https:\/\/swissbaker.ch\/fr\/#\/schema\/logo\/image\/"},"sameAs":["https:\/\/www.facebook.com\/swissbaker.ch","https:\/\/x.com\/ch_swissbaker"]},{"@type":"Person","@id":"https:\/\/swissbaker.ch\/fr\/#\/schema\/person\/058ac47619f7da53df62aba60f939b78","name":"azureart","image":{"@type":"ImageObject","inLanguage":"fr-FR","@id":"https:\/\/swissbaker.ch\/fr\/#\/schema\/person\/image\/","url":"https:\/\/secure.gravatar.com\/avatar\/be04dd3098fd612c83067af4f7a295384c93cb6a9112f51beb9d2f477d25da61?s=96&d=mm&r=g","contentUrl":"https:\/\/secure.gravatar.com\/avatar\/be04dd3098fd612c83067af4f7a295384c93cb6a9112f51beb9d2f477d25da61?s=96&d=mm&r=g","caption":"azureart"},"sameAs":["https:\/\/swissbaker.ch"],"url":"https:\/\/swissbaker.ch\/fr\/panissimo-news\/author\/pixel-ahoi\/"}]}},"_links":{"self":[{"href":"https:\/\/swissbaker.ch\/fr\/wp-json\/wp\/v2\/posts\/8906","targetHints":{"allow":["GET"]}}],"collection":[{"href":"https:\/\/swissbaker.ch\/fr\/wp-json\/wp\/v2\/posts"}],"about":[{"href":"https:\/\/swissbaker.ch\/fr\/wp-json\/wp\/v2\/types\/post"}],"author":[{"embeddable":true,"href":"https:\/\/swissbaker.ch\/fr\/wp-json\/wp\/v2\/users\/1"}],"replies":[{"embeddable":true,"href":"https:\/\/swissbaker.ch\/fr\/wp-json\/wp\/v2\/comments?post=8906"}],"version-history":[{"count":0,"href":"https:\/\/swissbaker.ch\/fr\/wp-json\/wp\/v2\/posts\/8906\/revisions"}],"wp:featuredmedia":[{"embeddable":true,"href":"https:\/\/swissbaker.ch\/fr\/wp-json\/wp\/v2\/media\/5464"}],"wp:attachment":[{"href":"https:\/\/swissbaker.ch\/fr\/wp-json\/wp\/v2\/media?parent=8906"}],"wp:term":[{"taxonomy":"category","embeddable":true,"href":"https:\/\/swissbaker.ch\/fr\/wp-json\/wp\/v2\/categories?post=8906"},{"taxonomy":"post_tag","embeddable":true,"href":"https:\/\/swissbaker.ch\/fr\/wp-json\/wp\/v2\/tags?post=8906"}],"curies":[{"name":"wp","href":"https:\/\/api.w.org\/{rel}","templated":true}]}}