{"id":8836,"date":"2021-03-02T11:46:00","date_gmt":"2021-03-02T10:46:00","guid":{"rendered":"https:\/\/swissbaker.ch\/?p=8836"},"modified":"2022-05-11T11:48:47","modified_gmt":"2022-05-11T09:48:47","slug":"le-levain-fait-lobjet-de-vifs-debats-dans-la-branche","status":"publish","type":"post","link":"https:\/\/swissbaker.ch\/fr\/panissimo-news\/le-levain-fait-lobjet-de-vifs-debats-dans-la-branche\/","title":{"rendered":"\u00ab\u2009Le levain fait l\u2019objet de vifs d\u00e9bats dans la branche\u2009\u00bb"},"content":{"rendered":"\n<p><strong>Les pains et autres produits de boulangerie fabriqu\u00e9s \u00e0 base de levain sont appr\u00e9ci\u00e9s. Ils offrent l\u2019occasion d\u2019attirer l\u2019attention sur l\u2019artisanat de la boulangerie. Tour d\u2019horizon et conseils d\u2019Urs R\u00f6thlin, chef de boulangerie chez Richemont.<\/strong><\/p>\n\n\n\n<p>Urs R\u00f6thlin est convaincu que le travail au levain devient une routine apr\u00e8s quelques semaines.<\/p>\n\n\n\n<p><strong>Urs R\u00f6thlin, le levain et la fermentation de la p\u00e2te sont-ils des sujets que vous abordez lorsque vous vous entretenez avec des membres de la BCS\u2009?<\/strong><br>Oui, ce sont deux grands sujets. Dans de nombreuses conversations avec des membres de la BCS, la fermentation de la p\u00e2te est le sujet principal. Le levain est toujours vivement discut\u00e9 comme type de fermentation.<\/p>\n\n\n\n<p><strong>En quoi le pain au levain diff\u00e8re-t-il du pain confectionn\u00e9 avec une pr\u00e9p\u00e2te ou sans ajout d\u2019ingr\u00e9dients pr\u00e9ferment\u00e9s\u2009?<\/strong><br>Au niveau du go\u00fbt, il y a de grandes diff\u00e9rences. Le levain ajoute beaucoup plus de saveur. Mais cela ne veut pas dire que tous les pains doivent \u00eatre faits avec du levain et sans levure de boulangerie. Au contraire, une combinaison donne souvent un r\u00e9sultat tr\u00e8s positif sur le go\u00fbt ainsi que sur la conservation fra\u00eecheur. Je suis persuad\u00e9 que l\u2019ajout de levain rend le pain plus digeste.<\/p>\n\n\n\n<p id=\"h-aujourd-hui-le-pain-au-levain-fait-partie-de-chaque-assortiment-d-une-bonne-boulangerie-artisanale\">\u00ab Aujourd\u2019hui, le pain au levain fait partie de chaque assortiment d\u2019une bonne boulangerie artisanale. \u00bb<\/p>\n\n\n\n<p><strong>Les grossistes proposent d\u00e9sormais aussi des pains au levain. Comment une boulangerie-confiserie artisanale peut-elle se distinguer avec ses produits au levain\u2009?<\/strong><br>C\u2019est vrai, les grossistes proposent des pains au levain ou en ont dans certains pains. L\u2019important, c\u2019est que les boulangeries artisanales fabriquent des pains savoureux avec une bonne conservation fra\u00eecheur. Nos concurrents ne dorment pas. Il n\u2019est donc pas facile ni juste de vouloir se d\u00e9marquer uniquement sur la base du levain. Aujourd\u2019hui, le pain au levain fait partie de chaque assortiment d\u2019une bonne boulangerie artisanale.<\/p>\n\n\n\n<p><strong>Que faut-il pour fabriquer son propre levain\u2009?<\/strong><br>Au d\u00e9but, certainement un peu de patience et de temps. Il est important d\u2019\u00e9tudier le sujet et de trouver le levain avec la bonne conduite. Je crois fermement qu\u2019apr\u00e8s quelques semaines, le travail avec le levain fait partie du quotidien et qu\u2019une routine s\u2019installe.<\/p>\n\n\n\n<p><strong>Comment faut-il traiter le levain\u2009?<\/strong><br>Le levain doit \u00eatre trait\u00e9 selon un sch\u00e9ma d\u00e9fini pour obtenir le pH et le niveau d\u2019acidit\u00e9 corrects avant&nbsp;d\u2019\u00eatre utilis\u00e9. Ces intervalles de rafra\u00eechissement dans \u00ab\u2009l\u2019alimentation\u2009\u00bb du levain sont l\u00e9g\u00e8rement diff\u00e9rents, selon la boulangerie. Un morceau du levain existant doit r\u00e9guli\u00e8rement \u00eatre m\u00e9lang\u00e9 \u00e0 de la farine et de l\u2019eau, afin que les bact\u00e9ries et les cultures de levure re\u00e7oivent \u00e0 nouveau suffisamment de nourriture pour se d\u00e9velopper de mani\u00e8re homog\u00e8ne et que l\u2019acidit\u00e9 correcte soit atteinte.<\/p>\n\n\n\n<p id=\"h-un-levain-qui-a-ete-prepare-par-le-boulanger-lui-meme-permet-de-raconter-une-bonne-histoire-a-des-fins-de-marketing\">\u00ab Un levain qui a \u00e9t\u00e9 pr\u00e9par\u00e9 par le boulanger lui-m\u00eame permet de raconter une bonne histoire \u00e0 des fins de marketing. \u00bb<\/p>\n\n\n\n<p><strong>Quels sont les avantages du levain artisanal et ceux du levain disponible dans le commerce\u2009?<\/strong><br>Un levain qui a \u00e9t\u00e9 pr\u00e9par\u00e9 par le boulanger lui-m\u00eame permet de raconter une bonne histoire \u00e0 des fins de marketing. Par ailleurs, je pense que le boulanger doit apprendre \u00e0 conna\u00eetre un peu son levain fait maison jusqu\u2019\u00e0 ce que les pains soient toujours les m\u00eames. L\u2019avantage ici est certainement que le levain s\u2019adapte aux conditions de l\u2019exploitation, ce qui donne \u00e9galement un levain s\u00fbr et unique.<\/p>\n\n\n\n<p>Les levains disponibles dans le commerce sont tr\u00e8s faciles \u00e0 travailler et pour beaucoup plus faciles \u00e0 manipuler, ce qui peut certainement plaider en faveur d\u2019un produit achet\u00e9.<\/p>\n\n\n\n<p><strong>Quand est-il judicieux de ne faire que quelques pains avec du levain, et quand la majorit\u00e9 des pains et produits de petite boulangerie\u2009?<\/strong><br>Cela d\u00e9pend de la philosophie de la boulangerie. Si l\u2019on est convaincu par le levain et que l\u2019on ach\u00e8te \u00e9ventuellement un syst\u00e8me de conduite du levain, il est logique d\u2019ajouter un peu de levain \u00e0 toutes les p\u00e2tes. Si on commence par une petite quantit\u00e9 de levain, on peut l\u2019ajouter progressivement \u00e0 d\u2019autres pains, puis \u00e0 des produits de petite boulangerie. Il est important de produire au moins un pain sans levure, car il y a toujours une demande pour du pain sans levure. Pour tous les autres produits, une combinaison de levure de boulangerie et de levain est absolument suffisante.<\/p>\n\n\n\n<p><strong>Pour quels produits recommandez-vous de travailler avec un \u00e9bouillantage ou un gonflement par cuisson, soit une poolish au lieu du levain\u2009?<\/strong><br>Les \u00e9bouillantages ou les gonflements par cuisson servent \u00e0 pr\u00e9g\u00e9latiniser ou \u00e0 pr\u00e9gonfler l\u2019amidon et les parties de la cro\u00fbte. Cela rend le pain plus juteux et lui donne une note plus sucr\u00e9e. Ils ne peuvent \u00eatre remplac\u00e9s par du levain. Pour les pains \u00e0 haut degr\u00e9 de mouture, ainsi que pour les produits \u00e0 base d\u2019\u00e9peautre, je trouve toujours que les \u00e9bouillantages ou les gonflements par cuisson ont un sens. Elles se combinent bien avec le levain.<\/p>\n\n\n\n<p>La poolish, la p\u00e2te ferment\u00e9e, etc. \u2013 soit toute pr\u00e9p\u00e2te avec de la levure de boulangerie \u2013 peuvent \u00eatre remplac\u00e9es par l\u2019utilisation de levain, selon la note de go\u00fbt que vous souhaitez mettre en avant.<\/p>\n\n\n\n<p><em>Plus de conseils et d&#8217;informations de fond dans le \u00abpanissimo\u00bb&nbsp;du 5 mars.<\/em><\/p>\n","protected":false},"excerpt":{"rendered":"<p>Les pains et autres produits de boulangerie fabriqu\u00e9s \u00e0 base de levain sont appr\u00e9ci\u00e9s. Ils offrent l\u2019occasion d\u2019attirer l\u2019attention sur l\u2019artisanat de la boulangerie. Tour d\u2019horizon et conseils d\u2019Urs R\u00f6thlin, chef de boulangerie chez Richemont. Urs R\u00f6thlin est convaincu que le travail au levain devient une routine apr\u00e8s quelques semaines. Urs R\u00f6thlin, le levain et la fermentation de la p\u00e2te [&hellip;]<\/p>\n","protected":false},"author":1,"featured_media":5423,"comment_status":"open","ping_status":"closed","sticky":false,"template":"","format":"standard","meta":{"_acf_changed":false,"footnotes":""},"categories":[56,48],"tags":[],"class_list":["post-8836","post","type-post","status-publish","format-standard","has-post-thumbnail","hentry","category-levain-chef","category-production"],"acf":[],"yoast_head":"<!-- This site is optimized with the Yoast SEO Premium plugin v26.8 (Yoast SEO v26.8) - https:\/\/yoast.com\/product\/yoast-seo-premium-wordpress\/ -->\n<title>\u00ab\u2009Le levain fait l\u2019objet de vifs d\u00e9bats dans la branche\u2009\u00bb | SBC<\/title>\n<meta name=\"robots\" content=\"index, follow, max-snippet:-1, max-image-preview:large, max-video-preview:-1\" \/>\n<link rel=\"canonical\" href=\"https:\/\/swissbaker.ch\/fr\/panissimo-news\/le-levain-fait-lobjet-de-vifs-debats-dans-la-branche\/\" \/>\n<meta property=\"og:locale\" content=\"fr_FR\" \/>\n<meta property=\"og:type\" content=\"article\" \/>\n<meta property=\"og:title\" content=\"\u00ab\u2009Le levain fait l\u2019objet de vifs d\u00e9bats dans la branche\u2009\u00bb\" \/>\n<meta property=\"og:description\" content=\"Les pains et autres produits de boulangerie fabriqu\u00e9s \u00e0 base de levain sont appr\u00e9ci\u00e9s. Ils offrent l\u2019occasion d\u2019attirer l\u2019attention sur l\u2019artisanat de la boulangerie. Tour d\u2019horizon et conseils d\u2019Urs R\u00f6thlin, chef de boulangerie chez Richemont. Urs R\u00f6thlin est convaincu que le travail au levain devient une routine apr\u00e8s quelques semaines. Urs R\u00f6thlin, le levain et la fermentation de la p\u00e2te [&hellip;]\" \/>\n<meta property=\"og:url\" content=\"https:\/\/swissbaker.ch\/fr\/panissimo-news\/le-levain-fait-lobjet-de-vifs-debats-dans-la-branche\/\" \/>\n<meta property=\"og:site_name\" content=\"SBC\" \/>\n<meta property=\"article:publisher\" content=\"https:\/\/www.facebook.com\/swissbaker.ch\" \/>\n<meta property=\"article:published_time\" content=\"2021-03-02T10:46:00+00:00\" \/>\n<meta property=\"article:modified_time\" content=\"2022-05-11T09:48:47+00:00\" \/>\n<meta property=\"og:image\" content=\"https:\/\/swissbaker.ch\/wp-content\/uploads\/2022\/03\/5_1_sauerteig_roethlin.jpeg\" \/>\n\t<meta property=\"og:image:width\" content=\"800\" \/>\n\t<meta property=\"og:image:height\" content=\"474\" \/>\n\t<meta property=\"og:image:type\" content=\"image\/jpeg\" \/>\n<meta name=\"author\" content=\"azureart\" \/>\n<meta name=\"twitter:card\" content=\"summary_large_image\" \/>\n<meta name=\"twitter:creator\" content=\"@ch_swissbaker\" \/>\n<meta name=\"twitter:site\" content=\"@ch_swissbaker\" \/>\n<meta name=\"twitter:label1\" content=\"Written by\" \/>\n\t<meta name=\"twitter:data1\" content=\"azureart\" \/>\n\t<meta name=\"twitter:label2\" content=\"Est. reading time\" \/>\n\t<meta name=\"twitter:data2\" content=\"5 minutes\" \/>\n<script type=\"application\/ld+json\" class=\"yoast-schema-graph\">{\"@context\":\"https:\/\/schema.org\",\"@graph\":[{\"@type\":\"Article\",\"@id\":\"https:\/\/swissbaker.ch\/fr\/panissimo-news\/le-levain-fait-lobjet-de-vifs-debats-dans-la-branche\/#article\",\"isPartOf\":{\"@id\":\"https:\/\/swissbaker.ch\/fr\/panissimo-news\/le-levain-fait-lobjet-de-vifs-debats-dans-la-branche\/\"},\"author\":{\"name\":\"azureart\",\"@id\":\"https:\/\/swissbaker.ch\/fr\/#\/schema\/person\/058ac47619f7da53df62aba60f939b78\"},\"headline\":\"\u00ab\u2009Le levain fait l\u2019objet de vifs d\u00e9bats dans la branche\u2009\u00bb\",\"datePublished\":\"2021-03-02T10:46:00+00:00\",\"dateModified\":\"2022-05-11T09:48:47+00:00\",\"mainEntityOfPage\":{\"@id\":\"https:\/\/swissbaker.ch\/fr\/panissimo-news\/le-levain-fait-lobjet-de-vifs-debats-dans-la-branche\/\"},\"wordCount\":934,\"commentCount\":0,\"publisher\":{\"@id\":\"https:\/\/swissbaker.ch\/fr\/#organization\"},\"image\":{\"@id\":\"https:\/\/swissbaker.ch\/fr\/panissimo-news\/le-levain-fait-lobjet-de-vifs-debats-dans-la-branche\/#primaryimage\"},\"thumbnailUrl\":\"https:\/\/swissbaker.ch\/wp-content\/uploads\/2022\/03\/5_1_sauerteig_roethlin.jpeg\",\"articleSection\":[\"Levain-chef\",\"Production\"],\"inLanguage\":\"fr-FR\",\"potentialAction\":[{\"@type\":\"CommentAction\",\"name\":\"Comment\",\"target\":[\"https:\/\/swissbaker.ch\/fr\/panissimo-news\/le-levain-fait-lobjet-de-vifs-debats-dans-la-branche\/#respond\"]}]},{\"@type\":\"WebPage\",\"@id\":\"https:\/\/swissbaker.ch\/fr\/panissimo-news\/le-levain-fait-lobjet-de-vifs-debats-dans-la-branche\/\",\"url\":\"https:\/\/swissbaker.ch\/fr\/panissimo-news\/le-levain-fait-lobjet-de-vifs-debats-dans-la-branche\/\",\"name\":\"\u00ab\u2009Le levain fait l\u2019objet de vifs d\u00e9bats dans la branche\u2009\u00bb | SBC\",\"isPartOf\":{\"@id\":\"https:\/\/swissbaker.ch\/fr\/#website\"},\"primaryImageOfPage\":{\"@id\":\"https:\/\/swissbaker.ch\/fr\/panissimo-news\/le-levain-fait-lobjet-de-vifs-debats-dans-la-branche\/#primaryimage\"},\"image\":{\"@id\":\"https:\/\/swissbaker.ch\/fr\/panissimo-news\/le-levain-fait-lobjet-de-vifs-debats-dans-la-branche\/#primaryimage\"},\"thumbnailUrl\":\"https:\/\/swissbaker.ch\/wp-content\/uploads\/2022\/03\/5_1_sauerteig_roethlin.jpeg\",\"datePublished\":\"2021-03-02T10:46:00+00:00\",\"dateModified\":\"2022-05-11T09:48:47+00:00\",\"breadcrumb\":{\"@id\":\"https:\/\/swissbaker.ch\/fr\/panissimo-news\/le-levain-fait-lobjet-de-vifs-debats-dans-la-branche\/#breadcrumb\"},\"inLanguage\":\"fr-FR\",\"potentialAction\":[{\"@type\":\"ReadAction\",\"target\":[\"https:\/\/swissbaker.ch\/fr\/panissimo-news\/le-levain-fait-lobjet-de-vifs-debats-dans-la-branche\/\"]}]},{\"@type\":\"ImageObject\",\"inLanguage\":\"fr-FR\",\"@id\":\"https:\/\/swissbaker.ch\/fr\/panissimo-news\/le-levain-fait-lobjet-de-vifs-debats-dans-la-branche\/#primaryimage\",\"url\":\"https:\/\/swissbaker.ch\/wp-content\/uploads\/2022\/03\/5_1_sauerteig_roethlin.jpeg\",\"contentUrl\":\"https:\/\/swissbaker.ch\/wp-content\/uploads\/2022\/03\/5_1_sauerteig_roethlin.jpeg\",\"width\":800,\"height\":474,\"caption\":\"\u00ab\u2009Le levain fait l\u2019objet de vifs d\u00e9bats dans la branche\u2009\u00bb\"},{\"@type\":\"BreadcrumbList\",\"@id\":\"https:\/\/swissbaker.ch\/fr\/panissimo-news\/le-levain-fait-lobjet-de-vifs-debats-dans-la-branche\/#breadcrumb\",\"itemListElement\":[{\"@type\":\"ListItem\",\"position\":1,\"name\":\"\",\"item\":\"https:\/\/swissbaker.ch\/fr\/\"},{\"@type\":\"ListItem\",\"position\":2,\"name\":\"Production\",\"item\":\"https:\/\/swissbaker.ch\/fr\/panissimo-news\/category\/production\/\"},{\"@type\":\"ListItem\",\"position\":3,\"name\":\"\u00ab\u2009Le levain fait l\u2019objet de vifs d\u00e9bats dans la branche\u2009\u00bb\"}]},{\"@type\":\"WebSite\",\"@id\":\"https:\/\/swissbaker.ch\/fr\/#website\",\"url\":\"https:\/\/swissbaker.ch\/fr\/\",\"name\":\"SBC\",\"description\":\"\",\"publisher\":{\"@id\":\"https:\/\/swissbaker.ch\/fr\/#organization\"},\"potentialAction\":[{\"@type\":\"SearchAction\",\"target\":{\"@type\":\"EntryPoint\",\"urlTemplate\":\"https:\/\/swissbaker.ch\/fr\/?s={search_term_string}\"},\"query-input\":{\"@type\":\"PropertyValueSpecification\",\"valueRequired\":true,\"valueName\":\"search_term_string\"}}],\"inLanguage\":\"fr-FR\"},{\"@type\":\"Organization\",\"@id\":\"https:\/\/swissbaker.ch\/fr\/#organization\",\"name\":\"Schweizerischer B\u00e4cker-Confiseurmeister-Verband\",\"url\":\"https:\/\/swissbaker.ch\/fr\/\",\"logo\":{\"@type\":\"ImageObject\",\"inLanguage\":\"fr-FR\",\"@id\":\"https:\/\/swissbaker.ch\/fr\/#\/schema\/logo\/image\/\",\"url\":\"https:\/\/swissbaker.ch\/wp-content\/uploads\/2022\/04\/sbc-logo-yoast.jpg\",\"contentUrl\":\"https:\/\/swissbaker.ch\/wp-content\/uploads\/2022\/04\/sbc-logo-yoast.jpg\",\"width\":512,\"height\":512,\"caption\":\"Schweizerischer B\u00e4cker-Confiseurmeister-Verband\"},\"image\":{\"@id\":\"https:\/\/swissbaker.ch\/fr\/#\/schema\/logo\/image\/\"},\"sameAs\":[\"https:\/\/www.facebook.com\/swissbaker.ch\",\"https:\/\/x.com\/ch_swissbaker\"]},{\"@type\":\"Person\",\"@id\":\"https:\/\/swissbaker.ch\/fr\/#\/schema\/person\/058ac47619f7da53df62aba60f939b78\",\"name\":\"azureart\",\"image\":{\"@type\":\"ImageObject\",\"inLanguage\":\"fr-FR\",\"@id\":\"https:\/\/swissbaker.ch\/fr\/#\/schema\/person\/image\/\",\"url\":\"https:\/\/secure.gravatar.com\/avatar\/be04dd3098fd612c83067af4f7a295384c93cb6a9112f51beb9d2f477d25da61?s=96&d=mm&r=g\",\"contentUrl\":\"https:\/\/secure.gravatar.com\/avatar\/be04dd3098fd612c83067af4f7a295384c93cb6a9112f51beb9d2f477d25da61?s=96&d=mm&r=g\",\"caption\":\"azureart\"},\"sameAs\":[\"https:\/\/swissbaker.ch\"],\"url\":\"https:\/\/swissbaker.ch\/fr\/panissimo-news\/author\/pixel-ahoi\/\"}]}<\/script>\n<!-- \/ Yoast SEO Premium plugin. -->","yoast_head_json":{"title":"\u00ab\u2009Le levain fait l\u2019objet de vifs d\u00e9bats dans la branche\u2009\u00bb | SBC","robots":{"index":"index","follow":"follow","max-snippet":"max-snippet:-1","max-image-preview":"max-image-preview:large","max-video-preview":"max-video-preview:-1"},"canonical":"https:\/\/swissbaker.ch\/fr\/panissimo-news\/le-levain-fait-lobjet-de-vifs-debats-dans-la-branche\/","og_locale":"fr_FR","og_type":"article","og_title":"\u00ab\u2009Le levain fait l\u2019objet de vifs d\u00e9bats dans la branche\u2009\u00bb","og_description":"Les pains et autres produits de boulangerie fabriqu\u00e9s \u00e0 base de levain sont appr\u00e9ci\u00e9s. Ils offrent l\u2019occasion d\u2019attirer l\u2019attention sur l\u2019artisanat de la boulangerie. Tour d\u2019horizon et conseils d\u2019Urs R\u00f6thlin, chef de boulangerie chez Richemont. Urs R\u00f6thlin est convaincu que le travail au levain devient une routine apr\u00e8s quelques semaines. Urs R\u00f6thlin, le levain et la fermentation de la p\u00e2te [&hellip;]","og_url":"https:\/\/swissbaker.ch\/fr\/panissimo-news\/le-levain-fait-lobjet-de-vifs-debats-dans-la-branche\/","og_site_name":"SBC","article_publisher":"https:\/\/www.facebook.com\/swissbaker.ch","article_published_time":"2021-03-02T10:46:00+00:00","article_modified_time":"2022-05-11T09:48:47+00:00","og_image":[{"width":800,"height":474,"url":"https:\/\/swissbaker.ch\/wp-content\/uploads\/2022\/03\/5_1_sauerteig_roethlin.jpeg","type":"image\/jpeg"}],"author":"azureart","twitter_card":"summary_large_image","twitter_creator":"@ch_swissbaker","twitter_site":"@ch_swissbaker","twitter_misc":{"Written by":"azureart","Est. reading time":"5 minutes"},"schema":{"@context":"https:\/\/schema.org","@graph":[{"@type":"Article","@id":"https:\/\/swissbaker.ch\/fr\/panissimo-news\/le-levain-fait-lobjet-de-vifs-debats-dans-la-branche\/#article","isPartOf":{"@id":"https:\/\/swissbaker.ch\/fr\/panissimo-news\/le-levain-fait-lobjet-de-vifs-debats-dans-la-branche\/"},"author":{"name":"azureart","@id":"https:\/\/swissbaker.ch\/fr\/#\/schema\/person\/058ac47619f7da53df62aba60f939b78"},"headline":"\u00ab\u2009Le levain fait l\u2019objet de vifs d\u00e9bats dans la branche\u2009\u00bb","datePublished":"2021-03-02T10:46:00+00:00","dateModified":"2022-05-11T09:48:47+00:00","mainEntityOfPage":{"@id":"https:\/\/swissbaker.ch\/fr\/panissimo-news\/le-levain-fait-lobjet-de-vifs-debats-dans-la-branche\/"},"wordCount":934,"commentCount":0,"publisher":{"@id":"https:\/\/swissbaker.ch\/fr\/#organization"},"image":{"@id":"https:\/\/swissbaker.ch\/fr\/panissimo-news\/le-levain-fait-lobjet-de-vifs-debats-dans-la-branche\/#primaryimage"},"thumbnailUrl":"https:\/\/swissbaker.ch\/wp-content\/uploads\/2022\/03\/5_1_sauerteig_roethlin.jpeg","articleSection":["Levain-chef","Production"],"inLanguage":"fr-FR","potentialAction":[{"@type":"CommentAction","name":"Comment","target":["https:\/\/swissbaker.ch\/fr\/panissimo-news\/le-levain-fait-lobjet-de-vifs-debats-dans-la-branche\/#respond"]}]},{"@type":"WebPage","@id":"https:\/\/swissbaker.ch\/fr\/panissimo-news\/le-levain-fait-lobjet-de-vifs-debats-dans-la-branche\/","url":"https:\/\/swissbaker.ch\/fr\/panissimo-news\/le-levain-fait-lobjet-de-vifs-debats-dans-la-branche\/","name":"\u00ab\u2009Le levain fait l\u2019objet de vifs d\u00e9bats dans la branche\u2009\u00bb | SBC","isPartOf":{"@id":"https:\/\/swissbaker.ch\/fr\/#website"},"primaryImageOfPage":{"@id":"https:\/\/swissbaker.ch\/fr\/panissimo-news\/le-levain-fait-lobjet-de-vifs-debats-dans-la-branche\/#primaryimage"},"image":{"@id":"https:\/\/swissbaker.ch\/fr\/panissimo-news\/le-levain-fait-lobjet-de-vifs-debats-dans-la-branche\/#primaryimage"},"thumbnailUrl":"https:\/\/swissbaker.ch\/wp-content\/uploads\/2022\/03\/5_1_sauerteig_roethlin.jpeg","datePublished":"2021-03-02T10:46:00+00:00","dateModified":"2022-05-11T09:48:47+00:00","breadcrumb":{"@id":"https:\/\/swissbaker.ch\/fr\/panissimo-news\/le-levain-fait-lobjet-de-vifs-debats-dans-la-branche\/#breadcrumb"},"inLanguage":"fr-FR","potentialAction":[{"@type":"ReadAction","target":["https:\/\/swissbaker.ch\/fr\/panissimo-news\/le-levain-fait-lobjet-de-vifs-debats-dans-la-branche\/"]}]},{"@type":"ImageObject","inLanguage":"fr-FR","@id":"https:\/\/swissbaker.ch\/fr\/panissimo-news\/le-levain-fait-lobjet-de-vifs-debats-dans-la-branche\/#primaryimage","url":"https:\/\/swissbaker.ch\/wp-content\/uploads\/2022\/03\/5_1_sauerteig_roethlin.jpeg","contentUrl":"https:\/\/swissbaker.ch\/wp-content\/uploads\/2022\/03\/5_1_sauerteig_roethlin.jpeg","width":800,"height":474,"caption":"\u00ab\u2009Le levain fait l\u2019objet de vifs d\u00e9bats dans la branche\u2009\u00bb"},{"@type":"BreadcrumbList","@id":"https:\/\/swissbaker.ch\/fr\/panissimo-news\/le-levain-fait-lobjet-de-vifs-debats-dans-la-branche\/#breadcrumb","itemListElement":[{"@type":"ListItem","position":1,"name":"","item":"https:\/\/swissbaker.ch\/fr\/"},{"@type":"ListItem","position":2,"name":"Production","item":"https:\/\/swissbaker.ch\/fr\/panissimo-news\/category\/production\/"},{"@type":"ListItem","position":3,"name":"\u00ab\u2009Le levain fait l\u2019objet de vifs d\u00e9bats dans la branche\u2009\u00bb"}]},{"@type":"WebSite","@id":"https:\/\/swissbaker.ch\/fr\/#website","url":"https:\/\/swissbaker.ch\/fr\/","name":"SBC","description":"","publisher":{"@id":"https:\/\/swissbaker.ch\/fr\/#organization"},"potentialAction":[{"@type":"SearchAction","target":{"@type":"EntryPoint","urlTemplate":"https:\/\/swissbaker.ch\/fr\/?s={search_term_string}"},"query-input":{"@type":"PropertyValueSpecification","valueRequired":true,"valueName":"search_term_string"}}],"inLanguage":"fr-FR"},{"@type":"Organization","@id":"https:\/\/swissbaker.ch\/fr\/#organization","name":"Schweizerischer B\u00e4cker-Confiseurmeister-Verband","url":"https:\/\/swissbaker.ch\/fr\/","logo":{"@type":"ImageObject","inLanguage":"fr-FR","@id":"https:\/\/swissbaker.ch\/fr\/#\/schema\/logo\/image\/","url":"https:\/\/swissbaker.ch\/wp-content\/uploads\/2022\/04\/sbc-logo-yoast.jpg","contentUrl":"https:\/\/swissbaker.ch\/wp-content\/uploads\/2022\/04\/sbc-logo-yoast.jpg","width":512,"height":512,"caption":"Schweizerischer B\u00e4cker-Confiseurmeister-Verband"},"image":{"@id":"https:\/\/swissbaker.ch\/fr\/#\/schema\/logo\/image\/"},"sameAs":["https:\/\/www.facebook.com\/swissbaker.ch","https:\/\/x.com\/ch_swissbaker"]},{"@type":"Person","@id":"https:\/\/swissbaker.ch\/fr\/#\/schema\/person\/058ac47619f7da53df62aba60f939b78","name":"azureart","image":{"@type":"ImageObject","inLanguage":"fr-FR","@id":"https:\/\/swissbaker.ch\/fr\/#\/schema\/person\/image\/","url":"https:\/\/secure.gravatar.com\/avatar\/be04dd3098fd612c83067af4f7a295384c93cb6a9112f51beb9d2f477d25da61?s=96&d=mm&r=g","contentUrl":"https:\/\/secure.gravatar.com\/avatar\/be04dd3098fd612c83067af4f7a295384c93cb6a9112f51beb9d2f477d25da61?s=96&d=mm&r=g","caption":"azureart"},"sameAs":["https:\/\/swissbaker.ch"],"url":"https:\/\/swissbaker.ch\/fr\/panissimo-news\/author\/pixel-ahoi\/"}]}},"_links":{"self":[{"href":"https:\/\/swissbaker.ch\/fr\/wp-json\/wp\/v2\/posts\/8836","targetHints":{"allow":["GET"]}}],"collection":[{"href":"https:\/\/swissbaker.ch\/fr\/wp-json\/wp\/v2\/posts"}],"about":[{"href":"https:\/\/swissbaker.ch\/fr\/wp-json\/wp\/v2\/types\/post"}],"author":[{"embeddable":true,"href":"https:\/\/swissbaker.ch\/fr\/wp-json\/wp\/v2\/users\/1"}],"replies":[{"embeddable":true,"href":"https:\/\/swissbaker.ch\/fr\/wp-json\/wp\/v2\/comments?post=8836"}],"version-history":[{"count":0,"href":"https:\/\/swissbaker.ch\/fr\/wp-json\/wp\/v2\/posts\/8836\/revisions"}],"wp:featuredmedia":[{"embeddable":true,"href":"https:\/\/swissbaker.ch\/fr\/wp-json\/wp\/v2\/media\/5423"}],"wp:attachment":[{"href":"https:\/\/swissbaker.ch\/fr\/wp-json\/wp\/v2\/media?parent=8836"}],"wp:term":[{"taxonomy":"category","embeddable":true,"href":"https:\/\/swissbaker.ch\/fr\/wp-json\/wp\/v2\/categories?post=8836"},{"taxonomy":"post_tag","embeddable":true,"href":"https:\/\/swissbaker.ch\/fr\/wp-json\/wp\/v2\/tags?post=8836"}],"curies":[{"name":"wp","href":"https:\/\/api.w.org\/{rel}","templated":true}]}}