{"id":8805,"date":"2021-03-10T11:29:00","date_gmt":"2021-03-10T10:29:00","guid":{"rendered":"https:\/\/swissbaker.ch\/?p=8805"},"modified":"2022-05-11T11:35:21","modified_gmt":"2022-05-11T09:35:21","slug":"le-pays-de-production-doit-desormais-etre-declare","status":"publish","type":"post","link":"https:\/\/swissbaker.ch\/fr\/panissimo-news\/le-pays-de-production-doit-desormais-etre-declare\/","title":{"rendered":"Le pays de production doit d\u00e9sormais \u00eatre d\u00e9clar\u00e9"},"content":{"rendered":"\n<p><strong>Succ\u00e8s pour la fili\u00e8re suisse des c\u00e9r\u00e9ales panifiables et donc aussi pour les boulangers-confiseurs suisses contre l\u2019augmentation des importations de pain et de produits de boulangerie: ensemble, les associations ont r\u00e9ussi \u00e0 convaincre le Parlement d\u2019exiger une d\u00e9claration du pays de production dans la vente en vrac.<\/strong><\/p>\n\n\n\n<p>Apr\u00e8s le Conseil des Etats, le National a, la semaine derni\u00e8re, \u00e9galement approuv\u00e9 par 166 voix contre 14 voix et 3 abstentions la motion de la Commission de la science, de l\u2019\u00e9ducation et de la culture du Conseil des Etats (CSEC-E), et ce malgr\u00e9 les interventions v\u00e9h\u00e9mentes des milieux \u00e9conomiques concern\u00e9s, dont les repr\u00e9sentants des shops de stations-service et de la restauration. Le Conseil f\u00e9d\u00e9ral a \u00e9galement donn\u00e9 son accord. Les dispositions l\u00e9gales doivent maintenant \u00eatre pr\u00e9cis\u00e9es par l\u2019administration.<\/p>\n\n\n\n<h2 class=\"wp-block-heading\" id=\"h-lutte-commune\">Lutte commune<\/h2>\n\n\n\n<p>\u00abCela va permettre de contrer l\u2019augmentation constante des importations de produits de boulangerie\u00bb, selon le pr\u00e9sident de la BCS Silvan Hotz. Il est particuli\u00e8rement r\u00e9jouissant de constater que l\u2019ensemble de la fili\u00e8re \u2013 \u00e0 savoir l\u2019Association suisse des patrons boulangers-confiseurs, swiss granum, Pain suisse, la F\u00e9d\u00e9ration des meuniers suisses et la F\u00e9d\u00e9ration suisse des producteurs de c\u00e9r\u00e9ales \u2013 a pr\u00e9sent\u00e9 un front uni dans cette lutte. \u00abAvec cette mesure, nous cr\u00e9ons plus de transparence pour les consommatrices et consommateurs\u00bb, se r\u00e9jouit le directeur de la BCS Urs Wellauer.<\/p>\n\n\n\n<h2 class=\"wp-block-heading\" id=\"h-un-long-chemin\">Un long chemin<\/h2>\n\n\n\n<p>Les importations de pain et de produits de boulangerie augmentent d\u2018ann\u00e9e en ann\u00e9e. La recherche d\u2019une solution a fait l\u2019objet de longues discussions au niveau politique et \u00e9conomique, en vue de trouver la voie \u00e0 suivre pour enrayer ou au moins freiner ces importations \u00e0 la fronti\u00e8re suisse, n\u00e9fastes pour notre secteur notamment. Certains membres de la BCS des cantons frontaliers \u2013 mais pas que \u2013 en \u00e9tant fortement affect\u00e9s, il fallait concilier cette pr\u00e9occupation br\u00fblante avec la volont\u00e9 de ne pas entra\u00eener de charges administratives suppl\u00e9mentaires pour les artisans boulangers-confiseurs. Une entreprise difficile.<\/p>\n\n\n\n<h2 class=\"wp-block-heading\" id=\"h-discounters-shops-de-stations-service-et-restauration\">Discounters, shops de stations-service et restauration<\/h2>\n\n\n\n<p>Le fait est qu\u2019en mati\u00e8re de c\u00e9r\u00e9ales panifiables, la Suisse conna\u00eet toujours une protection douani\u00e8re relativement importante \u2013 ce notamment dans le souci de garantir l\u2019approvisionnement. En mati\u00e8re de produits finis, p\u00e2tons et produits pr\u00e9cuits congel\u00e9s compris, les droits de douane sont par contre nettement plus bas \u2013 par rapport aux mati\u00e8res premi\u00e8res qu\u2019ils contiennent \u2013 en raison des accords bilat\u00e9raux avec l\u2019UE. On constate une forte hausse des importations de pains et de produits de boulangerie (de p\u00e2tons essentiellement), notamment par les discounters, mais aussi dans les shops de stations-service et dans la restauration.<\/p>\n\n\n\n<p>Selon une \u00e9tude de march\u00e9 r\u00e9alis\u00e9es par l\u2019association Pain suisse, de nombreux consommateurs et consommatrices n\u2019en ont pas conscience. 90 % des personnes interrog\u00e9es partent du principe que le pain qu\u2019elles consomment provient de Suisse.<\/p>\n\n\n\n<h2 class=\"wp-block-heading\" id=\"h-pas-de-declaration-obligatoire-des-cereales\">Pas de d\u00e9claration obligatoire des c\u00e9r\u00e9ales<\/h2>\n\n\n\n<p>Il y a d\u00e9j\u00e0 eu par le pass\u00e9 des interventions qui visaient \u00e0 limiter les importations et mieux informer la population. L\u2019Association suisse des patrons boulangers-confiseurs (BCS) les a n\u00e9anmoins syst\u00e9matiquement d\u00e9jou\u00e9es avec des associations partenaires. Les interventions en question auraient en effet impliqu\u00e9 pour les boulangers-confiseurs des charges suppl\u00e9mentaires consid\u00e9rables totalement disproportionn\u00e9es par rapport aux avantages en r\u00e9sultant pour notre artisanat. Il aurait notamment fallu d\u00e9clarer \u00e9galement l\u2019origine des c\u00e9r\u00e9ales.<\/p>\n\n\n\n<h2 class=\"wp-block-heading\" id=\"h-promotion-volontaire\">Promotion volontaire<\/h2>\n\n\n\n<p>Pour am\u00e9liorer encore la visibilit\u00e9 de la provenance des c\u00e9r\u00e9ales pour les consommateurs, les partenaires du march\u00e9 de l\u2019association Pain suisse ont d\u00e9cid\u00e9 de cr\u00e9er au niveau du droit priv\u00e9 une marque commune pour le pain suisse, dans le cadre d\u2019une strat\u00e9gie sur la valeur ajout\u00e9e, et de la promouvoir davantage au POS.<\/p>\n","protected":false},"excerpt":{"rendered":"<p>Succ\u00e8s pour la fili\u00e8re suisse des c\u00e9r\u00e9ales panifiables et donc aussi pour les boulangers-confiseurs suisses contre l\u2019augmentation des importations de pain et de produits de boulangerie: ensemble, les associations ont r\u00e9ussi \u00e0 convaincre le Parlement d\u2019exiger une d\u00e9claration du pays de production dans la vente en vrac. Apr\u00e8s le Conseil des Etats, le National a, la semaine derni\u00e8re, \u00e9galement approuv\u00e9 [&hellip;]<\/p>\n","protected":false},"author":1,"featured_media":5412,"comment_status":"open","ping_status":"closed","sticky":false,"template":"","format":"standard","meta":{"_acf_changed":false,"footnotes":""},"categories":[44,50],"tags":[],"class_list":["post-8805","post","type-post","status-publish","format-standard","has-post-thumbnail","hentry","category-droit-politique","category-vente-marketing"],"acf":[],"yoast_head":"<!-- This site is optimized with the Yoast SEO Premium plugin v26.8 (Yoast SEO v26.8) - https:\/\/yoast.com\/product\/yoast-seo-premium-wordpress\/ -->\n<title>Le pays de production doit d\u00e9sormais \u00eatre d\u00e9clar\u00e9 | SBC<\/title>\n<meta name=\"robots\" content=\"index, follow, max-snippet:-1, max-image-preview:large, max-video-preview:-1\" \/>\n<link rel=\"canonical\" href=\"https:\/\/swissbaker.ch\/fr\/panissimo-news\/le-pays-de-production-doit-desormais-etre-declare\/\" \/>\n<meta property=\"og:locale\" content=\"fr_FR\" \/>\n<meta property=\"og:type\" content=\"article\" \/>\n<meta property=\"og:title\" content=\"Le pays de production doit d\u00e9sormais \u00eatre d\u00e9clar\u00e9\" \/>\n<meta property=\"og:description\" content=\"Succ\u00e8s pour la fili\u00e8re suisse des c\u00e9r\u00e9ales panifiables et donc aussi pour les boulangers-confiseurs suisses contre l\u2019augmentation des importations de pain et de produits de boulangerie: ensemble, les associations ont r\u00e9ussi \u00e0 convaincre le Parlement d\u2019exiger une d\u00e9claration du pays de production dans la vente en vrac. Apr\u00e8s le Conseil des Etats, le National a, la semaine derni\u00e8re, \u00e9galement approuv\u00e9 [&hellip;]\" \/>\n<meta property=\"og:url\" content=\"https:\/\/swissbaker.ch\/fr\/panissimo-news\/le-pays-de-production-doit-desormais-etre-declare\/\" \/>\n<meta property=\"og:site_name\" content=\"SBC\" \/>\n<meta property=\"article:publisher\" content=\"https:\/\/www.facebook.com\/swissbaker.ch\" \/>\n<meta property=\"article:published_time\" content=\"2021-03-10T10:29:00+00:00\" \/>\n<meta property=\"article:modified_time\" content=\"2022-05-11T09:35:21+00:00\" \/>\n<meta property=\"og:image\" content=\"https:\/\/swissbaker.ch\/wp-content\/uploads\/2022\/03\/5_2_Brotdeklaration.jpeg\" \/>\n\t<meta property=\"og:image:width\" content=\"800\" \/>\n\t<meta property=\"og:image:height\" content=\"474\" \/>\n\t<meta property=\"og:image:type\" content=\"image\/jpeg\" \/>\n<meta name=\"author\" content=\"azureart\" \/>\n<meta name=\"twitter:card\" content=\"summary_large_image\" \/>\n<meta name=\"twitter:creator\" content=\"@ch_swissbaker\" \/>\n<meta name=\"twitter:site\" content=\"@ch_swissbaker\" \/>\n<meta name=\"twitter:label1\" content=\"Written by\" \/>\n\t<meta name=\"twitter:data1\" content=\"azureart\" \/>\n\t<meta name=\"twitter:label2\" content=\"Est. reading time\" \/>\n\t<meta name=\"twitter:data2\" content=\"4 minutes\" \/>\n<script type=\"application\/ld+json\" class=\"yoast-schema-graph\">{\"@context\":\"https:\/\/schema.org\",\"@graph\":[{\"@type\":\"Article\",\"@id\":\"https:\/\/swissbaker.ch\/fr\/panissimo-news\/le-pays-de-production-doit-desormais-etre-declare\/#article\",\"isPartOf\":{\"@id\":\"https:\/\/swissbaker.ch\/fr\/panissimo-news\/le-pays-de-production-doit-desormais-etre-declare\/\"},\"author\":{\"name\":\"azureart\",\"@id\":\"https:\/\/swissbaker.ch\/fr\/#\/schema\/person\/058ac47619f7da53df62aba60f939b78\"},\"headline\":\"Le pays de production doit d\u00e9sormais \u00eatre d\u00e9clar\u00e9\",\"datePublished\":\"2021-03-10T10:29:00+00:00\",\"dateModified\":\"2022-05-11T09:35:21+00:00\",\"mainEntityOfPage\":{\"@id\":\"https:\/\/swissbaker.ch\/fr\/panissimo-news\/le-pays-de-production-doit-desormais-etre-declare\/\"},\"wordCount\":672,\"commentCount\":0,\"publisher\":{\"@id\":\"https:\/\/swissbaker.ch\/fr\/#organization\"},\"image\":{\"@id\":\"https:\/\/swissbaker.ch\/fr\/panissimo-news\/le-pays-de-production-doit-desormais-etre-declare\/#primaryimage\"},\"thumbnailUrl\":\"https:\/\/swissbaker.ch\/wp-content\/uploads\/2022\/03\/5_2_Brotdeklaration.jpeg\",\"articleSection\":[\"Droit &amp; politique\",\"Vente\/Marketing\"],\"inLanguage\":\"fr-FR\",\"potentialAction\":[{\"@type\":\"CommentAction\",\"name\":\"Comment\",\"target\":[\"https:\/\/swissbaker.ch\/fr\/panissimo-news\/le-pays-de-production-doit-desormais-etre-declare\/#respond\"]}]},{\"@type\":\"WebPage\",\"@id\":\"https:\/\/swissbaker.ch\/fr\/panissimo-news\/le-pays-de-production-doit-desormais-etre-declare\/\",\"url\":\"https:\/\/swissbaker.ch\/fr\/panissimo-news\/le-pays-de-production-doit-desormais-etre-declare\/\",\"name\":\"Le pays de production doit d\u00e9sormais \u00eatre d\u00e9clar\u00e9 | SBC\",\"isPartOf\":{\"@id\":\"https:\/\/swissbaker.ch\/fr\/#website\"},\"primaryImageOfPage\":{\"@id\":\"https:\/\/swissbaker.ch\/fr\/panissimo-news\/le-pays-de-production-doit-desormais-etre-declare\/#primaryimage\"},\"image\":{\"@id\":\"https:\/\/swissbaker.ch\/fr\/panissimo-news\/le-pays-de-production-doit-desormais-etre-declare\/#primaryimage\"},\"thumbnailUrl\":\"https:\/\/swissbaker.ch\/wp-content\/uploads\/2022\/03\/5_2_Brotdeklaration.jpeg\",\"datePublished\":\"2021-03-10T10:29:00+00:00\",\"dateModified\":\"2022-05-11T09:35:21+00:00\",\"breadcrumb\":{\"@id\":\"https:\/\/swissbaker.ch\/fr\/panissimo-news\/le-pays-de-production-doit-desormais-etre-declare\/#breadcrumb\"},\"inLanguage\":\"fr-FR\",\"potentialAction\":[{\"@type\":\"ReadAction\",\"target\":[\"https:\/\/swissbaker.ch\/fr\/panissimo-news\/le-pays-de-production-doit-desormais-etre-declare\/\"]}]},{\"@type\":\"ImageObject\",\"inLanguage\":\"fr-FR\",\"@id\":\"https:\/\/swissbaker.ch\/fr\/panissimo-news\/le-pays-de-production-doit-desormais-etre-declare\/#primaryimage\",\"url\":\"https:\/\/swissbaker.ch\/wp-content\/uploads\/2022\/03\/5_2_Brotdeklaration.jpeg\",\"contentUrl\":\"https:\/\/swissbaker.ch\/wp-content\/uploads\/2022\/03\/5_2_Brotdeklaration.jpeg\",\"width\":800,\"height\":474,\"caption\":\"Le pays de production doit d\u00e9sormais \u00eatre d\u00e9clar\u00e9\"},{\"@type\":\"BreadcrumbList\",\"@id\":\"https:\/\/swissbaker.ch\/fr\/panissimo-news\/le-pays-de-production-doit-desormais-etre-declare\/#breadcrumb\",\"itemListElement\":[{\"@type\":\"ListItem\",\"position\":1,\"name\":\"\",\"item\":\"https:\/\/swissbaker.ch\/fr\/\"},{\"@type\":\"ListItem\",\"position\":2,\"name\":\"Droit &amp; politique\",\"item\":\"https:\/\/swissbaker.ch\/fr\/panissimo-news\/category\/droit-politique\/\"},{\"@type\":\"ListItem\",\"position\":3,\"name\":\"Le pays de production doit d\u00e9sormais \u00eatre d\u00e9clar\u00e9\"}]},{\"@type\":\"WebSite\",\"@id\":\"https:\/\/swissbaker.ch\/fr\/#website\",\"url\":\"https:\/\/swissbaker.ch\/fr\/\",\"name\":\"SBC\",\"description\":\"\",\"publisher\":{\"@id\":\"https:\/\/swissbaker.ch\/fr\/#organization\"},\"potentialAction\":[{\"@type\":\"SearchAction\",\"target\":{\"@type\":\"EntryPoint\",\"urlTemplate\":\"https:\/\/swissbaker.ch\/fr\/?s={search_term_string}\"},\"query-input\":{\"@type\":\"PropertyValueSpecification\",\"valueRequired\":true,\"valueName\":\"search_term_string\"}}],\"inLanguage\":\"fr-FR\"},{\"@type\":\"Organization\",\"@id\":\"https:\/\/swissbaker.ch\/fr\/#organization\",\"name\":\"Schweizerischer B\u00e4cker-Confiseurmeister-Verband\",\"url\":\"https:\/\/swissbaker.ch\/fr\/\",\"logo\":{\"@type\":\"ImageObject\",\"inLanguage\":\"fr-FR\",\"@id\":\"https:\/\/swissbaker.ch\/fr\/#\/schema\/logo\/image\/\",\"url\":\"https:\/\/swissbaker.ch\/wp-content\/uploads\/2022\/04\/sbc-logo-yoast.jpg\",\"contentUrl\":\"https:\/\/swissbaker.ch\/wp-content\/uploads\/2022\/04\/sbc-logo-yoast.jpg\",\"width\":512,\"height\":512,\"caption\":\"Schweizerischer B\u00e4cker-Confiseurmeister-Verband\"},\"image\":{\"@id\":\"https:\/\/swissbaker.ch\/fr\/#\/schema\/logo\/image\/\"},\"sameAs\":[\"https:\/\/www.facebook.com\/swissbaker.ch\",\"https:\/\/x.com\/ch_swissbaker\"]},{\"@type\":\"Person\",\"@id\":\"https:\/\/swissbaker.ch\/fr\/#\/schema\/person\/058ac47619f7da53df62aba60f939b78\",\"name\":\"azureart\",\"image\":{\"@type\":\"ImageObject\",\"inLanguage\":\"fr-FR\",\"@id\":\"https:\/\/swissbaker.ch\/fr\/#\/schema\/person\/image\/\",\"url\":\"https:\/\/secure.gravatar.com\/avatar\/be04dd3098fd612c83067af4f7a295384c93cb6a9112f51beb9d2f477d25da61?s=96&d=mm&r=g\",\"contentUrl\":\"https:\/\/secure.gravatar.com\/avatar\/be04dd3098fd612c83067af4f7a295384c93cb6a9112f51beb9d2f477d25da61?s=96&d=mm&r=g\",\"caption\":\"azureart\"},\"sameAs\":[\"https:\/\/swissbaker.ch\"],\"url\":\"https:\/\/swissbaker.ch\/fr\/panissimo-news\/author\/pixel-ahoi\/\"}]}<\/script>\n<!-- \/ Yoast SEO Premium plugin. -->","yoast_head_json":{"title":"Le pays de production doit d\u00e9sormais \u00eatre d\u00e9clar\u00e9 | SBC","robots":{"index":"index","follow":"follow","max-snippet":"max-snippet:-1","max-image-preview":"max-image-preview:large","max-video-preview":"max-video-preview:-1"},"canonical":"https:\/\/swissbaker.ch\/fr\/panissimo-news\/le-pays-de-production-doit-desormais-etre-declare\/","og_locale":"fr_FR","og_type":"article","og_title":"Le pays de production doit d\u00e9sormais \u00eatre d\u00e9clar\u00e9","og_description":"Succ\u00e8s pour la fili\u00e8re suisse des c\u00e9r\u00e9ales panifiables et donc aussi pour les boulangers-confiseurs suisses contre l\u2019augmentation des importations de pain et de produits de boulangerie: ensemble, les associations ont r\u00e9ussi \u00e0 convaincre le Parlement d\u2019exiger une d\u00e9claration du pays de production dans la vente en vrac. Apr\u00e8s le Conseil des Etats, le National a, la semaine derni\u00e8re, \u00e9galement approuv\u00e9 [&hellip;]","og_url":"https:\/\/swissbaker.ch\/fr\/panissimo-news\/le-pays-de-production-doit-desormais-etre-declare\/","og_site_name":"SBC","article_publisher":"https:\/\/www.facebook.com\/swissbaker.ch","article_published_time":"2021-03-10T10:29:00+00:00","article_modified_time":"2022-05-11T09:35:21+00:00","og_image":[{"width":800,"height":474,"url":"https:\/\/swissbaker.ch\/wp-content\/uploads\/2022\/03\/5_2_Brotdeklaration.jpeg","type":"image\/jpeg"}],"author":"azureart","twitter_card":"summary_large_image","twitter_creator":"@ch_swissbaker","twitter_site":"@ch_swissbaker","twitter_misc":{"Written by":"azureart","Est. reading time":"4 minutes"},"schema":{"@context":"https:\/\/schema.org","@graph":[{"@type":"Article","@id":"https:\/\/swissbaker.ch\/fr\/panissimo-news\/le-pays-de-production-doit-desormais-etre-declare\/#article","isPartOf":{"@id":"https:\/\/swissbaker.ch\/fr\/panissimo-news\/le-pays-de-production-doit-desormais-etre-declare\/"},"author":{"name":"azureart","@id":"https:\/\/swissbaker.ch\/fr\/#\/schema\/person\/058ac47619f7da53df62aba60f939b78"},"headline":"Le pays de production doit d\u00e9sormais \u00eatre d\u00e9clar\u00e9","datePublished":"2021-03-10T10:29:00+00:00","dateModified":"2022-05-11T09:35:21+00:00","mainEntityOfPage":{"@id":"https:\/\/swissbaker.ch\/fr\/panissimo-news\/le-pays-de-production-doit-desormais-etre-declare\/"},"wordCount":672,"commentCount":0,"publisher":{"@id":"https:\/\/swissbaker.ch\/fr\/#organization"},"image":{"@id":"https:\/\/swissbaker.ch\/fr\/panissimo-news\/le-pays-de-production-doit-desormais-etre-declare\/#primaryimage"},"thumbnailUrl":"https:\/\/swissbaker.ch\/wp-content\/uploads\/2022\/03\/5_2_Brotdeklaration.jpeg","articleSection":["Droit &amp; politique","Vente\/Marketing"],"inLanguage":"fr-FR","potentialAction":[{"@type":"CommentAction","name":"Comment","target":["https:\/\/swissbaker.ch\/fr\/panissimo-news\/le-pays-de-production-doit-desormais-etre-declare\/#respond"]}]},{"@type":"WebPage","@id":"https:\/\/swissbaker.ch\/fr\/panissimo-news\/le-pays-de-production-doit-desormais-etre-declare\/","url":"https:\/\/swissbaker.ch\/fr\/panissimo-news\/le-pays-de-production-doit-desormais-etre-declare\/","name":"Le pays de production doit d\u00e9sormais \u00eatre d\u00e9clar\u00e9 | SBC","isPartOf":{"@id":"https:\/\/swissbaker.ch\/fr\/#website"},"primaryImageOfPage":{"@id":"https:\/\/swissbaker.ch\/fr\/panissimo-news\/le-pays-de-production-doit-desormais-etre-declare\/#primaryimage"},"image":{"@id":"https:\/\/swissbaker.ch\/fr\/panissimo-news\/le-pays-de-production-doit-desormais-etre-declare\/#primaryimage"},"thumbnailUrl":"https:\/\/swissbaker.ch\/wp-content\/uploads\/2022\/03\/5_2_Brotdeklaration.jpeg","datePublished":"2021-03-10T10:29:00+00:00","dateModified":"2022-05-11T09:35:21+00:00","breadcrumb":{"@id":"https:\/\/swissbaker.ch\/fr\/panissimo-news\/le-pays-de-production-doit-desormais-etre-declare\/#breadcrumb"},"inLanguage":"fr-FR","potentialAction":[{"@type":"ReadAction","target":["https:\/\/swissbaker.ch\/fr\/panissimo-news\/le-pays-de-production-doit-desormais-etre-declare\/"]}]},{"@type":"ImageObject","inLanguage":"fr-FR","@id":"https:\/\/swissbaker.ch\/fr\/panissimo-news\/le-pays-de-production-doit-desormais-etre-declare\/#primaryimage","url":"https:\/\/swissbaker.ch\/wp-content\/uploads\/2022\/03\/5_2_Brotdeklaration.jpeg","contentUrl":"https:\/\/swissbaker.ch\/wp-content\/uploads\/2022\/03\/5_2_Brotdeklaration.jpeg","width":800,"height":474,"caption":"Le pays de production doit d\u00e9sormais \u00eatre d\u00e9clar\u00e9"},{"@type":"BreadcrumbList","@id":"https:\/\/swissbaker.ch\/fr\/panissimo-news\/le-pays-de-production-doit-desormais-etre-declare\/#breadcrumb","itemListElement":[{"@type":"ListItem","position":1,"name":"","item":"https:\/\/swissbaker.ch\/fr\/"},{"@type":"ListItem","position":2,"name":"Droit &amp; politique","item":"https:\/\/swissbaker.ch\/fr\/panissimo-news\/category\/droit-politique\/"},{"@type":"ListItem","position":3,"name":"Le pays de production doit d\u00e9sormais \u00eatre d\u00e9clar\u00e9"}]},{"@type":"WebSite","@id":"https:\/\/swissbaker.ch\/fr\/#website","url":"https:\/\/swissbaker.ch\/fr\/","name":"SBC","description":"","publisher":{"@id":"https:\/\/swissbaker.ch\/fr\/#organization"},"potentialAction":[{"@type":"SearchAction","target":{"@type":"EntryPoint","urlTemplate":"https:\/\/swissbaker.ch\/fr\/?s={search_term_string}"},"query-input":{"@type":"PropertyValueSpecification","valueRequired":true,"valueName":"search_term_string"}}],"inLanguage":"fr-FR"},{"@type":"Organization","@id":"https:\/\/swissbaker.ch\/fr\/#organization","name":"Schweizerischer B\u00e4cker-Confiseurmeister-Verband","url":"https:\/\/swissbaker.ch\/fr\/","logo":{"@type":"ImageObject","inLanguage":"fr-FR","@id":"https:\/\/swissbaker.ch\/fr\/#\/schema\/logo\/image\/","url":"https:\/\/swissbaker.ch\/wp-content\/uploads\/2022\/04\/sbc-logo-yoast.jpg","contentUrl":"https:\/\/swissbaker.ch\/wp-content\/uploads\/2022\/04\/sbc-logo-yoast.jpg","width":512,"height":512,"caption":"Schweizerischer B\u00e4cker-Confiseurmeister-Verband"},"image":{"@id":"https:\/\/swissbaker.ch\/fr\/#\/schema\/logo\/image\/"},"sameAs":["https:\/\/www.facebook.com\/swissbaker.ch","https:\/\/x.com\/ch_swissbaker"]},{"@type":"Person","@id":"https:\/\/swissbaker.ch\/fr\/#\/schema\/person\/058ac47619f7da53df62aba60f939b78","name":"azureart","image":{"@type":"ImageObject","inLanguage":"fr-FR","@id":"https:\/\/swissbaker.ch\/fr\/#\/schema\/person\/image\/","url":"https:\/\/secure.gravatar.com\/avatar\/be04dd3098fd612c83067af4f7a295384c93cb6a9112f51beb9d2f477d25da61?s=96&d=mm&r=g","contentUrl":"https:\/\/secure.gravatar.com\/avatar\/be04dd3098fd612c83067af4f7a295384c93cb6a9112f51beb9d2f477d25da61?s=96&d=mm&r=g","caption":"azureart"},"sameAs":["https:\/\/swissbaker.ch"],"url":"https:\/\/swissbaker.ch\/fr\/panissimo-news\/author\/pixel-ahoi\/"}]}},"_links":{"self":[{"href":"https:\/\/swissbaker.ch\/fr\/wp-json\/wp\/v2\/posts\/8805","targetHints":{"allow":["GET"]}}],"collection":[{"href":"https:\/\/swissbaker.ch\/fr\/wp-json\/wp\/v2\/posts"}],"about":[{"href":"https:\/\/swissbaker.ch\/fr\/wp-json\/wp\/v2\/types\/post"}],"author":[{"embeddable":true,"href":"https:\/\/swissbaker.ch\/fr\/wp-json\/wp\/v2\/users\/1"}],"replies":[{"embeddable":true,"href":"https:\/\/swissbaker.ch\/fr\/wp-json\/wp\/v2\/comments?post=8805"}],"version-history":[{"count":0,"href":"https:\/\/swissbaker.ch\/fr\/wp-json\/wp\/v2\/posts\/8805\/revisions"}],"wp:featuredmedia":[{"embeddable":true,"href":"https:\/\/swissbaker.ch\/fr\/wp-json\/wp\/v2\/media\/5412"}],"wp:attachment":[{"href":"https:\/\/swissbaker.ch\/fr\/wp-json\/wp\/v2\/media?parent=8805"}],"wp:term":[{"taxonomy":"category","embeddable":true,"href":"https:\/\/swissbaker.ch\/fr\/wp-json\/wp\/v2\/categories?post=8805"},{"taxonomy":"post_tag","embeddable":true,"href":"https:\/\/swissbaker.ch\/fr\/wp-json\/wp\/v2\/tags?post=8805"}],"curies":[{"name":"wp","href":"https:\/\/api.w.org\/{rel}","templated":true}]}}