{"id":8762,"date":"2021-03-17T10:34:00","date_gmt":"2021-03-17T09:34:00","guid":{"rendered":"https:\/\/swissbaker.ch\/?p=8762"},"modified":"2022-05-11T11:07:29","modified_gmt":"2022-05-11T09:07:29","slug":"satisfaisant-malgre-la-baisse-des-ventes","status":"publish","type":"post","link":"https:\/\/swissbaker.ch\/fr\/panissimo-news\/satisfaisant-malgre-la-baisse-des-ventes\/","title":{"rendered":"Satisfaisant malgr\u00e9 la baisse des ventes"},"content":{"rendered":"\n<p><strong>La pand\u00e9mie frappe durement Pistor et ses clients. Le chiffre d\u2019affaires total de Pistor AG s\u2019est effondr\u00e9 d\u2019environ 17\u202f% en 2020. L\u2019entreprise annonce dans son communiqu\u00e9 avoir tout de m\u00eame enregistr\u00e9 un r\u00e9sultat satisfaisant, gr\u00e2ce \u00e0 une structure de client\u00e8le \u00e9quilibr\u00e9e.<\/strong><\/p>\n\n\n\n<p>Le chiffre d\u2019affaires total de Pistor AG, de 535,4\u202fmillions de francs, a baiss\u00e9 de 110,6\u202fmillions, autrement dit de 17,1\u202f%, par rapport \u00e0 l\u2019ann\u00e9e pr\u00e9c\u00e9dente. Alors que les EMS et les h\u00f4pitaux, ainsi que les boulangeries et les confiseries, ont poursuivi leurs activit\u00e9s avec certaines restrictions, les restaurants ont en partie ferm\u00e9 compl\u00e8tement. Gr\u00e2ce \u00e0 son large portefeuille de clients, Pistor a tout de m\u00eame r\u00e9alis\u00e9 un b\u00e9n\u00e9fice d\u2019exploitation.<\/p>\n\n\n\n<h2 class=\"wp-block-heading\" id=\"h-les-boulangeries-ont-moins-perdu\">Les boulangeries ont moins perdu<\/h2>\n\n\n\n<p>Bien que les boulangeries et les confiseries soient rest\u00e9es ouvertes en tant que fournisseurs de biens de consommation courante, les caf\u00e9s et restaurants annexes ont d\u00fb fermer. Dans le segment de la boulangerie, Pistor a r\u00e9alis\u00e9 un chiffre d\u2019affaires de 300,6\u202fmillions, soit une baisse de 51,5\u202fmillions.<br>La gastronomie, en particulier les entreprises de catering, les restaurants du personnel et les h\u00f4tels, a \u00e9t\u00e9 fortement touch\u00e9e par la crise. Avec un chiffre d\u2019affaires de 234,9\u202fmillions, ce segment a perdu 59,1\u202fmillions par rapport \u00e0 2019. Cependant, les EMS et les h\u00f4pitaux, et d\u2019autres entreprises publiques, se sont d\u00e9velopp\u00e9s positivement.<\/p>\n\n\n\n<h2 class=\"wp-block-heading\" id=\"h-reduire-les-depenses-conserver-les-emplois\">R\u00e9duire les d\u00e9penses, conserver les emplois<\/h2>\n\n\n\n<p>Pistor a mis des projets et des investissements en attente, r\u00e9duit les co\u00fbts au minimum et a recouru au ch\u00f4mage partiel pour r\u00e9duire les d\u00e9penses d\u2019exploitation. Elle a ainsi pu pr\u00e9server les 545 emplois et n\u2019a pas d\u00fb proc\u00e9der \u00e0 des licenciements li\u00e9s au coronavirus.<\/p>\n\n\n\n<h2 class=\"wp-block-heading\" id=\"h-avec-confiance-dans-l-avenir\">Avec confiance dans l\u2019avenir<\/h2>\n\n\n\n<p>\u00ab\u2009Les premiers mois de 2021 restent difficiles\u2009\u00bb, pr\u00e9cise le communiqu\u00e9. Pistor pr\u00e9cise toutefois \u00eatre convaincue que les chiffres d\u2019affaires se r\u00e9tabliront \u00e0 moyen terme, apr\u00e8s le recul de la pand\u00e9mie. L\u2019entreprise poursuivra les projets pr\u00e9vus et investira \u00e0 nouveau. Le conseil d\u2019administration et la direction voient ainsi des opportunit\u00e9s de croissance.<\/p>\n\n\n\n<p><a href=\"https:\/\/www.swissbaker.ch\/fr\/news-panissimo\/themesarchives\/association\/association-details-fr\/notre-modele-dentreprise-fonctionne-meme-en-temps-de-crise\/\">Entretien avec le pr\u00e9sident Daniel Eichenberger et le CEO Markus L\u00f6tscher.<\/a><\/p>\n","protected":false},"excerpt":{"rendered":"<p>La pand\u00e9mie frappe durement Pistor et ses clients. Le chiffre d\u2019affaires total de Pistor AG s\u2019est effondr\u00e9 d\u2019environ 17\u202f% en 2020. L\u2019entreprise annonce dans son communiqu\u00e9 avoir tout de m\u00eame enregistr\u00e9 un r\u00e9sultat satisfaisant, gr\u00e2ce \u00e0 une structure de client\u00e8le \u00e9quilibr\u00e9e. Le chiffre d\u2019affaires total de Pistor AG, de 535,4\u202fmillions de francs, a baiss\u00e9 de 110,6\u202fmillions, autrement dit de 17,1\u202f%, [&hellip;]<\/p>\n","protected":false},"author":1,"featured_media":5389,"comment_status":"open","ping_status":"closed","sticky":false,"template":"","format":"standard","meta":{"_acf_changed":false,"footnotes":""},"categories":[41,45],"tags":[],"class_list":["post-8762","post","type-post","status-publish","format-standard","has-post-thumbnail","hentry","category-association","category-environnement-professionnel"],"acf":[],"yoast_head":"<!-- This site is optimized with the Yoast SEO Premium plugin v26.8 (Yoast SEO v26.8) - https:\/\/yoast.com\/product\/yoast-seo-premium-wordpress\/ -->\n<title>Satisfaisant malgr\u00e9 la baisse des ventes | SBC<\/title>\n<meta name=\"robots\" content=\"index, follow, max-snippet:-1, max-image-preview:large, max-video-preview:-1\" \/>\n<link rel=\"canonical\" href=\"https:\/\/swissbaker.ch\/fr\/panissimo-news\/satisfaisant-malgre-la-baisse-des-ventes\/\" \/>\n<meta property=\"og:locale\" content=\"fr_FR\" \/>\n<meta property=\"og:type\" content=\"article\" \/>\n<meta property=\"og:title\" content=\"Satisfaisant malgr\u00e9 la baisse des ventes\" \/>\n<meta property=\"og:description\" content=\"La pand\u00e9mie frappe durement Pistor et ses clients. Le chiffre d\u2019affaires total de Pistor AG s\u2019est effondr\u00e9 d\u2019environ 17\u202f% en 2020. L\u2019entreprise annonce dans son communiqu\u00e9 avoir tout de m\u00eame enregistr\u00e9 un r\u00e9sultat satisfaisant, gr\u00e2ce \u00e0 une structure de client\u00e8le \u00e9quilibr\u00e9e. Le chiffre d\u2019affaires total de Pistor AG, de 535,4\u202fmillions de francs, a baiss\u00e9 de 110,6\u202fmillions, autrement dit de 17,1\u202f%, [&hellip;]\" \/>\n<meta property=\"og:url\" content=\"https:\/\/swissbaker.ch\/fr\/panissimo-news\/satisfaisant-malgre-la-baisse-des-ventes\/\" \/>\n<meta property=\"og:site_name\" content=\"SBC\" \/>\n<meta property=\"article:publisher\" content=\"https:\/\/www.facebook.com\/swissbaker.ch\" \/>\n<meta property=\"article:published_time\" content=\"2021-03-17T09:34:00+00:00\" \/>\n<meta property=\"article:modified_time\" content=\"2022-05-11T09:07:29+00:00\" \/>\n<meta property=\"og:image\" content=\"https:\/\/swissbaker.ch\/wp-content\/uploads\/2022\/03\/6_1_pistor_jahreszahlen.jpeg\" \/>\n\t<meta property=\"og:image:width\" content=\"800\" \/>\n\t<meta property=\"og:image:height\" content=\"474\" \/>\n\t<meta property=\"og:image:type\" content=\"image\/jpeg\" \/>\n<meta name=\"author\" content=\"azureart\" \/>\n<meta name=\"twitter:card\" content=\"summary_large_image\" \/>\n<meta name=\"twitter:creator\" content=\"@ch_swissbaker\" \/>\n<meta name=\"twitter:site\" content=\"@ch_swissbaker\" \/>\n<meta name=\"twitter:label1\" content=\"Written by\" \/>\n\t<meta name=\"twitter:data1\" content=\"azureart\" \/>\n\t<meta name=\"twitter:label2\" content=\"Est. reading time\" \/>\n\t<meta name=\"twitter:data2\" content=\"2 minutes\" \/>\n<script type=\"application\/ld+json\" class=\"yoast-schema-graph\">{\"@context\":\"https:\/\/schema.org\",\"@graph\":[{\"@type\":\"Article\",\"@id\":\"https:\/\/swissbaker.ch\/fr\/panissimo-news\/satisfaisant-malgre-la-baisse-des-ventes\/#article\",\"isPartOf\":{\"@id\":\"https:\/\/swissbaker.ch\/fr\/panissimo-news\/satisfaisant-malgre-la-baisse-des-ventes\/\"},\"author\":{\"name\":\"azureart\",\"@id\":\"https:\/\/swissbaker.ch\/fr\/#\/schema\/person\/058ac47619f7da53df62aba60f939b78\"},\"headline\":\"Satisfaisant malgr\u00e9 la baisse des ventes\",\"datePublished\":\"2021-03-17T09:34:00+00:00\",\"dateModified\":\"2022-05-11T09:07:29+00:00\",\"mainEntityOfPage\":{\"@id\":\"https:\/\/swissbaker.ch\/fr\/panissimo-news\/satisfaisant-malgre-la-baisse-des-ventes\/\"},\"wordCount\":381,\"commentCount\":0,\"publisher\":{\"@id\":\"https:\/\/swissbaker.ch\/fr\/#organization\"},\"image\":{\"@id\":\"https:\/\/swissbaker.ch\/fr\/panissimo-news\/satisfaisant-malgre-la-baisse-des-ventes\/#primaryimage\"},\"thumbnailUrl\":\"https:\/\/swissbaker.ch\/wp-content\/uploads\/2022\/03\/6_1_pistor_jahreszahlen.jpeg\",\"articleSection\":[\"Association\",\"Environnement professionnel\"],\"inLanguage\":\"fr-FR\",\"potentialAction\":[{\"@type\":\"CommentAction\",\"name\":\"Comment\",\"target\":[\"https:\/\/swissbaker.ch\/fr\/panissimo-news\/satisfaisant-malgre-la-baisse-des-ventes\/#respond\"]}]},{\"@type\":\"WebPage\",\"@id\":\"https:\/\/swissbaker.ch\/fr\/panissimo-news\/satisfaisant-malgre-la-baisse-des-ventes\/\",\"url\":\"https:\/\/swissbaker.ch\/fr\/panissimo-news\/satisfaisant-malgre-la-baisse-des-ventes\/\",\"name\":\"Satisfaisant malgr\u00e9 la baisse des ventes | SBC\",\"isPartOf\":{\"@id\":\"https:\/\/swissbaker.ch\/fr\/#website\"},\"primaryImageOfPage\":{\"@id\":\"https:\/\/swissbaker.ch\/fr\/panissimo-news\/satisfaisant-malgre-la-baisse-des-ventes\/#primaryimage\"},\"image\":{\"@id\":\"https:\/\/swissbaker.ch\/fr\/panissimo-news\/satisfaisant-malgre-la-baisse-des-ventes\/#primaryimage\"},\"thumbnailUrl\":\"https:\/\/swissbaker.ch\/wp-content\/uploads\/2022\/03\/6_1_pistor_jahreszahlen.jpeg\",\"datePublished\":\"2021-03-17T09:34:00+00:00\",\"dateModified\":\"2022-05-11T09:07:29+00:00\",\"breadcrumb\":{\"@id\":\"https:\/\/swissbaker.ch\/fr\/panissimo-news\/satisfaisant-malgre-la-baisse-des-ventes\/#breadcrumb\"},\"inLanguage\":\"fr-FR\",\"potentialAction\":[{\"@type\":\"ReadAction\",\"target\":[\"https:\/\/swissbaker.ch\/fr\/panissimo-news\/satisfaisant-malgre-la-baisse-des-ventes\/\"]}]},{\"@type\":\"ImageObject\",\"inLanguage\":\"fr-FR\",\"@id\":\"https:\/\/swissbaker.ch\/fr\/panissimo-news\/satisfaisant-malgre-la-baisse-des-ventes\/#primaryimage\",\"url\":\"https:\/\/swissbaker.ch\/wp-content\/uploads\/2022\/03\/6_1_pistor_jahreszahlen.jpeg\",\"contentUrl\":\"https:\/\/swissbaker.ch\/wp-content\/uploads\/2022\/03\/6_1_pistor_jahreszahlen.jpeg\",\"width\":800,\"height\":474,\"caption\":\"Satisfaisant malgr\u00e9 la baisse des ventes\"},{\"@type\":\"BreadcrumbList\",\"@id\":\"https:\/\/swissbaker.ch\/fr\/panissimo-news\/satisfaisant-malgre-la-baisse-des-ventes\/#breadcrumb\",\"itemListElement\":[{\"@type\":\"ListItem\",\"position\":1,\"name\":\"\",\"item\":\"https:\/\/swissbaker.ch\/fr\/\"},{\"@type\":\"ListItem\",\"position\":2,\"name\":\"Association\",\"item\":\"https:\/\/swissbaker.ch\/fr\/panissimo-news\/category\/association\/\"},{\"@type\":\"ListItem\",\"position\":3,\"name\":\"Satisfaisant malgr\u00e9 la baisse des ventes\"}]},{\"@type\":\"WebSite\",\"@id\":\"https:\/\/swissbaker.ch\/fr\/#website\",\"url\":\"https:\/\/swissbaker.ch\/fr\/\",\"name\":\"SBC\",\"description\":\"\",\"publisher\":{\"@id\":\"https:\/\/swissbaker.ch\/fr\/#organization\"},\"potentialAction\":[{\"@type\":\"SearchAction\",\"target\":{\"@type\":\"EntryPoint\",\"urlTemplate\":\"https:\/\/swissbaker.ch\/fr\/?s={search_term_string}\"},\"query-input\":{\"@type\":\"PropertyValueSpecification\",\"valueRequired\":true,\"valueName\":\"search_term_string\"}}],\"inLanguage\":\"fr-FR\"},{\"@type\":\"Organization\",\"@id\":\"https:\/\/swissbaker.ch\/fr\/#organization\",\"name\":\"Schweizerischer B\u00e4cker-Confiseurmeister-Verband\",\"url\":\"https:\/\/swissbaker.ch\/fr\/\",\"logo\":{\"@type\":\"ImageObject\",\"inLanguage\":\"fr-FR\",\"@id\":\"https:\/\/swissbaker.ch\/fr\/#\/schema\/logo\/image\/\",\"url\":\"https:\/\/swissbaker.ch\/wp-content\/uploads\/2022\/04\/sbc-logo-yoast.jpg\",\"contentUrl\":\"https:\/\/swissbaker.ch\/wp-content\/uploads\/2022\/04\/sbc-logo-yoast.jpg\",\"width\":512,\"height\":512,\"caption\":\"Schweizerischer B\u00e4cker-Confiseurmeister-Verband\"},\"image\":{\"@id\":\"https:\/\/swissbaker.ch\/fr\/#\/schema\/logo\/image\/\"},\"sameAs\":[\"https:\/\/www.facebook.com\/swissbaker.ch\",\"https:\/\/x.com\/ch_swissbaker\"]},{\"@type\":\"Person\",\"@id\":\"https:\/\/swissbaker.ch\/fr\/#\/schema\/person\/058ac47619f7da53df62aba60f939b78\",\"name\":\"azureart\",\"image\":{\"@type\":\"ImageObject\",\"inLanguage\":\"fr-FR\",\"@id\":\"https:\/\/swissbaker.ch\/fr\/#\/schema\/person\/image\/\",\"url\":\"https:\/\/secure.gravatar.com\/avatar\/be04dd3098fd612c83067af4f7a295384c93cb6a9112f51beb9d2f477d25da61?s=96&d=mm&r=g\",\"contentUrl\":\"https:\/\/secure.gravatar.com\/avatar\/be04dd3098fd612c83067af4f7a295384c93cb6a9112f51beb9d2f477d25da61?s=96&d=mm&r=g\",\"caption\":\"azureart\"},\"sameAs\":[\"https:\/\/swissbaker.ch\"],\"url\":\"https:\/\/swissbaker.ch\/fr\/panissimo-news\/author\/pixel-ahoi\/\"}]}<\/script>\n<!-- \/ Yoast SEO Premium plugin. -->","yoast_head_json":{"title":"Satisfaisant malgr\u00e9 la baisse des ventes | SBC","robots":{"index":"index","follow":"follow","max-snippet":"max-snippet:-1","max-image-preview":"max-image-preview:large","max-video-preview":"max-video-preview:-1"},"canonical":"https:\/\/swissbaker.ch\/fr\/panissimo-news\/satisfaisant-malgre-la-baisse-des-ventes\/","og_locale":"fr_FR","og_type":"article","og_title":"Satisfaisant malgr\u00e9 la baisse des ventes","og_description":"La pand\u00e9mie frappe durement Pistor et ses clients. Le chiffre d\u2019affaires total de Pistor AG s\u2019est effondr\u00e9 d\u2019environ 17\u202f% en 2020. L\u2019entreprise annonce dans son communiqu\u00e9 avoir tout de m\u00eame enregistr\u00e9 un r\u00e9sultat satisfaisant, gr\u00e2ce \u00e0 une structure de client\u00e8le \u00e9quilibr\u00e9e. Le chiffre d\u2019affaires total de Pistor AG, de 535,4\u202fmillions de francs, a baiss\u00e9 de 110,6\u202fmillions, autrement dit de 17,1\u202f%, [&hellip;]","og_url":"https:\/\/swissbaker.ch\/fr\/panissimo-news\/satisfaisant-malgre-la-baisse-des-ventes\/","og_site_name":"SBC","article_publisher":"https:\/\/www.facebook.com\/swissbaker.ch","article_published_time":"2021-03-17T09:34:00+00:00","article_modified_time":"2022-05-11T09:07:29+00:00","og_image":[{"width":800,"height":474,"url":"https:\/\/swissbaker.ch\/wp-content\/uploads\/2022\/03\/6_1_pistor_jahreszahlen.jpeg","type":"image\/jpeg"}],"author":"azureart","twitter_card":"summary_large_image","twitter_creator":"@ch_swissbaker","twitter_site":"@ch_swissbaker","twitter_misc":{"Written by":"azureart","Est. reading time":"2 minutes"},"schema":{"@context":"https:\/\/schema.org","@graph":[{"@type":"Article","@id":"https:\/\/swissbaker.ch\/fr\/panissimo-news\/satisfaisant-malgre-la-baisse-des-ventes\/#article","isPartOf":{"@id":"https:\/\/swissbaker.ch\/fr\/panissimo-news\/satisfaisant-malgre-la-baisse-des-ventes\/"},"author":{"name":"azureart","@id":"https:\/\/swissbaker.ch\/fr\/#\/schema\/person\/058ac47619f7da53df62aba60f939b78"},"headline":"Satisfaisant malgr\u00e9 la baisse des ventes","datePublished":"2021-03-17T09:34:00+00:00","dateModified":"2022-05-11T09:07:29+00:00","mainEntityOfPage":{"@id":"https:\/\/swissbaker.ch\/fr\/panissimo-news\/satisfaisant-malgre-la-baisse-des-ventes\/"},"wordCount":381,"commentCount":0,"publisher":{"@id":"https:\/\/swissbaker.ch\/fr\/#organization"},"image":{"@id":"https:\/\/swissbaker.ch\/fr\/panissimo-news\/satisfaisant-malgre-la-baisse-des-ventes\/#primaryimage"},"thumbnailUrl":"https:\/\/swissbaker.ch\/wp-content\/uploads\/2022\/03\/6_1_pistor_jahreszahlen.jpeg","articleSection":["Association","Environnement professionnel"],"inLanguage":"fr-FR","potentialAction":[{"@type":"CommentAction","name":"Comment","target":["https:\/\/swissbaker.ch\/fr\/panissimo-news\/satisfaisant-malgre-la-baisse-des-ventes\/#respond"]}]},{"@type":"WebPage","@id":"https:\/\/swissbaker.ch\/fr\/panissimo-news\/satisfaisant-malgre-la-baisse-des-ventes\/","url":"https:\/\/swissbaker.ch\/fr\/panissimo-news\/satisfaisant-malgre-la-baisse-des-ventes\/","name":"Satisfaisant malgr\u00e9 la baisse des ventes | SBC","isPartOf":{"@id":"https:\/\/swissbaker.ch\/fr\/#website"},"primaryImageOfPage":{"@id":"https:\/\/swissbaker.ch\/fr\/panissimo-news\/satisfaisant-malgre-la-baisse-des-ventes\/#primaryimage"},"image":{"@id":"https:\/\/swissbaker.ch\/fr\/panissimo-news\/satisfaisant-malgre-la-baisse-des-ventes\/#primaryimage"},"thumbnailUrl":"https:\/\/swissbaker.ch\/wp-content\/uploads\/2022\/03\/6_1_pistor_jahreszahlen.jpeg","datePublished":"2021-03-17T09:34:00+00:00","dateModified":"2022-05-11T09:07:29+00:00","breadcrumb":{"@id":"https:\/\/swissbaker.ch\/fr\/panissimo-news\/satisfaisant-malgre-la-baisse-des-ventes\/#breadcrumb"},"inLanguage":"fr-FR","potentialAction":[{"@type":"ReadAction","target":["https:\/\/swissbaker.ch\/fr\/panissimo-news\/satisfaisant-malgre-la-baisse-des-ventes\/"]}]},{"@type":"ImageObject","inLanguage":"fr-FR","@id":"https:\/\/swissbaker.ch\/fr\/panissimo-news\/satisfaisant-malgre-la-baisse-des-ventes\/#primaryimage","url":"https:\/\/swissbaker.ch\/wp-content\/uploads\/2022\/03\/6_1_pistor_jahreszahlen.jpeg","contentUrl":"https:\/\/swissbaker.ch\/wp-content\/uploads\/2022\/03\/6_1_pistor_jahreszahlen.jpeg","width":800,"height":474,"caption":"Satisfaisant malgr\u00e9 la baisse des ventes"},{"@type":"BreadcrumbList","@id":"https:\/\/swissbaker.ch\/fr\/panissimo-news\/satisfaisant-malgre-la-baisse-des-ventes\/#breadcrumb","itemListElement":[{"@type":"ListItem","position":1,"name":"","item":"https:\/\/swissbaker.ch\/fr\/"},{"@type":"ListItem","position":2,"name":"Association","item":"https:\/\/swissbaker.ch\/fr\/panissimo-news\/category\/association\/"},{"@type":"ListItem","position":3,"name":"Satisfaisant malgr\u00e9 la baisse des ventes"}]},{"@type":"WebSite","@id":"https:\/\/swissbaker.ch\/fr\/#website","url":"https:\/\/swissbaker.ch\/fr\/","name":"SBC","description":"","publisher":{"@id":"https:\/\/swissbaker.ch\/fr\/#organization"},"potentialAction":[{"@type":"SearchAction","target":{"@type":"EntryPoint","urlTemplate":"https:\/\/swissbaker.ch\/fr\/?s={search_term_string}"},"query-input":{"@type":"PropertyValueSpecification","valueRequired":true,"valueName":"search_term_string"}}],"inLanguage":"fr-FR"},{"@type":"Organization","@id":"https:\/\/swissbaker.ch\/fr\/#organization","name":"Schweizerischer B\u00e4cker-Confiseurmeister-Verband","url":"https:\/\/swissbaker.ch\/fr\/","logo":{"@type":"ImageObject","inLanguage":"fr-FR","@id":"https:\/\/swissbaker.ch\/fr\/#\/schema\/logo\/image\/","url":"https:\/\/swissbaker.ch\/wp-content\/uploads\/2022\/04\/sbc-logo-yoast.jpg","contentUrl":"https:\/\/swissbaker.ch\/wp-content\/uploads\/2022\/04\/sbc-logo-yoast.jpg","width":512,"height":512,"caption":"Schweizerischer B\u00e4cker-Confiseurmeister-Verband"},"image":{"@id":"https:\/\/swissbaker.ch\/fr\/#\/schema\/logo\/image\/"},"sameAs":["https:\/\/www.facebook.com\/swissbaker.ch","https:\/\/x.com\/ch_swissbaker"]},{"@type":"Person","@id":"https:\/\/swissbaker.ch\/fr\/#\/schema\/person\/058ac47619f7da53df62aba60f939b78","name":"azureart","image":{"@type":"ImageObject","inLanguage":"fr-FR","@id":"https:\/\/swissbaker.ch\/fr\/#\/schema\/person\/image\/","url":"https:\/\/secure.gravatar.com\/avatar\/be04dd3098fd612c83067af4f7a295384c93cb6a9112f51beb9d2f477d25da61?s=96&d=mm&r=g","contentUrl":"https:\/\/secure.gravatar.com\/avatar\/be04dd3098fd612c83067af4f7a295384c93cb6a9112f51beb9d2f477d25da61?s=96&d=mm&r=g","caption":"azureart"},"sameAs":["https:\/\/swissbaker.ch"],"url":"https:\/\/swissbaker.ch\/fr\/panissimo-news\/author\/pixel-ahoi\/"}]}},"_links":{"self":[{"href":"https:\/\/swissbaker.ch\/fr\/wp-json\/wp\/v2\/posts\/8762","targetHints":{"allow":["GET"]}}],"collection":[{"href":"https:\/\/swissbaker.ch\/fr\/wp-json\/wp\/v2\/posts"}],"about":[{"href":"https:\/\/swissbaker.ch\/fr\/wp-json\/wp\/v2\/types\/post"}],"author":[{"embeddable":true,"href":"https:\/\/swissbaker.ch\/fr\/wp-json\/wp\/v2\/users\/1"}],"replies":[{"embeddable":true,"href":"https:\/\/swissbaker.ch\/fr\/wp-json\/wp\/v2\/comments?post=8762"}],"version-history":[{"count":0,"href":"https:\/\/swissbaker.ch\/fr\/wp-json\/wp\/v2\/posts\/8762\/revisions"}],"wp:featuredmedia":[{"embeddable":true,"href":"https:\/\/swissbaker.ch\/fr\/wp-json\/wp\/v2\/media\/5389"}],"wp:attachment":[{"href":"https:\/\/swissbaker.ch\/fr\/wp-json\/wp\/v2\/media?parent=8762"}],"wp:term":[{"taxonomy":"category","embeddable":true,"href":"https:\/\/swissbaker.ch\/fr\/wp-json\/wp\/v2\/categories?post=8762"},{"taxonomy":"post_tag","embeddable":true,"href":"https:\/\/swissbaker.ch\/fr\/wp-json\/wp\/v2\/tags?post=8762"}],"curies":[{"name":"wp","href":"https:\/\/api.w.org\/{rel}","templated":true}]}}