{"id":8760,"date":"2017-11-08T08:39:00","date_gmt":"2017-11-08T07:39:00","guid":{"rendered":"https:\/\/swissbaker.ch\/?p=8760"},"modified":"2022-05-11T11:05:09","modified_gmt":"2022-05-11T09:05:09","slug":"ce-qui-a-change-depuis-la-couronne-boulangere","status":"publish","type":"post","link":"https:\/\/swissbaker.ch\/fr\/panissimo-news\/ce-qui-a-change-depuis-la-couronne-boulangere\/","title":{"rendered":"Ce qui a chang\u00e9 depuis la couronne boulang\u00e8re"},"content":{"rendered":"\n<p><strong>Depuis que j\u2019ai re\u00e7u ce prix particulier \u00e0 la mi-juin au congr\u00e8s \u00e0 Lausanne, il m\u2019est arriv\u00e9 beaucoup de choses. Les jours qui ont suivi cette \u00e9lection ont \u00e9t\u00e9 sp\u00e9cialement passionnants et captivants pour moi.<\/strong><\/p>\n\n\n\n<p>J\u2019ai donn\u00e9 beaucoup d\u2019interviews \u00e0 divers journaux r\u00e9gionaux et radios. L\u2019entreprise a \u00e0 nouveau connu un bel essor, gr\u00e2ce \u00e0 de bons articles et \u00e0 la publicit\u00e9 pour notre pain en barrique et l\u2019ensemble de F\u00fcger Handmade.<\/p>\n\n\n\n<p>Ce prix est un grand honneur, pour moi. Je suis heureux que plusieurs de mes coll\u00e8gues soient venus \u00e0 Steinach (SG) afin d\u2019observer notre concept. Ma plus grande joie est que mes clients comprennent encore mieux la qualit\u00e9 d\u2019une longue fermentation de mes p\u00e2tes.<\/p>\n\n\n\n<p>Apr\u00e8s sa scolarit\u00e9 obligatoire, Fabian F\u00fcger a suivi une formation de boulanger-p\u00e2tissier. Il a pu achever avec succ\u00e8s son examen de ma\u00eetrise aupr\u00e8s du Centre de comp\u00e9tences pour boulanger-p\u00e2tissier-confiseur de l\u2019Ecole professionnelle Richemont \u00e0 Lucerne. En juin\u202f2016, il a lanc\u00e9 la filiale F\u00fcger Handmade \u00e0 Steinach.<\/p>\n","protected":false},"excerpt":{"rendered":"<p>Depuis que j\u2019ai re\u00e7u ce prix particulier \u00e0 la mi-juin au congr\u00e8s \u00e0 Lausanne, il m\u2019est arriv\u00e9 beaucoup de choses. Les jours qui ont suivi cette \u00e9lection ont \u00e9t\u00e9 sp\u00e9cialement passionnants et captivants pour moi. J\u2019ai donn\u00e9 beaucoup d\u2019interviews \u00e0 divers journaux r\u00e9gionaux et radios. L\u2019entreprise a \u00e0 nouveau connu un bel essor, gr\u00e2ce \u00e0 de bons articles et \u00e0 [&hellip;]<\/p>\n","protected":false},"author":1,"featured_media":6365,"comment_status":"open","ping_status":"closed","sticky":false,"template":"","format":"standard","meta":{"_acf_changed":false,"footnotes":""},"categories":[58],"tags":[],"class_list":["post-8760","post","type-post","status-publish","format-standard","has-post-thumbnail","hentry","category-swissbaker-blog-fr"],"acf":[],"yoast_head":"<!-- This site is optimized with the Yoast SEO Premium plugin v26.8 (Yoast SEO v26.8) - https:\/\/yoast.com\/product\/yoast-seo-premium-wordpress\/ -->\n<title>Ce qui a chang\u00e9 depuis la couronne boulang\u00e8re | SBC<\/title>\n<meta name=\"robots\" content=\"index, follow, max-snippet:-1, max-image-preview:large, max-video-preview:-1\" \/>\n<link rel=\"canonical\" href=\"https:\/\/swissbaker.ch\/fr\/panissimo-news\/ce-qui-a-change-depuis-la-couronne-boulangere\/\" \/>\n<meta property=\"og:locale\" content=\"fr_FR\" \/>\n<meta property=\"og:type\" content=\"article\" \/>\n<meta property=\"og:title\" content=\"Ce qui a chang\u00e9 depuis la couronne boulang\u00e8re\" \/>\n<meta property=\"og:description\" content=\"Depuis que j\u2019ai re\u00e7u ce prix particulier \u00e0 la mi-juin au congr\u00e8s \u00e0 Lausanne, il m\u2019est arriv\u00e9 beaucoup de choses. Les jours qui ont suivi cette \u00e9lection ont \u00e9t\u00e9 sp\u00e9cialement passionnants et captivants pour moi. J\u2019ai donn\u00e9 beaucoup d\u2019interviews \u00e0 divers journaux r\u00e9gionaux et radios. L\u2019entreprise a \u00e0 nouveau connu un bel essor, gr\u00e2ce \u00e0 de bons articles et \u00e0 [&hellip;]\" \/>\n<meta property=\"og:url\" content=\"https:\/\/swissbaker.ch\/fr\/panissimo-news\/ce-qui-a-change-depuis-la-couronne-boulangere\/\" \/>\n<meta property=\"og:site_name\" content=\"SBC\" \/>\n<meta property=\"article:publisher\" content=\"https:\/\/www.facebook.com\/swissbaker.ch\" \/>\n<meta property=\"article:published_time\" content=\"2017-11-08T07:39:00+00:00\" \/>\n<meta property=\"article:modified_time\" content=\"2022-05-11T09:05:09+00:00\" \/>\n<meta property=\"og:image\" content=\"https:\/\/swissbaker.ch\/wp-content\/uploads\/2022\/04\/Baeckerkrone_001_Fueger.jpg\" \/>\n\t<meta property=\"og:image:width\" content=\"800\" \/>\n\t<meta property=\"og:image:height\" content=\"475\" \/>\n\t<meta property=\"og:image:type\" content=\"image\/jpeg\" \/>\n<meta name=\"author\" content=\"azureart\" \/>\n<meta name=\"twitter:card\" content=\"summary_large_image\" \/>\n<meta name=\"twitter:creator\" content=\"@ch_swissbaker\" \/>\n<meta name=\"twitter:site\" content=\"@ch_swissbaker\" \/>\n<meta name=\"twitter:label1\" content=\"Written by\" \/>\n\t<meta name=\"twitter:data1\" content=\"azureart\" \/>\n\t<meta name=\"twitter:label2\" content=\"Est. reading time\" \/>\n\t<meta name=\"twitter:data2\" content=\"1 minute\" \/>\n<script type=\"application\/ld+json\" class=\"yoast-schema-graph\">{\"@context\":\"https:\/\/schema.org\",\"@graph\":[{\"@type\":\"Article\",\"@id\":\"https:\/\/swissbaker.ch\/fr\/panissimo-news\/ce-qui-a-change-depuis-la-couronne-boulangere\/#article\",\"isPartOf\":{\"@id\":\"https:\/\/swissbaker.ch\/fr\/panissimo-news\/ce-qui-a-change-depuis-la-couronne-boulangere\/\"},\"author\":{\"name\":\"azureart\",\"@id\":\"https:\/\/swissbaker.ch\/fr\/#\/schema\/person\/058ac47619f7da53df62aba60f939b78\"},\"headline\":\"Ce qui a chang\u00e9 depuis la couronne boulang\u00e8re\",\"datePublished\":\"2017-11-08T07:39:00+00:00\",\"dateModified\":\"2022-05-11T09:05:09+00:00\",\"mainEntityOfPage\":{\"@id\":\"https:\/\/swissbaker.ch\/fr\/panissimo-news\/ce-qui-a-change-depuis-la-couronne-boulangere\/\"},\"wordCount\":188,\"commentCount\":0,\"publisher\":{\"@id\":\"https:\/\/swissbaker.ch\/fr\/#organization\"},\"image\":{\"@id\":\"https:\/\/swissbaker.ch\/fr\/panissimo-news\/ce-qui-a-change-depuis-la-couronne-boulangere\/#primaryimage\"},\"thumbnailUrl\":\"https:\/\/swissbaker.ch\/wp-content\/uploads\/2022\/04\/Baeckerkrone_001_Fueger.jpg\",\"articleSection\":[\"swissbaker-blog\"],\"inLanguage\":\"fr-FR\",\"potentialAction\":[{\"@type\":\"CommentAction\",\"name\":\"Comment\",\"target\":[\"https:\/\/swissbaker.ch\/fr\/panissimo-news\/ce-qui-a-change-depuis-la-couronne-boulangere\/#respond\"]}]},{\"@type\":\"WebPage\",\"@id\":\"https:\/\/swissbaker.ch\/fr\/panissimo-news\/ce-qui-a-change-depuis-la-couronne-boulangere\/\",\"url\":\"https:\/\/swissbaker.ch\/fr\/panissimo-news\/ce-qui-a-change-depuis-la-couronne-boulangere\/\",\"name\":\"Ce qui a chang\u00e9 depuis la couronne boulang\u00e8re | SBC\",\"isPartOf\":{\"@id\":\"https:\/\/swissbaker.ch\/fr\/#website\"},\"primaryImageOfPage\":{\"@id\":\"https:\/\/swissbaker.ch\/fr\/panissimo-news\/ce-qui-a-change-depuis-la-couronne-boulangere\/#primaryimage\"},\"image\":{\"@id\":\"https:\/\/swissbaker.ch\/fr\/panissimo-news\/ce-qui-a-change-depuis-la-couronne-boulangere\/#primaryimage\"},\"thumbnailUrl\":\"https:\/\/swissbaker.ch\/wp-content\/uploads\/2022\/04\/Baeckerkrone_001_Fueger.jpg\",\"datePublished\":\"2017-11-08T07:39:00+00:00\",\"dateModified\":\"2022-05-11T09:05:09+00:00\",\"breadcrumb\":{\"@id\":\"https:\/\/swissbaker.ch\/fr\/panissimo-news\/ce-qui-a-change-depuis-la-couronne-boulangere\/#breadcrumb\"},\"inLanguage\":\"fr-FR\",\"potentialAction\":[{\"@type\":\"ReadAction\",\"target\":[\"https:\/\/swissbaker.ch\/fr\/panissimo-news\/ce-qui-a-change-depuis-la-couronne-boulangere\/\"]}]},{\"@type\":\"ImageObject\",\"inLanguage\":\"fr-FR\",\"@id\":\"https:\/\/swissbaker.ch\/fr\/panissimo-news\/ce-qui-a-change-depuis-la-couronne-boulangere\/#primaryimage\",\"url\":\"https:\/\/swissbaker.ch\/wp-content\/uploads\/2022\/04\/Baeckerkrone_001_Fueger.jpg\",\"contentUrl\":\"https:\/\/swissbaker.ch\/wp-content\/uploads\/2022\/04\/Baeckerkrone_001_Fueger.jpg\",\"width\":800,\"height\":475,\"caption\":\"Ce qui a chang\u00e9 depuis la couronne boulang\u00e8re\"},{\"@type\":\"BreadcrumbList\",\"@id\":\"https:\/\/swissbaker.ch\/fr\/panissimo-news\/ce-qui-a-change-depuis-la-couronne-boulangere\/#breadcrumb\",\"itemListElement\":[{\"@type\":\"ListItem\",\"position\":1,\"name\":\"\",\"item\":\"https:\/\/swissbaker.ch\/fr\/\"},{\"@type\":\"ListItem\",\"position\":2,\"name\":\"swissbaker-blog\",\"item\":\"https:\/\/swissbaker.ch\/fr\/panissimo-news\/category\/swissbaker-blog-fr\/\"},{\"@type\":\"ListItem\",\"position\":3,\"name\":\"Ce qui a chang\u00e9 depuis la couronne boulang\u00e8re\"}]},{\"@type\":\"WebSite\",\"@id\":\"https:\/\/swissbaker.ch\/fr\/#website\",\"url\":\"https:\/\/swissbaker.ch\/fr\/\",\"name\":\"SBC\",\"description\":\"\",\"publisher\":{\"@id\":\"https:\/\/swissbaker.ch\/fr\/#organization\"},\"potentialAction\":[{\"@type\":\"SearchAction\",\"target\":{\"@type\":\"EntryPoint\",\"urlTemplate\":\"https:\/\/swissbaker.ch\/fr\/?s={search_term_string}\"},\"query-input\":{\"@type\":\"PropertyValueSpecification\",\"valueRequired\":true,\"valueName\":\"search_term_string\"}}],\"inLanguage\":\"fr-FR\"},{\"@type\":\"Organization\",\"@id\":\"https:\/\/swissbaker.ch\/fr\/#organization\",\"name\":\"Schweizerischer B\u00e4cker-Confiseurmeister-Verband\",\"url\":\"https:\/\/swissbaker.ch\/fr\/\",\"logo\":{\"@type\":\"ImageObject\",\"inLanguage\":\"fr-FR\",\"@id\":\"https:\/\/swissbaker.ch\/fr\/#\/schema\/logo\/image\/\",\"url\":\"https:\/\/swissbaker.ch\/wp-content\/uploads\/2022\/04\/sbc-logo-yoast.jpg\",\"contentUrl\":\"https:\/\/swissbaker.ch\/wp-content\/uploads\/2022\/04\/sbc-logo-yoast.jpg\",\"width\":512,\"height\":512,\"caption\":\"Schweizerischer B\u00e4cker-Confiseurmeister-Verband\"},\"image\":{\"@id\":\"https:\/\/swissbaker.ch\/fr\/#\/schema\/logo\/image\/\"},\"sameAs\":[\"https:\/\/www.facebook.com\/swissbaker.ch\",\"https:\/\/x.com\/ch_swissbaker\"]},{\"@type\":\"Person\",\"@id\":\"https:\/\/swissbaker.ch\/fr\/#\/schema\/person\/058ac47619f7da53df62aba60f939b78\",\"name\":\"azureart\",\"image\":{\"@type\":\"ImageObject\",\"inLanguage\":\"fr-FR\",\"@id\":\"https:\/\/swissbaker.ch\/fr\/#\/schema\/person\/image\/\",\"url\":\"https:\/\/secure.gravatar.com\/avatar\/be04dd3098fd612c83067af4f7a295384c93cb6a9112f51beb9d2f477d25da61?s=96&d=mm&r=g\",\"contentUrl\":\"https:\/\/secure.gravatar.com\/avatar\/be04dd3098fd612c83067af4f7a295384c93cb6a9112f51beb9d2f477d25da61?s=96&d=mm&r=g\",\"caption\":\"azureart\"},\"sameAs\":[\"https:\/\/swissbaker.ch\"],\"url\":\"https:\/\/swissbaker.ch\/fr\/panissimo-news\/author\/pixel-ahoi\/\"}]}<\/script>\n<!-- \/ Yoast SEO Premium plugin. -->","yoast_head_json":{"title":"Ce qui a chang\u00e9 depuis la couronne boulang\u00e8re | SBC","robots":{"index":"index","follow":"follow","max-snippet":"max-snippet:-1","max-image-preview":"max-image-preview:large","max-video-preview":"max-video-preview:-1"},"canonical":"https:\/\/swissbaker.ch\/fr\/panissimo-news\/ce-qui-a-change-depuis-la-couronne-boulangere\/","og_locale":"fr_FR","og_type":"article","og_title":"Ce qui a chang\u00e9 depuis la couronne boulang\u00e8re","og_description":"Depuis que j\u2019ai re\u00e7u ce prix particulier \u00e0 la mi-juin au congr\u00e8s \u00e0 Lausanne, il m\u2019est arriv\u00e9 beaucoup de choses. Les jours qui ont suivi cette \u00e9lection ont \u00e9t\u00e9 sp\u00e9cialement passionnants et captivants pour moi. J\u2019ai donn\u00e9 beaucoup d\u2019interviews \u00e0 divers journaux r\u00e9gionaux et radios. L\u2019entreprise a \u00e0 nouveau connu un bel essor, gr\u00e2ce \u00e0 de bons articles et \u00e0 [&hellip;]","og_url":"https:\/\/swissbaker.ch\/fr\/panissimo-news\/ce-qui-a-change-depuis-la-couronne-boulangere\/","og_site_name":"SBC","article_publisher":"https:\/\/www.facebook.com\/swissbaker.ch","article_published_time":"2017-11-08T07:39:00+00:00","article_modified_time":"2022-05-11T09:05:09+00:00","og_image":[{"width":800,"height":475,"url":"https:\/\/swissbaker.ch\/wp-content\/uploads\/2022\/04\/Baeckerkrone_001_Fueger.jpg","type":"image\/jpeg"}],"author":"azureart","twitter_card":"summary_large_image","twitter_creator":"@ch_swissbaker","twitter_site":"@ch_swissbaker","twitter_misc":{"Written by":"azureart","Est. reading time":"1 minute"},"schema":{"@context":"https:\/\/schema.org","@graph":[{"@type":"Article","@id":"https:\/\/swissbaker.ch\/fr\/panissimo-news\/ce-qui-a-change-depuis-la-couronne-boulangere\/#article","isPartOf":{"@id":"https:\/\/swissbaker.ch\/fr\/panissimo-news\/ce-qui-a-change-depuis-la-couronne-boulangere\/"},"author":{"name":"azureart","@id":"https:\/\/swissbaker.ch\/fr\/#\/schema\/person\/058ac47619f7da53df62aba60f939b78"},"headline":"Ce qui a chang\u00e9 depuis la couronne boulang\u00e8re","datePublished":"2017-11-08T07:39:00+00:00","dateModified":"2022-05-11T09:05:09+00:00","mainEntityOfPage":{"@id":"https:\/\/swissbaker.ch\/fr\/panissimo-news\/ce-qui-a-change-depuis-la-couronne-boulangere\/"},"wordCount":188,"commentCount":0,"publisher":{"@id":"https:\/\/swissbaker.ch\/fr\/#organization"},"image":{"@id":"https:\/\/swissbaker.ch\/fr\/panissimo-news\/ce-qui-a-change-depuis-la-couronne-boulangere\/#primaryimage"},"thumbnailUrl":"https:\/\/swissbaker.ch\/wp-content\/uploads\/2022\/04\/Baeckerkrone_001_Fueger.jpg","articleSection":["swissbaker-blog"],"inLanguage":"fr-FR","potentialAction":[{"@type":"CommentAction","name":"Comment","target":["https:\/\/swissbaker.ch\/fr\/panissimo-news\/ce-qui-a-change-depuis-la-couronne-boulangere\/#respond"]}]},{"@type":"WebPage","@id":"https:\/\/swissbaker.ch\/fr\/panissimo-news\/ce-qui-a-change-depuis-la-couronne-boulangere\/","url":"https:\/\/swissbaker.ch\/fr\/panissimo-news\/ce-qui-a-change-depuis-la-couronne-boulangere\/","name":"Ce qui a chang\u00e9 depuis la couronne boulang\u00e8re | SBC","isPartOf":{"@id":"https:\/\/swissbaker.ch\/fr\/#website"},"primaryImageOfPage":{"@id":"https:\/\/swissbaker.ch\/fr\/panissimo-news\/ce-qui-a-change-depuis-la-couronne-boulangere\/#primaryimage"},"image":{"@id":"https:\/\/swissbaker.ch\/fr\/panissimo-news\/ce-qui-a-change-depuis-la-couronne-boulangere\/#primaryimage"},"thumbnailUrl":"https:\/\/swissbaker.ch\/wp-content\/uploads\/2022\/04\/Baeckerkrone_001_Fueger.jpg","datePublished":"2017-11-08T07:39:00+00:00","dateModified":"2022-05-11T09:05:09+00:00","breadcrumb":{"@id":"https:\/\/swissbaker.ch\/fr\/panissimo-news\/ce-qui-a-change-depuis-la-couronne-boulangere\/#breadcrumb"},"inLanguage":"fr-FR","potentialAction":[{"@type":"ReadAction","target":["https:\/\/swissbaker.ch\/fr\/panissimo-news\/ce-qui-a-change-depuis-la-couronne-boulangere\/"]}]},{"@type":"ImageObject","inLanguage":"fr-FR","@id":"https:\/\/swissbaker.ch\/fr\/panissimo-news\/ce-qui-a-change-depuis-la-couronne-boulangere\/#primaryimage","url":"https:\/\/swissbaker.ch\/wp-content\/uploads\/2022\/04\/Baeckerkrone_001_Fueger.jpg","contentUrl":"https:\/\/swissbaker.ch\/wp-content\/uploads\/2022\/04\/Baeckerkrone_001_Fueger.jpg","width":800,"height":475,"caption":"Ce qui a chang\u00e9 depuis la couronne boulang\u00e8re"},{"@type":"BreadcrumbList","@id":"https:\/\/swissbaker.ch\/fr\/panissimo-news\/ce-qui-a-change-depuis-la-couronne-boulangere\/#breadcrumb","itemListElement":[{"@type":"ListItem","position":1,"name":"","item":"https:\/\/swissbaker.ch\/fr\/"},{"@type":"ListItem","position":2,"name":"swissbaker-blog","item":"https:\/\/swissbaker.ch\/fr\/panissimo-news\/category\/swissbaker-blog-fr\/"},{"@type":"ListItem","position":3,"name":"Ce qui a chang\u00e9 depuis la couronne boulang\u00e8re"}]},{"@type":"WebSite","@id":"https:\/\/swissbaker.ch\/fr\/#website","url":"https:\/\/swissbaker.ch\/fr\/","name":"SBC","description":"","publisher":{"@id":"https:\/\/swissbaker.ch\/fr\/#organization"},"potentialAction":[{"@type":"SearchAction","target":{"@type":"EntryPoint","urlTemplate":"https:\/\/swissbaker.ch\/fr\/?s={search_term_string}"},"query-input":{"@type":"PropertyValueSpecification","valueRequired":true,"valueName":"search_term_string"}}],"inLanguage":"fr-FR"},{"@type":"Organization","@id":"https:\/\/swissbaker.ch\/fr\/#organization","name":"Schweizerischer B\u00e4cker-Confiseurmeister-Verband","url":"https:\/\/swissbaker.ch\/fr\/","logo":{"@type":"ImageObject","inLanguage":"fr-FR","@id":"https:\/\/swissbaker.ch\/fr\/#\/schema\/logo\/image\/","url":"https:\/\/swissbaker.ch\/wp-content\/uploads\/2022\/04\/sbc-logo-yoast.jpg","contentUrl":"https:\/\/swissbaker.ch\/wp-content\/uploads\/2022\/04\/sbc-logo-yoast.jpg","width":512,"height":512,"caption":"Schweizerischer B\u00e4cker-Confiseurmeister-Verband"},"image":{"@id":"https:\/\/swissbaker.ch\/fr\/#\/schema\/logo\/image\/"},"sameAs":["https:\/\/www.facebook.com\/swissbaker.ch","https:\/\/x.com\/ch_swissbaker"]},{"@type":"Person","@id":"https:\/\/swissbaker.ch\/fr\/#\/schema\/person\/058ac47619f7da53df62aba60f939b78","name":"azureart","image":{"@type":"ImageObject","inLanguage":"fr-FR","@id":"https:\/\/swissbaker.ch\/fr\/#\/schema\/person\/image\/","url":"https:\/\/secure.gravatar.com\/avatar\/be04dd3098fd612c83067af4f7a295384c93cb6a9112f51beb9d2f477d25da61?s=96&d=mm&r=g","contentUrl":"https:\/\/secure.gravatar.com\/avatar\/be04dd3098fd612c83067af4f7a295384c93cb6a9112f51beb9d2f477d25da61?s=96&d=mm&r=g","caption":"azureart"},"sameAs":["https:\/\/swissbaker.ch"],"url":"https:\/\/swissbaker.ch\/fr\/panissimo-news\/author\/pixel-ahoi\/"}]}},"_links":{"self":[{"href":"https:\/\/swissbaker.ch\/fr\/wp-json\/wp\/v2\/posts\/8760","targetHints":{"allow":["GET"]}}],"collection":[{"href":"https:\/\/swissbaker.ch\/fr\/wp-json\/wp\/v2\/posts"}],"about":[{"href":"https:\/\/swissbaker.ch\/fr\/wp-json\/wp\/v2\/types\/post"}],"author":[{"embeddable":true,"href":"https:\/\/swissbaker.ch\/fr\/wp-json\/wp\/v2\/users\/1"}],"replies":[{"embeddable":true,"href":"https:\/\/swissbaker.ch\/fr\/wp-json\/wp\/v2\/comments?post=8760"}],"version-history":[{"count":0,"href":"https:\/\/swissbaker.ch\/fr\/wp-json\/wp\/v2\/posts\/8760\/revisions"}],"wp:featuredmedia":[{"embeddable":true,"href":"https:\/\/swissbaker.ch\/fr\/wp-json\/wp\/v2\/media\/6365"}],"wp:attachment":[{"href":"https:\/\/swissbaker.ch\/fr\/wp-json\/wp\/v2\/media?parent=8760"}],"wp:term":[{"taxonomy":"category","embeddable":true,"href":"https:\/\/swissbaker.ch\/fr\/wp-json\/wp\/v2\/categories?post=8760"},{"taxonomy":"post_tag","embeddable":true,"href":"https:\/\/swissbaker.ch\/fr\/wp-json\/wp\/v2\/tags?post=8760"}],"curies":[{"name":"wp","href":"https:\/\/api.w.org\/{rel}","templated":true}]}}