{"id":87501,"date":"2024-12-18T14:07:59","date_gmt":"2024-12-18T13:07:59","guid":{"rendered":"https:\/\/swissbaker.ch\/?p=87501"},"modified":"2024-12-18T15:34:15","modified_gmt":"2024-12-18T14:34:15","slug":"slalom-geant-des-boulangers-2025","status":"publish","type":"post","link":"https:\/\/swissbaker.ch\/fr\/panissimo-news\/slalom-geant-des-boulangers-2025\/","title":{"rendered":"Slalom g\u00e9ant des boulangers 2025"},"content":{"rendered":"\n<p><strong>Le lundi 27\u202fjanvier \u00e0 Leysin, les participants au 44e concours de ski des boulangers-confiseur s\u2019\u00e9lanceront \u00e0 10\u2009h\u200930. Organis\u00e9e par Laurent Dubois propri\u00e9taire de la Boulangerie du Village, la comp\u00e9tition est un slalom g\u00e9ant en une manche. <\/strong><\/p>\n\n\n\n<h2 class=\"wp-block-heading\" id=\"h-programme\"><strong>Programme :<\/strong><\/h2>\n\n\n\n<p><strong>Dimanche 26 janvier d\u00e8s 18h30 : <\/strong><br>ap\u00e9ritif + repas facultatif, \u00e0 charge de chaque participant, au Restaurant La Fromagerie, Rue du Village 4, 1854 Leysin<\/p>\n\n\n\n<p><strong>Lundi 27 janvier d\u00e8s 08h30 :<\/strong><br>accueil, caf\u00e9-croissants, prise des dossards au Horizonte Caf\u00e9, La Cit\u00e9 40, Leysin<\/p>\n\n\n\n<p><strong>10h30 :<\/strong> d\u00e9part de la course<\/p>\n\n\n\n<p><strong>D\u00e8s 12h30 : <\/strong> <br>ap\u00e9ritif au Restaurant Le Kuklos (au-dessus de la cabine)<\/p>\n\n\n\n<p><strong>13h30 : <\/strong><br> repas au Restaurant Le Kuklos<br><br><strong>Finances :<\/strong><br>Forfait comprenant la course, l\u2019abonnement de ski, l\u2019ap\u00e9ro et le repas : CHF 120.-<br>Forfait pour les non-skieurs et skieurs en possession du Magic Pass : CHF 90.-<\/p>\n\n\n\n<div class=\"wp-block-file\"><a id=\"wp-block-file--media-c80723b6-ab08-48b7-a442-2e61685f6150\" href=\"https:\/\/swissbaker.ch\/wp-content\/uploads\/2024\/12\/concours_de_ski_2025.pdf\"><strong>Info et inscription<\/strong><\/a><a href=\"https:\/\/swissbaker.ch\/wp-content\/uploads\/2024\/12\/concours_de_ski_2025.pdf\" class=\"wp-block-file__button wp-element-button\" download aria-describedby=\"wp-block-file--media-c80723b6-ab08-48b7-a442-2e61685f6150\">Herunterladen<\/a><\/div>\n","protected":false},"excerpt":{"rendered":"<p>Le lundi 27\u202fjanvier \u00e0 Leysin, les participants au 44e concours de ski des boulangers-confiseur s\u2019\u00e9lanceront \u00e0 10\u2009h\u200930. Organis\u00e9e par Laurent Dubois propri\u00e9taire de la Boulangerie du Village, la comp\u00e9tition est un slalom g\u00e9ant en une manche. <\/p>\n","protected":false},"author":5,"featured_media":54423,"comment_status":"closed","ping_status":"closed","sticky":false,"template":"","format":"standard","meta":{"_acf_changed":false,"footnotes":""},"categories":[40],"tags":[],"class_list":["post-87501","post","type-post","status-publish","format-standard","has-post-thumbnail","hentry","category-des-cantons"],"acf":[],"yoast_head":"<!-- This site is optimized with the Yoast SEO Premium plugin v26.8 (Yoast SEO v26.8) - https:\/\/yoast.com\/product\/yoast-seo-premium-wordpress\/ -->\n<title>Slalom g\u00e9ant des boulangers 2025 | SBC<\/title>\n<meta name=\"robots\" content=\"index, follow, max-snippet:-1, max-image-preview:large, max-video-preview:-1\" \/>\n<link rel=\"canonical\" href=\"https:\/\/swissbaker.ch\/fr\/panissimo-news\/slalom-geant-des-boulangers-2025\/\" \/>\n<meta property=\"og:locale\" content=\"fr_FR\" \/>\n<meta property=\"og:type\" content=\"article\" \/>\n<meta property=\"og:title\" content=\"Slalom g\u00e9ant des boulangers 2025\" \/>\n<meta property=\"og:description\" content=\"Le lundi 27\u202fjanvier \u00e0 Leysin, les participants au 44e concours de ski des boulangers-confiseur s\u2019\u00e9lanceront \u00e0 10\u2009h\u200930. Organis\u00e9e par Laurent Dubois propri\u00e9taire de la Boulangerie du Village, la comp\u00e9tition est un slalom g\u00e9ant en une manche.\" \/>\n<meta property=\"og:url\" content=\"https:\/\/swissbaker.ch\/fr\/panissimo-news\/slalom-geant-des-boulangers-2025\/\" \/>\n<meta property=\"og:site_name\" content=\"SBC\" \/>\n<meta property=\"article:publisher\" content=\"https:\/\/www.facebook.com\/swissbaker.ch\" \/>\n<meta property=\"article:published_time\" content=\"2024-12-18T13:07:59+00:00\" \/>\n<meta property=\"article:modified_time\" content=\"2024-12-18T14:34:15+00:00\" \/>\n<meta property=\"og:image\" content=\"https:\/\/swissbaker.ch\/wp-content\/uploads\/2022\/12\/24_baeckerskirennen.jpg\" \/>\n\t<meta property=\"og:image:width\" content=\"1200\" \/>\n\t<meta property=\"og:image:height\" content=\"712\" \/>\n\t<meta property=\"og:image:type\" content=\"image\/jpeg\" \/>\n<meta name=\"author\" content=\"Simon Nussbaum\" \/>\n<meta name=\"twitter:card\" content=\"summary_large_image\" \/>\n<meta name=\"twitter:creator\" content=\"@ch_swissbaker\" \/>\n<meta name=\"twitter:site\" content=\"@ch_swissbaker\" \/>\n<meta name=\"twitter:label1\" content=\"Written by\" \/>\n\t<meta name=\"twitter:data1\" content=\"Simon Nussbaum\" \/>\n\t<meta name=\"twitter:label2\" content=\"Est. reading time\" \/>\n\t<meta name=\"twitter:data2\" content=\"1 minute\" \/>\n<script type=\"application\/ld+json\" class=\"yoast-schema-graph\">{\"@context\":\"https:\/\/schema.org\",\"@graph\":[{\"@type\":\"Article\",\"@id\":\"https:\/\/swissbaker.ch\/fr\/panissimo-news\/slalom-geant-des-boulangers-2025\/#article\",\"isPartOf\":{\"@id\":\"https:\/\/swissbaker.ch\/fr\/panissimo-news\/slalom-geant-des-boulangers-2025\/\"},\"author\":{\"name\":\"Simon Nussbaum\",\"@id\":\"https:\/\/swissbaker.ch\/fr\/#\/schema\/person\/74bd327b08c18ca6042c02ff6f0ed5e2\"},\"headline\":\"Slalom g\u00e9ant des boulangers 2025\",\"datePublished\":\"2024-12-18T13:07:59+00:00\",\"dateModified\":\"2024-12-18T14:34:15+00:00\",\"mainEntityOfPage\":{\"@id\":\"https:\/\/swissbaker.ch\/fr\/panissimo-news\/slalom-geant-des-boulangers-2025\/\"},\"wordCount\":141,\"publisher\":{\"@id\":\"https:\/\/swissbaker.ch\/fr\/#organization\"},\"image\":{\"@id\":\"https:\/\/swissbaker.ch\/fr\/panissimo-news\/slalom-geant-des-boulangers-2025\/#primaryimage\"},\"thumbnailUrl\":\"https:\/\/swissbaker.ch\/wp-content\/uploads\/2022\/12\/24_baeckerskirennen.jpg\",\"articleSection\":[\"Des cantons\"],\"inLanguage\":\"fr-FR\"},{\"@type\":\"WebPage\",\"@id\":\"https:\/\/swissbaker.ch\/fr\/panissimo-news\/slalom-geant-des-boulangers-2025\/\",\"url\":\"https:\/\/swissbaker.ch\/fr\/panissimo-news\/slalom-geant-des-boulangers-2025\/\",\"name\":\"Slalom g\u00e9ant des boulangers 2025 | SBC\",\"isPartOf\":{\"@id\":\"https:\/\/swissbaker.ch\/fr\/#website\"},\"primaryImageOfPage\":{\"@id\":\"https:\/\/swissbaker.ch\/fr\/panissimo-news\/slalom-geant-des-boulangers-2025\/#primaryimage\"},\"image\":{\"@id\":\"https:\/\/swissbaker.ch\/fr\/panissimo-news\/slalom-geant-des-boulangers-2025\/#primaryimage\"},\"thumbnailUrl\":\"https:\/\/swissbaker.ch\/wp-content\/uploads\/2022\/12\/24_baeckerskirennen.jpg\",\"datePublished\":\"2024-12-18T13:07:59+00:00\",\"dateModified\":\"2024-12-18T14:34:15+00:00\",\"breadcrumb\":{\"@id\":\"https:\/\/swissbaker.ch\/fr\/panissimo-news\/slalom-geant-des-boulangers-2025\/#breadcrumb\"},\"inLanguage\":\"fr-FR\",\"potentialAction\":[{\"@type\":\"ReadAction\",\"target\":[\"https:\/\/swissbaker.ch\/fr\/panissimo-news\/slalom-geant-des-boulangers-2025\/\"]}]},{\"@type\":\"ImageObject\",\"inLanguage\":\"fr-FR\",\"@id\":\"https:\/\/swissbaker.ch\/fr\/panissimo-news\/slalom-geant-des-boulangers-2025\/#primaryimage\",\"url\":\"https:\/\/swissbaker.ch\/wp-content\/uploads\/2022\/12\/24_baeckerskirennen.jpg\",\"contentUrl\":\"https:\/\/swissbaker.ch\/wp-content\/uploads\/2022\/12\/24_baeckerskirennen.jpg\",\"width\":1200,\"height\":712},{\"@type\":\"BreadcrumbList\",\"@id\":\"https:\/\/swissbaker.ch\/fr\/panissimo-news\/slalom-geant-des-boulangers-2025\/#breadcrumb\",\"itemListElement\":[{\"@type\":\"ListItem\",\"position\":1,\"name\":\"\",\"item\":\"https:\/\/swissbaker.ch\/fr\/\"},{\"@type\":\"ListItem\",\"position\":2,\"name\":\"Des cantons\",\"item\":\"https:\/\/swissbaker.ch\/fr\/panissimo-news\/category\/des-cantons\/\"},{\"@type\":\"ListItem\",\"position\":3,\"name\":\"Slalom g\u00e9ant des boulangers 2025\"}]},{\"@type\":\"WebSite\",\"@id\":\"https:\/\/swissbaker.ch\/fr\/#website\",\"url\":\"https:\/\/swissbaker.ch\/fr\/\",\"name\":\"SBC\",\"description\":\"\",\"publisher\":{\"@id\":\"https:\/\/swissbaker.ch\/fr\/#organization\"},\"potentialAction\":[{\"@type\":\"SearchAction\",\"target\":{\"@type\":\"EntryPoint\",\"urlTemplate\":\"https:\/\/swissbaker.ch\/fr\/?s={search_term_string}\"},\"query-input\":{\"@type\":\"PropertyValueSpecification\",\"valueRequired\":true,\"valueName\":\"search_term_string\"}}],\"inLanguage\":\"fr-FR\"},{\"@type\":\"Organization\",\"@id\":\"https:\/\/swissbaker.ch\/fr\/#organization\",\"name\":\"Schweizerischer B\u00e4cker-Confiseurmeister-Verband\",\"url\":\"https:\/\/swissbaker.ch\/fr\/\",\"logo\":{\"@type\":\"ImageObject\",\"inLanguage\":\"fr-FR\",\"@id\":\"https:\/\/swissbaker.ch\/fr\/#\/schema\/logo\/image\/\",\"url\":\"https:\/\/swissbaker.ch\/wp-content\/uploads\/2022\/04\/sbc-logo-yoast.jpg\",\"contentUrl\":\"https:\/\/swissbaker.ch\/wp-content\/uploads\/2022\/04\/sbc-logo-yoast.jpg\",\"width\":512,\"height\":512,\"caption\":\"Schweizerischer B\u00e4cker-Confiseurmeister-Verband\"},\"image\":{\"@id\":\"https:\/\/swissbaker.ch\/fr\/#\/schema\/logo\/image\/\"},\"sameAs\":[\"https:\/\/www.facebook.com\/swissbaker.ch\",\"https:\/\/x.com\/ch_swissbaker\"]},{\"@type\":\"Person\",\"@id\":\"https:\/\/swissbaker.ch\/fr\/#\/schema\/person\/74bd327b08c18ca6042c02ff6f0ed5e2\",\"name\":\"Simon Nussbaum\",\"image\":{\"@type\":\"ImageObject\",\"inLanguage\":\"fr-FR\",\"@id\":\"https:\/\/swissbaker.ch\/fr\/#\/schema\/person\/image\/\",\"url\":\"https:\/\/secure.gravatar.com\/avatar\/df0eced3bb556c806cb760cf503ade1ed1df25b4104d80d6fd28d93a9509aa12?s=96&d=mm&r=g\",\"contentUrl\":\"https:\/\/secure.gravatar.com\/avatar\/df0eced3bb556c806cb760cf503ade1ed1df25b4104d80d6fd28d93a9509aa12?s=96&d=mm&r=g\",\"caption\":\"Simon Nussbaum\"},\"url\":\"https:\/\/swissbaker.ch\/fr\/panissimo-news\/author\/simon-nussbaum\/\"}]}<\/script>\n<!-- \/ Yoast SEO Premium plugin. -->","yoast_head_json":{"title":"Slalom g\u00e9ant des boulangers 2025 | SBC","robots":{"index":"index","follow":"follow","max-snippet":"max-snippet:-1","max-image-preview":"max-image-preview:large","max-video-preview":"max-video-preview:-1"},"canonical":"https:\/\/swissbaker.ch\/fr\/panissimo-news\/slalom-geant-des-boulangers-2025\/","og_locale":"fr_FR","og_type":"article","og_title":"Slalom g\u00e9ant des boulangers 2025","og_description":"Le lundi 27\u202fjanvier \u00e0 Leysin, les participants au 44e concours de ski des boulangers-confiseur s\u2019\u00e9lanceront \u00e0 10\u2009h\u200930. Organis\u00e9e par Laurent Dubois propri\u00e9taire de la Boulangerie du Village, la comp\u00e9tition est un slalom g\u00e9ant en une manche.","og_url":"https:\/\/swissbaker.ch\/fr\/panissimo-news\/slalom-geant-des-boulangers-2025\/","og_site_name":"SBC","article_publisher":"https:\/\/www.facebook.com\/swissbaker.ch","article_published_time":"2024-12-18T13:07:59+00:00","article_modified_time":"2024-12-18T14:34:15+00:00","og_image":[{"width":1200,"height":712,"url":"https:\/\/swissbaker.ch\/wp-content\/uploads\/2022\/12\/24_baeckerskirennen.jpg","type":"image\/jpeg"}],"author":"Simon Nussbaum","twitter_card":"summary_large_image","twitter_creator":"@ch_swissbaker","twitter_site":"@ch_swissbaker","twitter_misc":{"Written by":"Simon Nussbaum","Est. reading time":"1 minute"},"schema":{"@context":"https:\/\/schema.org","@graph":[{"@type":"Article","@id":"https:\/\/swissbaker.ch\/fr\/panissimo-news\/slalom-geant-des-boulangers-2025\/#article","isPartOf":{"@id":"https:\/\/swissbaker.ch\/fr\/panissimo-news\/slalom-geant-des-boulangers-2025\/"},"author":{"name":"Simon Nussbaum","@id":"https:\/\/swissbaker.ch\/fr\/#\/schema\/person\/74bd327b08c18ca6042c02ff6f0ed5e2"},"headline":"Slalom g\u00e9ant des boulangers 2025","datePublished":"2024-12-18T13:07:59+00:00","dateModified":"2024-12-18T14:34:15+00:00","mainEntityOfPage":{"@id":"https:\/\/swissbaker.ch\/fr\/panissimo-news\/slalom-geant-des-boulangers-2025\/"},"wordCount":141,"publisher":{"@id":"https:\/\/swissbaker.ch\/fr\/#organization"},"image":{"@id":"https:\/\/swissbaker.ch\/fr\/panissimo-news\/slalom-geant-des-boulangers-2025\/#primaryimage"},"thumbnailUrl":"https:\/\/swissbaker.ch\/wp-content\/uploads\/2022\/12\/24_baeckerskirennen.jpg","articleSection":["Des cantons"],"inLanguage":"fr-FR"},{"@type":"WebPage","@id":"https:\/\/swissbaker.ch\/fr\/panissimo-news\/slalom-geant-des-boulangers-2025\/","url":"https:\/\/swissbaker.ch\/fr\/panissimo-news\/slalom-geant-des-boulangers-2025\/","name":"Slalom g\u00e9ant des boulangers 2025 | SBC","isPartOf":{"@id":"https:\/\/swissbaker.ch\/fr\/#website"},"primaryImageOfPage":{"@id":"https:\/\/swissbaker.ch\/fr\/panissimo-news\/slalom-geant-des-boulangers-2025\/#primaryimage"},"image":{"@id":"https:\/\/swissbaker.ch\/fr\/panissimo-news\/slalom-geant-des-boulangers-2025\/#primaryimage"},"thumbnailUrl":"https:\/\/swissbaker.ch\/wp-content\/uploads\/2022\/12\/24_baeckerskirennen.jpg","datePublished":"2024-12-18T13:07:59+00:00","dateModified":"2024-12-18T14:34:15+00:00","breadcrumb":{"@id":"https:\/\/swissbaker.ch\/fr\/panissimo-news\/slalom-geant-des-boulangers-2025\/#breadcrumb"},"inLanguage":"fr-FR","potentialAction":[{"@type":"ReadAction","target":["https:\/\/swissbaker.ch\/fr\/panissimo-news\/slalom-geant-des-boulangers-2025\/"]}]},{"@type":"ImageObject","inLanguage":"fr-FR","@id":"https:\/\/swissbaker.ch\/fr\/panissimo-news\/slalom-geant-des-boulangers-2025\/#primaryimage","url":"https:\/\/swissbaker.ch\/wp-content\/uploads\/2022\/12\/24_baeckerskirennen.jpg","contentUrl":"https:\/\/swissbaker.ch\/wp-content\/uploads\/2022\/12\/24_baeckerskirennen.jpg","width":1200,"height":712},{"@type":"BreadcrumbList","@id":"https:\/\/swissbaker.ch\/fr\/panissimo-news\/slalom-geant-des-boulangers-2025\/#breadcrumb","itemListElement":[{"@type":"ListItem","position":1,"name":"","item":"https:\/\/swissbaker.ch\/fr\/"},{"@type":"ListItem","position":2,"name":"Des cantons","item":"https:\/\/swissbaker.ch\/fr\/panissimo-news\/category\/des-cantons\/"},{"@type":"ListItem","position":3,"name":"Slalom g\u00e9ant des boulangers 2025"}]},{"@type":"WebSite","@id":"https:\/\/swissbaker.ch\/fr\/#website","url":"https:\/\/swissbaker.ch\/fr\/","name":"SBC","description":"","publisher":{"@id":"https:\/\/swissbaker.ch\/fr\/#organization"},"potentialAction":[{"@type":"SearchAction","target":{"@type":"EntryPoint","urlTemplate":"https:\/\/swissbaker.ch\/fr\/?s={search_term_string}"},"query-input":{"@type":"PropertyValueSpecification","valueRequired":true,"valueName":"search_term_string"}}],"inLanguage":"fr-FR"},{"@type":"Organization","@id":"https:\/\/swissbaker.ch\/fr\/#organization","name":"Schweizerischer B\u00e4cker-Confiseurmeister-Verband","url":"https:\/\/swissbaker.ch\/fr\/","logo":{"@type":"ImageObject","inLanguage":"fr-FR","@id":"https:\/\/swissbaker.ch\/fr\/#\/schema\/logo\/image\/","url":"https:\/\/swissbaker.ch\/wp-content\/uploads\/2022\/04\/sbc-logo-yoast.jpg","contentUrl":"https:\/\/swissbaker.ch\/wp-content\/uploads\/2022\/04\/sbc-logo-yoast.jpg","width":512,"height":512,"caption":"Schweizerischer B\u00e4cker-Confiseurmeister-Verband"},"image":{"@id":"https:\/\/swissbaker.ch\/fr\/#\/schema\/logo\/image\/"},"sameAs":["https:\/\/www.facebook.com\/swissbaker.ch","https:\/\/x.com\/ch_swissbaker"]},{"@type":"Person","@id":"https:\/\/swissbaker.ch\/fr\/#\/schema\/person\/74bd327b08c18ca6042c02ff6f0ed5e2","name":"Simon Nussbaum","image":{"@type":"ImageObject","inLanguage":"fr-FR","@id":"https:\/\/swissbaker.ch\/fr\/#\/schema\/person\/image\/","url":"https:\/\/secure.gravatar.com\/avatar\/df0eced3bb556c806cb760cf503ade1ed1df25b4104d80d6fd28d93a9509aa12?s=96&d=mm&r=g","contentUrl":"https:\/\/secure.gravatar.com\/avatar\/df0eced3bb556c806cb760cf503ade1ed1df25b4104d80d6fd28d93a9509aa12?s=96&d=mm&r=g","caption":"Simon Nussbaum"},"url":"https:\/\/swissbaker.ch\/fr\/panissimo-news\/author\/simon-nussbaum\/"}]}},"_links":{"self":[{"href":"https:\/\/swissbaker.ch\/fr\/wp-json\/wp\/v2\/posts\/87501","targetHints":{"allow":["GET"]}}],"collection":[{"href":"https:\/\/swissbaker.ch\/fr\/wp-json\/wp\/v2\/posts"}],"about":[{"href":"https:\/\/swissbaker.ch\/fr\/wp-json\/wp\/v2\/types\/post"}],"author":[{"embeddable":true,"href":"https:\/\/swissbaker.ch\/fr\/wp-json\/wp\/v2\/users\/5"}],"replies":[{"embeddable":true,"href":"https:\/\/swissbaker.ch\/fr\/wp-json\/wp\/v2\/comments?post=87501"}],"version-history":[{"count":0,"href":"https:\/\/swissbaker.ch\/fr\/wp-json\/wp\/v2\/posts\/87501\/revisions"}],"wp:featuredmedia":[{"embeddable":true,"href":"https:\/\/swissbaker.ch\/fr\/wp-json\/wp\/v2\/media\/54423"}],"wp:attachment":[{"href":"https:\/\/swissbaker.ch\/fr\/wp-json\/wp\/v2\/media?parent=87501"}],"wp:term":[{"taxonomy":"category","embeddable":true,"href":"https:\/\/swissbaker.ch\/fr\/wp-json\/wp\/v2\/categories?post=87501"},{"taxonomy":"post_tag","embeddable":true,"href":"https:\/\/swissbaker.ch\/fr\/wp-json\/wp\/v2\/tags?post=87501"}],"curies":[{"name":"wp","href":"https:\/\/api.w.org\/{rel}","templated":true}]}}