{"id":87488,"date":"2024-12-18T13:43:52","date_gmt":"2024-12-18T12:43:52","guid":{"rendered":"https:\/\/swissbaker.ch\/?p=87488"},"modified":"2024-12-18T13:55:54","modified_gmt":"2024-12-18T12:55:54","slug":"de-la-patinoire-de-hockey-au-monde-de-la-boulangerie","status":"publish","type":"post","link":"https:\/\/swissbaker.ch\/fr\/panissimo-news\/de-la-patinoire-de-hockey-au-monde-de-la-boulangerie\/","title":{"rendered":"De la patinoire de hockey au monde de la boulangerie"},"content":{"rendered":"\n<p><strong>Futur gestionnaire du commerce de d\u00e9tail, l&#8217;apprenti Artjom Aronov n\u2019\u00e9volue pas uniquement dans les filiales de Sutter Begg (BL). Jeune talent du club de hockey sur glace de B\u00e2le, il se rend \u00e9galement souvent \u00e0 la patinoire. Il m\u00e8ne en effet de front une carri\u00e8re professionnelle et une carri\u00e8re sportive.<\/strong><\/p>\n\n\n\n<p>Je m&#8217;appelle Artjom Aronov, j&#8217;ai&nbsp;17 ans et je travaille comme gestionnaire du commerce&nbsp;de d\u00e9tail \u00e0 la boulangerie Sutter Begg \u00e0 B\u00e2le, o\u00f9 je suis actuellement en deuxi\u00e8me ann\u00e9e d&#8217;apprentissage. Aimant communiquer avec les gens et les aider en cas de probl\u00e8me, je voulais utiliser cette comp\u00e9tence dans mon travail quotidien. C&#8217;est lors du salon des m\u00e9tiers de 2023 \u00e0 B\u00e2le que j&#8217;ai choisi cette voie.<\/p>\n\n\n<div class=\"wp-block-image\">\n<figure class=\"aligncenter size-large is-resized\"><img decoding=\"async\" width=\"1024\" height=\"608\" src=\"https:\/\/swissbaker.ch\/wp-content\/uploads\/2024\/12\/24_1_aronov-1024x608.jpg\" alt=\"\" class=\"wp-image-87481\" style=\"width:574px;height:auto\" srcset=\"https:\/\/swissbaker.ch\/wp-content\/uploads\/2024\/12\/24_1_aronov-1024x608.jpg 1024w, https:\/\/swissbaker.ch\/wp-content\/uploads\/2024\/12\/24_1_aronov-768x456.jpg 768w, https:\/\/swissbaker.ch\/wp-content\/uploads\/2024\/12\/24_1_aronov.jpg 1200w\" sizes=\"(max-width: 1024px) 100vw, 1024px\" \/><figcaption class=\"wp-element-caption\"><em>Artjom Aronov \u00e0 la patinoire<\/em>.<\/figcaption><\/figure>\n<\/div>\n\n\n<p>Toutefois, mon quotidien ne se limite pas aux produits de boulangerie et \u00e0 la client\u00e8le. Je joue \u00e9galement dans la rel\u00e8ve du EHC B\u00e2le en U20 et continue \u00e0 poursuivre mon r\u00eave de devenir hockeyeur professionnel. Allier formation et sport de comp\u00e9tition est non seulement un d\u00e9fi, mais aussi une exp\u00e9rience enrichissante pour mon avenir.<\/p>\n\n\n\n<div style=\"height:28px\" aria-hidden=\"true\" class=\"wp-block-spacer\"><\/div>\n\n\n\n<blockquote class=\"wp-block-quote\">\n<p style=\"font-size:22px;font-style:italic;font-weight:600\">\u00ab La collaboration de mise dans une bonne \u00e9quipe sur la glace fonctionne aussi dans le monde du travail. \u00bb<\/p>\n\n\n\n<p><strong>Artjom Aronov<\/strong><\/p>\n<\/blockquote>\n\n\n\n<div style=\"height:28px\" aria-hidden=\"true\" class=\"wp-block-spacer\"><\/div>\n\n\n\n<p><strong>Un travail quotidien vari\u00e9<br><\/strong>Pendant ma semaine d&#8217;essai, j&#8217;ai rapidement compris que je voulais commencer mon apprentissage chez Sutter Begg. L&#8217;\u00e9quipe de la filiale m&#8217;a tout de suite tr\u00e8s bien accueilli et tout expliqu\u00e9 en d\u00e9tail. Mon formateur et ma responsable d&#8217;\u00e9quipe m&#8217;ont \u00e9galement soutenu d\u00e8s le d\u00e9but en veillant \u00e0 ce que les entra\u00eenements et les matchs soient compatibles avec le travail. La collaboration de mise dans une bonne \u00e9quipe sur la glace fonctionne aussi dans le monde du travail. \u00abTeamwork makes the dream work\u00bb, comme on dit.<\/p>\n\n\n\n<p><strong>Le m\u00e9lange du sport et du travail<br><\/strong>Lorsque j&#8217;ai commenc\u00e9 mon apprentissage le 2&nbsp;ao\u00fbt, c&#8217;\u00e9tait un nouveau d\u00e9fi pour toutes les parties, car j&#8217;\u00e9tais le premier apprenti \u00e0 combiner formation et sport de comp\u00e9tition. M\u00eame si ce d\u00e9but d&#8217;apprentissage n&#8217;a \u00e9t\u00e9 facile pour personne, une bonne interaction entre le travail et le sport a permis de trouver un juste milieu. J&#8217;ai appris au cours de ces deux ann\u00e9es qu&#8217;il faut toujours pers\u00e9v\u00e9rer, quelle que soit la difficult\u00e9 du parcours, que ce soit \u00e0 l&#8217;\u00e9cole, au travail ou dans le sport. La communication est un \u00e9l\u00e9ment important \u00e0 cet \u00e9gard, tant sur la glace que dans le monde du travail.<\/p>\n\n\n\n<p><strong>\u00c9cole professionnelle et cours sp\u00e9cialis\u00e9s<br><\/strong>Je fr\u00e9quente l&#8217;\u00e9cole professionnelle de B\u00e2le, o\u00f9 nous sommes pr\u00e9par\u00e9s \u00e0 la vente sp\u00e9cialis\u00e9e et \u00e0 la proc\u00e9dure de qualification. Nous y \u00e9tudions et am\u00e9liorons de nombreuses comp\u00e9tences professionnelles, dont diff\u00e9rentes techniques de vente et des capacit\u00e9s de communication. Nous le faisons non seulement en allemand, mais aussi en anglais, afin d&#8217;aider la client\u00e8le internationale. En \u00e9conomie, nous apprenons \u00e0 calculer les prix ou \u00e0 commander la bonne quantit\u00e9 de marchandises. Tous ces th\u00e8mes nous seront utiles \u00e0 l&#8217;avenir pour effectuer nous-m\u00eames toutes les t\u00e2ches dans l&#8217;entreprise.<\/p>\n\n\n\n<p>En plus de l&#8217;\u00e9cole professionnelle, nous suivons deux \u00e0 trois fois par an les cours interentreprises (CI) \u00e0 l&#8217;Ecole professionnelle Richemont de Lucerne. Ces cours sont sp\u00e9cifiques \u00e0 la branche par rapport \u00e0 l&#8217;\u00e9cole professionnelle. Nous y apprenons \u00e0 conna\u00eetre les produits que nous vendons chaque jour, afin de pouvoir r\u00e9pondre correctement et de mani\u00e8re professionnelle aux questions de la client\u00e8le, ainsi que ce \u00e0 quoi il faut faire attention lors de la pr\u00e9sentation des marchandises ou de l&#8217;emballage.<\/p>\n\n\n\n<p><strong>Conclusion<br><\/strong>Pour conclure, je dirais que ma formation chez Sutter Begg et ma passion pour le sport m&#8217;ont prouv\u00e9 que l&#8217;on peut tout faire si l&#8217;on s&#8217;accroche et d\u00e9montr\u00e9 l\u2019importance d\u2019une \u00e9quipe qui fonctionne et d\u2019une bonne communication. Je me r\u00e9jouis des d\u00e9fis \u00e0 venir.<\/p>\n\n\n\n<p class=\"has-text-align-right\"><em>Artjom Aronov<\/em><\/p>\n\n\n\n<p><a id=\"_msocom_1\"><\/a><\/p>\n","protected":false},"excerpt":{"rendered":"<p>Futur gestionnaire du commerce de d\u00e9tail, l&#8217;apprenti Artjom Aronov n\u2019\u00e9volue pas uniquement dans les filiales de Sutter Begg (BL). Jeune talent du club de hockey sur glace de B\u00e2le, il se rend \u00e9galement souvent \u00e0 la patinoire. Il m\u00e8ne en effet de front une carri\u00e8re professionnelle et une carri\u00e8re sportive.<\/p>\n","protected":false},"author":5,"featured_media":87479,"comment_status":"closed","ping_status":"closed","sticky":false,"template":"","format":"standard","meta":{"_acf_changed":false,"footnotes":""},"categories":[53],"tags":[],"class_list":["post-87488","post","type-post","status-publish","format-standard","has-post-thumbnail","hentry","category-our-future-fr"],"acf":[],"yoast_head":"<!-- This site is optimized with the Yoast SEO Premium plugin v26.8 (Yoast SEO v26.8) - https:\/\/yoast.com\/product\/yoast-seo-premium-wordpress\/ -->\n<title>De la patinoire de hockey au monde de la boulangerie | SBC<\/title>\n<meta name=\"robots\" content=\"index, follow, max-snippet:-1, max-image-preview:large, max-video-preview:-1\" \/>\n<link rel=\"canonical\" href=\"https:\/\/swissbaker.ch\/fr\/panissimo-news\/de-la-patinoire-de-hockey-au-monde-de-la-boulangerie\/\" \/>\n<meta property=\"og:locale\" content=\"fr_FR\" \/>\n<meta property=\"og:type\" content=\"article\" \/>\n<meta property=\"og:title\" content=\"De la patinoire de hockey au monde de la boulangerie\" \/>\n<meta property=\"og:description\" content=\"Futur gestionnaire du commerce de d\u00e9tail, l&#039;apprenti Artjom Aronov n\u2019\u00e9volue pas uniquement dans les filiales de Sutter Begg (BL). Jeune talent du club de hockey sur glace de B\u00e2le, il se rend \u00e9galement souvent \u00e0 la patinoire. Il m\u00e8ne en effet de front une carri\u00e8re professionnelle et une carri\u00e8re sportive.\" \/>\n<meta property=\"og:url\" content=\"https:\/\/swissbaker.ch\/fr\/panissimo-news\/de-la-patinoire-de-hockey-au-monde-de-la-boulangerie\/\" \/>\n<meta property=\"og:site_name\" content=\"SBC\" \/>\n<meta property=\"article:publisher\" content=\"https:\/\/www.facebook.com\/swissbaker.ch\" \/>\n<meta property=\"article:published_time\" content=\"2024-12-18T12:43:52+00:00\" \/>\n<meta property=\"article:modified_time\" content=\"2024-12-18T12:55:54+00:00\" \/>\n<meta property=\"og:image\" content=\"https:\/\/swissbaker.ch\/wp-content\/uploads\/2024\/12\/24_1_aronov_laden.jpg\" \/>\n\t<meta property=\"og:image:width\" content=\"1200\" \/>\n\t<meta property=\"og:image:height\" content=\"712\" \/>\n\t<meta property=\"og:image:type\" content=\"image\/jpeg\" \/>\n<meta name=\"author\" content=\"Simon Nussbaum\" \/>\n<meta name=\"twitter:card\" content=\"summary_large_image\" \/>\n<meta name=\"twitter:creator\" content=\"@ch_swissbaker\" \/>\n<meta name=\"twitter:site\" content=\"@ch_swissbaker\" \/>\n<meta name=\"twitter:label1\" content=\"Written by\" \/>\n\t<meta name=\"twitter:data1\" content=\"Simon Nussbaum\" \/>\n\t<meta name=\"twitter:label2\" content=\"Est. reading time\" \/>\n\t<meta name=\"twitter:data2\" content=\"3 minutes\" \/>\n<script type=\"application\/ld+json\" class=\"yoast-schema-graph\">{\"@context\":\"https:\/\/schema.org\",\"@graph\":[{\"@type\":\"Article\",\"@id\":\"https:\/\/swissbaker.ch\/fr\/panissimo-news\/de-la-patinoire-de-hockey-au-monde-de-la-boulangerie\/#article\",\"isPartOf\":{\"@id\":\"https:\/\/swissbaker.ch\/fr\/panissimo-news\/de-la-patinoire-de-hockey-au-monde-de-la-boulangerie\/\"},\"author\":{\"name\":\"Simon Nussbaum\",\"@id\":\"https:\/\/swissbaker.ch\/fr\/#\/schema\/person\/74bd327b08c18ca6042c02ff6f0ed5e2\"},\"headline\":\"De la patinoire de hockey au monde de la boulangerie\",\"datePublished\":\"2024-12-18T12:43:52+00:00\",\"dateModified\":\"2024-12-18T12:55:54+00:00\",\"mainEntityOfPage\":{\"@id\":\"https:\/\/swissbaker.ch\/fr\/panissimo-news\/de-la-patinoire-de-hockey-au-monde-de-la-boulangerie\/\"},\"wordCount\":698,\"publisher\":{\"@id\":\"https:\/\/swissbaker.ch\/fr\/#organization\"},\"image\":{\"@id\":\"https:\/\/swissbaker.ch\/fr\/panissimo-news\/de-la-patinoire-de-hockey-au-monde-de-la-boulangerie\/#primaryimage\"},\"thumbnailUrl\":\"https:\/\/swissbaker.ch\/wp-content\/uploads\/2024\/12\/24_1_aronov_laden.jpg\",\"articleSection\":[\"Our Future\"],\"inLanguage\":\"fr-FR\"},{\"@type\":\"WebPage\",\"@id\":\"https:\/\/swissbaker.ch\/fr\/panissimo-news\/de-la-patinoire-de-hockey-au-monde-de-la-boulangerie\/\",\"url\":\"https:\/\/swissbaker.ch\/fr\/panissimo-news\/de-la-patinoire-de-hockey-au-monde-de-la-boulangerie\/\",\"name\":\"De la patinoire de hockey au monde de la boulangerie | SBC\",\"isPartOf\":{\"@id\":\"https:\/\/swissbaker.ch\/fr\/#website\"},\"primaryImageOfPage\":{\"@id\":\"https:\/\/swissbaker.ch\/fr\/panissimo-news\/de-la-patinoire-de-hockey-au-monde-de-la-boulangerie\/#primaryimage\"},\"image\":{\"@id\":\"https:\/\/swissbaker.ch\/fr\/panissimo-news\/de-la-patinoire-de-hockey-au-monde-de-la-boulangerie\/#primaryimage\"},\"thumbnailUrl\":\"https:\/\/swissbaker.ch\/wp-content\/uploads\/2024\/12\/24_1_aronov_laden.jpg\",\"datePublished\":\"2024-12-18T12:43:52+00:00\",\"dateModified\":\"2024-12-18T12:55:54+00:00\",\"breadcrumb\":{\"@id\":\"https:\/\/swissbaker.ch\/fr\/panissimo-news\/de-la-patinoire-de-hockey-au-monde-de-la-boulangerie\/#breadcrumb\"},\"inLanguage\":\"fr-FR\",\"potentialAction\":[{\"@type\":\"ReadAction\",\"target\":[\"https:\/\/swissbaker.ch\/fr\/panissimo-news\/de-la-patinoire-de-hockey-au-monde-de-la-boulangerie\/\"]}]},{\"@type\":\"ImageObject\",\"inLanguage\":\"fr-FR\",\"@id\":\"https:\/\/swissbaker.ch\/fr\/panissimo-news\/de-la-patinoire-de-hockey-au-monde-de-la-boulangerie\/#primaryimage\",\"url\":\"https:\/\/swissbaker.ch\/wp-content\/uploads\/2024\/12\/24_1_aronov_laden.jpg\",\"contentUrl\":\"https:\/\/swissbaker.ch\/wp-content\/uploads\/2024\/12\/24_1_aronov_laden.jpg\",\"width\":1200,\"height\":712},{\"@type\":\"BreadcrumbList\",\"@id\":\"https:\/\/swissbaker.ch\/fr\/panissimo-news\/de-la-patinoire-de-hockey-au-monde-de-la-boulangerie\/#breadcrumb\",\"itemListElement\":[{\"@type\":\"ListItem\",\"position\":1,\"name\":\"\",\"item\":\"https:\/\/swissbaker.ch\/fr\/\"},{\"@type\":\"ListItem\",\"position\":2,\"name\":\"Our Future\",\"item\":\"https:\/\/swissbaker.ch\/fr\/panissimo-news\/category\/our-future-fr\/\"},{\"@type\":\"ListItem\",\"position\":3,\"name\":\"De la patinoire de hockey au monde de la boulangerie\"}]},{\"@type\":\"WebSite\",\"@id\":\"https:\/\/swissbaker.ch\/fr\/#website\",\"url\":\"https:\/\/swissbaker.ch\/fr\/\",\"name\":\"SBC\",\"description\":\"\",\"publisher\":{\"@id\":\"https:\/\/swissbaker.ch\/fr\/#organization\"},\"potentialAction\":[{\"@type\":\"SearchAction\",\"target\":{\"@type\":\"EntryPoint\",\"urlTemplate\":\"https:\/\/swissbaker.ch\/fr\/?s={search_term_string}\"},\"query-input\":{\"@type\":\"PropertyValueSpecification\",\"valueRequired\":true,\"valueName\":\"search_term_string\"}}],\"inLanguage\":\"fr-FR\"},{\"@type\":\"Organization\",\"@id\":\"https:\/\/swissbaker.ch\/fr\/#organization\",\"name\":\"Schweizerischer B\u00e4cker-Confiseurmeister-Verband\",\"url\":\"https:\/\/swissbaker.ch\/fr\/\",\"logo\":{\"@type\":\"ImageObject\",\"inLanguage\":\"fr-FR\",\"@id\":\"https:\/\/swissbaker.ch\/fr\/#\/schema\/logo\/image\/\",\"url\":\"https:\/\/swissbaker.ch\/wp-content\/uploads\/2022\/04\/sbc-logo-yoast.jpg\",\"contentUrl\":\"https:\/\/swissbaker.ch\/wp-content\/uploads\/2022\/04\/sbc-logo-yoast.jpg\",\"width\":512,\"height\":512,\"caption\":\"Schweizerischer B\u00e4cker-Confiseurmeister-Verband\"},\"image\":{\"@id\":\"https:\/\/swissbaker.ch\/fr\/#\/schema\/logo\/image\/\"},\"sameAs\":[\"https:\/\/www.facebook.com\/swissbaker.ch\",\"https:\/\/x.com\/ch_swissbaker\"]},{\"@type\":\"Person\",\"@id\":\"https:\/\/swissbaker.ch\/fr\/#\/schema\/person\/74bd327b08c18ca6042c02ff6f0ed5e2\",\"name\":\"Simon Nussbaum\",\"image\":{\"@type\":\"ImageObject\",\"inLanguage\":\"fr-FR\",\"@id\":\"https:\/\/swissbaker.ch\/fr\/#\/schema\/person\/image\/\",\"url\":\"https:\/\/secure.gravatar.com\/avatar\/df0eced3bb556c806cb760cf503ade1ed1df25b4104d80d6fd28d93a9509aa12?s=96&d=mm&r=g\",\"contentUrl\":\"https:\/\/secure.gravatar.com\/avatar\/df0eced3bb556c806cb760cf503ade1ed1df25b4104d80d6fd28d93a9509aa12?s=96&d=mm&r=g\",\"caption\":\"Simon Nussbaum\"},\"url\":\"https:\/\/swissbaker.ch\/fr\/panissimo-news\/author\/simon-nussbaum\/\"}]}<\/script>\n<!-- \/ Yoast SEO Premium plugin. -->","yoast_head_json":{"title":"De la patinoire de hockey au monde de la boulangerie | SBC","robots":{"index":"index","follow":"follow","max-snippet":"max-snippet:-1","max-image-preview":"max-image-preview:large","max-video-preview":"max-video-preview:-1"},"canonical":"https:\/\/swissbaker.ch\/fr\/panissimo-news\/de-la-patinoire-de-hockey-au-monde-de-la-boulangerie\/","og_locale":"fr_FR","og_type":"article","og_title":"De la patinoire de hockey au monde de la boulangerie","og_description":"Futur gestionnaire du commerce de d\u00e9tail, l'apprenti Artjom Aronov n\u2019\u00e9volue pas uniquement dans les filiales de Sutter Begg (BL). Jeune talent du club de hockey sur glace de B\u00e2le, il se rend \u00e9galement souvent \u00e0 la patinoire. Il m\u00e8ne en effet de front une carri\u00e8re professionnelle et une carri\u00e8re sportive.","og_url":"https:\/\/swissbaker.ch\/fr\/panissimo-news\/de-la-patinoire-de-hockey-au-monde-de-la-boulangerie\/","og_site_name":"SBC","article_publisher":"https:\/\/www.facebook.com\/swissbaker.ch","article_published_time":"2024-12-18T12:43:52+00:00","article_modified_time":"2024-12-18T12:55:54+00:00","og_image":[{"width":1200,"height":712,"url":"https:\/\/swissbaker.ch\/wp-content\/uploads\/2024\/12\/24_1_aronov_laden.jpg","type":"image\/jpeg"}],"author":"Simon Nussbaum","twitter_card":"summary_large_image","twitter_creator":"@ch_swissbaker","twitter_site":"@ch_swissbaker","twitter_misc":{"Written by":"Simon Nussbaum","Est. reading time":"3 minutes"},"schema":{"@context":"https:\/\/schema.org","@graph":[{"@type":"Article","@id":"https:\/\/swissbaker.ch\/fr\/panissimo-news\/de-la-patinoire-de-hockey-au-monde-de-la-boulangerie\/#article","isPartOf":{"@id":"https:\/\/swissbaker.ch\/fr\/panissimo-news\/de-la-patinoire-de-hockey-au-monde-de-la-boulangerie\/"},"author":{"name":"Simon Nussbaum","@id":"https:\/\/swissbaker.ch\/fr\/#\/schema\/person\/74bd327b08c18ca6042c02ff6f0ed5e2"},"headline":"De la patinoire de hockey au monde de la boulangerie","datePublished":"2024-12-18T12:43:52+00:00","dateModified":"2024-12-18T12:55:54+00:00","mainEntityOfPage":{"@id":"https:\/\/swissbaker.ch\/fr\/panissimo-news\/de-la-patinoire-de-hockey-au-monde-de-la-boulangerie\/"},"wordCount":698,"publisher":{"@id":"https:\/\/swissbaker.ch\/fr\/#organization"},"image":{"@id":"https:\/\/swissbaker.ch\/fr\/panissimo-news\/de-la-patinoire-de-hockey-au-monde-de-la-boulangerie\/#primaryimage"},"thumbnailUrl":"https:\/\/swissbaker.ch\/wp-content\/uploads\/2024\/12\/24_1_aronov_laden.jpg","articleSection":["Our Future"],"inLanguage":"fr-FR"},{"@type":"WebPage","@id":"https:\/\/swissbaker.ch\/fr\/panissimo-news\/de-la-patinoire-de-hockey-au-monde-de-la-boulangerie\/","url":"https:\/\/swissbaker.ch\/fr\/panissimo-news\/de-la-patinoire-de-hockey-au-monde-de-la-boulangerie\/","name":"De la patinoire de hockey au monde de la boulangerie | SBC","isPartOf":{"@id":"https:\/\/swissbaker.ch\/fr\/#website"},"primaryImageOfPage":{"@id":"https:\/\/swissbaker.ch\/fr\/panissimo-news\/de-la-patinoire-de-hockey-au-monde-de-la-boulangerie\/#primaryimage"},"image":{"@id":"https:\/\/swissbaker.ch\/fr\/panissimo-news\/de-la-patinoire-de-hockey-au-monde-de-la-boulangerie\/#primaryimage"},"thumbnailUrl":"https:\/\/swissbaker.ch\/wp-content\/uploads\/2024\/12\/24_1_aronov_laden.jpg","datePublished":"2024-12-18T12:43:52+00:00","dateModified":"2024-12-18T12:55:54+00:00","breadcrumb":{"@id":"https:\/\/swissbaker.ch\/fr\/panissimo-news\/de-la-patinoire-de-hockey-au-monde-de-la-boulangerie\/#breadcrumb"},"inLanguage":"fr-FR","potentialAction":[{"@type":"ReadAction","target":["https:\/\/swissbaker.ch\/fr\/panissimo-news\/de-la-patinoire-de-hockey-au-monde-de-la-boulangerie\/"]}]},{"@type":"ImageObject","inLanguage":"fr-FR","@id":"https:\/\/swissbaker.ch\/fr\/panissimo-news\/de-la-patinoire-de-hockey-au-monde-de-la-boulangerie\/#primaryimage","url":"https:\/\/swissbaker.ch\/wp-content\/uploads\/2024\/12\/24_1_aronov_laden.jpg","contentUrl":"https:\/\/swissbaker.ch\/wp-content\/uploads\/2024\/12\/24_1_aronov_laden.jpg","width":1200,"height":712},{"@type":"BreadcrumbList","@id":"https:\/\/swissbaker.ch\/fr\/panissimo-news\/de-la-patinoire-de-hockey-au-monde-de-la-boulangerie\/#breadcrumb","itemListElement":[{"@type":"ListItem","position":1,"name":"","item":"https:\/\/swissbaker.ch\/fr\/"},{"@type":"ListItem","position":2,"name":"Our Future","item":"https:\/\/swissbaker.ch\/fr\/panissimo-news\/category\/our-future-fr\/"},{"@type":"ListItem","position":3,"name":"De la patinoire de hockey au monde de la boulangerie"}]},{"@type":"WebSite","@id":"https:\/\/swissbaker.ch\/fr\/#website","url":"https:\/\/swissbaker.ch\/fr\/","name":"SBC","description":"","publisher":{"@id":"https:\/\/swissbaker.ch\/fr\/#organization"},"potentialAction":[{"@type":"SearchAction","target":{"@type":"EntryPoint","urlTemplate":"https:\/\/swissbaker.ch\/fr\/?s={search_term_string}"},"query-input":{"@type":"PropertyValueSpecification","valueRequired":true,"valueName":"search_term_string"}}],"inLanguage":"fr-FR"},{"@type":"Organization","@id":"https:\/\/swissbaker.ch\/fr\/#organization","name":"Schweizerischer B\u00e4cker-Confiseurmeister-Verband","url":"https:\/\/swissbaker.ch\/fr\/","logo":{"@type":"ImageObject","inLanguage":"fr-FR","@id":"https:\/\/swissbaker.ch\/fr\/#\/schema\/logo\/image\/","url":"https:\/\/swissbaker.ch\/wp-content\/uploads\/2022\/04\/sbc-logo-yoast.jpg","contentUrl":"https:\/\/swissbaker.ch\/wp-content\/uploads\/2022\/04\/sbc-logo-yoast.jpg","width":512,"height":512,"caption":"Schweizerischer B\u00e4cker-Confiseurmeister-Verband"},"image":{"@id":"https:\/\/swissbaker.ch\/fr\/#\/schema\/logo\/image\/"},"sameAs":["https:\/\/www.facebook.com\/swissbaker.ch","https:\/\/x.com\/ch_swissbaker"]},{"@type":"Person","@id":"https:\/\/swissbaker.ch\/fr\/#\/schema\/person\/74bd327b08c18ca6042c02ff6f0ed5e2","name":"Simon Nussbaum","image":{"@type":"ImageObject","inLanguage":"fr-FR","@id":"https:\/\/swissbaker.ch\/fr\/#\/schema\/person\/image\/","url":"https:\/\/secure.gravatar.com\/avatar\/df0eced3bb556c806cb760cf503ade1ed1df25b4104d80d6fd28d93a9509aa12?s=96&d=mm&r=g","contentUrl":"https:\/\/secure.gravatar.com\/avatar\/df0eced3bb556c806cb760cf503ade1ed1df25b4104d80d6fd28d93a9509aa12?s=96&d=mm&r=g","caption":"Simon Nussbaum"},"url":"https:\/\/swissbaker.ch\/fr\/panissimo-news\/author\/simon-nussbaum\/"}]}},"_links":{"self":[{"href":"https:\/\/swissbaker.ch\/fr\/wp-json\/wp\/v2\/posts\/87488","targetHints":{"allow":["GET"]}}],"collection":[{"href":"https:\/\/swissbaker.ch\/fr\/wp-json\/wp\/v2\/posts"}],"about":[{"href":"https:\/\/swissbaker.ch\/fr\/wp-json\/wp\/v2\/types\/post"}],"author":[{"embeddable":true,"href":"https:\/\/swissbaker.ch\/fr\/wp-json\/wp\/v2\/users\/5"}],"replies":[{"embeddable":true,"href":"https:\/\/swissbaker.ch\/fr\/wp-json\/wp\/v2\/comments?post=87488"}],"version-history":[{"count":0,"href":"https:\/\/swissbaker.ch\/fr\/wp-json\/wp\/v2\/posts\/87488\/revisions"}],"wp:featuredmedia":[{"embeddable":true,"href":"https:\/\/swissbaker.ch\/fr\/wp-json\/wp\/v2\/media\/87479"}],"wp:attachment":[{"href":"https:\/\/swissbaker.ch\/fr\/wp-json\/wp\/v2\/media?parent=87488"}],"wp:term":[{"taxonomy":"category","embeddable":true,"href":"https:\/\/swissbaker.ch\/fr\/wp-json\/wp\/v2\/categories?post=87488"},{"taxonomy":"post_tag","embeddable":true,"href":"https:\/\/swissbaker.ch\/fr\/wp-json\/wp\/v2\/tags?post=87488"}],"curies":[{"name":"wp","href":"https:\/\/api.w.org\/{rel}","templated":true}]}}