{"id":8736,"date":"2017-10-25T16:54:00","date_gmt":"2017-10-25T14:54:00","guid":{"rendered":"https:\/\/swissbaker.ch\/?p=8736"},"modified":"2022-05-11T10:50:43","modified_gmt":"2022-05-11T08:50:43","slug":"en-finir-avec-les-supplements-suisses-abusifs","status":"publish","type":"post","link":"https:\/\/swissbaker.ch\/fr\/panissimo-news\/en-finir-avec-les-supplements-suisses-abusifs\/","title":{"rendered":"En finir avec les suppl\u00e9ments suisses abusifs\u2009!"},"content":{"rendered":"\n<p><strong>La loi sur les cartels existants n\u2019est efficace qu\u2019en cas d\u2019accord\u2009: la commission de la concurrence pr\u00e9vient g\u00e9n\u00e9ralement tout emp\u00eachement d\u2019approvisionnement \u00e0 l\u2019\u00e9tranger par plusieurs entreprises qui coop\u00e8rent.<\/strong><\/p>\n\n\n\n<p>Par contre, la Comco ne fait rien si le m\u00eame sc\u00e9nario se pr\u00e9sente en cas de refus d\u2019approvisionnement d\u2019un seul producteur. L\u2019initiative \u00ab\u2009Stop \u00e0 l\u2019\u00eelot de chert\u00e9 \u2013 pour des prix \u00e9quitables\u2009\u00bb vise \u00e0 abroger cette contradiction.<\/p>\n\n\n\n<p>De nombreuses entreprises qui produisent (encore) en Suisse sont confront\u00e9es \u00e0 une concurrence internationale de plus en plus f\u00e9roce. Le cas \u00e9ch\u00e9ant, elles doivent pouvoir se procurer leurs moyens de production \u00e0 l\u2019\u00e9tranger sans discrimination. Malheureusement, nous sommes aujourd\u2019hui dans de nombreux cas oblig\u00e9s de facto de nous approvisionner en Suisse \u2013 \u00e0 des prix surfaits.<\/p>\n\n\n\n<p>Pour rester comp\u00e9titives, nos entreprises doivent pouvoir acheter des marchandises l\u00e0 o\u00f9 cela fait \u00e9conomiquement sens, lorsque les alternatives en la mati\u00e8re sont satisfaisantes et acceptables.<\/p>\n\n\n\n<p>Et c\u2019est exactement ce qu\u2019exige l\u2019initiative pour des prix \u00e9quitables. Les prix devraient enfin devenir concurrentiels, les suppl\u00e9ments suisses abusifs devant imp\u00e9rativement dispara\u00eetre, pour garantir et cr\u00e9er des emplois.<\/p>\n\n\n\n<p>Maurus Ebneter est d\u00e9l\u00e9gu\u00e9 du comit\u00e9 de l\u2019association des restaurateurs de B\u00e2le-Ville et membre du comit\u00e9 d\u2019initiative pour des prix \u00e9quitables.<\/p>\n","protected":false},"excerpt":{"rendered":"<p>La loi sur les cartels existants n\u2019est efficace qu\u2019en cas d\u2019accord\u2009: la commission de la concurrence pr\u00e9vient g\u00e9n\u00e9ralement tout emp\u00eachement d\u2019approvisionnement \u00e0 l\u2019\u00e9tranger par plusieurs entreprises qui coop\u00e8rent. Par contre, la Comco ne fait rien si le m\u00eame sc\u00e9nario se pr\u00e9sente en cas de refus d\u2019approvisionnement d\u2019un seul producteur. L\u2019initiative \u00ab\u2009Stop \u00e0 l\u2019\u00eelot de chert\u00e9 \u2013 pour des prix \u00e9quitables\u2009\u00bb [&hellip;]<\/p>\n","protected":false},"author":1,"featured_media":6346,"comment_status":"open","ping_status":"closed","sticky":false,"template":"","format":"standard","meta":{"_acf_changed":false,"footnotes":""},"categories":[58],"tags":[],"class_list":["post-8736","post","type-post","status-publish","format-standard","has-post-thumbnail","hentry","category-swissbaker-blog-fr"],"acf":[],"yoast_head":"<!-- This site is optimized with the Yoast SEO Premium plugin v26.8 (Yoast SEO v26.8) - https:\/\/yoast.com\/product\/yoast-seo-premium-wordpress\/ -->\n<title>En finir avec les suppl\u00e9ments suisses abusifs\u2009! | SBC<\/title>\n<meta name=\"robots\" content=\"index, follow, max-snippet:-1, max-image-preview:large, max-video-preview:-1\" \/>\n<link rel=\"canonical\" href=\"https:\/\/swissbaker.ch\/fr\/panissimo-news\/en-finir-avec-les-supplements-suisses-abusifs\/\" \/>\n<meta property=\"og:locale\" content=\"fr_FR\" \/>\n<meta property=\"og:type\" content=\"article\" \/>\n<meta property=\"og:title\" content=\"En finir avec les suppl\u00e9ments suisses abusifs\u2009!\" \/>\n<meta property=\"og:description\" content=\"La loi sur les cartels existants n\u2019est efficace qu\u2019en cas d\u2019accord\u2009: la commission de la concurrence pr\u00e9vient g\u00e9n\u00e9ralement tout emp\u00eachement d\u2019approvisionnement \u00e0 l\u2019\u00e9tranger par plusieurs entreprises qui coop\u00e8rent. Par contre, la Comco ne fait rien si le m\u00eame sc\u00e9nario se pr\u00e9sente en cas de refus d\u2019approvisionnement d\u2019un seul producteur. L\u2019initiative \u00ab\u2009Stop \u00e0 l\u2019\u00eelot de chert\u00e9 \u2013 pour des prix \u00e9quitables\u2009\u00bb [&hellip;]\" \/>\n<meta property=\"og:url\" content=\"https:\/\/swissbaker.ch\/fr\/panissimo-news\/en-finir-avec-les-supplements-suisses-abusifs\/\" \/>\n<meta property=\"og:site_name\" content=\"SBC\" \/>\n<meta property=\"article:publisher\" content=\"https:\/\/www.facebook.com\/swissbaker.ch\" \/>\n<meta property=\"article:published_time\" content=\"2017-10-25T14:54:00+00:00\" \/>\n<meta property=\"article:modified_time\" content=\"2022-05-11T08:50:43+00:00\" \/>\n<meta property=\"og:image\" content=\"https:\/\/swissbaker.ch\/wp-content\/uploads\/2022\/04\/Blog_MaurusEbneter_2015.jpg\" \/>\n\t<meta property=\"og:image:width\" content=\"600\" \/>\n\t<meta property=\"og:image:height\" content=\"600\" \/>\n\t<meta property=\"og:image:type\" content=\"image\/jpeg\" \/>\n<meta name=\"author\" content=\"azureart\" \/>\n<meta name=\"twitter:card\" content=\"summary_large_image\" \/>\n<meta name=\"twitter:creator\" content=\"@ch_swissbaker\" \/>\n<meta name=\"twitter:site\" content=\"@ch_swissbaker\" \/>\n<meta name=\"twitter:label1\" content=\"Written by\" \/>\n\t<meta name=\"twitter:data1\" content=\"azureart\" \/>\n\t<meta name=\"twitter:label2\" content=\"Est. reading time\" \/>\n\t<meta name=\"twitter:data2\" content=\"2 minutes\" \/>\n<script type=\"application\/ld+json\" class=\"yoast-schema-graph\">{\"@context\":\"https:\/\/schema.org\",\"@graph\":[{\"@type\":\"Article\",\"@id\":\"https:\/\/swissbaker.ch\/fr\/panissimo-news\/en-finir-avec-les-supplements-suisses-abusifs\/#article\",\"isPartOf\":{\"@id\":\"https:\/\/swissbaker.ch\/fr\/panissimo-news\/en-finir-avec-les-supplements-suisses-abusifs\/\"},\"author\":{\"name\":\"azureart\",\"@id\":\"https:\/\/swissbaker.ch\/fr\/#\/schema\/person\/058ac47619f7da53df62aba60f939b78\"},\"headline\":\"En finir avec les suppl\u00e9ments suisses abusifs\u2009!\",\"datePublished\":\"2017-10-25T14:54:00+00:00\",\"dateModified\":\"2022-05-11T08:50:43+00:00\",\"mainEntityOfPage\":{\"@id\":\"https:\/\/swissbaker.ch\/fr\/panissimo-news\/en-finir-avec-les-supplements-suisses-abusifs\/\"},\"wordCount\":234,\"commentCount\":0,\"publisher\":{\"@id\":\"https:\/\/swissbaker.ch\/fr\/#organization\"},\"image\":{\"@id\":\"https:\/\/swissbaker.ch\/fr\/panissimo-news\/en-finir-avec-les-supplements-suisses-abusifs\/#primaryimage\"},\"thumbnailUrl\":\"https:\/\/swissbaker.ch\/wp-content\/uploads\/2022\/04\/Blog_MaurusEbneter_2015.jpg\",\"articleSection\":[\"swissbaker-blog\"],\"inLanguage\":\"fr-FR\",\"potentialAction\":[{\"@type\":\"CommentAction\",\"name\":\"Comment\",\"target\":[\"https:\/\/swissbaker.ch\/fr\/panissimo-news\/en-finir-avec-les-supplements-suisses-abusifs\/#respond\"]}]},{\"@type\":\"WebPage\",\"@id\":\"https:\/\/swissbaker.ch\/fr\/panissimo-news\/en-finir-avec-les-supplements-suisses-abusifs\/\",\"url\":\"https:\/\/swissbaker.ch\/fr\/panissimo-news\/en-finir-avec-les-supplements-suisses-abusifs\/\",\"name\":\"En finir avec les suppl\u00e9ments suisses abusifs\u2009! | SBC\",\"isPartOf\":{\"@id\":\"https:\/\/swissbaker.ch\/fr\/#website\"},\"primaryImageOfPage\":{\"@id\":\"https:\/\/swissbaker.ch\/fr\/panissimo-news\/en-finir-avec-les-supplements-suisses-abusifs\/#primaryimage\"},\"image\":{\"@id\":\"https:\/\/swissbaker.ch\/fr\/panissimo-news\/en-finir-avec-les-supplements-suisses-abusifs\/#primaryimage\"},\"thumbnailUrl\":\"https:\/\/swissbaker.ch\/wp-content\/uploads\/2022\/04\/Blog_MaurusEbneter_2015.jpg\",\"datePublished\":\"2017-10-25T14:54:00+00:00\",\"dateModified\":\"2022-05-11T08:50:43+00:00\",\"breadcrumb\":{\"@id\":\"https:\/\/swissbaker.ch\/fr\/panissimo-news\/en-finir-avec-les-supplements-suisses-abusifs\/#breadcrumb\"},\"inLanguage\":\"fr-FR\",\"potentialAction\":[{\"@type\":\"ReadAction\",\"target\":[\"https:\/\/swissbaker.ch\/fr\/panissimo-news\/en-finir-avec-les-supplements-suisses-abusifs\/\"]}]},{\"@type\":\"ImageObject\",\"inLanguage\":\"fr-FR\",\"@id\":\"https:\/\/swissbaker.ch\/fr\/panissimo-news\/en-finir-avec-les-supplements-suisses-abusifs\/#primaryimage\",\"url\":\"https:\/\/swissbaker.ch\/wp-content\/uploads\/2022\/04\/Blog_MaurusEbneter_2015.jpg\",\"contentUrl\":\"https:\/\/swissbaker.ch\/wp-content\/uploads\/2022\/04\/Blog_MaurusEbneter_2015.jpg\",\"width\":600,\"height\":600,\"caption\":\"En finir avec les suppl\u00e9ments suisses abusifs\u2009!\"},{\"@type\":\"BreadcrumbList\",\"@id\":\"https:\/\/swissbaker.ch\/fr\/panissimo-news\/en-finir-avec-les-supplements-suisses-abusifs\/#breadcrumb\",\"itemListElement\":[{\"@type\":\"ListItem\",\"position\":1,\"name\":\"\",\"item\":\"https:\/\/swissbaker.ch\/fr\/\"},{\"@type\":\"ListItem\",\"position\":2,\"name\":\"swissbaker-blog\",\"item\":\"https:\/\/swissbaker.ch\/fr\/panissimo-news\/category\/swissbaker-blog-fr\/\"},{\"@type\":\"ListItem\",\"position\":3,\"name\":\"En finir avec les suppl\u00e9ments suisses abusifs\u2009!\"}]},{\"@type\":\"WebSite\",\"@id\":\"https:\/\/swissbaker.ch\/fr\/#website\",\"url\":\"https:\/\/swissbaker.ch\/fr\/\",\"name\":\"SBC\",\"description\":\"\",\"publisher\":{\"@id\":\"https:\/\/swissbaker.ch\/fr\/#organization\"},\"potentialAction\":[{\"@type\":\"SearchAction\",\"target\":{\"@type\":\"EntryPoint\",\"urlTemplate\":\"https:\/\/swissbaker.ch\/fr\/?s={search_term_string}\"},\"query-input\":{\"@type\":\"PropertyValueSpecification\",\"valueRequired\":true,\"valueName\":\"search_term_string\"}}],\"inLanguage\":\"fr-FR\"},{\"@type\":\"Organization\",\"@id\":\"https:\/\/swissbaker.ch\/fr\/#organization\",\"name\":\"Schweizerischer B\u00e4cker-Confiseurmeister-Verband\",\"url\":\"https:\/\/swissbaker.ch\/fr\/\",\"logo\":{\"@type\":\"ImageObject\",\"inLanguage\":\"fr-FR\",\"@id\":\"https:\/\/swissbaker.ch\/fr\/#\/schema\/logo\/image\/\",\"url\":\"https:\/\/swissbaker.ch\/wp-content\/uploads\/2022\/04\/sbc-logo-yoast.jpg\",\"contentUrl\":\"https:\/\/swissbaker.ch\/wp-content\/uploads\/2022\/04\/sbc-logo-yoast.jpg\",\"width\":512,\"height\":512,\"caption\":\"Schweizerischer B\u00e4cker-Confiseurmeister-Verband\"},\"image\":{\"@id\":\"https:\/\/swissbaker.ch\/fr\/#\/schema\/logo\/image\/\"},\"sameAs\":[\"https:\/\/www.facebook.com\/swissbaker.ch\",\"https:\/\/x.com\/ch_swissbaker\"]},{\"@type\":\"Person\",\"@id\":\"https:\/\/swissbaker.ch\/fr\/#\/schema\/person\/058ac47619f7da53df62aba60f939b78\",\"name\":\"azureart\",\"image\":{\"@type\":\"ImageObject\",\"inLanguage\":\"fr-FR\",\"@id\":\"https:\/\/swissbaker.ch\/fr\/#\/schema\/person\/image\/\",\"url\":\"https:\/\/secure.gravatar.com\/avatar\/be04dd3098fd612c83067af4f7a295384c93cb6a9112f51beb9d2f477d25da61?s=96&d=mm&r=g\",\"contentUrl\":\"https:\/\/secure.gravatar.com\/avatar\/be04dd3098fd612c83067af4f7a295384c93cb6a9112f51beb9d2f477d25da61?s=96&d=mm&r=g\",\"caption\":\"azureart\"},\"sameAs\":[\"https:\/\/swissbaker.ch\"],\"url\":\"https:\/\/swissbaker.ch\/fr\/panissimo-news\/author\/pixel-ahoi\/\"}]}<\/script>\n<!-- \/ Yoast SEO Premium plugin. -->","yoast_head_json":{"title":"En finir avec les suppl\u00e9ments suisses abusifs\u2009! | SBC","robots":{"index":"index","follow":"follow","max-snippet":"max-snippet:-1","max-image-preview":"max-image-preview:large","max-video-preview":"max-video-preview:-1"},"canonical":"https:\/\/swissbaker.ch\/fr\/panissimo-news\/en-finir-avec-les-supplements-suisses-abusifs\/","og_locale":"fr_FR","og_type":"article","og_title":"En finir avec les suppl\u00e9ments suisses abusifs\u2009!","og_description":"La loi sur les cartels existants n\u2019est efficace qu\u2019en cas d\u2019accord\u2009: la commission de la concurrence pr\u00e9vient g\u00e9n\u00e9ralement tout emp\u00eachement d\u2019approvisionnement \u00e0 l\u2019\u00e9tranger par plusieurs entreprises qui coop\u00e8rent. Par contre, la Comco ne fait rien si le m\u00eame sc\u00e9nario se pr\u00e9sente en cas de refus d\u2019approvisionnement d\u2019un seul producteur. L\u2019initiative \u00ab\u2009Stop \u00e0 l\u2019\u00eelot de chert\u00e9 \u2013 pour des prix \u00e9quitables\u2009\u00bb [&hellip;]","og_url":"https:\/\/swissbaker.ch\/fr\/panissimo-news\/en-finir-avec-les-supplements-suisses-abusifs\/","og_site_name":"SBC","article_publisher":"https:\/\/www.facebook.com\/swissbaker.ch","article_published_time":"2017-10-25T14:54:00+00:00","article_modified_time":"2022-05-11T08:50:43+00:00","og_image":[{"width":600,"height":600,"url":"https:\/\/swissbaker.ch\/wp-content\/uploads\/2022\/04\/Blog_MaurusEbneter_2015.jpg","type":"image\/jpeg"}],"author":"azureart","twitter_card":"summary_large_image","twitter_creator":"@ch_swissbaker","twitter_site":"@ch_swissbaker","twitter_misc":{"Written by":"azureart","Est. reading time":"2 minutes"},"schema":{"@context":"https:\/\/schema.org","@graph":[{"@type":"Article","@id":"https:\/\/swissbaker.ch\/fr\/panissimo-news\/en-finir-avec-les-supplements-suisses-abusifs\/#article","isPartOf":{"@id":"https:\/\/swissbaker.ch\/fr\/panissimo-news\/en-finir-avec-les-supplements-suisses-abusifs\/"},"author":{"name":"azureart","@id":"https:\/\/swissbaker.ch\/fr\/#\/schema\/person\/058ac47619f7da53df62aba60f939b78"},"headline":"En finir avec les suppl\u00e9ments suisses abusifs\u2009!","datePublished":"2017-10-25T14:54:00+00:00","dateModified":"2022-05-11T08:50:43+00:00","mainEntityOfPage":{"@id":"https:\/\/swissbaker.ch\/fr\/panissimo-news\/en-finir-avec-les-supplements-suisses-abusifs\/"},"wordCount":234,"commentCount":0,"publisher":{"@id":"https:\/\/swissbaker.ch\/fr\/#organization"},"image":{"@id":"https:\/\/swissbaker.ch\/fr\/panissimo-news\/en-finir-avec-les-supplements-suisses-abusifs\/#primaryimage"},"thumbnailUrl":"https:\/\/swissbaker.ch\/wp-content\/uploads\/2022\/04\/Blog_MaurusEbneter_2015.jpg","articleSection":["swissbaker-blog"],"inLanguage":"fr-FR","potentialAction":[{"@type":"CommentAction","name":"Comment","target":["https:\/\/swissbaker.ch\/fr\/panissimo-news\/en-finir-avec-les-supplements-suisses-abusifs\/#respond"]}]},{"@type":"WebPage","@id":"https:\/\/swissbaker.ch\/fr\/panissimo-news\/en-finir-avec-les-supplements-suisses-abusifs\/","url":"https:\/\/swissbaker.ch\/fr\/panissimo-news\/en-finir-avec-les-supplements-suisses-abusifs\/","name":"En finir avec les suppl\u00e9ments suisses abusifs\u2009! | SBC","isPartOf":{"@id":"https:\/\/swissbaker.ch\/fr\/#website"},"primaryImageOfPage":{"@id":"https:\/\/swissbaker.ch\/fr\/panissimo-news\/en-finir-avec-les-supplements-suisses-abusifs\/#primaryimage"},"image":{"@id":"https:\/\/swissbaker.ch\/fr\/panissimo-news\/en-finir-avec-les-supplements-suisses-abusifs\/#primaryimage"},"thumbnailUrl":"https:\/\/swissbaker.ch\/wp-content\/uploads\/2022\/04\/Blog_MaurusEbneter_2015.jpg","datePublished":"2017-10-25T14:54:00+00:00","dateModified":"2022-05-11T08:50:43+00:00","breadcrumb":{"@id":"https:\/\/swissbaker.ch\/fr\/panissimo-news\/en-finir-avec-les-supplements-suisses-abusifs\/#breadcrumb"},"inLanguage":"fr-FR","potentialAction":[{"@type":"ReadAction","target":["https:\/\/swissbaker.ch\/fr\/panissimo-news\/en-finir-avec-les-supplements-suisses-abusifs\/"]}]},{"@type":"ImageObject","inLanguage":"fr-FR","@id":"https:\/\/swissbaker.ch\/fr\/panissimo-news\/en-finir-avec-les-supplements-suisses-abusifs\/#primaryimage","url":"https:\/\/swissbaker.ch\/wp-content\/uploads\/2022\/04\/Blog_MaurusEbneter_2015.jpg","contentUrl":"https:\/\/swissbaker.ch\/wp-content\/uploads\/2022\/04\/Blog_MaurusEbneter_2015.jpg","width":600,"height":600,"caption":"En finir avec les suppl\u00e9ments suisses abusifs\u2009!"},{"@type":"BreadcrumbList","@id":"https:\/\/swissbaker.ch\/fr\/panissimo-news\/en-finir-avec-les-supplements-suisses-abusifs\/#breadcrumb","itemListElement":[{"@type":"ListItem","position":1,"name":"","item":"https:\/\/swissbaker.ch\/fr\/"},{"@type":"ListItem","position":2,"name":"swissbaker-blog","item":"https:\/\/swissbaker.ch\/fr\/panissimo-news\/category\/swissbaker-blog-fr\/"},{"@type":"ListItem","position":3,"name":"En finir avec les suppl\u00e9ments suisses abusifs\u2009!"}]},{"@type":"WebSite","@id":"https:\/\/swissbaker.ch\/fr\/#website","url":"https:\/\/swissbaker.ch\/fr\/","name":"SBC","description":"","publisher":{"@id":"https:\/\/swissbaker.ch\/fr\/#organization"},"potentialAction":[{"@type":"SearchAction","target":{"@type":"EntryPoint","urlTemplate":"https:\/\/swissbaker.ch\/fr\/?s={search_term_string}"},"query-input":{"@type":"PropertyValueSpecification","valueRequired":true,"valueName":"search_term_string"}}],"inLanguage":"fr-FR"},{"@type":"Organization","@id":"https:\/\/swissbaker.ch\/fr\/#organization","name":"Schweizerischer B\u00e4cker-Confiseurmeister-Verband","url":"https:\/\/swissbaker.ch\/fr\/","logo":{"@type":"ImageObject","inLanguage":"fr-FR","@id":"https:\/\/swissbaker.ch\/fr\/#\/schema\/logo\/image\/","url":"https:\/\/swissbaker.ch\/wp-content\/uploads\/2022\/04\/sbc-logo-yoast.jpg","contentUrl":"https:\/\/swissbaker.ch\/wp-content\/uploads\/2022\/04\/sbc-logo-yoast.jpg","width":512,"height":512,"caption":"Schweizerischer B\u00e4cker-Confiseurmeister-Verband"},"image":{"@id":"https:\/\/swissbaker.ch\/fr\/#\/schema\/logo\/image\/"},"sameAs":["https:\/\/www.facebook.com\/swissbaker.ch","https:\/\/x.com\/ch_swissbaker"]},{"@type":"Person","@id":"https:\/\/swissbaker.ch\/fr\/#\/schema\/person\/058ac47619f7da53df62aba60f939b78","name":"azureart","image":{"@type":"ImageObject","inLanguage":"fr-FR","@id":"https:\/\/swissbaker.ch\/fr\/#\/schema\/person\/image\/","url":"https:\/\/secure.gravatar.com\/avatar\/be04dd3098fd612c83067af4f7a295384c93cb6a9112f51beb9d2f477d25da61?s=96&d=mm&r=g","contentUrl":"https:\/\/secure.gravatar.com\/avatar\/be04dd3098fd612c83067af4f7a295384c93cb6a9112f51beb9d2f477d25da61?s=96&d=mm&r=g","caption":"azureart"},"sameAs":["https:\/\/swissbaker.ch"],"url":"https:\/\/swissbaker.ch\/fr\/panissimo-news\/author\/pixel-ahoi\/"}]}},"_links":{"self":[{"href":"https:\/\/swissbaker.ch\/fr\/wp-json\/wp\/v2\/posts\/8736","targetHints":{"allow":["GET"]}}],"collection":[{"href":"https:\/\/swissbaker.ch\/fr\/wp-json\/wp\/v2\/posts"}],"about":[{"href":"https:\/\/swissbaker.ch\/fr\/wp-json\/wp\/v2\/types\/post"}],"author":[{"embeddable":true,"href":"https:\/\/swissbaker.ch\/fr\/wp-json\/wp\/v2\/users\/1"}],"replies":[{"embeddable":true,"href":"https:\/\/swissbaker.ch\/fr\/wp-json\/wp\/v2\/comments?post=8736"}],"version-history":[{"count":0,"href":"https:\/\/swissbaker.ch\/fr\/wp-json\/wp\/v2\/posts\/8736\/revisions"}],"wp:featuredmedia":[{"embeddable":true,"href":"https:\/\/swissbaker.ch\/fr\/wp-json\/wp\/v2\/media\/6346"}],"wp:attachment":[{"href":"https:\/\/swissbaker.ch\/fr\/wp-json\/wp\/v2\/media?parent=8736"}],"wp:term":[{"taxonomy":"category","embeddable":true,"href":"https:\/\/swissbaker.ch\/fr\/wp-json\/wp\/v2\/categories?post=8736"},{"taxonomy":"post_tag","embeddable":true,"href":"https:\/\/swissbaker.ch\/fr\/wp-json\/wp\/v2\/tags?post=8736"}],"curies":[{"name":"wp","href":"https:\/\/api.w.org\/{rel}","templated":true}]}}