{"id":8730,"date":"2017-10-25T16:14:00","date_gmt":"2017-10-25T14:14:00","guid":{"rendered":"https:\/\/swissbaker.ch\/?p=8730"},"modified":"2022-05-11T10:48:21","modified_gmt":"2022-05-11T08:48:21","slug":"en-chemin-en-train","status":"publish","type":"post","link":"https:\/\/swissbaker.ch\/fr\/panissimo-news\/en-chemin-en-train\/","title":{"rendered":"En chemin, en train"},"content":{"rendered":"\n<p><strong>Depuis environ six ans, je prends chaque jour le train en direction de Berne. Auparavant, parce que j\u2019allais au coll\u00e8ge \u00e0 Berne et que je travaillais le week-end \u00e0 Konolfingen, aujourd\u2019hui parce que je travaille \u00e0 Ostermundigen et que mon \u00e9cole se trouve dans la jolie vieille ville de la capitale.<\/strong><\/p>\n\n\n\n<p>Durant ces six ann\u00e9es de navette, j\u2019avais toujours et constamment l\u2019intention d\u2019apprendre quelque chose pour l\u2019\u00e9cole, en trente minutes de trajet. La plupart du temps, cependant, c\u2019est rest\u00e9 un v\u0153u. C\u2019est souvent tr\u00e8s tentant d\u2019\u00e9couter de la musique et de regarder le paysage d\u00e9filer. A chaque saison, il y a toujours quelque chose de nouveau \u00e0 d\u00e9couvrir.<\/p>\n\n\n\n<p>En ce moment, c\u2019est la brume entre SIgnau et Z\u00e4ziwil, en hiver les pentes enneig\u00e9es de l\u2019Eiger, du M\u00f6nch et de la Jungfrau, au printemps les champs en fleurs. En \u00e9t\u00e9, je suis \u00e9galement heureuse lorsque les trajets en train se terminent. Sans climatisation, il fait vite plut\u00f4t chaud et cela dure une demi-heure, voire plus\u2026<\/p>\n\n\n\n<p>T\u00f4t le matin, encore confortablement install\u00e9, c\u2019est le volume des haut-parleurs bien trop puissant qui vous tire de vos r\u00eaves. C\u2019est le signal de r\u00e9agir rapidement, de rassembler vos affaires et de sortir au froid. Cela fait aussi partie des trajets.<\/p>\n\n\n\n<p>Ce qui ne doit pas \u00eatre oubli\u00e9 aujourd\u2019hui aussi, ce sont les smartphones et les tablettes. Au travail comme durant les loisirs, ils sont indispensables. Chaque matin, je regarde mes messages, puis les e-mails et, \u00e0 la fin, je lis rapidement les gros titres sur l\u2019application d\u2019un quotidien gratuit, par exemple. Lorsque c\u2019est fait, il y a encore beaucoup d\u2019autres choses \u00e0 consulter. On se perd rapidement dans les profondeurs de son portable. Honn\u00eatement, je trouve cela tr\u00e8s regrettable. De nombreuses discussions int\u00e9ressantes et enrichissantes sont perdues. Tout se passe uniquement en ligne. Pourtant, je participe \u00e0 cela, et je ne peux pas m\u2019imaginer comment serait le quotidien sans smartphone.<\/p>\n\n\n\n<p>A pr\u00e9sent, une demi-heure de train s\u2019est \u00e9coul\u00e9e, le texte pour \u00ab\u2009panissimo\u2009\u00bb est termin\u00e9\u2009; m\u00eame si je ne savais pas vraiment ce que j\u2019allais \u00e9crire, il y a trente minutes.<\/p>\n","protected":false},"excerpt":{"rendered":"<p>Depuis environ six ans, je prends chaque jour le train en direction de Berne. Auparavant, parce que j\u2019allais au coll\u00e8ge \u00e0 Berne et que je travaillais le week-end \u00e0 Konolfingen, aujourd\u2019hui parce que je travaille \u00e0 Ostermundigen et que mon \u00e9cole se trouve dans la jolie vieille ville de la capitale. Durant ces six ann\u00e9es de navette, j\u2019avais toujours et [&hellip;]<\/p>\n","protected":false},"author":1,"featured_media":6312,"comment_status":"open","ping_status":"closed","sticky":false,"template":"","format":"standard","meta":{"_acf_changed":false,"footnotes":""},"categories":[47],"tags":[],"class_list":["post-8730","post","type-post","status-publish","format-standard","has-post-thumbnail","hentry","category-formation-releve"],"acf":[],"yoast_head":"<!-- This site is optimized with the Yoast SEO Premium plugin v26.8 (Yoast SEO v26.8) - https:\/\/yoast.com\/product\/yoast-seo-premium-wordpress\/ -->\n<title>En chemin, en train | SBC<\/title>\n<meta name=\"robots\" content=\"index, follow, max-snippet:-1, max-image-preview:large, max-video-preview:-1\" \/>\n<link rel=\"canonical\" href=\"https:\/\/swissbaker.ch\/fr\/panissimo-news\/en-chemin-en-train\/\" \/>\n<meta property=\"og:locale\" content=\"fr_FR\" \/>\n<meta property=\"og:type\" content=\"article\" \/>\n<meta property=\"og:title\" content=\"En chemin, en train\" \/>\n<meta property=\"og:description\" content=\"Depuis environ six ans, je prends chaque jour le train en direction de Berne. Auparavant, parce que j\u2019allais au coll\u00e8ge \u00e0 Berne et que je travaillais le week-end \u00e0 Konolfingen, aujourd\u2019hui parce que je travaille \u00e0 Ostermundigen et que mon \u00e9cole se trouve dans la jolie vieille ville de la capitale. Durant ces six ann\u00e9es de navette, j\u2019avais toujours et [&hellip;]\" \/>\n<meta property=\"og:url\" content=\"https:\/\/swissbaker.ch\/fr\/panissimo-news\/en-chemin-en-train\/\" \/>\n<meta property=\"og:site_name\" content=\"SBC\" \/>\n<meta property=\"article:publisher\" content=\"https:\/\/www.facebook.com\/swissbaker.ch\" \/>\n<meta property=\"article:published_time\" content=\"2017-10-25T14:14:00+00:00\" \/>\n<meta property=\"article:modified_time\" content=\"2022-05-11T08:48:21+00:00\" \/>\n<meta property=\"og:image\" content=\"https:\/\/swissbaker.ch\/wp-content\/uploads\/2022\/04\/Antonia_Eichenberger_Selfie_10_2017.jpg\" \/>\n\t<meta property=\"og:image:width\" content=\"600\" \/>\n\t<meta property=\"og:image:height\" content=\"600\" \/>\n\t<meta property=\"og:image:type\" content=\"image\/jpeg\" \/>\n<meta name=\"author\" content=\"azureart\" \/>\n<meta name=\"twitter:card\" content=\"summary_large_image\" \/>\n<meta name=\"twitter:creator\" content=\"@ch_swissbaker\" \/>\n<meta name=\"twitter:site\" content=\"@ch_swissbaker\" \/>\n<meta name=\"twitter:label1\" content=\"Written by\" \/>\n\t<meta name=\"twitter:data1\" content=\"azureart\" \/>\n\t<meta name=\"twitter:label2\" content=\"Est. reading time\" \/>\n\t<meta name=\"twitter:data2\" content=\"2 minutes\" \/>\n<script type=\"application\/ld+json\" class=\"yoast-schema-graph\">{\"@context\":\"https:\/\/schema.org\",\"@graph\":[{\"@type\":\"Article\",\"@id\":\"https:\/\/swissbaker.ch\/fr\/panissimo-news\/en-chemin-en-train\/#article\",\"isPartOf\":{\"@id\":\"https:\/\/swissbaker.ch\/fr\/panissimo-news\/en-chemin-en-train\/\"},\"author\":{\"name\":\"azureart\",\"@id\":\"https:\/\/swissbaker.ch\/fr\/#\/schema\/person\/058ac47619f7da53df62aba60f939b78\"},\"headline\":\"En chemin, en train\",\"datePublished\":\"2017-10-25T14:14:00+00:00\",\"dateModified\":\"2022-05-11T08:48:21+00:00\",\"mainEntityOfPage\":{\"@id\":\"https:\/\/swissbaker.ch\/fr\/panissimo-news\/en-chemin-en-train\/\"},\"wordCount\":382,\"commentCount\":0,\"publisher\":{\"@id\":\"https:\/\/swissbaker.ch\/fr\/#organization\"},\"image\":{\"@id\":\"https:\/\/swissbaker.ch\/fr\/panissimo-news\/en-chemin-en-train\/#primaryimage\"},\"thumbnailUrl\":\"https:\/\/swissbaker.ch\/wp-content\/uploads\/2022\/04\/Antonia_Eichenberger_Selfie_10_2017.jpg\",\"articleSection\":[\"Formation\/Rel\u00e8ve\"],\"inLanguage\":\"fr-FR\",\"potentialAction\":[{\"@type\":\"CommentAction\",\"name\":\"Comment\",\"target\":[\"https:\/\/swissbaker.ch\/fr\/panissimo-news\/en-chemin-en-train\/#respond\"]}]},{\"@type\":\"WebPage\",\"@id\":\"https:\/\/swissbaker.ch\/fr\/panissimo-news\/en-chemin-en-train\/\",\"url\":\"https:\/\/swissbaker.ch\/fr\/panissimo-news\/en-chemin-en-train\/\",\"name\":\"En chemin, en train | SBC\",\"isPartOf\":{\"@id\":\"https:\/\/swissbaker.ch\/fr\/#website\"},\"primaryImageOfPage\":{\"@id\":\"https:\/\/swissbaker.ch\/fr\/panissimo-news\/en-chemin-en-train\/#primaryimage\"},\"image\":{\"@id\":\"https:\/\/swissbaker.ch\/fr\/panissimo-news\/en-chemin-en-train\/#primaryimage\"},\"thumbnailUrl\":\"https:\/\/swissbaker.ch\/wp-content\/uploads\/2022\/04\/Antonia_Eichenberger_Selfie_10_2017.jpg\",\"datePublished\":\"2017-10-25T14:14:00+00:00\",\"dateModified\":\"2022-05-11T08:48:21+00:00\",\"breadcrumb\":{\"@id\":\"https:\/\/swissbaker.ch\/fr\/panissimo-news\/en-chemin-en-train\/#breadcrumb\"},\"inLanguage\":\"fr-FR\",\"potentialAction\":[{\"@type\":\"ReadAction\",\"target\":[\"https:\/\/swissbaker.ch\/fr\/panissimo-news\/en-chemin-en-train\/\"]}]},{\"@type\":\"ImageObject\",\"inLanguage\":\"fr-FR\",\"@id\":\"https:\/\/swissbaker.ch\/fr\/panissimo-news\/en-chemin-en-train\/#primaryimage\",\"url\":\"https:\/\/swissbaker.ch\/wp-content\/uploads\/2022\/04\/Antonia_Eichenberger_Selfie_10_2017.jpg\",\"contentUrl\":\"https:\/\/swissbaker.ch\/wp-content\/uploads\/2022\/04\/Antonia_Eichenberger_Selfie_10_2017.jpg\",\"width\":600,\"height\":600,\"caption\":\"En chemin, en train\"},{\"@type\":\"BreadcrumbList\",\"@id\":\"https:\/\/swissbaker.ch\/fr\/panissimo-news\/en-chemin-en-train\/#breadcrumb\",\"itemListElement\":[{\"@type\":\"ListItem\",\"position\":1,\"name\":\"\",\"item\":\"https:\/\/swissbaker.ch\/fr\/\"},{\"@type\":\"ListItem\",\"position\":2,\"name\":\"Formation\/Rel\u00e8ve\",\"item\":\"https:\/\/swissbaker.ch\/fr\/panissimo-news\/category\/formation-releve\/\"},{\"@type\":\"ListItem\",\"position\":3,\"name\":\"En chemin, en train\"}]},{\"@type\":\"WebSite\",\"@id\":\"https:\/\/swissbaker.ch\/fr\/#website\",\"url\":\"https:\/\/swissbaker.ch\/fr\/\",\"name\":\"SBC\",\"description\":\"\",\"publisher\":{\"@id\":\"https:\/\/swissbaker.ch\/fr\/#organization\"},\"potentialAction\":[{\"@type\":\"SearchAction\",\"target\":{\"@type\":\"EntryPoint\",\"urlTemplate\":\"https:\/\/swissbaker.ch\/fr\/?s={search_term_string}\"},\"query-input\":{\"@type\":\"PropertyValueSpecification\",\"valueRequired\":true,\"valueName\":\"search_term_string\"}}],\"inLanguage\":\"fr-FR\"},{\"@type\":\"Organization\",\"@id\":\"https:\/\/swissbaker.ch\/fr\/#organization\",\"name\":\"Schweizerischer B\u00e4cker-Confiseurmeister-Verband\",\"url\":\"https:\/\/swissbaker.ch\/fr\/\",\"logo\":{\"@type\":\"ImageObject\",\"inLanguage\":\"fr-FR\",\"@id\":\"https:\/\/swissbaker.ch\/fr\/#\/schema\/logo\/image\/\",\"url\":\"https:\/\/swissbaker.ch\/wp-content\/uploads\/2022\/04\/sbc-logo-yoast.jpg\",\"contentUrl\":\"https:\/\/swissbaker.ch\/wp-content\/uploads\/2022\/04\/sbc-logo-yoast.jpg\",\"width\":512,\"height\":512,\"caption\":\"Schweizerischer B\u00e4cker-Confiseurmeister-Verband\"},\"image\":{\"@id\":\"https:\/\/swissbaker.ch\/fr\/#\/schema\/logo\/image\/\"},\"sameAs\":[\"https:\/\/www.facebook.com\/swissbaker.ch\",\"https:\/\/x.com\/ch_swissbaker\"]},{\"@type\":\"Person\",\"@id\":\"https:\/\/swissbaker.ch\/fr\/#\/schema\/person\/058ac47619f7da53df62aba60f939b78\",\"name\":\"azureart\",\"image\":{\"@type\":\"ImageObject\",\"inLanguage\":\"fr-FR\",\"@id\":\"https:\/\/swissbaker.ch\/fr\/#\/schema\/person\/image\/\",\"url\":\"https:\/\/secure.gravatar.com\/avatar\/be04dd3098fd612c83067af4f7a295384c93cb6a9112f51beb9d2f477d25da61?s=96&d=mm&r=g\",\"contentUrl\":\"https:\/\/secure.gravatar.com\/avatar\/be04dd3098fd612c83067af4f7a295384c93cb6a9112f51beb9d2f477d25da61?s=96&d=mm&r=g\",\"caption\":\"azureart\"},\"sameAs\":[\"https:\/\/swissbaker.ch\"],\"url\":\"https:\/\/swissbaker.ch\/fr\/panissimo-news\/author\/pixel-ahoi\/\"}]}<\/script>\n<!-- \/ Yoast SEO Premium plugin. -->","yoast_head_json":{"title":"En chemin, en train | SBC","robots":{"index":"index","follow":"follow","max-snippet":"max-snippet:-1","max-image-preview":"max-image-preview:large","max-video-preview":"max-video-preview:-1"},"canonical":"https:\/\/swissbaker.ch\/fr\/panissimo-news\/en-chemin-en-train\/","og_locale":"fr_FR","og_type":"article","og_title":"En chemin, en train","og_description":"Depuis environ six ans, je prends chaque jour le train en direction de Berne. Auparavant, parce que j\u2019allais au coll\u00e8ge \u00e0 Berne et que je travaillais le week-end \u00e0 Konolfingen, aujourd\u2019hui parce que je travaille \u00e0 Ostermundigen et que mon \u00e9cole se trouve dans la jolie vieille ville de la capitale. Durant ces six ann\u00e9es de navette, j\u2019avais toujours et [&hellip;]","og_url":"https:\/\/swissbaker.ch\/fr\/panissimo-news\/en-chemin-en-train\/","og_site_name":"SBC","article_publisher":"https:\/\/www.facebook.com\/swissbaker.ch","article_published_time":"2017-10-25T14:14:00+00:00","article_modified_time":"2022-05-11T08:48:21+00:00","og_image":[{"width":600,"height":600,"url":"https:\/\/swissbaker.ch\/wp-content\/uploads\/2022\/04\/Antonia_Eichenberger_Selfie_10_2017.jpg","type":"image\/jpeg"}],"author":"azureart","twitter_card":"summary_large_image","twitter_creator":"@ch_swissbaker","twitter_site":"@ch_swissbaker","twitter_misc":{"Written by":"azureart","Est. reading time":"2 minutes"},"schema":{"@context":"https:\/\/schema.org","@graph":[{"@type":"Article","@id":"https:\/\/swissbaker.ch\/fr\/panissimo-news\/en-chemin-en-train\/#article","isPartOf":{"@id":"https:\/\/swissbaker.ch\/fr\/panissimo-news\/en-chemin-en-train\/"},"author":{"name":"azureart","@id":"https:\/\/swissbaker.ch\/fr\/#\/schema\/person\/058ac47619f7da53df62aba60f939b78"},"headline":"En chemin, en train","datePublished":"2017-10-25T14:14:00+00:00","dateModified":"2022-05-11T08:48:21+00:00","mainEntityOfPage":{"@id":"https:\/\/swissbaker.ch\/fr\/panissimo-news\/en-chemin-en-train\/"},"wordCount":382,"commentCount":0,"publisher":{"@id":"https:\/\/swissbaker.ch\/fr\/#organization"},"image":{"@id":"https:\/\/swissbaker.ch\/fr\/panissimo-news\/en-chemin-en-train\/#primaryimage"},"thumbnailUrl":"https:\/\/swissbaker.ch\/wp-content\/uploads\/2022\/04\/Antonia_Eichenberger_Selfie_10_2017.jpg","articleSection":["Formation\/Rel\u00e8ve"],"inLanguage":"fr-FR","potentialAction":[{"@type":"CommentAction","name":"Comment","target":["https:\/\/swissbaker.ch\/fr\/panissimo-news\/en-chemin-en-train\/#respond"]}]},{"@type":"WebPage","@id":"https:\/\/swissbaker.ch\/fr\/panissimo-news\/en-chemin-en-train\/","url":"https:\/\/swissbaker.ch\/fr\/panissimo-news\/en-chemin-en-train\/","name":"En chemin, en train | SBC","isPartOf":{"@id":"https:\/\/swissbaker.ch\/fr\/#website"},"primaryImageOfPage":{"@id":"https:\/\/swissbaker.ch\/fr\/panissimo-news\/en-chemin-en-train\/#primaryimage"},"image":{"@id":"https:\/\/swissbaker.ch\/fr\/panissimo-news\/en-chemin-en-train\/#primaryimage"},"thumbnailUrl":"https:\/\/swissbaker.ch\/wp-content\/uploads\/2022\/04\/Antonia_Eichenberger_Selfie_10_2017.jpg","datePublished":"2017-10-25T14:14:00+00:00","dateModified":"2022-05-11T08:48:21+00:00","breadcrumb":{"@id":"https:\/\/swissbaker.ch\/fr\/panissimo-news\/en-chemin-en-train\/#breadcrumb"},"inLanguage":"fr-FR","potentialAction":[{"@type":"ReadAction","target":["https:\/\/swissbaker.ch\/fr\/panissimo-news\/en-chemin-en-train\/"]}]},{"@type":"ImageObject","inLanguage":"fr-FR","@id":"https:\/\/swissbaker.ch\/fr\/panissimo-news\/en-chemin-en-train\/#primaryimage","url":"https:\/\/swissbaker.ch\/wp-content\/uploads\/2022\/04\/Antonia_Eichenberger_Selfie_10_2017.jpg","contentUrl":"https:\/\/swissbaker.ch\/wp-content\/uploads\/2022\/04\/Antonia_Eichenberger_Selfie_10_2017.jpg","width":600,"height":600,"caption":"En chemin, en train"},{"@type":"BreadcrumbList","@id":"https:\/\/swissbaker.ch\/fr\/panissimo-news\/en-chemin-en-train\/#breadcrumb","itemListElement":[{"@type":"ListItem","position":1,"name":"","item":"https:\/\/swissbaker.ch\/fr\/"},{"@type":"ListItem","position":2,"name":"Formation\/Rel\u00e8ve","item":"https:\/\/swissbaker.ch\/fr\/panissimo-news\/category\/formation-releve\/"},{"@type":"ListItem","position":3,"name":"En chemin, en train"}]},{"@type":"WebSite","@id":"https:\/\/swissbaker.ch\/fr\/#website","url":"https:\/\/swissbaker.ch\/fr\/","name":"SBC","description":"","publisher":{"@id":"https:\/\/swissbaker.ch\/fr\/#organization"},"potentialAction":[{"@type":"SearchAction","target":{"@type":"EntryPoint","urlTemplate":"https:\/\/swissbaker.ch\/fr\/?s={search_term_string}"},"query-input":{"@type":"PropertyValueSpecification","valueRequired":true,"valueName":"search_term_string"}}],"inLanguage":"fr-FR"},{"@type":"Organization","@id":"https:\/\/swissbaker.ch\/fr\/#organization","name":"Schweizerischer B\u00e4cker-Confiseurmeister-Verband","url":"https:\/\/swissbaker.ch\/fr\/","logo":{"@type":"ImageObject","inLanguage":"fr-FR","@id":"https:\/\/swissbaker.ch\/fr\/#\/schema\/logo\/image\/","url":"https:\/\/swissbaker.ch\/wp-content\/uploads\/2022\/04\/sbc-logo-yoast.jpg","contentUrl":"https:\/\/swissbaker.ch\/wp-content\/uploads\/2022\/04\/sbc-logo-yoast.jpg","width":512,"height":512,"caption":"Schweizerischer B\u00e4cker-Confiseurmeister-Verband"},"image":{"@id":"https:\/\/swissbaker.ch\/fr\/#\/schema\/logo\/image\/"},"sameAs":["https:\/\/www.facebook.com\/swissbaker.ch","https:\/\/x.com\/ch_swissbaker"]},{"@type":"Person","@id":"https:\/\/swissbaker.ch\/fr\/#\/schema\/person\/058ac47619f7da53df62aba60f939b78","name":"azureart","image":{"@type":"ImageObject","inLanguage":"fr-FR","@id":"https:\/\/swissbaker.ch\/fr\/#\/schema\/person\/image\/","url":"https:\/\/secure.gravatar.com\/avatar\/be04dd3098fd612c83067af4f7a295384c93cb6a9112f51beb9d2f477d25da61?s=96&d=mm&r=g","contentUrl":"https:\/\/secure.gravatar.com\/avatar\/be04dd3098fd612c83067af4f7a295384c93cb6a9112f51beb9d2f477d25da61?s=96&d=mm&r=g","caption":"azureart"},"sameAs":["https:\/\/swissbaker.ch"],"url":"https:\/\/swissbaker.ch\/fr\/panissimo-news\/author\/pixel-ahoi\/"}]}},"_links":{"self":[{"href":"https:\/\/swissbaker.ch\/fr\/wp-json\/wp\/v2\/posts\/8730","targetHints":{"allow":["GET"]}}],"collection":[{"href":"https:\/\/swissbaker.ch\/fr\/wp-json\/wp\/v2\/posts"}],"about":[{"href":"https:\/\/swissbaker.ch\/fr\/wp-json\/wp\/v2\/types\/post"}],"author":[{"embeddable":true,"href":"https:\/\/swissbaker.ch\/fr\/wp-json\/wp\/v2\/users\/1"}],"replies":[{"embeddable":true,"href":"https:\/\/swissbaker.ch\/fr\/wp-json\/wp\/v2\/comments?post=8730"}],"version-history":[{"count":0,"href":"https:\/\/swissbaker.ch\/fr\/wp-json\/wp\/v2\/posts\/8730\/revisions"}],"wp:featuredmedia":[{"embeddable":true,"href":"https:\/\/swissbaker.ch\/fr\/wp-json\/wp\/v2\/media\/6312"}],"wp:attachment":[{"href":"https:\/\/swissbaker.ch\/fr\/wp-json\/wp\/v2\/media?parent=8730"}],"wp:term":[{"taxonomy":"category","embeddable":true,"href":"https:\/\/swissbaker.ch\/fr\/wp-json\/wp\/v2\/categories?post=8730"},{"taxonomy":"post_tag","embeddable":true,"href":"https:\/\/swissbaker.ch\/fr\/wp-json\/wp\/v2\/tags?post=8730"}],"curies":[{"name":"wp","href":"https:\/\/api.w.org\/{rel}","templated":true}]}}