{"id":8727,"date":"2021-03-26T10:06:00","date_gmt":"2021-03-26T09:06:00","guid":{"rendered":"https:\/\/swissbaker.ch\/?p=8727"},"modified":"2022-05-11T10:47:16","modified_gmt":"2022-05-11T08:47:16","slug":"mise-a-jour-de-lindemnite-en-cas-de-rht","status":"publish","type":"post","link":"https:\/\/swissbaker.ch\/fr\/panissimo-news\/mise-a-jour-de-lindemnite-en-cas-de-rht\/","title":{"rendered":"Mise \u00e0 jour de l\u2019indemnit\u00e9 en cas de RHT"},"content":{"rendered":"\n<p><strong>L\u2019\u00e9dition du 24\u202fmars de \u00ab\u2009panissimo\u2009\u00bb a d\u00e9j\u00e0 mentionn\u00e9 la prolongation jusqu\u2019au 30\u202fjuin de la proc\u00e9dure simplifi\u00e9e pour l\u2019indemnit\u00e9 en cas de r\u00e9duction de l\u2019horaire de travail (RHT) et de la suppression du d\u00e9lai d\u2019attente.<\/strong><\/p>\n\n\n\n<p>En outre, il faut tenir compte des changements suivants en mati\u00e8re d\u2019autorisation et de dur\u00e9e d\u2019autorisation\u2009:<\/p>\n\n\n\n<ol class=\"wp-block-list\"><li>Le d\u00e9lai de pr\u00e9avis concernant la r\u00e9duction de l\u2019horaire de travail est suspendu avec effet r\u00e9troactif du 1er\u202fseptembre 2020 au 31\u202fd\u00e9cembre 2021. Attention\u2009: la condition pour b\u00e9n\u00e9ficier des indemnit\u00e9s en cas de r\u00e9duction de l\u2019horaire de travail reste le pr\u00e9avis. A l\u2019avenir, le formulaire de pr\u00e9avis devra parvenir au service cantonal au plus tard le jour de l\u2019introduction du ch\u00f4mage partiel (d\u00e9but du ch\u00f4mage partiel). (Remarque\u2009: le d\u00e9lai de pr\u00e9avis toujours mentionn\u00e9 dans le nouveau formulaire de pr\u00e9avis du 19\u202fmars 2021 n\u2019est pas pertinent).<br><\/li><li>La RHT est accord\u00e9e pour plus de 3 mois, 6 mois au maximum jusqu\u2019au 31\u202fd\u00e9cembre 2021 au plus tard (pour les autorisations existantes \u00e0 partir du 1er\u202fseptembre 2020 et pour les autorisations accord\u00e9es ult\u00e9rieurement \u00e9galement avec effet r\u00e9troactif au 1er\u202fseptembre).<br><\/li><li>Les entreprises concern\u00e9es par les mesures d\u00e9cid\u00e9es par les autorit\u00e9s depuis le 18\u202fd\u00e9cembre 2020 (ou ult\u00e9rieurement) peuvent demander ult\u00e9rieurement le pr\u00e9avis pour la RHT avec effet r\u00e9troactif depuis l\u2019entr\u00e9e en vigueur des mesures correspondantes prises par les autorit\u00e9s. Une autorisation pr\u00e9existante n\u2019est pas exig\u00e9e.<\/li><\/ol>\n\n\n\n<p>Pour les entreprises souhaitant demander une RHT plus \u00e9tendue en raison des changements susmentionn\u00e9s, il faut<\/p>\n\n\n\n<ul class=\"wp-block-list\"><li>demander \u00e0 l\u2019autorit\u00e9 cantonale comp\u00e9tente une modification de l\u2019autorisation existante au moyen du formulaire pr\u00e9vu sp\u00e9cialement \u00e0 cet effet \u00ab\u2009Demande de modification de l\u2019autorisation de r\u00e9duction de l\u2019horaire de travail\u2009\u00bb\u2009; s\u2019il n\u2019existe pas encore d\u2019autorisation (voir changement 3), il faut demander un nouveau pr\u00e9avis au moyen du formulaire de pr\u00e9avis habituel \u00ab\u2009COVID-19 Pr\u00e9avis de r\u00e9duction de l\u2019horaire de travail\u2009\u00bb.<br><\/li><li>en plus refaire le d\u00e9compte de la RHT aupr\u00e8s de la caisse de ch\u00f4mage, au moyen du formulaire habituel \u00ab\u2009Demande et d\u00e9compte de l\u2019indemnit\u00e9 en cas de RHT\u2009\u00bb, avec l\u2019ensemble des heures perdues \u00e0 nouveau indiqu\u00e9es dans leur int\u00e9gralit\u00e9 pour tout le mois.<\/li><\/ul>\n\n\n\n<p><strong>Attention\u2009: les deux (modification de l\u2019autorisation existante, respectivement pr\u00e9avis et nouveau d\u00e9compte) doivent imp\u00e9rativement \u00eatre remis jusqu\u2019au 30\u202favril 2021 (par courrier recommand\u00e9 pour prouver le respect du d\u00e9lai\u2009!).<\/strong><\/p>\n\n\n\n<p>Tous les formulaires sont disponibles <a href=\"https:\/\/www.arbeit.swiss\/secoalv\/fr\/home\/service\/formulare\/fuer-arbeitgeber\/kae-covid-19.html\" target=\"_blank\" rel=\"noreferrer noopener\">bit.ly\/3fk7ex<\/a>c. Le service juridique se tient \u00e0 votre enti\u00e8re disposition pour r\u00e9pondre \u00e0 vos questions.<\/p>\n","protected":false},"excerpt":{"rendered":"<p>L\u2019\u00e9dition du 24\u202fmars de \u00ab\u2009panissimo\u2009\u00bb a d\u00e9j\u00e0 mentionn\u00e9 la prolongation jusqu\u2019au 30\u202fjuin de la proc\u00e9dure simplifi\u00e9e pour l\u2019indemnit\u00e9 en cas de r\u00e9duction de l\u2019horaire de travail (RHT) et de la suppression du d\u00e9lai d\u2019attente. En outre, il faut tenir compte des changements suivants en mati\u00e8re d\u2019autorisation et de dur\u00e9e d\u2019autorisation\u2009: Le d\u00e9lai de pr\u00e9avis concernant la r\u00e9duction de l\u2019horaire de [&hellip;]<\/p>\n","protected":false},"author":1,"featured_media":5377,"comment_status":"open","ping_status":"closed","sticky":false,"template":"","format":"standard","meta":{"_acf_changed":false,"footnotes":""},"categories":[44],"tags":[],"class_list":["post-8727","post","type-post","status-publish","format-standard","has-post-thumbnail","hentry","category-droit-politique"],"acf":[],"yoast_head":"<!-- This site is optimized with the Yoast SEO Premium plugin v26.8 (Yoast SEO v26.8) - https:\/\/yoast.com\/product\/yoast-seo-premium-wordpress\/ -->\n<title>Mise \u00e0 jour de l\u2019indemnit\u00e9 en cas de RHT | SBC<\/title>\n<meta name=\"robots\" content=\"index, follow, max-snippet:-1, max-image-preview:large, max-video-preview:-1\" \/>\n<link rel=\"canonical\" href=\"https:\/\/swissbaker.ch\/fr\/panissimo-news\/mise-a-jour-de-lindemnite-en-cas-de-rht\/\" \/>\n<meta property=\"og:locale\" content=\"fr_FR\" \/>\n<meta property=\"og:type\" content=\"article\" \/>\n<meta property=\"og:title\" content=\"Mise \u00e0 jour de l\u2019indemnit\u00e9 en cas de RHT\" \/>\n<meta property=\"og:description\" content=\"L\u2019\u00e9dition du 24\u202fmars de \u00ab\u2009panissimo\u2009\u00bb a d\u00e9j\u00e0 mentionn\u00e9 la prolongation jusqu\u2019au 30\u202fjuin de la proc\u00e9dure simplifi\u00e9e pour l\u2019indemnit\u00e9 en cas de r\u00e9duction de l\u2019horaire de travail (RHT) et de la suppression du d\u00e9lai d\u2019attente. En outre, il faut tenir compte des changements suivants en mati\u00e8re d\u2019autorisation et de dur\u00e9e d\u2019autorisation\u2009: Le d\u00e9lai de pr\u00e9avis concernant la r\u00e9duction de l\u2019horaire de [&hellip;]\" \/>\n<meta property=\"og:url\" content=\"https:\/\/swissbaker.ch\/fr\/panissimo-news\/mise-a-jour-de-lindemnite-en-cas-de-rht\/\" \/>\n<meta property=\"og:site_name\" content=\"SBC\" \/>\n<meta property=\"article:publisher\" content=\"https:\/\/www.facebook.com\/swissbaker.ch\" \/>\n<meta property=\"article:published_time\" content=\"2021-03-26T09:06:00+00:00\" \/>\n<meta property=\"article:modified_time\" content=\"2022-05-11T08:47:16+00:00\" \/>\n<meta property=\"og:image\" content=\"https:\/\/swissbaker.ch\/wp-content\/uploads\/2022\/03\/6_2_kurzarbeit-2.jpeg\" \/>\n\t<meta property=\"og:image:width\" content=\"800\" \/>\n\t<meta property=\"og:image:height\" content=\"474\" \/>\n\t<meta property=\"og:image:type\" content=\"image\/jpeg\" \/>\n<meta name=\"author\" content=\"azureart\" \/>\n<meta name=\"twitter:card\" content=\"summary_large_image\" \/>\n<meta name=\"twitter:creator\" content=\"@ch_swissbaker\" \/>\n<meta name=\"twitter:site\" content=\"@ch_swissbaker\" \/>\n<meta name=\"twitter:label1\" content=\"Written by\" \/>\n\t<meta name=\"twitter:data1\" content=\"azureart\" \/>\n\t<meta name=\"twitter:label2\" content=\"Est. reading time\" \/>\n\t<meta name=\"twitter:data2\" content=\"3 minutes\" \/>\n<script type=\"application\/ld+json\" class=\"yoast-schema-graph\">{\"@context\":\"https:\/\/schema.org\",\"@graph\":[{\"@type\":\"Article\",\"@id\":\"https:\/\/swissbaker.ch\/fr\/panissimo-news\/mise-a-jour-de-lindemnite-en-cas-de-rht\/#article\",\"isPartOf\":{\"@id\":\"https:\/\/swissbaker.ch\/fr\/panissimo-news\/mise-a-jour-de-lindemnite-en-cas-de-rht\/\"},\"author\":{\"name\":\"azureart\",\"@id\":\"https:\/\/swissbaker.ch\/fr\/#\/schema\/person\/058ac47619f7da53df62aba60f939b78\"},\"headline\":\"Mise \u00e0 jour de l\u2019indemnit\u00e9 en cas de RHT\",\"datePublished\":\"2021-03-26T09:06:00+00:00\",\"dateModified\":\"2022-05-11T08:47:16+00:00\",\"mainEntityOfPage\":{\"@id\":\"https:\/\/swissbaker.ch\/fr\/panissimo-news\/mise-a-jour-de-lindemnite-en-cas-de-rht\/\"},\"wordCount\":473,\"commentCount\":0,\"publisher\":{\"@id\":\"https:\/\/swissbaker.ch\/fr\/#organization\"},\"image\":{\"@id\":\"https:\/\/swissbaker.ch\/fr\/panissimo-news\/mise-a-jour-de-lindemnite-en-cas-de-rht\/#primaryimage\"},\"thumbnailUrl\":\"https:\/\/swissbaker.ch\/wp-content\/uploads\/2022\/03\/6_2_kurzarbeit-2.jpeg\",\"articleSection\":[\"Droit &amp; politique\"],\"inLanguage\":\"fr-FR\",\"potentialAction\":[{\"@type\":\"CommentAction\",\"name\":\"Comment\",\"target\":[\"https:\/\/swissbaker.ch\/fr\/panissimo-news\/mise-a-jour-de-lindemnite-en-cas-de-rht\/#respond\"]}]},{\"@type\":\"WebPage\",\"@id\":\"https:\/\/swissbaker.ch\/fr\/panissimo-news\/mise-a-jour-de-lindemnite-en-cas-de-rht\/\",\"url\":\"https:\/\/swissbaker.ch\/fr\/panissimo-news\/mise-a-jour-de-lindemnite-en-cas-de-rht\/\",\"name\":\"Mise \u00e0 jour de l\u2019indemnit\u00e9 en cas de RHT | SBC\",\"isPartOf\":{\"@id\":\"https:\/\/swissbaker.ch\/fr\/#website\"},\"primaryImageOfPage\":{\"@id\":\"https:\/\/swissbaker.ch\/fr\/panissimo-news\/mise-a-jour-de-lindemnite-en-cas-de-rht\/#primaryimage\"},\"image\":{\"@id\":\"https:\/\/swissbaker.ch\/fr\/panissimo-news\/mise-a-jour-de-lindemnite-en-cas-de-rht\/#primaryimage\"},\"thumbnailUrl\":\"https:\/\/swissbaker.ch\/wp-content\/uploads\/2022\/03\/6_2_kurzarbeit-2.jpeg\",\"datePublished\":\"2021-03-26T09:06:00+00:00\",\"dateModified\":\"2022-05-11T08:47:16+00:00\",\"breadcrumb\":{\"@id\":\"https:\/\/swissbaker.ch\/fr\/panissimo-news\/mise-a-jour-de-lindemnite-en-cas-de-rht\/#breadcrumb\"},\"inLanguage\":\"fr-FR\",\"potentialAction\":[{\"@type\":\"ReadAction\",\"target\":[\"https:\/\/swissbaker.ch\/fr\/panissimo-news\/mise-a-jour-de-lindemnite-en-cas-de-rht\/\"]}]},{\"@type\":\"ImageObject\",\"inLanguage\":\"fr-FR\",\"@id\":\"https:\/\/swissbaker.ch\/fr\/panissimo-news\/mise-a-jour-de-lindemnite-en-cas-de-rht\/#primaryimage\",\"url\":\"https:\/\/swissbaker.ch\/wp-content\/uploads\/2022\/03\/6_2_kurzarbeit-2.jpeg\",\"contentUrl\":\"https:\/\/swissbaker.ch\/wp-content\/uploads\/2022\/03\/6_2_kurzarbeit-2.jpeg\",\"width\":800,\"height\":474,\"caption\":\"Mise \u00e0 jour de l\u2019indemnit\u00e9 en cas de RHT\"},{\"@type\":\"BreadcrumbList\",\"@id\":\"https:\/\/swissbaker.ch\/fr\/panissimo-news\/mise-a-jour-de-lindemnite-en-cas-de-rht\/#breadcrumb\",\"itemListElement\":[{\"@type\":\"ListItem\",\"position\":1,\"name\":\"\",\"item\":\"https:\/\/swissbaker.ch\/fr\/\"},{\"@type\":\"ListItem\",\"position\":2,\"name\":\"Droit &amp; politique\",\"item\":\"https:\/\/swissbaker.ch\/fr\/panissimo-news\/category\/droit-politique\/\"},{\"@type\":\"ListItem\",\"position\":3,\"name\":\"Mise \u00e0 jour de l\u2019indemnit\u00e9 en cas de RHT\"}]},{\"@type\":\"WebSite\",\"@id\":\"https:\/\/swissbaker.ch\/fr\/#website\",\"url\":\"https:\/\/swissbaker.ch\/fr\/\",\"name\":\"SBC\",\"description\":\"\",\"publisher\":{\"@id\":\"https:\/\/swissbaker.ch\/fr\/#organization\"},\"potentialAction\":[{\"@type\":\"SearchAction\",\"target\":{\"@type\":\"EntryPoint\",\"urlTemplate\":\"https:\/\/swissbaker.ch\/fr\/?s={search_term_string}\"},\"query-input\":{\"@type\":\"PropertyValueSpecification\",\"valueRequired\":true,\"valueName\":\"search_term_string\"}}],\"inLanguage\":\"fr-FR\"},{\"@type\":\"Organization\",\"@id\":\"https:\/\/swissbaker.ch\/fr\/#organization\",\"name\":\"Schweizerischer B\u00e4cker-Confiseurmeister-Verband\",\"url\":\"https:\/\/swissbaker.ch\/fr\/\",\"logo\":{\"@type\":\"ImageObject\",\"inLanguage\":\"fr-FR\",\"@id\":\"https:\/\/swissbaker.ch\/fr\/#\/schema\/logo\/image\/\",\"url\":\"https:\/\/swissbaker.ch\/wp-content\/uploads\/2022\/04\/sbc-logo-yoast.jpg\",\"contentUrl\":\"https:\/\/swissbaker.ch\/wp-content\/uploads\/2022\/04\/sbc-logo-yoast.jpg\",\"width\":512,\"height\":512,\"caption\":\"Schweizerischer B\u00e4cker-Confiseurmeister-Verband\"},\"image\":{\"@id\":\"https:\/\/swissbaker.ch\/fr\/#\/schema\/logo\/image\/\"},\"sameAs\":[\"https:\/\/www.facebook.com\/swissbaker.ch\",\"https:\/\/x.com\/ch_swissbaker\"]},{\"@type\":\"Person\",\"@id\":\"https:\/\/swissbaker.ch\/fr\/#\/schema\/person\/058ac47619f7da53df62aba60f939b78\",\"name\":\"azureart\",\"image\":{\"@type\":\"ImageObject\",\"inLanguage\":\"fr-FR\",\"@id\":\"https:\/\/swissbaker.ch\/fr\/#\/schema\/person\/image\/\",\"url\":\"https:\/\/secure.gravatar.com\/avatar\/be04dd3098fd612c83067af4f7a295384c93cb6a9112f51beb9d2f477d25da61?s=96&d=mm&r=g\",\"contentUrl\":\"https:\/\/secure.gravatar.com\/avatar\/be04dd3098fd612c83067af4f7a295384c93cb6a9112f51beb9d2f477d25da61?s=96&d=mm&r=g\",\"caption\":\"azureart\"},\"sameAs\":[\"https:\/\/swissbaker.ch\"],\"url\":\"https:\/\/swissbaker.ch\/fr\/panissimo-news\/author\/pixel-ahoi\/\"}]}<\/script>\n<!-- \/ Yoast SEO Premium plugin. -->","yoast_head_json":{"title":"Mise \u00e0 jour de l\u2019indemnit\u00e9 en cas de RHT | SBC","robots":{"index":"index","follow":"follow","max-snippet":"max-snippet:-1","max-image-preview":"max-image-preview:large","max-video-preview":"max-video-preview:-1"},"canonical":"https:\/\/swissbaker.ch\/fr\/panissimo-news\/mise-a-jour-de-lindemnite-en-cas-de-rht\/","og_locale":"fr_FR","og_type":"article","og_title":"Mise \u00e0 jour de l\u2019indemnit\u00e9 en cas de RHT","og_description":"L\u2019\u00e9dition du 24\u202fmars de \u00ab\u2009panissimo\u2009\u00bb a d\u00e9j\u00e0 mentionn\u00e9 la prolongation jusqu\u2019au 30\u202fjuin de la proc\u00e9dure simplifi\u00e9e pour l\u2019indemnit\u00e9 en cas de r\u00e9duction de l\u2019horaire de travail (RHT) et de la suppression du d\u00e9lai d\u2019attente. En outre, il faut tenir compte des changements suivants en mati\u00e8re d\u2019autorisation et de dur\u00e9e d\u2019autorisation\u2009: Le d\u00e9lai de pr\u00e9avis concernant la r\u00e9duction de l\u2019horaire de [&hellip;]","og_url":"https:\/\/swissbaker.ch\/fr\/panissimo-news\/mise-a-jour-de-lindemnite-en-cas-de-rht\/","og_site_name":"SBC","article_publisher":"https:\/\/www.facebook.com\/swissbaker.ch","article_published_time":"2021-03-26T09:06:00+00:00","article_modified_time":"2022-05-11T08:47:16+00:00","og_image":[{"width":800,"height":474,"url":"https:\/\/swissbaker.ch\/wp-content\/uploads\/2022\/03\/6_2_kurzarbeit-2.jpeg","type":"image\/jpeg"}],"author":"azureart","twitter_card":"summary_large_image","twitter_creator":"@ch_swissbaker","twitter_site":"@ch_swissbaker","twitter_misc":{"Written by":"azureart","Est. reading time":"3 minutes"},"schema":{"@context":"https:\/\/schema.org","@graph":[{"@type":"Article","@id":"https:\/\/swissbaker.ch\/fr\/panissimo-news\/mise-a-jour-de-lindemnite-en-cas-de-rht\/#article","isPartOf":{"@id":"https:\/\/swissbaker.ch\/fr\/panissimo-news\/mise-a-jour-de-lindemnite-en-cas-de-rht\/"},"author":{"name":"azureart","@id":"https:\/\/swissbaker.ch\/fr\/#\/schema\/person\/058ac47619f7da53df62aba60f939b78"},"headline":"Mise \u00e0 jour de l\u2019indemnit\u00e9 en cas de RHT","datePublished":"2021-03-26T09:06:00+00:00","dateModified":"2022-05-11T08:47:16+00:00","mainEntityOfPage":{"@id":"https:\/\/swissbaker.ch\/fr\/panissimo-news\/mise-a-jour-de-lindemnite-en-cas-de-rht\/"},"wordCount":473,"commentCount":0,"publisher":{"@id":"https:\/\/swissbaker.ch\/fr\/#organization"},"image":{"@id":"https:\/\/swissbaker.ch\/fr\/panissimo-news\/mise-a-jour-de-lindemnite-en-cas-de-rht\/#primaryimage"},"thumbnailUrl":"https:\/\/swissbaker.ch\/wp-content\/uploads\/2022\/03\/6_2_kurzarbeit-2.jpeg","articleSection":["Droit &amp; politique"],"inLanguage":"fr-FR","potentialAction":[{"@type":"CommentAction","name":"Comment","target":["https:\/\/swissbaker.ch\/fr\/panissimo-news\/mise-a-jour-de-lindemnite-en-cas-de-rht\/#respond"]}]},{"@type":"WebPage","@id":"https:\/\/swissbaker.ch\/fr\/panissimo-news\/mise-a-jour-de-lindemnite-en-cas-de-rht\/","url":"https:\/\/swissbaker.ch\/fr\/panissimo-news\/mise-a-jour-de-lindemnite-en-cas-de-rht\/","name":"Mise \u00e0 jour de l\u2019indemnit\u00e9 en cas de RHT | SBC","isPartOf":{"@id":"https:\/\/swissbaker.ch\/fr\/#website"},"primaryImageOfPage":{"@id":"https:\/\/swissbaker.ch\/fr\/panissimo-news\/mise-a-jour-de-lindemnite-en-cas-de-rht\/#primaryimage"},"image":{"@id":"https:\/\/swissbaker.ch\/fr\/panissimo-news\/mise-a-jour-de-lindemnite-en-cas-de-rht\/#primaryimage"},"thumbnailUrl":"https:\/\/swissbaker.ch\/wp-content\/uploads\/2022\/03\/6_2_kurzarbeit-2.jpeg","datePublished":"2021-03-26T09:06:00+00:00","dateModified":"2022-05-11T08:47:16+00:00","breadcrumb":{"@id":"https:\/\/swissbaker.ch\/fr\/panissimo-news\/mise-a-jour-de-lindemnite-en-cas-de-rht\/#breadcrumb"},"inLanguage":"fr-FR","potentialAction":[{"@type":"ReadAction","target":["https:\/\/swissbaker.ch\/fr\/panissimo-news\/mise-a-jour-de-lindemnite-en-cas-de-rht\/"]}]},{"@type":"ImageObject","inLanguage":"fr-FR","@id":"https:\/\/swissbaker.ch\/fr\/panissimo-news\/mise-a-jour-de-lindemnite-en-cas-de-rht\/#primaryimage","url":"https:\/\/swissbaker.ch\/wp-content\/uploads\/2022\/03\/6_2_kurzarbeit-2.jpeg","contentUrl":"https:\/\/swissbaker.ch\/wp-content\/uploads\/2022\/03\/6_2_kurzarbeit-2.jpeg","width":800,"height":474,"caption":"Mise \u00e0 jour de l\u2019indemnit\u00e9 en cas de RHT"},{"@type":"BreadcrumbList","@id":"https:\/\/swissbaker.ch\/fr\/panissimo-news\/mise-a-jour-de-lindemnite-en-cas-de-rht\/#breadcrumb","itemListElement":[{"@type":"ListItem","position":1,"name":"","item":"https:\/\/swissbaker.ch\/fr\/"},{"@type":"ListItem","position":2,"name":"Droit &amp; politique","item":"https:\/\/swissbaker.ch\/fr\/panissimo-news\/category\/droit-politique\/"},{"@type":"ListItem","position":3,"name":"Mise \u00e0 jour de l\u2019indemnit\u00e9 en cas de RHT"}]},{"@type":"WebSite","@id":"https:\/\/swissbaker.ch\/fr\/#website","url":"https:\/\/swissbaker.ch\/fr\/","name":"SBC","description":"","publisher":{"@id":"https:\/\/swissbaker.ch\/fr\/#organization"},"potentialAction":[{"@type":"SearchAction","target":{"@type":"EntryPoint","urlTemplate":"https:\/\/swissbaker.ch\/fr\/?s={search_term_string}"},"query-input":{"@type":"PropertyValueSpecification","valueRequired":true,"valueName":"search_term_string"}}],"inLanguage":"fr-FR"},{"@type":"Organization","@id":"https:\/\/swissbaker.ch\/fr\/#organization","name":"Schweizerischer B\u00e4cker-Confiseurmeister-Verband","url":"https:\/\/swissbaker.ch\/fr\/","logo":{"@type":"ImageObject","inLanguage":"fr-FR","@id":"https:\/\/swissbaker.ch\/fr\/#\/schema\/logo\/image\/","url":"https:\/\/swissbaker.ch\/wp-content\/uploads\/2022\/04\/sbc-logo-yoast.jpg","contentUrl":"https:\/\/swissbaker.ch\/wp-content\/uploads\/2022\/04\/sbc-logo-yoast.jpg","width":512,"height":512,"caption":"Schweizerischer B\u00e4cker-Confiseurmeister-Verband"},"image":{"@id":"https:\/\/swissbaker.ch\/fr\/#\/schema\/logo\/image\/"},"sameAs":["https:\/\/www.facebook.com\/swissbaker.ch","https:\/\/x.com\/ch_swissbaker"]},{"@type":"Person","@id":"https:\/\/swissbaker.ch\/fr\/#\/schema\/person\/058ac47619f7da53df62aba60f939b78","name":"azureart","image":{"@type":"ImageObject","inLanguage":"fr-FR","@id":"https:\/\/swissbaker.ch\/fr\/#\/schema\/person\/image\/","url":"https:\/\/secure.gravatar.com\/avatar\/be04dd3098fd612c83067af4f7a295384c93cb6a9112f51beb9d2f477d25da61?s=96&d=mm&r=g","contentUrl":"https:\/\/secure.gravatar.com\/avatar\/be04dd3098fd612c83067af4f7a295384c93cb6a9112f51beb9d2f477d25da61?s=96&d=mm&r=g","caption":"azureart"},"sameAs":["https:\/\/swissbaker.ch"],"url":"https:\/\/swissbaker.ch\/fr\/panissimo-news\/author\/pixel-ahoi\/"}]}},"_links":{"self":[{"href":"https:\/\/swissbaker.ch\/fr\/wp-json\/wp\/v2\/posts\/8727","targetHints":{"allow":["GET"]}}],"collection":[{"href":"https:\/\/swissbaker.ch\/fr\/wp-json\/wp\/v2\/posts"}],"about":[{"href":"https:\/\/swissbaker.ch\/fr\/wp-json\/wp\/v2\/types\/post"}],"author":[{"embeddable":true,"href":"https:\/\/swissbaker.ch\/fr\/wp-json\/wp\/v2\/users\/1"}],"replies":[{"embeddable":true,"href":"https:\/\/swissbaker.ch\/fr\/wp-json\/wp\/v2\/comments?post=8727"}],"version-history":[{"count":0,"href":"https:\/\/swissbaker.ch\/fr\/wp-json\/wp\/v2\/posts\/8727\/revisions"}],"wp:featuredmedia":[{"embeddable":true,"href":"https:\/\/swissbaker.ch\/fr\/wp-json\/wp\/v2\/media\/5377"}],"wp:attachment":[{"href":"https:\/\/swissbaker.ch\/fr\/wp-json\/wp\/v2\/media?parent=8727"}],"wp:term":[{"taxonomy":"category","embeddable":true,"href":"https:\/\/swissbaker.ch\/fr\/wp-json\/wp\/v2\/categories?post=8727"},{"taxonomy":"post_tag","embeddable":true,"href":"https:\/\/swissbaker.ch\/fr\/wp-json\/wp\/v2\/tags?post=8727"}],"curies":[{"name":"wp","href":"https:\/\/api.w.org\/{rel}","templated":true}]}}