{"id":8710,"date":"2021-04-08T09:26:00","date_gmt":"2021-04-08T07:26:00","guid":{"rendered":"https:\/\/swissbaker.ch\/?p=8710"},"modified":"2022-05-11T10:35:00","modified_gmt":"2022-05-11T08:35:00","slug":"impatientes-de-decouvrir-ce-que-leur-reserve-lavenir","status":"publish","type":"post","link":"https:\/\/swissbaker.ch\/fr\/panissimo-news\/impatientes-de-decouvrir-ce-que-leur-reserve-lavenir\/","title":{"rendered":"Impatientes de d\u00e9couvrir ce que leur r\u00e9serve l\u2019avenir"},"content":{"rendered":"\n<p><strong>Juliana Th\u00f6ny, Vera Stocker et Daniela F\u00e4ssler portent le titre de championne suisse depuis novembre dernier. \u00abpanissimo\u00bb a voulu savoir comment les jeunes femmes ont v\u00e9cu ces derniers mois et les objectifs qu\u2019elles visent pour la suite.<\/strong><\/p>\n\n\n\n<p>Les trois professionnelles de la branche Juliana Th\u00f6ny, Vera Stocker et Daniela F\u00e4ssler ont remport\u00e9 les championnats SwissSkills \u00e0 l\u2019\u00e9cole Richemont de Lucerne en novembre dernier.<\/p>\n\n\n\n<p><strong>Qu\u2019est-ce qui a chang\u00e9 depuis?<br>Juliana Th\u00f6ny, championne suisse en confiserie-p\u00e2tisserie, Confiserie Spr\u00fcngli AG, Dietikon:&nbsp;<\/strong>\u00abAu d\u00e9but de cette ann\u00e9e, j\u2019ai appris que j\u2019\u00e9tais qualifi\u00e9e pour participer aux WorldSkills 2022. Par cons\u00e9quent, les ann\u00e9es qui vont suivre seront automatiquement remplies de merveilleux projets.&nbsp;<br><strong>Vera Stocker, championne suisse en boulangerie-confiserie, Caf\u00e9 Koller AG, Sursee:&nbsp;<\/strong>\u00abDans les mois qui ont suivi, j\u2019ai \u00e9t\u00e9 surprise de voir combien de personnes \u00e9taient heureuses pour moi. Ce n\u2019est qu\u2019au fil du temps que j\u2019ai vraiment pu r\u00e9aliser que j\u2019avais gagn\u00e9.<br><strong>Daniela F\u00e4ssler, championne suisse en gestion du commerce de d\u00e9tail, Schefer B\u00e4ckerei-Konditorei AG, Einsiedeln:&nbsp;<\/strong>\u00abPas grand-chose dans le travail quotidien. J\u2019occupe toujours le m\u00eame poste dans le magasin qu\u2019avant les SwissSkills et je fais le m\u00eame travail. D\u2019ailleurs, j\u2019appr\u00e9cie aussi le fait que je ne b\u00e9n\u00e9ficie d\u2019aucun traitement sp\u00e9cial.&nbsp;<br>Dans ma vie personnelle, cependant, on me parle souvent de mon titre, dans le magasin ou ailleurs, et les gens sont tr\u00e8s int\u00e9ress\u00e9s. Je suis toujours tr\u00e8s heureuse de pouvoir en parler avec d\u2019autres personnes.<\/p>\n\n\n\n<p><strong>Qu\u2019avez-vous retenu des SwissSkills?<br>J. T.:&nbsp;<\/strong>J\u2019ai pu profiter de mon entra\u00eenement intensif et j\u2019ai beaucoup appris en r\u00e9partissant et en planifiant de mani\u00e8re autonome mes journ\u00e9es d\u2019entra\u00eenement, en faisant des essais et en am\u00e9liorant mes cr\u00e9ations.<br><strong>V. S.:<\/strong>&nbsp;Je retiens beaucoup de choses diff\u00e9rentes. D\u2019une part, j\u2019ai appris de nouvelles techniques gr\u00e2ce \u00e0 la pr\u00e9paration et j&#8217;ai compris qu\u2019il est payant d\u2019obtenir des avis diff\u00e9rents pour am\u00e9liorer un produit. D\u2019autre part, les SwissSkills eux-m\u00eames ont \u00e9t\u00e9 une exp\u00e9rience formidable. J\u2019ai appris \u00e0 g\u00e9rer ma nervosit\u00e9, \u00e0 me souvenir parfaitement de tout ce que j\u2019avais pratiqu\u00e9 au cours des derniers mois en trois jours et \u00e0 g\u00e9rer les situations impr\u00e9vues. Je pense que ces exp\u00e9riences seront \u00e9galement pr\u00e9cieuses dans ma vie professionnelle quotidienne.&nbsp;<br><strong>D. F.:<\/strong>&nbsp;Beaucoup, mais surtout du positif! D\u2019un point de vue professionnel, j\u2019ai pu apprendre beaucoup de nouvelles choses et am\u00e9liorer ou rafra\u00eechir d\u2019anciennes connaissances. J\u2019ai en particulier appris \u00e0 tout organiser et pr\u00e9parer moi-m\u00eame. Et aussi \u00e0 accepter de l\u2019aide au cours des pr\u00e9paratifs. Parce que seule, je ne serais pas arriv\u00e9e l\u00e0 o\u00f9 je suis maintenant.<br>En plus de cela, j\u2019ai rencontr\u00e9 beaucoup de personnes sympathiques de la branche. Je me suis fait de nouveaux amis, et je suis toujours en contact avec certains des participants. Je tiens \u00e0 dire que l\u2019ambiance de Richemont a \u00e9galement contribu\u00e9 \u00e0 ma victoire. Je me suis sentie tr\u00e8s \u00e0 l\u2019aise et je me suis beaucoup amus\u00e9e.<\/p>\n\n\n\n<p><strong>\u00c0 quoi ressemble une journ\u00e9e de travail normale aujourd\u2019hui?<br>J. T.:<\/strong>&nbsp;Je viens de terminer ma belle saison d\u2019hiver dans un h\u00f4tel 5 \u00e9toiles \u00e0 Gstaad. Je profite donc actuellement de passer du temps \u00e0 la maison avec ma famille, mes amis et nos chats. Avant de commencer \u00e0 l\u2019\u00e9cole Richemont de Lucerne en ao\u00fbt, je suis ouverte aux nouveaux d\u00e9fis qui se pr\u00e9senteront pendant cette p\u00e9riode. Je vais certainement passer mon temps libre \u00e0 \u00eatre cr\u00e9ative et \u00e0 profiter de la nature.<br><strong>V. S.:<\/strong>&nbsp;En ce moment, par exemple, je commence \u00e0 travailler \u00e0 trois heures et je pr\u00e9pare d\u2019abord des sandwichs ou des canap\u00e9s. Ensuite, chacun s\u2019entraide pour que les produits destin\u00e9s aux magasins soient pr\u00eats \u00e0 temps. Apr\u00e8s la pause petit d\u00e9jeuner, j\u2019aide soit \u00e0 la p\u00e2tisserie, par exemple \u00e0 faire des g\u00e2teaux ou des p\u00e2tisseries, soit au snack, soit \u00e0 la confiserie avec la production de lapins de P\u00e2ques. Mais cela va changer, car mon stage va bient\u00f4t se terminer. En raison de la pr\u00e9paration pour les WorldSkills 2022, j\u2019ai report\u00e9 l\u2019apprentissage compl\u00e9mentaire en confiserie-p\u00e2tisserie.<br><strong>D. F.:<\/strong>&nbsp;Il n\u2019y a pas de journ\u00e9e de travail \u00abnormale\u00bb pour moi. Selon l\u2019\u00e9quipe et le jour, j\u2019ai toujours diff\u00e9rentes responsabilit\u00e9s et t\u00e2ches \u00e0 accomplir. Gr\u00e2ce aux clients \u00e9galement, il n\u2019y a jamais un jour qui se ressemble \u00e0 un autre.&nbsp;<\/p>\n\n\n\n<p><strong>Quel est votre prochain objectif?<br>J. T.:<\/strong>&nbsp;Mon prochain objectif est de trouver un bel appartement \u00e0 Lucerne. Je me r\u00e9jouis \u00e9galement de mon futur lieu de travail, l\u2019\u00e9cole professionnelle Richemont. J\u2019ai h\u00e2te d\u2019\u00e9largir mes connaissances dans le domaine de la confiserie-p\u00e2tisserie.<br><strong>V. S.:&nbsp;<\/strong>Mon prochain objectif est de bien me pr\u00e9parer pour les WorldSkills et de le faire avec autant de plaisir que pour les SwissSkills.<br><strong>D. F.:<\/strong>&nbsp;Mon prochain objectif est assez particulier, car je vais m\u2019engager dans l\u2019arm\u00e9e cet \u00e9t\u00e9. L\u00e0-bas, je commencerai l\u2019\u00e9cole de recrues en juillet en tant qu\u2019aide m\u00e9dicale. Et dans cette entreprise, le voyage est pour moi la destination. Apr\u00e8s cela, cependant, je vois \u00e0 nouveau mon avenir dans la vente.<\/p>\n\n\n\n<p><strong>Que souhaitez-vous pour l\u2019avenir?<br>J. T.:<\/strong>&nbsp;Je me r\u00e9jouis vraiment de la p\u00e9riode \u00e0 venir. J\u2019aimerais me pr\u00e9parer de mani\u00e8re optimale aux Championnats du monde de 2022, afin d\u2019y repr\u00e9senter la Suisse avec beaucoup d\u2019enthousiasme. J\u2019esp\u00e8re atteindre mes objectifs personnels.<br><strong>V. S.:<\/strong>&nbsp;Mon souhait pour l&#8217;avenir est que j&#8217;aime ce que je fais et que je puisse r\u00e9aliser mes r\u00eaves.<br><strong>D. F.:<\/strong>&nbsp;Pour l\u2019avenir, je souhaite que la crise du coronavirus se termine enfin. La vie sociale me manque beaucoup. Boire une bi\u00e8re dans un restaurant avec un groupe d\u2019amis ou se rendre \u00e0 une f\u00eate sont des choses&nbsp;qui me manquent.<\/p>\n","protected":false},"excerpt":{"rendered":"<p>Juliana Th\u00f6ny, Vera Stocker et Daniela F\u00e4ssler portent le titre de championne suisse depuis novembre dernier. \u00abpanissimo\u00bb a voulu savoir comment les jeunes femmes ont v\u00e9cu ces derniers mois et les objectifs qu\u2019elles visent pour la suite. Les trois professionnelles de la branche Juliana Th\u00f6ny, Vera Stocker et Daniela F\u00e4ssler ont remport\u00e9 les championnats SwissSkills \u00e0 l\u2019\u00e9cole Richemont de Lucerne [&hellip;]<\/p>\n","protected":false},"author":1,"featured_media":5361,"comment_status":"open","ping_status":"closed","sticky":false,"template":"","format":"standard","meta":{"_acf_changed":false,"footnotes":""},"categories":[47],"tags":[],"class_list":["post-8710","post","type-post","status-publish","format-standard","has-post-thumbnail","hentry","category-formation-releve"],"acf":[],"yoast_head":"<!-- This site is optimized with the Yoast SEO Premium plugin v26.8 (Yoast SEO v26.8) - https:\/\/yoast.com\/product\/yoast-seo-premium-wordpress\/ -->\n<title>Impatientes de d\u00e9couvrir ce que leur r\u00e9serve l\u2019avenir | SBC<\/title>\n<meta name=\"robots\" content=\"index, follow, max-snippet:-1, max-image-preview:large, max-video-preview:-1\" \/>\n<link rel=\"canonical\" href=\"https:\/\/swissbaker.ch\/fr\/panissimo-news\/impatientes-de-decouvrir-ce-que-leur-reserve-lavenir\/\" \/>\n<meta property=\"og:locale\" content=\"fr_FR\" \/>\n<meta property=\"og:type\" content=\"article\" \/>\n<meta property=\"og:title\" content=\"Impatientes de d\u00e9couvrir ce que leur r\u00e9serve l\u2019avenir\" \/>\n<meta property=\"og:description\" content=\"Juliana Th\u00f6ny, Vera Stocker et Daniela F\u00e4ssler portent le titre de championne suisse depuis novembre dernier. \u00abpanissimo\u00bb a voulu savoir comment les jeunes femmes ont v\u00e9cu ces derniers mois et les objectifs qu\u2019elles visent pour la suite. Les trois professionnelles de la branche Juliana Th\u00f6ny, Vera Stocker et Daniela F\u00e4ssler ont remport\u00e9 les championnats SwissSkills \u00e0 l\u2019\u00e9cole Richemont de Lucerne [&hellip;]\" \/>\n<meta property=\"og:url\" content=\"https:\/\/swissbaker.ch\/fr\/panissimo-news\/impatientes-de-decouvrir-ce-que-leur-reserve-lavenir\/\" \/>\n<meta property=\"og:site_name\" content=\"SBC\" \/>\n<meta property=\"article:publisher\" content=\"https:\/\/www.facebook.com\/swissbaker.ch\" \/>\n<meta property=\"article:published_time\" content=\"2021-04-08T07:26:00+00:00\" \/>\n<meta property=\"article:modified_time\" content=\"2022-05-11T08:35:00+00:00\" \/>\n<meta property=\"og:image\" content=\"https:\/\/swissbaker.ch\/wp-content\/uploads\/2022\/03\/siegerinnen_web.jpeg\" \/>\n\t<meta property=\"og:image:width\" content=\"800\" \/>\n\t<meta property=\"og:image:height\" content=\"474\" \/>\n\t<meta property=\"og:image:type\" content=\"image\/jpeg\" \/>\n<meta name=\"author\" content=\"azureart\" \/>\n<meta name=\"twitter:card\" content=\"summary_large_image\" \/>\n<meta name=\"twitter:creator\" content=\"@ch_swissbaker\" \/>\n<meta name=\"twitter:site\" content=\"@ch_swissbaker\" \/>\n<meta name=\"twitter:label1\" content=\"Written by\" \/>\n\t<meta name=\"twitter:data1\" content=\"azureart\" \/>\n\t<meta name=\"twitter:label2\" content=\"Est. reading time\" \/>\n\t<meta name=\"twitter:data2\" content=\"6 minutes\" \/>\n<script type=\"application\/ld+json\" class=\"yoast-schema-graph\">{\"@context\":\"https:\/\/schema.org\",\"@graph\":[{\"@type\":\"Article\",\"@id\":\"https:\/\/swissbaker.ch\/fr\/panissimo-news\/impatientes-de-decouvrir-ce-que-leur-reserve-lavenir\/#article\",\"isPartOf\":{\"@id\":\"https:\/\/swissbaker.ch\/fr\/panissimo-news\/impatientes-de-decouvrir-ce-que-leur-reserve-lavenir\/\"},\"author\":{\"name\":\"azureart\",\"@id\":\"https:\/\/swissbaker.ch\/fr\/#\/schema\/person\/058ac47619f7da53df62aba60f939b78\"},\"headline\":\"Impatientes de d\u00e9couvrir ce que leur r\u00e9serve l\u2019avenir\",\"datePublished\":\"2021-04-08T07:26:00+00:00\",\"dateModified\":\"2022-05-11T08:35:00+00:00\",\"mainEntityOfPage\":{\"@id\":\"https:\/\/swissbaker.ch\/fr\/panissimo-news\/impatientes-de-decouvrir-ce-que-leur-reserve-lavenir\/\"},\"wordCount\":1072,\"commentCount\":0,\"publisher\":{\"@id\":\"https:\/\/swissbaker.ch\/fr\/#organization\"},\"image\":{\"@id\":\"https:\/\/swissbaker.ch\/fr\/panissimo-news\/impatientes-de-decouvrir-ce-que-leur-reserve-lavenir\/#primaryimage\"},\"thumbnailUrl\":\"https:\/\/swissbaker.ch\/wp-content\/uploads\/2022\/03\/siegerinnen_web.jpeg\",\"articleSection\":[\"Formation\/Rel\u00e8ve\"],\"inLanguage\":\"fr-FR\",\"potentialAction\":[{\"@type\":\"CommentAction\",\"name\":\"Comment\",\"target\":[\"https:\/\/swissbaker.ch\/fr\/panissimo-news\/impatientes-de-decouvrir-ce-que-leur-reserve-lavenir\/#respond\"]}]},{\"@type\":\"WebPage\",\"@id\":\"https:\/\/swissbaker.ch\/fr\/panissimo-news\/impatientes-de-decouvrir-ce-que-leur-reserve-lavenir\/\",\"url\":\"https:\/\/swissbaker.ch\/fr\/panissimo-news\/impatientes-de-decouvrir-ce-que-leur-reserve-lavenir\/\",\"name\":\"Impatientes de d\u00e9couvrir ce que leur r\u00e9serve l\u2019avenir | SBC\",\"isPartOf\":{\"@id\":\"https:\/\/swissbaker.ch\/fr\/#website\"},\"primaryImageOfPage\":{\"@id\":\"https:\/\/swissbaker.ch\/fr\/panissimo-news\/impatientes-de-decouvrir-ce-que-leur-reserve-lavenir\/#primaryimage\"},\"image\":{\"@id\":\"https:\/\/swissbaker.ch\/fr\/panissimo-news\/impatientes-de-decouvrir-ce-que-leur-reserve-lavenir\/#primaryimage\"},\"thumbnailUrl\":\"https:\/\/swissbaker.ch\/wp-content\/uploads\/2022\/03\/siegerinnen_web.jpeg\",\"datePublished\":\"2021-04-08T07:26:00+00:00\",\"dateModified\":\"2022-05-11T08:35:00+00:00\",\"breadcrumb\":{\"@id\":\"https:\/\/swissbaker.ch\/fr\/panissimo-news\/impatientes-de-decouvrir-ce-que-leur-reserve-lavenir\/#breadcrumb\"},\"inLanguage\":\"fr-FR\",\"potentialAction\":[{\"@type\":\"ReadAction\",\"target\":[\"https:\/\/swissbaker.ch\/fr\/panissimo-news\/impatientes-de-decouvrir-ce-que-leur-reserve-lavenir\/\"]}]},{\"@type\":\"ImageObject\",\"inLanguage\":\"fr-FR\",\"@id\":\"https:\/\/swissbaker.ch\/fr\/panissimo-news\/impatientes-de-decouvrir-ce-que-leur-reserve-lavenir\/#primaryimage\",\"url\":\"https:\/\/swissbaker.ch\/wp-content\/uploads\/2022\/03\/siegerinnen_web.jpeg\",\"contentUrl\":\"https:\/\/swissbaker.ch\/wp-content\/uploads\/2022\/03\/siegerinnen_web.jpeg\",\"width\":800,\"height\":474,\"caption\":\"Impatientes de d\u00e9couvrir ce que leur r\u00e9serve l\u2019avenir\"},{\"@type\":\"BreadcrumbList\",\"@id\":\"https:\/\/swissbaker.ch\/fr\/panissimo-news\/impatientes-de-decouvrir-ce-que-leur-reserve-lavenir\/#breadcrumb\",\"itemListElement\":[{\"@type\":\"ListItem\",\"position\":1,\"name\":\"\",\"item\":\"https:\/\/swissbaker.ch\/fr\/\"},{\"@type\":\"ListItem\",\"position\":2,\"name\":\"Formation\/Rel\u00e8ve\",\"item\":\"https:\/\/swissbaker.ch\/fr\/panissimo-news\/category\/formation-releve\/\"},{\"@type\":\"ListItem\",\"position\":3,\"name\":\"Impatientes de d\u00e9couvrir ce que leur r\u00e9serve l\u2019avenir\"}]},{\"@type\":\"WebSite\",\"@id\":\"https:\/\/swissbaker.ch\/fr\/#website\",\"url\":\"https:\/\/swissbaker.ch\/fr\/\",\"name\":\"SBC\",\"description\":\"\",\"publisher\":{\"@id\":\"https:\/\/swissbaker.ch\/fr\/#organization\"},\"potentialAction\":[{\"@type\":\"SearchAction\",\"target\":{\"@type\":\"EntryPoint\",\"urlTemplate\":\"https:\/\/swissbaker.ch\/fr\/?s={search_term_string}\"},\"query-input\":{\"@type\":\"PropertyValueSpecification\",\"valueRequired\":true,\"valueName\":\"search_term_string\"}}],\"inLanguage\":\"fr-FR\"},{\"@type\":\"Organization\",\"@id\":\"https:\/\/swissbaker.ch\/fr\/#organization\",\"name\":\"Schweizerischer B\u00e4cker-Confiseurmeister-Verband\",\"url\":\"https:\/\/swissbaker.ch\/fr\/\",\"logo\":{\"@type\":\"ImageObject\",\"inLanguage\":\"fr-FR\",\"@id\":\"https:\/\/swissbaker.ch\/fr\/#\/schema\/logo\/image\/\",\"url\":\"https:\/\/swissbaker.ch\/wp-content\/uploads\/2022\/04\/sbc-logo-yoast.jpg\",\"contentUrl\":\"https:\/\/swissbaker.ch\/wp-content\/uploads\/2022\/04\/sbc-logo-yoast.jpg\",\"width\":512,\"height\":512,\"caption\":\"Schweizerischer B\u00e4cker-Confiseurmeister-Verband\"},\"image\":{\"@id\":\"https:\/\/swissbaker.ch\/fr\/#\/schema\/logo\/image\/\"},\"sameAs\":[\"https:\/\/www.facebook.com\/swissbaker.ch\",\"https:\/\/x.com\/ch_swissbaker\"]},{\"@type\":\"Person\",\"@id\":\"https:\/\/swissbaker.ch\/fr\/#\/schema\/person\/058ac47619f7da53df62aba60f939b78\",\"name\":\"azureart\",\"image\":{\"@type\":\"ImageObject\",\"inLanguage\":\"fr-FR\",\"@id\":\"https:\/\/swissbaker.ch\/fr\/#\/schema\/person\/image\/\",\"url\":\"https:\/\/secure.gravatar.com\/avatar\/be04dd3098fd612c83067af4f7a295384c93cb6a9112f51beb9d2f477d25da61?s=96&d=mm&r=g\",\"contentUrl\":\"https:\/\/secure.gravatar.com\/avatar\/be04dd3098fd612c83067af4f7a295384c93cb6a9112f51beb9d2f477d25da61?s=96&d=mm&r=g\",\"caption\":\"azureart\"},\"sameAs\":[\"https:\/\/swissbaker.ch\"],\"url\":\"https:\/\/swissbaker.ch\/fr\/panissimo-news\/author\/pixel-ahoi\/\"}]}<\/script>\n<!-- \/ Yoast SEO Premium plugin. -->","yoast_head_json":{"title":"Impatientes de d\u00e9couvrir ce que leur r\u00e9serve l\u2019avenir | SBC","robots":{"index":"index","follow":"follow","max-snippet":"max-snippet:-1","max-image-preview":"max-image-preview:large","max-video-preview":"max-video-preview:-1"},"canonical":"https:\/\/swissbaker.ch\/fr\/panissimo-news\/impatientes-de-decouvrir-ce-que-leur-reserve-lavenir\/","og_locale":"fr_FR","og_type":"article","og_title":"Impatientes de d\u00e9couvrir ce que leur r\u00e9serve l\u2019avenir","og_description":"Juliana Th\u00f6ny, Vera Stocker et Daniela F\u00e4ssler portent le titre de championne suisse depuis novembre dernier. \u00abpanissimo\u00bb a voulu savoir comment les jeunes femmes ont v\u00e9cu ces derniers mois et les objectifs qu\u2019elles visent pour la suite. Les trois professionnelles de la branche Juliana Th\u00f6ny, Vera Stocker et Daniela F\u00e4ssler ont remport\u00e9 les championnats SwissSkills \u00e0 l\u2019\u00e9cole Richemont de Lucerne [&hellip;]","og_url":"https:\/\/swissbaker.ch\/fr\/panissimo-news\/impatientes-de-decouvrir-ce-que-leur-reserve-lavenir\/","og_site_name":"SBC","article_publisher":"https:\/\/www.facebook.com\/swissbaker.ch","article_published_time":"2021-04-08T07:26:00+00:00","article_modified_time":"2022-05-11T08:35:00+00:00","og_image":[{"width":800,"height":474,"url":"https:\/\/swissbaker.ch\/wp-content\/uploads\/2022\/03\/siegerinnen_web.jpeg","type":"image\/jpeg"}],"author":"azureart","twitter_card":"summary_large_image","twitter_creator":"@ch_swissbaker","twitter_site":"@ch_swissbaker","twitter_misc":{"Written by":"azureart","Est. reading time":"6 minutes"},"schema":{"@context":"https:\/\/schema.org","@graph":[{"@type":"Article","@id":"https:\/\/swissbaker.ch\/fr\/panissimo-news\/impatientes-de-decouvrir-ce-que-leur-reserve-lavenir\/#article","isPartOf":{"@id":"https:\/\/swissbaker.ch\/fr\/panissimo-news\/impatientes-de-decouvrir-ce-que-leur-reserve-lavenir\/"},"author":{"name":"azureart","@id":"https:\/\/swissbaker.ch\/fr\/#\/schema\/person\/058ac47619f7da53df62aba60f939b78"},"headline":"Impatientes de d\u00e9couvrir ce que leur r\u00e9serve l\u2019avenir","datePublished":"2021-04-08T07:26:00+00:00","dateModified":"2022-05-11T08:35:00+00:00","mainEntityOfPage":{"@id":"https:\/\/swissbaker.ch\/fr\/panissimo-news\/impatientes-de-decouvrir-ce-que-leur-reserve-lavenir\/"},"wordCount":1072,"commentCount":0,"publisher":{"@id":"https:\/\/swissbaker.ch\/fr\/#organization"},"image":{"@id":"https:\/\/swissbaker.ch\/fr\/panissimo-news\/impatientes-de-decouvrir-ce-que-leur-reserve-lavenir\/#primaryimage"},"thumbnailUrl":"https:\/\/swissbaker.ch\/wp-content\/uploads\/2022\/03\/siegerinnen_web.jpeg","articleSection":["Formation\/Rel\u00e8ve"],"inLanguage":"fr-FR","potentialAction":[{"@type":"CommentAction","name":"Comment","target":["https:\/\/swissbaker.ch\/fr\/panissimo-news\/impatientes-de-decouvrir-ce-que-leur-reserve-lavenir\/#respond"]}]},{"@type":"WebPage","@id":"https:\/\/swissbaker.ch\/fr\/panissimo-news\/impatientes-de-decouvrir-ce-que-leur-reserve-lavenir\/","url":"https:\/\/swissbaker.ch\/fr\/panissimo-news\/impatientes-de-decouvrir-ce-que-leur-reserve-lavenir\/","name":"Impatientes de d\u00e9couvrir ce que leur r\u00e9serve l\u2019avenir | SBC","isPartOf":{"@id":"https:\/\/swissbaker.ch\/fr\/#website"},"primaryImageOfPage":{"@id":"https:\/\/swissbaker.ch\/fr\/panissimo-news\/impatientes-de-decouvrir-ce-que-leur-reserve-lavenir\/#primaryimage"},"image":{"@id":"https:\/\/swissbaker.ch\/fr\/panissimo-news\/impatientes-de-decouvrir-ce-que-leur-reserve-lavenir\/#primaryimage"},"thumbnailUrl":"https:\/\/swissbaker.ch\/wp-content\/uploads\/2022\/03\/siegerinnen_web.jpeg","datePublished":"2021-04-08T07:26:00+00:00","dateModified":"2022-05-11T08:35:00+00:00","breadcrumb":{"@id":"https:\/\/swissbaker.ch\/fr\/panissimo-news\/impatientes-de-decouvrir-ce-que-leur-reserve-lavenir\/#breadcrumb"},"inLanguage":"fr-FR","potentialAction":[{"@type":"ReadAction","target":["https:\/\/swissbaker.ch\/fr\/panissimo-news\/impatientes-de-decouvrir-ce-que-leur-reserve-lavenir\/"]}]},{"@type":"ImageObject","inLanguage":"fr-FR","@id":"https:\/\/swissbaker.ch\/fr\/panissimo-news\/impatientes-de-decouvrir-ce-que-leur-reserve-lavenir\/#primaryimage","url":"https:\/\/swissbaker.ch\/wp-content\/uploads\/2022\/03\/siegerinnen_web.jpeg","contentUrl":"https:\/\/swissbaker.ch\/wp-content\/uploads\/2022\/03\/siegerinnen_web.jpeg","width":800,"height":474,"caption":"Impatientes de d\u00e9couvrir ce que leur r\u00e9serve l\u2019avenir"},{"@type":"BreadcrumbList","@id":"https:\/\/swissbaker.ch\/fr\/panissimo-news\/impatientes-de-decouvrir-ce-que-leur-reserve-lavenir\/#breadcrumb","itemListElement":[{"@type":"ListItem","position":1,"name":"","item":"https:\/\/swissbaker.ch\/fr\/"},{"@type":"ListItem","position":2,"name":"Formation\/Rel\u00e8ve","item":"https:\/\/swissbaker.ch\/fr\/panissimo-news\/category\/formation-releve\/"},{"@type":"ListItem","position":3,"name":"Impatientes de d\u00e9couvrir ce que leur r\u00e9serve l\u2019avenir"}]},{"@type":"WebSite","@id":"https:\/\/swissbaker.ch\/fr\/#website","url":"https:\/\/swissbaker.ch\/fr\/","name":"SBC","description":"","publisher":{"@id":"https:\/\/swissbaker.ch\/fr\/#organization"},"potentialAction":[{"@type":"SearchAction","target":{"@type":"EntryPoint","urlTemplate":"https:\/\/swissbaker.ch\/fr\/?s={search_term_string}"},"query-input":{"@type":"PropertyValueSpecification","valueRequired":true,"valueName":"search_term_string"}}],"inLanguage":"fr-FR"},{"@type":"Organization","@id":"https:\/\/swissbaker.ch\/fr\/#organization","name":"Schweizerischer B\u00e4cker-Confiseurmeister-Verband","url":"https:\/\/swissbaker.ch\/fr\/","logo":{"@type":"ImageObject","inLanguage":"fr-FR","@id":"https:\/\/swissbaker.ch\/fr\/#\/schema\/logo\/image\/","url":"https:\/\/swissbaker.ch\/wp-content\/uploads\/2022\/04\/sbc-logo-yoast.jpg","contentUrl":"https:\/\/swissbaker.ch\/wp-content\/uploads\/2022\/04\/sbc-logo-yoast.jpg","width":512,"height":512,"caption":"Schweizerischer B\u00e4cker-Confiseurmeister-Verband"},"image":{"@id":"https:\/\/swissbaker.ch\/fr\/#\/schema\/logo\/image\/"},"sameAs":["https:\/\/www.facebook.com\/swissbaker.ch","https:\/\/x.com\/ch_swissbaker"]},{"@type":"Person","@id":"https:\/\/swissbaker.ch\/fr\/#\/schema\/person\/058ac47619f7da53df62aba60f939b78","name":"azureart","image":{"@type":"ImageObject","inLanguage":"fr-FR","@id":"https:\/\/swissbaker.ch\/fr\/#\/schema\/person\/image\/","url":"https:\/\/secure.gravatar.com\/avatar\/be04dd3098fd612c83067af4f7a295384c93cb6a9112f51beb9d2f477d25da61?s=96&d=mm&r=g","contentUrl":"https:\/\/secure.gravatar.com\/avatar\/be04dd3098fd612c83067af4f7a295384c93cb6a9112f51beb9d2f477d25da61?s=96&d=mm&r=g","caption":"azureart"},"sameAs":["https:\/\/swissbaker.ch"],"url":"https:\/\/swissbaker.ch\/fr\/panissimo-news\/author\/pixel-ahoi\/"}]}},"_links":{"self":[{"href":"https:\/\/swissbaker.ch\/fr\/wp-json\/wp\/v2\/posts\/8710","targetHints":{"allow":["GET"]}}],"collection":[{"href":"https:\/\/swissbaker.ch\/fr\/wp-json\/wp\/v2\/posts"}],"about":[{"href":"https:\/\/swissbaker.ch\/fr\/wp-json\/wp\/v2\/types\/post"}],"author":[{"embeddable":true,"href":"https:\/\/swissbaker.ch\/fr\/wp-json\/wp\/v2\/users\/1"}],"replies":[{"embeddable":true,"href":"https:\/\/swissbaker.ch\/fr\/wp-json\/wp\/v2\/comments?post=8710"}],"version-history":[{"count":0,"href":"https:\/\/swissbaker.ch\/fr\/wp-json\/wp\/v2\/posts\/8710\/revisions"}],"wp:featuredmedia":[{"embeddable":true,"href":"https:\/\/swissbaker.ch\/fr\/wp-json\/wp\/v2\/media\/5361"}],"wp:attachment":[{"href":"https:\/\/swissbaker.ch\/fr\/wp-json\/wp\/v2\/media?parent=8710"}],"wp:term":[{"taxonomy":"category","embeddable":true,"href":"https:\/\/swissbaker.ch\/fr\/wp-json\/wp\/v2\/categories?post=8710"},{"taxonomy":"post_tag","embeddable":true,"href":"https:\/\/swissbaker.ch\/fr\/wp-json\/wp\/v2\/tags?post=8710"}],"curies":[{"name":"wp","href":"https:\/\/api.w.org\/{rel}","templated":true}]}}