{"id":8706,"date":"2017-12-06T10:18:00","date_gmt":"2017-12-06T09:18:00","guid":{"rendered":"https:\/\/swissbaker.ch\/?p=8706"},"modified":"2022-05-11T10:34:11","modified_gmt":"2022-05-11T08:34:11","slug":"passage-dans-la-fondation-de-prevoyance-panvicaplus","status":"publish","type":"post","link":"https:\/\/swissbaker.ch\/fr\/panissimo-news\/passage-dans-la-fondation-de-prevoyance-panvicaplus\/","title":{"rendered":"Passage dans la Fondation de pr\u00e9voyance Panvicaplus"},"content":{"rendered":"\n<p><strong>Publireportage \u2013 \u00ab\u2009Qu\u2019advient-il de mon avoir lors du passage dans la Fondation de pr\u00e9voyance Panvica\u200aplus\u2009?\u2009\u00bb<\/strong><\/p>\n\n\n\n<p>La totalit\u00e9 des avoirs des assur\u00e9s est transf\u00e9r\u00e9e \u00e0 100\u202f% dans la Fondation de pr\u00e9voyance Panvicaplus au moment du changement. Il est int\u00e9ressant de rappeler \u00e0 cette occasion comment se constituent les avoirs des assur\u00e9s. L\u2019employeur, comme on le sait, d\u00e9duit chaque mois du salaire la \u00ab\u2009cotisation de l\u2019employ\u00e9\u2009\u00bb, qui se compose de deux parties\u2009:<\/p>\n\n\n\n<p>\u2013\u2002La premi\u00e8re partie correspond \u00e0 la cotisation de risque et de frais. Elle sert \u00e0 financer les prestations en cas de d\u00e9c\u00e8s et d\u2019invalidit\u00e9 (\u00ab\u2009prestations de risque\u2009\u00bb) ainsi que les frais de gestion.<\/p>\n\n\n\n<p>\u2013\u2002La seconde partie, essentielle, est la cotisation d\u2019\u00e9pargne. Celle-ci est cr\u00e9dit\u00e9e sur le \u00ab\u2009compte individuel\u2009\u00bb de l\u2019assur\u00e9.<\/p>\n\n\n\n<p>L\u2019employeur paie en m\u00eame temps tous les mois au minimum le m\u00eame montant de cotisation pour l\u2019assur\u00e9, c\u2019est la \u00ab\u2009cotisation de l\u2019employeur\u2009\u00bb. L\u2019avoir est par ailleurs r\u00e9mun\u00e9r\u00e9 \u00e0 un taux fix\u00e9 chaque ann\u00e9e. Au moment du d\u00e9part \u00e0 la retraite, l\u2019avoir accumul\u00e9 est converti en une rente mensuelle \u00e0 vie. Il est \u00e9galement possible de demander \u00e0 le percevoir sous forme de capital.<\/p>\n","protected":false},"excerpt":{"rendered":"<p>Publireportage \u2013 \u00ab\u2009Qu\u2019advient-il de mon avoir lors du passage dans la Fondation de pr\u00e9voyance Panvica\u200aplus\u2009?\u2009\u00bb La totalit\u00e9 des avoirs des assur\u00e9s est transf\u00e9r\u00e9e \u00e0 100\u202f% dans la Fondation de pr\u00e9voyance Panvicaplus au moment du changement. Il est int\u00e9ressant de rappeler \u00e0 cette occasion comment se constituent les avoirs des assur\u00e9s. L\u2019employeur, comme on le sait, d\u00e9duit chaque mois du salaire [&hellip;]<\/p>\n","protected":false},"author":1,"featured_media":6300,"comment_status":"open","ping_status":"closed","sticky":false,"template":"","format":"standard","meta":{"_acf_changed":false,"footnotes":""},"categories":[54],"tags":[],"class_list":["post-8706","post","type-post","status-publish","format-standard","has-post-thumbnail","hentry","category-conseils"],"acf":[],"yoast_head":"<!-- This site is optimized with the Yoast SEO Premium plugin v26.8 (Yoast SEO v26.8) - https:\/\/yoast.com\/product\/yoast-seo-premium-wordpress\/ -->\n<title>Passage dans la Fondation de pr\u00e9voyance Panvicaplus | SBC<\/title>\n<meta name=\"robots\" content=\"index, follow, max-snippet:-1, max-image-preview:large, max-video-preview:-1\" \/>\n<link rel=\"canonical\" href=\"https:\/\/swissbaker.ch\/fr\/panissimo-news\/passage-dans-la-fondation-de-prevoyance-panvicaplus\/\" \/>\n<meta property=\"og:locale\" content=\"fr_FR\" \/>\n<meta property=\"og:type\" content=\"article\" \/>\n<meta property=\"og:title\" content=\"Passage dans la Fondation de pr\u00e9voyance Panvicaplus\" \/>\n<meta property=\"og:description\" content=\"Publireportage \u2013 \u00ab\u2009Qu\u2019advient-il de mon avoir lors du passage dans la Fondation de pr\u00e9voyance Panvica\u200aplus\u2009?\u2009\u00bb La totalit\u00e9 des avoirs des assur\u00e9s est transf\u00e9r\u00e9e \u00e0 100\u202f% dans la Fondation de pr\u00e9voyance Panvicaplus au moment du changement. Il est int\u00e9ressant de rappeler \u00e0 cette occasion comment se constituent les avoirs des assur\u00e9s. L\u2019employeur, comme on le sait, d\u00e9duit chaque mois du salaire [&hellip;]\" \/>\n<meta property=\"og:url\" content=\"https:\/\/swissbaker.ch\/fr\/panissimo-news\/passage-dans-la-fondation-de-prevoyance-panvicaplus\/\" \/>\n<meta property=\"og:site_name\" content=\"SBC\" \/>\n<meta property=\"article:publisher\" content=\"https:\/\/www.facebook.com\/swissbaker.ch\" \/>\n<meta property=\"article:published_time\" content=\"2017-12-06T09:18:00+00:00\" \/>\n<meta property=\"article:modified_time\" content=\"2022-05-11T08:34:11+00:00\" \/>\n<meta property=\"og:image\" content=\"https:\/\/swissbaker.ch\/wp-content\/uploads\/2022\/04\/Remo-Keller_031_Ausschnitt_c.jpg\" \/>\n\t<meta property=\"og:image:width\" content=\"800\" \/>\n\t<meta property=\"og:image:height\" content=\"474\" \/>\n\t<meta property=\"og:image:type\" content=\"image\/jpeg\" \/>\n<meta name=\"author\" content=\"azureart\" \/>\n<meta name=\"twitter:card\" content=\"summary_large_image\" \/>\n<meta name=\"twitter:creator\" content=\"@ch_swissbaker\" \/>\n<meta name=\"twitter:site\" content=\"@ch_swissbaker\" \/>\n<meta name=\"twitter:label1\" content=\"Written by\" \/>\n\t<meta name=\"twitter:data1\" content=\"azureart\" \/>\n\t<meta name=\"twitter:label2\" content=\"Est. reading time\" \/>\n\t<meta name=\"twitter:data2\" content=\"2 minutes\" \/>\n<script type=\"application\/ld+json\" class=\"yoast-schema-graph\">{\"@context\":\"https:\/\/schema.org\",\"@graph\":[{\"@type\":\"Article\",\"@id\":\"https:\/\/swissbaker.ch\/fr\/panissimo-news\/passage-dans-la-fondation-de-prevoyance-panvicaplus\/#article\",\"isPartOf\":{\"@id\":\"https:\/\/swissbaker.ch\/fr\/panissimo-news\/passage-dans-la-fondation-de-prevoyance-panvicaplus\/\"},\"author\":{\"name\":\"azureart\",\"@id\":\"https:\/\/swissbaker.ch\/fr\/#\/schema\/person\/058ac47619f7da53df62aba60f939b78\"},\"headline\":\"Passage dans la Fondation de pr\u00e9voyance Panvicaplus\",\"datePublished\":\"2017-12-06T09:18:00+00:00\",\"dateModified\":\"2022-05-11T08:34:11+00:00\",\"mainEntityOfPage\":{\"@id\":\"https:\/\/swissbaker.ch\/fr\/panissimo-news\/passage-dans-la-fondation-de-prevoyance-panvicaplus\/\"},\"wordCount\":213,\"commentCount\":0,\"publisher\":{\"@id\":\"https:\/\/swissbaker.ch\/fr\/#organization\"},\"image\":{\"@id\":\"https:\/\/swissbaker.ch\/fr\/panissimo-news\/passage-dans-la-fondation-de-prevoyance-panvicaplus\/#primaryimage\"},\"thumbnailUrl\":\"https:\/\/swissbaker.ch\/wp-content\/uploads\/2022\/04\/Remo-Keller_031_Ausschnitt_c.jpg\",\"articleSection\":[\"Conseils\"],\"inLanguage\":\"fr-FR\",\"potentialAction\":[{\"@type\":\"CommentAction\",\"name\":\"Comment\",\"target\":[\"https:\/\/swissbaker.ch\/fr\/panissimo-news\/passage-dans-la-fondation-de-prevoyance-panvicaplus\/#respond\"]}]},{\"@type\":\"WebPage\",\"@id\":\"https:\/\/swissbaker.ch\/fr\/panissimo-news\/passage-dans-la-fondation-de-prevoyance-panvicaplus\/\",\"url\":\"https:\/\/swissbaker.ch\/fr\/panissimo-news\/passage-dans-la-fondation-de-prevoyance-panvicaplus\/\",\"name\":\"Passage dans la Fondation de pr\u00e9voyance Panvicaplus | SBC\",\"isPartOf\":{\"@id\":\"https:\/\/swissbaker.ch\/fr\/#website\"},\"primaryImageOfPage\":{\"@id\":\"https:\/\/swissbaker.ch\/fr\/panissimo-news\/passage-dans-la-fondation-de-prevoyance-panvicaplus\/#primaryimage\"},\"image\":{\"@id\":\"https:\/\/swissbaker.ch\/fr\/panissimo-news\/passage-dans-la-fondation-de-prevoyance-panvicaplus\/#primaryimage\"},\"thumbnailUrl\":\"https:\/\/swissbaker.ch\/wp-content\/uploads\/2022\/04\/Remo-Keller_031_Ausschnitt_c.jpg\",\"datePublished\":\"2017-12-06T09:18:00+00:00\",\"dateModified\":\"2022-05-11T08:34:11+00:00\",\"breadcrumb\":{\"@id\":\"https:\/\/swissbaker.ch\/fr\/panissimo-news\/passage-dans-la-fondation-de-prevoyance-panvicaplus\/#breadcrumb\"},\"inLanguage\":\"fr-FR\",\"potentialAction\":[{\"@type\":\"ReadAction\",\"target\":[\"https:\/\/swissbaker.ch\/fr\/panissimo-news\/passage-dans-la-fondation-de-prevoyance-panvicaplus\/\"]}]},{\"@type\":\"ImageObject\",\"inLanguage\":\"fr-FR\",\"@id\":\"https:\/\/swissbaker.ch\/fr\/panissimo-news\/passage-dans-la-fondation-de-prevoyance-panvicaplus\/#primaryimage\",\"url\":\"https:\/\/swissbaker.ch\/wp-content\/uploads\/2022\/04\/Remo-Keller_031_Ausschnitt_c.jpg\",\"contentUrl\":\"https:\/\/swissbaker.ch\/wp-content\/uploads\/2022\/04\/Remo-Keller_031_Ausschnitt_c.jpg\",\"width\":800,\"height\":474,\"caption\":\"Passage dans la Fondation de pr\u00e9voyance Panvicaplus\"},{\"@type\":\"BreadcrumbList\",\"@id\":\"https:\/\/swissbaker.ch\/fr\/panissimo-news\/passage-dans-la-fondation-de-prevoyance-panvicaplus\/#breadcrumb\",\"itemListElement\":[{\"@type\":\"ListItem\",\"position\":1,\"name\":\"\",\"item\":\"https:\/\/swissbaker.ch\/fr\/\"},{\"@type\":\"ListItem\",\"position\":2,\"name\":\"Conseils\",\"item\":\"https:\/\/swissbaker.ch\/fr\/panissimo-news\/category\/conseils\/\"},{\"@type\":\"ListItem\",\"position\":3,\"name\":\"Passage dans la Fondation de pr\u00e9voyance Panvicaplus\"}]},{\"@type\":\"WebSite\",\"@id\":\"https:\/\/swissbaker.ch\/fr\/#website\",\"url\":\"https:\/\/swissbaker.ch\/fr\/\",\"name\":\"SBC\",\"description\":\"\",\"publisher\":{\"@id\":\"https:\/\/swissbaker.ch\/fr\/#organization\"},\"potentialAction\":[{\"@type\":\"SearchAction\",\"target\":{\"@type\":\"EntryPoint\",\"urlTemplate\":\"https:\/\/swissbaker.ch\/fr\/?s={search_term_string}\"},\"query-input\":{\"@type\":\"PropertyValueSpecification\",\"valueRequired\":true,\"valueName\":\"search_term_string\"}}],\"inLanguage\":\"fr-FR\"},{\"@type\":\"Organization\",\"@id\":\"https:\/\/swissbaker.ch\/fr\/#organization\",\"name\":\"Schweizerischer B\u00e4cker-Confiseurmeister-Verband\",\"url\":\"https:\/\/swissbaker.ch\/fr\/\",\"logo\":{\"@type\":\"ImageObject\",\"inLanguage\":\"fr-FR\",\"@id\":\"https:\/\/swissbaker.ch\/fr\/#\/schema\/logo\/image\/\",\"url\":\"https:\/\/swissbaker.ch\/wp-content\/uploads\/2022\/04\/sbc-logo-yoast.jpg\",\"contentUrl\":\"https:\/\/swissbaker.ch\/wp-content\/uploads\/2022\/04\/sbc-logo-yoast.jpg\",\"width\":512,\"height\":512,\"caption\":\"Schweizerischer B\u00e4cker-Confiseurmeister-Verband\"},\"image\":{\"@id\":\"https:\/\/swissbaker.ch\/fr\/#\/schema\/logo\/image\/\"},\"sameAs\":[\"https:\/\/www.facebook.com\/swissbaker.ch\",\"https:\/\/x.com\/ch_swissbaker\"]},{\"@type\":\"Person\",\"@id\":\"https:\/\/swissbaker.ch\/fr\/#\/schema\/person\/058ac47619f7da53df62aba60f939b78\",\"name\":\"azureart\",\"image\":{\"@type\":\"ImageObject\",\"inLanguage\":\"fr-FR\",\"@id\":\"https:\/\/swissbaker.ch\/fr\/#\/schema\/person\/image\/\",\"url\":\"https:\/\/secure.gravatar.com\/avatar\/be04dd3098fd612c83067af4f7a295384c93cb6a9112f51beb9d2f477d25da61?s=96&d=mm&r=g\",\"contentUrl\":\"https:\/\/secure.gravatar.com\/avatar\/be04dd3098fd612c83067af4f7a295384c93cb6a9112f51beb9d2f477d25da61?s=96&d=mm&r=g\",\"caption\":\"azureart\"},\"sameAs\":[\"https:\/\/swissbaker.ch\"],\"url\":\"https:\/\/swissbaker.ch\/fr\/panissimo-news\/author\/pixel-ahoi\/\"}]}<\/script>\n<!-- \/ Yoast SEO Premium plugin. -->","yoast_head_json":{"title":"Passage dans la Fondation de pr\u00e9voyance Panvicaplus | SBC","robots":{"index":"index","follow":"follow","max-snippet":"max-snippet:-1","max-image-preview":"max-image-preview:large","max-video-preview":"max-video-preview:-1"},"canonical":"https:\/\/swissbaker.ch\/fr\/panissimo-news\/passage-dans-la-fondation-de-prevoyance-panvicaplus\/","og_locale":"fr_FR","og_type":"article","og_title":"Passage dans la Fondation de pr\u00e9voyance Panvicaplus","og_description":"Publireportage \u2013 \u00ab\u2009Qu\u2019advient-il de mon avoir lors du passage dans la Fondation de pr\u00e9voyance Panvica\u200aplus\u2009?\u2009\u00bb La totalit\u00e9 des avoirs des assur\u00e9s est transf\u00e9r\u00e9e \u00e0 100\u202f% dans la Fondation de pr\u00e9voyance Panvicaplus au moment du changement. Il est int\u00e9ressant de rappeler \u00e0 cette occasion comment se constituent les avoirs des assur\u00e9s. L\u2019employeur, comme on le sait, d\u00e9duit chaque mois du salaire [&hellip;]","og_url":"https:\/\/swissbaker.ch\/fr\/panissimo-news\/passage-dans-la-fondation-de-prevoyance-panvicaplus\/","og_site_name":"SBC","article_publisher":"https:\/\/www.facebook.com\/swissbaker.ch","article_published_time":"2017-12-06T09:18:00+00:00","article_modified_time":"2022-05-11T08:34:11+00:00","og_image":[{"width":800,"height":474,"url":"https:\/\/swissbaker.ch\/wp-content\/uploads\/2022\/04\/Remo-Keller_031_Ausschnitt_c.jpg","type":"image\/jpeg"}],"author":"azureart","twitter_card":"summary_large_image","twitter_creator":"@ch_swissbaker","twitter_site":"@ch_swissbaker","twitter_misc":{"Written by":"azureart","Est. reading time":"2 minutes"},"schema":{"@context":"https:\/\/schema.org","@graph":[{"@type":"Article","@id":"https:\/\/swissbaker.ch\/fr\/panissimo-news\/passage-dans-la-fondation-de-prevoyance-panvicaplus\/#article","isPartOf":{"@id":"https:\/\/swissbaker.ch\/fr\/panissimo-news\/passage-dans-la-fondation-de-prevoyance-panvicaplus\/"},"author":{"name":"azureart","@id":"https:\/\/swissbaker.ch\/fr\/#\/schema\/person\/058ac47619f7da53df62aba60f939b78"},"headline":"Passage dans la Fondation de pr\u00e9voyance Panvicaplus","datePublished":"2017-12-06T09:18:00+00:00","dateModified":"2022-05-11T08:34:11+00:00","mainEntityOfPage":{"@id":"https:\/\/swissbaker.ch\/fr\/panissimo-news\/passage-dans-la-fondation-de-prevoyance-panvicaplus\/"},"wordCount":213,"commentCount":0,"publisher":{"@id":"https:\/\/swissbaker.ch\/fr\/#organization"},"image":{"@id":"https:\/\/swissbaker.ch\/fr\/panissimo-news\/passage-dans-la-fondation-de-prevoyance-panvicaplus\/#primaryimage"},"thumbnailUrl":"https:\/\/swissbaker.ch\/wp-content\/uploads\/2022\/04\/Remo-Keller_031_Ausschnitt_c.jpg","articleSection":["Conseils"],"inLanguage":"fr-FR","potentialAction":[{"@type":"CommentAction","name":"Comment","target":["https:\/\/swissbaker.ch\/fr\/panissimo-news\/passage-dans-la-fondation-de-prevoyance-panvicaplus\/#respond"]}]},{"@type":"WebPage","@id":"https:\/\/swissbaker.ch\/fr\/panissimo-news\/passage-dans-la-fondation-de-prevoyance-panvicaplus\/","url":"https:\/\/swissbaker.ch\/fr\/panissimo-news\/passage-dans-la-fondation-de-prevoyance-panvicaplus\/","name":"Passage dans la Fondation de pr\u00e9voyance Panvicaplus | SBC","isPartOf":{"@id":"https:\/\/swissbaker.ch\/fr\/#website"},"primaryImageOfPage":{"@id":"https:\/\/swissbaker.ch\/fr\/panissimo-news\/passage-dans-la-fondation-de-prevoyance-panvicaplus\/#primaryimage"},"image":{"@id":"https:\/\/swissbaker.ch\/fr\/panissimo-news\/passage-dans-la-fondation-de-prevoyance-panvicaplus\/#primaryimage"},"thumbnailUrl":"https:\/\/swissbaker.ch\/wp-content\/uploads\/2022\/04\/Remo-Keller_031_Ausschnitt_c.jpg","datePublished":"2017-12-06T09:18:00+00:00","dateModified":"2022-05-11T08:34:11+00:00","breadcrumb":{"@id":"https:\/\/swissbaker.ch\/fr\/panissimo-news\/passage-dans-la-fondation-de-prevoyance-panvicaplus\/#breadcrumb"},"inLanguage":"fr-FR","potentialAction":[{"@type":"ReadAction","target":["https:\/\/swissbaker.ch\/fr\/panissimo-news\/passage-dans-la-fondation-de-prevoyance-panvicaplus\/"]}]},{"@type":"ImageObject","inLanguage":"fr-FR","@id":"https:\/\/swissbaker.ch\/fr\/panissimo-news\/passage-dans-la-fondation-de-prevoyance-panvicaplus\/#primaryimage","url":"https:\/\/swissbaker.ch\/wp-content\/uploads\/2022\/04\/Remo-Keller_031_Ausschnitt_c.jpg","contentUrl":"https:\/\/swissbaker.ch\/wp-content\/uploads\/2022\/04\/Remo-Keller_031_Ausschnitt_c.jpg","width":800,"height":474,"caption":"Passage dans la Fondation de pr\u00e9voyance Panvicaplus"},{"@type":"BreadcrumbList","@id":"https:\/\/swissbaker.ch\/fr\/panissimo-news\/passage-dans-la-fondation-de-prevoyance-panvicaplus\/#breadcrumb","itemListElement":[{"@type":"ListItem","position":1,"name":"","item":"https:\/\/swissbaker.ch\/fr\/"},{"@type":"ListItem","position":2,"name":"Conseils","item":"https:\/\/swissbaker.ch\/fr\/panissimo-news\/category\/conseils\/"},{"@type":"ListItem","position":3,"name":"Passage dans la Fondation de pr\u00e9voyance Panvicaplus"}]},{"@type":"WebSite","@id":"https:\/\/swissbaker.ch\/fr\/#website","url":"https:\/\/swissbaker.ch\/fr\/","name":"SBC","description":"","publisher":{"@id":"https:\/\/swissbaker.ch\/fr\/#organization"},"potentialAction":[{"@type":"SearchAction","target":{"@type":"EntryPoint","urlTemplate":"https:\/\/swissbaker.ch\/fr\/?s={search_term_string}"},"query-input":{"@type":"PropertyValueSpecification","valueRequired":true,"valueName":"search_term_string"}}],"inLanguage":"fr-FR"},{"@type":"Organization","@id":"https:\/\/swissbaker.ch\/fr\/#organization","name":"Schweizerischer B\u00e4cker-Confiseurmeister-Verband","url":"https:\/\/swissbaker.ch\/fr\/","logo":{"@type":"ImageObject","inLanguage":"fr-FR","@id":"https:\/\/swissbaker.ch\/fr\/#\/schema\/logo\/image\/","url":"https:\/\/swissbaker.ch\/wp-content\/uploads\/2022\/04\/sbc-logo-yoast.jpg","contentUrl":"https:\/\/swissbaker.ch\/wp-content\/uploads\/2022\/04\/sbc-logo-yoast.jpg","width":512,"height":512,"caption":"Schweizerischer B\u00e4cker-Confiseurmeister-Verband"},"image":{"@id":"https:\/\/swissbaker.ch\/fr\/#\/schema\/logo\/image\/"},"sameAs":["https:\/\/www.facebook.com\/swissbaker.ch","https:\/\/x.com\/ch_swissbaker"]},{"@type":"Person","@id":"https:\/\/swissbaker.ch\/fr\/#\/schema\/person\/058ac47619f7da53df62aba60f939b78","name":"azureart","image":{"@type":"ImageObject","inLanguage":"fr-FR","@id":"https:\/\/swissbaker.ch\/fr\/#\/schema\/person\/image\/","url":"https:\/\/secure.gravatar.com\/avatar\/be04dd3098fd612c83067af4f7a295384c93cb6a9112f51beb9d2f477d25da61?s=96&d=mm&r=g","contentUrl":"https:\/\/secure.gravatar.com\/avatar\/be04dd3098fd612c83067af4f7a295384c93cb6a9112f51beb9d2f477d25da61?s=96&d=mm&r=g","caption":"azureart"},"sameAs":["https:\/\/swissbaker.ch"],"url":"https:\/\/swissbaker.ch\/fr\/panissimo-news\/author\/pixel-ahoi\/"}]}},"_links":{"self":[{"href":"https:\/\/swissbaker.ch\/fr\/wp-json\/wp\/v2\/posts\/8706","targetHints":{"allow":["GET"]}}],"collection":[{"href":"https:\/\/swissbaker.ch\/fr\/wp-json\/wp\/v2\/posts"}],"about":[{"href":"https:\/\/swissbaker.ch\/fr\/wp-json\/wp\/v2\/types\/post"}],"author":[{"embeddable":true,"href":"https:\/\/swissbaker.ch\/fr\/wp-json\/wp\/v2\/users\/1"}],"replies":[{"embeddable":true,"href":"https:\/\/swissbaker.ch\/fr\/wp-json\/wp\/v2\/comments?post=8706"}],"version-history":[{"count":0,"href":"https:\/\/swissbaker.ch\/fr\/wp-json\/wp\/v2\/posts\/8706\/revisions"}],"wp:featuredmedia":[{"embeddable":true,"href":"https:\/\/swissbaker.ch\/fr\/wp-json\/wp\/v2\/media\/6300"}],"wp:attachment":[{"href":"https:\/\/swissbaker.ch\/fr\/wp-json\/wp\/v2\/media?parent=8706"}],"wp:term":[{"taxonomy":"category","embeddable":true,"href":"https:\/\/swissbaker.ch\/fr\/wp-json\/wp\/v2\/categories?post=8706"},{"taxonomy":"post_tag","embeddable":true,"href":"https:\/\/swissbaker.ch\/fr\/wp-json\/wp\/v2\/tags?post=8706"}],"curies":[{"name":"wp","href":"https:\/\/api.w.org\/{rel}","templated":true}]}}