{"id":8689,"date":"2017-10-20T15:33:00","date_gmt":"2017-10-20T13:33:00","guid":{"rendered":"https:\/\/swissbaker.ch\/?p=8689"},"modified":"2022-05-11T10:25:32","modified_gmt":"2022-05-11T08:25:32","slug":"la-medaille-dor-sera-suspendue-au-dessus-du-lit","status":"publish","type":"post","link":"https:\/\/swissbaker.ch\/fr\/panissimo-news\/la-medaille-dor-sera-suspendue-au-dessus-du-lit\/","title":{"rendered":"La m\u00e9daille d\u2019or sera suspendue au-dessus du lit"},"content":{"rendered":"\n<p><strong>Quelques heures apr\u00e8s la c\u00e9r\u00e9monie de cl\u00f4ture des WorldSkills 2017 \u00e0 Abou Dabi, l\u2019heureuse m\u00e9daill\u00e9e d\u2019or Ramona Bolliger a donn\u00e9 une interview.<\/strong><\/p>\n\n\n\n<h2 class=\"wp-block-heading\" id=\"h-sinceres-felicitations-ramona-bolliger-quelle-grandiose-prestation-qu-est-ce-qui-vous-a-traverse-l-esprit-a-l-annonce-de-votre-nom\">Sinc\u00e8res f\u00e9licitations Ramona Bolliger\u2009! Quelle grandiose prestation\u2009! Qu\u2019est-ce qui vous a travers\u00e9 l\u2019esprit \u00e0 l\u2019annonce de votre nom\u2009?<\/h2>\n\n\n\n<p>Je ne pouvais pas le croire. J\u2019ai \u00e9t\u00e9 \u00e9tonn\u00e9e de ne pas fondre en larmes.<\/p>\n\n\n\n<h2 class=\"wp-block-heading\">Quelques heures ont pass\u00e9. Comment vous sentez-vous\u2009?<\/h2>\n\n\n\n<p>Pour le moment, je me sens tout \u00e0 fait normale. Je crois que je ne me suis pas tout \u00e0 fait rendue compte que j\u2019avais vraiment gagn\u00e9.<\/p>\n\n\n\n<h2 class=\"wp-block-heading\">Comment avez-vous v\u00e9cu la comp\u00e9tition ? Au d\u00e9but, cela ne s\u2019est pas tr\u00e8s bien pass\u00e9\u2009?<\/h2>\n\n\n\n<p>C\u2019est vrai. J\u2019ai tout d\u2019abord \u00e9prouv\u00e9 quelques difficult\u00e9s. Par contre, les deux derniers jours se sont superbement bien d\u00e9roul\u00e9s\u2009; l\u00e0, j\u2019ai \u00e9t\u00e9 \u00e0 fond\u2009!<\/p>\n\n\n\n<h2 class=\"wp-block-heading\">Que c\u2019est-il pass\u00e9 apr\u00e8s la c\u00e9r\u00e9monie de cl\u00f4ture\u2009?<\/h2>\n\n\n\n<p>Nous avons fait la f\u00eate la moiti\u00e9 de la nuit, tous ensemble.<\/p>\n\n\n\n<h2 class=\"wp-block-heading\">Y compris ceux qui n\u2019ont pas obtenu de m\u00e9daille\u2009?<\/h2>\n\n\n\n<p>Tous, ils sont tout de m\u00eame tous champions suisses.<\/p>\n\n\n\n<h2 class=\"wp-block-heading\">Le soutien de l\u2019\u00e9quipe SwissSkills a \u00e9t\u00e9 important, comme on a pu le voir sur les images. Quelle a \u00e9t\u00e9 votre impression\u2009?<\/h2>\n\n\n\n<p>Lorsque je me suis retourn\u00e9 \u00e0 la fin de mon travail et que j\u2019ai vu les nombreux drapeaux suisses, j\u2019ai tout d\u2019abord \u00e9t\u00e9 sous le choc. Ma joie a \u00e9t\u00e9 \u00e9norme.<\/p>\n\n\n\n<h2 class=\"wp-block-heading\">Comment \u00e9tait l\u2019ambiance au sein de l\u2019\u00e9quipe\u2009?<\/h2>\n\n\n\n<p>Nous avons pass\u00e9 un tr\u00e8s bon moment. Je me sentais \u00e0 l\u2019aise dans l\u2019\u00e9quipe. J\u2019adresse un merci particulier \u00e0 ma famille, mes amis, l\u2019\u00e9quipe Richemont ainsi qu\u2019\u00e0 toute l\u2019\u00e9quipe des SwissSkills, et bien \u00e9videmment, \u00e0 Urs R\u00f6thlin. Je ne pourrais jamais assez le remercier, sans lui la comp\u00e9tition ne se serait jamais d\u00e9roul\u00e9e ainsi.<\/p>\n\n\n\n<h2 class=\"wp-block-heading\">Qu\u2019allez-vous prendre avec vous des WorldSkills\u2009?<\/h2>\n\n\n\n<p>Enorm\u00e9ment de choses\u2009! De merveilleux souvenirs\u2009! Beaucoup d\u2019exp\u00e9riences, beaucoup de passionnantes rencontres, de nombreuses amiti\u00e9s, des contacts dans le monde entier. Mais \u00e9galement l\u2019exp\u00e9rience et la fa\u00e7on de r\u00e9agir en situation de stress, par exemple. Le savoir-faire est maintenant l\u00e0\u2009!<\/p>\n\n\n\n<h2 class=\"wp-block-heading\">Vous n\u2019avez certainement pas pu d\u00e9couvrir beaucoup d\u2019Abou Dabi. Quels souvenirs garderez-vous des lieux\u2009?<\/h2>\n\n\n\n<p>Je n\u2019en ai vraiment pas vu beaucoup. Ce qu\u2019il me restera\u2009: la chaleur, le d\u00e9sert et les gratte-ciels.<\/p>\n\n\n\n<h2 class=\"wp-block-heading\">Quels sont vos projets\u2009?<\/h2>\n\n\n\n<p>Je n\u2019y ai pas beaucoup r\u00e9fl\u00e9chi. Je me suis concentr\u00e9e sur les WorldSkills. Maintenant, je vais \u00e0 nouveau avoir beaucoup de temps-libre. Je suis impatiente d\u2019y \u00eatre\u2009!<\/p>\n\n\n\n<h2 class=\"wp-block-heading\">Encore une derni\u00e8re question : o\u00f9 allez-vous suspendre cette m\u00e9daille d\u2019or\u2009?<\/h2>\n\n\n\n<p>Au-dessus de mon lit, je pourrai ainsi la contempler chaque jour.<\/p>\n\n\n\n<p>Propos recueillis par Claudia Vernocchi<\/p>\n\n\n\n<p><\/p>\n","protected":false},"excerpt":{"rendered":"<p>Quelques heures apr\u00e8s la c\u00e9r\u00e9monie de cl\u00f4ture des WorldSkills 2017 \u00e0 Abou Dabi, l\u2019heureuse m\u00e9daill\u00e9e d\u2019or Ramona Bolliger a donn\u00e9 une interview. Sinc\u00e8res f\u00e9licitations Ramona Bolliger\u2009! Quelle grandiose prestation\u2009! Qu\u2019est-ce qui vous a travers\u00e9 l\u2019esprit \u00e0 l\u2019annonce de votre nom\u2009? Je ne pouvais pas le croire. J\u2019ai \u00e9t\u00e9 \u00e9tonn\u00e9e de ne pas fondre en larmes. Quelques heures ont pass\u00e9. Comment [&hellip;]<\/p>\n","protected":false},"author":1,"featured_media":6285,"comment_status":"open","ping_status":"closed","sticky":false,"template":"","format":"standard","meta":{"_acf_changed":false,"footnotes":""},"categories":[46],"tags":[],"class_list":["post-8689","post","type-post","status-publish","format-standard","has-post-thumbnail","hentry","category-evenement"],"acf":[],"yoast_head":"<!-- This site is optimized with the Yoast SEO Premium plugin v26.8 (Yoast SEO v26.8) - https:\/\/yoast.com\/product\/yoast-seo-premium-wordpress\/ -->\n<title>La m\u00e9daille d\u2019or sera suspendue au-dessus du lit | SBC<\/title>\n<meta name=\"robots\" content=\"index, follow, max-snippet:-1, max-image-preview:large, max-video-preview:-1\" \/>\n<link rel=\"canonical\" href=\"https:\/\/swissbaker.ch\/fr\/panissimo-news\/la-medaille-dor-sera-suspendue-au-dessus-du-lit\/\" \/>\n<meta property=\"og:locale\" content=\"fr_FR\" \/>\n<meta property=\"og:type\" content=\"article\" \/>\n<meta property=\"og:title\" content=\"La m\u00e9daille d\u2019or sera suspendue au-dessus du lit\" \/>\n<meta property=\"og:description\" content=\"Quelques heures apr\u00e8s la c\u00e9r\u00e9monie de cl\u00f4ture des WorldSkills 2017 \u00e0 Abou Dabi, l\u2019heureuse m\u00e9daill\u00e9e d\u2019or Ramona Bolliger a donn\u00e9 une interview. Sinc\u00e8res f\u00e9licitations Ramona Bolliger\u2009! Quelle grandiose prestation\u2009! Qu\u2019est-ce qui vous a travers\u00e9 l\u2019esprit \u00e0 l\u2019annonce de votre nom\u2009? Je ne pouvais pas le croire. J\u2019ai \u00e9t\u00e9 \u00e9tonn\u00e9e de ne pas fondre en larmes. Quelques heures ont pass\u00e9. Comment [&hellip;]\" \/>\n<meta property=\"og:url\" content=\"https:\/\/swissbaker.ch\/fr\/panissimo-news\/la-medaille-dor-sera-suspendue-au-dessus-du-lit\/\" \/>\n<meta property=\"og:site_name\" content=\"SBC\" \/>\n<meta property=\"article:publisher\" content=\"https:\/\/www.facebook.com\/swissbaker.ch\" \/>\n<meta property=\"article:published_time\" content=\"2017-10-20T13:33:00+00:00\" \/>\n<meta property=\"article:modified_time\" content=\"2022-05-11T08:25:32+00:00\" \/>\n<meta property=\"og:image\" content=\"https:\/\/swissbaker.ch\/wp-content\/uploads\/2022\/04\/csm_Foto-20.10.17_-06-13-46_nl_3473a403ae.jpg\" \/>\n\t<meta property=\"og:image:width\" content=\"661\" \/>\n\t<meta property=\"og:image:height\" content=\"600\" \/>\n\t<meta property=\"og:image:type\" content=\"image\/jpeg\" \/>\n<meta name=\"author\" content=\"azureart\" \/>\n<meta name=\"twitter:card\" content=\"summary_large_image\" \/>\n<meta name=\"twitter:creator\" content=\"@ch_swissbaker\" \/>\n<meta name=\"twitter:site\" content=\"@ch_swissbaker\" \/>\n<meta name=\"twitter:label1\" content=\"Written by\" \/>\n\t<meta name=\"twitter:data1\" content=\"azureart\" \/>\n\t<meta name=\"twitter:label2\" content=\"Est. reading time\" \/>\n\t<meta name=\"twitter:data2\" content=\"3 minutes\" \/>\n<script type=\"application\/ld+json\" class=\"yoast-schema-graph\">{\"@context\":\"https:\/\/schema.org\",\"@graph\":[{\"@type\":\"Article\",\"@id\":\"https:\/\/swissbaker.ch\/fr\/panissimo-news\/la-medaille-dor-sera-suspendue-au-dessus-du-lit\/#article\",\"isPartOf\":{\"@id\":\"https:\/\/swissbaker.ch\/fr\/panissimo-news\/la-medaille-dor-sera-suspendue-au-dessus-du-lit\/\"},\"author\":{\"name\":\"azureart\",\"@id\":\"https:\/\/swissbaker.ch\/fr\/#\/schema\/person\/058ac47619f7da53df62aba60f939b78\"},\"headline\":\"La m\u00e9daille d\u2019or sera suspendue au-dessus du lit\",\"datePublished\":\"2017-10-20T13:33:00+00:00\",\"dateModified\":\"2022-05-11T08:25:32+00:00\",\"mainEntityOfPage\":{\"@id\":\"https:\/\/swissbaker.ch\/fr\/panissimo-news\/la-medaille-dor-sera-suspendue-au-dessus-du-lit\/\"},\"wordCount\":489,\"commentCount\":0,\"publisher\":{\"@id\":\"https:\/\/swissbaker.ch\/fr\/#organization\"},\"image\":{\"@id\":\"https:\/\/swissbaker.ch\/fr\/panissimo-news\/la-medaille-dor-sera-suspendue-au-dessus-du-lit\/#primaryimage\"},\"thumbnailUrl\":\"https:\/\/swissbaker.ch\/wp-content\/uploads\/2022\/04\/csm_Foto-20.10.17_-06-13-46_nl_3473a403ae.jpg\",\"articleSection\":[\"Ev\u00e9nement\"],\"inLanguage\":\"fr-FR\",\"potentialAction\":[{\"@type\":\"CommentAction\",\"name\":\"Comment\",\"target\":[\"https:\/\/swissbaker.ch\/fr\/panissimo-news\/la-medaille-dor-sera-suspendue-au-dessus-du-lit\/#respond\"]}]},{\"@type\":\"WebPage\",\"@id\":\"https:\/\/swissbaker.ch\/fr\/panissimo-news\/la-medaille-dor-sera-suspendue-au-dessus-du-lit\/\",\"url\":\"https:\/\/swissbaker.ch\/fr\/panissimo-news\/la-medaille-dor-sera-suspendue-au-dessus-du-lit\/\",\"name\":\"La m\u00e9daille d\u2019or sera suspendue au-dessus du lit | SBC\",\"isPartOf\":{\"@id\":\"https:\/\/swissbaker.ch\/fr\/#website\"},\"primaryImageOfPage\":{\"@id\":\"https:\/\/swissbaker.ch\/fr\/panissimo-news\/la-medaille-dor-sera-suspendue-au-dessus-du-lit\/#primaryimage\"},\"image\":{\"@id\":\"https:\/\/swissbaker.ch\/fr\/panissimo-news\/la-medaille-dor-sera-suspendue-au-dessus-du-lit\/#primaryimage\"},\"thumbnailUrl\":\"https:\/\/swissbaker.ch\/wp-content\/uploads\/2022\/04\/csm_Foto-20.10.17_-06-13-46_nl_3473a403ae.jpg\",\"datePublished\":\"2017-10-20T13:33:00+00:00\",\"dateModified\":\"2022-05-11T08:25:32+00:00\",\"breadcrumb\":{\"@id\":\"https:\/\/swissbaker.ch\/fr\/panissimo-news\/la-medaille-dor-sera-suspendue-au-dessus-du-lit\/#breadcrumb\"},\"inLanguage\":\"fr-FR\",\"potentialAction\":[{\"@type\":\"ReadAction\",\"target\":[\"https:\/\/swissbaker.ch\/fr\/panissimo-news\/la-medaille-dor-sera-suspendue-au-dessus-du-lit\/\"]}]},{\"@type\":\"ImageObject\",\"inLanguage\":\"fr-FR\",\"@id\":\"https:\/\/swissbaker.ch\/fr\/panissimo-news\/la-medaille-dor-sera-suspendue-au-dessus-du-lit\/#primaryimage\",\"url\":\"https:\/\/swissbaker.ch\/wp-content\/uploads\/2022\/04\/csm_Foto-20.10.17_-06-13-46_nl_3473a403ae.jpg\",\"contentUrl\":\"https:\/\/swissbaker.ch\/wp-content\/uploads\/2022\/04\/csm_Foto-20.10.17_-06-13-46_nl_3473a403ae.jpg\",\"width\":661,\"height\":600,\"caption\":\"La m\u00e9daille d\u2019or sera suspendue au-dessus du lit\"},{\"@type\":\"BreadcrumbList\",\"@id\":\"https:\/\/swissbaker.ch\/fr\/panissimo-news\/la-medaille-dor-sera-suspendue-au-dessus-du-lit\/#breadcrumb\",\"itemListElement\":[{\"@type\":\"ListItem\",\"position\":1,\"name\":\"\",\"item\":\"https:\/\/swissbaker.ch\/fr\/\"},{\"@type\":\"ListItem\",\"position\":2,\"name\":\"Ev\u00e9nement\",\"item\":\"https:\/\/swissbaker.ch\/fr\/panissimo-news\/category\/evenement\/\"},{\"@type\":\"ListItem\",\"position\":3,\"name\":\"La m\u00e9daille d\u2019or sera suspendue au-dessus du lit\"}]},{\"@type\":\"WebSite\",\"@id\":\"https:\/\/swissbaker.ch\/fr\/#website\",\"url\":\"https:\/\/swissbaker.ch\/fr\/\",\"name\":\"SBC\",\"description\":\"\",\"publisher\":{\"@id\":\"https:\/\/swissbaker.ch\/fr\/#organization\"},\"potentialAction\":[{\"@type\":\"SearchAction\",\"target\":{\"@type\":\"EntryPoint\",\"urlTemplate\":\"https:\/\/swissbaker.ch\/fr\/?s={search_term_string}\"},\"query-input\":{\"@type\":\"PropertyValueSpecification\",\"valueRequired\":true,\"valueName\":\"search_term_string\"}}],\"inLanguage\":\"fr-FR\"},{\"@type\":\"Organization\",\"@id\":\"https:\/\/swissbaker.ch\/fr\/#organization\",\"name\":\"Schweizerischer B\u00e4cker-Confiseurmeister-Verband\",\"url\":\"https:\/\/swissbaker.ch\/fr\/\",\"logo\":{\"@type\":\"ImageObject\",\"inLanguage\":\"fr-FR\",\"@id\":\"https:\/\/swissbaker.ch\/fr\/#\/schema\/logo\/image\/\",\"url\":\"https:\/\/swissbaker.ch\/wp-content\/uploads\/2022\/04\/sbc-logo-yoast.jpg\",\"contentUrl\":\"https:\/\/swissbaker.ch\/wp-content\/uploads\/2022\/04\/sbc-logo-yoast.jpg\",\"width\":512,\"height\":512,\"caption\":\"Schweizerischer B\u00e4cker-Confiseurmeister-Verband\"},\"image\":{\"@id\":\"https:\/\/swissbaker.ch\/fr\/#\/schema\/logo\/image\/\"},\"sameAs\":[\"https:\/\/www.facebook.com\/swissbaker.ch\",\"https:\/\/x.com\/ch_swissbaker\"]},{\"@type\":\"Person\",\"@id\":\"https:\/\/swissbaker.ch\/fr\/#\/schema\/person\/058ac47619f7da53df62aba60f939b78\",\"name\":\"azureart\",\"image\":{\"@type\":\"ImageObject\",\"inLanguage\":\"fr-FR\",\"@id\":\"https:\/\/swissbaker.ch\/fr\/#\/schema\/person\/image\/\",\"url\":\"https:\/\/secure.gravatar.com\/avatar\/be04dd3098fd612c83067af4f7a295384c93cb6a9112f51beb9d2f477d25da61?s=96&d=mm&r=g\",\"contentUrl\":\"https:\/\/secure.gravatar.com\/avatar\/be04dd3098fd612c83067af4f7a295384c93cb6a9112f51beb9d2f477d25da61?s=96&d=mm&r=g\",\"caption\":\"azureart\"},\"sameAs\":[\"https:\/\/swissbaker.ch\"],\"url\":\"https:\/\/swissbaker.ch\/fr\/panissimo-news\/author\/pixel-ahoi\/\"}]}<\/script>\n<!-- \/ Yoast SEO Premium plugin. -->","yoast_head_json":{"title":"La m\u00e9daille d\u2019or sera suspendue au-dessus du lit | SBC","robots":{"index":"index","follow":"follow","max-snippet":"max-snippet:-1","max-image-preview":"max-image-preview:large","max-video-preview":"max-video-preview:-1"},"canonical":"https:\/\/swissbaker.ch\/fr\/panissimo-news\/la-medaille-dor-sera-suspendue-au-dessus-du-lit\/","og_locale":"fr_FR","og_type":"article","og_title":"La m\u00e9daille d\u2019or sera suspendue au-dessus du lit","og_description":"Quelques heures apr\u00e8s la c\u00e9r\u00e9monie de cl\u00f4ture des WorldSkills 2017 \u00e0 Abou Dabi, l\u2019heureuse m\u00e9daill\u00e9e d\u2019or Ramona Bolliger a donn\u00e9 une interview. Sinc\u00e8res f\u00e9licitations Ramona Bolliger\u2009! Quelle grandiose prestation\u2009! Qu\u2019est-ce qui vous a travers\u00e9 l\u2019esprit \u00e0 l\u2019annonce de votre nom\u2009? Je ne pouvais pas le croire. J\u2019ai \u00e9t\u00e9 \u00e9tonn\u00e9e de ne pas fondre en larmes. Quelques heures ont pass\u00e9. Comment [&hellip;]","og_url":"https:\/\/swissbaker.ch\/fr\/panissimo-news\/la-medaille-dor-sera-suspendue-au-dessus-du-lit\/","og_site_name":"SBC","article_publisher":"https:\/\/www.facebook.com\/swissbaker.ch","article_published_time":"2017-10-20T13:33:00+00:00","article_modified_time":"2022-05-11T08:25:32+00:00","og_image":[{"width":661,"height":600,"url":"https:\/\/swissbaker.ch\/wp-content\/uploads\/2022\/04\/csm_Foto-20.10.17_-06-13-46_nl_3473a403ae.jpg","type":"image\/jpeg"}],"author":"azureart","twitter_card":"summary_large_image","twitter_creator":"@ch_swissbaker","twitter_site":"@ch_swissbaker","twitter_misc":{"Written by":"azureart","Est. reading time":"3 minutes"},"schema":{"@context":"https:\/\/schema.org","@graph":[{"@type":"Article","@id":"https:\/\/swissbaker.ch\/fr\/panissimo-news\/la-medaille-dor-sera-suspendue-au-dessus-du-lit\/#article","isPartOf":{"@id":"https:\/\/swissbaker.ch\/fr\/panissimo-news\/la-medaille-dor-sera-suspendue-au-dessus-du-lit\/"},"author":{"name":"azureart","@id":"https:\/\/swissbaker.ch\/fr\/#\/schema\/person\/058ac47619f7da53df62aba60f939b78"},"headline":"La m\u00e9daille d\u2019or sera suspendue au-dessus du lit","datePublished":"2017-10-20T13:33:00+00:00","dateModified":"2022-05-11T08:25:32+00:00","mainEntityOfPage":{"@id":"https:\/\/swissbaker.ch\/fr\/panissimo-news\/la-medaille-dor-sera-suspendue-au-dessus-du-lit\/"},"wordCount":489,"commentCount":0,"publisher":{"@id":"https:\/\/swissbaker.ch\/fr\/#organization"},"image":{"@id":"https:\/\/swissbaker.ch\/fr\/panissimo-news\/la-medaille-dor-sera-suspendue-au-dessus-du-lit\/#primaryimage"},"thumbnailUrl":"https:\/\/swissbaker.ch\/wp-content\/uploads\/2022\/04\/csm_Foto-20.10.17_-06-13-46_nl_3473a403ae.jpg","articleSection":["Ev\u00e9nement"],"inLanguage":"fr-FR","potentialAction":[{"@type":"CommentAction","name":"Comment","target":["https:\/\/swissbaker.ch\/fr\/panissimo-news\/la-medaille-dor-sera-suspendue-au-dessus-du-lit\/#respond"]}]},{"@type":"WebPage","@id":"https:\/\/swissbaker.ch\/fr\/panissimo-news\/la-medaille-dor-sera-suspendue-au-dessus-du-lit\/","url":"https:\/\/swissbaker.ch\/fr\/panissimo-news\/la-medaille-dor-sera-suspendue-au-dessus-du-lit\/","name":"La m\u00e9daille d\u2019or sera suspendue au-dessus du lit | SBC","isPartOf":{"@id":"https:\/\/swissbaker.ch\/fr\/#website"},"primaryImageOfPage":{"@id":"https:\/\/swissbaker.ch\/fr\/panissimo-news\/la-medaille-dor-sera-suspendue-au-dessus-du-lit\/#primaryimage"},"image":{"@id":"https:\/\/swissbaker.ch\/fr\/panissimo-news\/la-medaille-dor-sera-suspendue-au-dessus-du-lit\/#primaryimage"},"thumbnailUrl":"https:\/\/swissbaker.ch\/wp-content\/uploads\/2022\/04\/csm_Foto-20.10.17_-06-13-46_nl_3473a403ae.jpg","datePublished":"2017-10-20T13:33:00+00:00","dateModified":"2022-05-11T08:25:32+00:00","breadcrumb":{"@id":"https:\/\/swissbaker.ch\/fr\/panissimo-news\/la-medaille-dor-sera-suspendue-au-dessus-du-lit\/#breadcrumb"},"inLanguage":"fr-FR","potentialAction":[{"@type":"ReadAction","target":["https:\/\/swissbaker.ch\/fr\/panissimo-news\/la-medaille-dor-sera-suspendue-au-dessus-du-lit\/"]}]},{"@type":"ImageObject","inLanguage":"fr-FR","@id":"https:\/\/swissbaker.ch\/fr\/panissimo-news\/la-medaille-dor-sera-suspendue-au-dessus-du-lit\/#primaryimage","url":"https:\/\/swissbaker.ch\/wp-content\/uploads\/2022\/04\/csm_Foto-20.10.17_-06-13-46_nl_3473a403ae.jpg","contentUrl":"https:\/\/swissbaker.ch\/wp-content\/uploads\/2022\/04\/csm_Foto-20.10.17_-06-13-46_nl_3473a403ae.jpg","width":661,"height":600,"caption":"La m\u00e9daille d\u2019or sera suspendue au-dessus du lit"},{"@type":"BreadcrumbList","@id":"https:\/\/swissbaker.ch\/fr\/panissimo-news\/la-medaille-dor-sera-suspendue-au-dessus-du-lit\/#breadcrumb","itemListElement":[{"@type":"ListItem","position":1,"name":"","item":"https:\/\/swissbaker.ch\/fr\/"},{"@type":"ListItem","position":2,"name":"Ev\u00e9nement","item":"https:\/\/swissbaker.ch\/fr\/panissimo-news\/category\/evenement\/"},{"@type":"ListItem","position":3,"name":"La m\u00e9daille d\u2019or sera suspendue au-dessus du lit"}]},{"@type":"WebSite","@id":"https:\/\/swissbaker.ch\/fr\/#website","url":"https:\/\/swissbaker.ch\/fr\/","name":"SBC","description":"","publisher":{"@id":"https:\/\/swissbaker.ch\/fr\/#organization"},"potentialAction":[{"@type":"SearchAction","target":{"@type":"EntryPoint","urlTemplate":"https:\/\/swissbaker.ch\/fr\/?s={search_term_string}"},"query-input":{"@type":"PropertyValueSpecification","valueRequired":true,"valueName":"search_term_string"}}],"inLanguage":"fr-FR"},{"@type":"Organization","@id":"https:\/\/swissbaker.ch\/fr\/#organization","name":"Schweizerischer B\u00e4cker-Confiseurmeister-Verband","url":"https:\/\/swissbaker.ch\/fr\/","logo":{"@type":"ImageObject","inLanguage":"fr-FR","@id":"https:\/\/swissbaker.ch\/fr\/#\/schema\/logo\/image\/","url":"https:\/\/swissbaker.ch\/wp-content\/uploads\/2022\/04\/sbc-logo-yoast.jpg","contentUrl":"https:\/\/swissbaker.ch\/wp-content\/uploads\/2022\/04\/sbc-logo-yoast.jpg","width":512,"height":512,"caption":"Schweizerischer B\u00e4cker-Confiseurmeister-Verband"},"image":{"@id":"https:\/\/swissbaker.ch\/fr\/#\/schema\/logo\/image\/"},"sameAs":["https:\/\/www.facebook.com\/swissbaker.ch","https:\/\/x.com\/ch_swissbaker"]},{"@type":"Person","@id":"https:\/\/swissbaker.ch\/fr\/#\/schema\/person\/058ac47619f7da53df62aba60f939b78","name":"azureart","image":{"@type":"ImageObject","inLanguage":"fr-FR","@id":"https:\/\/swissbaker.ch\/fr\/#\/schema\/person\/image\/","url":"https:\/\/secure.gravatar.com\/avatar\/be04dd3098fd612c83067af4f7a295384c93cb6a9112f51beb9d2f477d25da61?s=96&d=mm&r=g","contentUrl":"https:\/\/secure.gravatar.com\/avatar\/be04dd3098fd612c83067af4f7a295384c93cb6a9112f51beb9d2f477d25da61?s=96&d=mm&r=g","caption":"azureart"},"sameAs":["https:\/\/swissbaker.ch"],"url":"https:\/\/swissbaker.ch\/fr\/panissimo-news\/author\/pixel-ahoi\/"}]}},"_links":{"self":[{"href":"https:\/\/swissbaker.ch\/fr\/wp-json\/wp\/v2\/posts\/8689","targetHints":{"allow":["GET"]}}],"collection":[{"href":"https:\/\/swissbaker.ch\/fr\/wp-json\/wp\/v2\/posts"}],"about":[{"href":"https:\/\/swissbaker.ch\/fr\/wp-json\/wp\/v2\/types\/post"}],"author":[{"embeddable":true,"href":"https:\/\/swissbaker.ch\/fr\/wp-json\/wp\/v2\/users\/1"}],"replies":[{"embeddable":true,"href":"https:\/\/swissbaker.ch\/fr\/wp-json\/wp\/v2\/comments?post=8689"}],"version-history":[{"count":0,"href":"https:\/\/swissbaker.ch\/fr\/wp-json\/wp\/v2\/posts\/8689\/revisions"}],"wp:featuredmedia":[{"embeddable":true,"href":"https:\/\/swissbaker.ch\/fr\/wp-json\/wp\/v2\/media\/6285"}],"wp:attachment":[{"href":"https:\/\/swissbaker.ch\/fr\/wp-json\/wp\/v2\/media?parent=8689"}],"wp:term":[{"taxonomy":"category","embeddable":true,"href":"https:\/\/swissbaker.ch\/fr\/wp-json\/wp\/v2\/categories?post=8689"},{"taxonomy":"post_tag","embeddable":true,"href":"https:\/\/swissbaker.ch\/fr\/wp-json\/wp\/v2\/tags?post=8689"}],"curies":[{"name":"wp","href":"https:\/\/api.w.org\/{rel}","templated":true}]}}