{"id":8686,"date":"2021-04-15T08:57:00","date_gmt":"2021-04-15T06:57:00","guid":{"rendered":"https:\/\/swissbaker.ch\/?p=8686"},"modified":"2022-05-11T10:18:49","modified_gmt":"2022-05-11T08:18:49","slug":"les-restaurants-peuvent-rouvrir-leurs-terrasses-des-le-19-avril","status":"publish","type":"post","link":"https:\/\/swissbaker.ch\/fr\/panissimo-news\/les-restaurants-peuvent-rouvrir-leurs-terrasses-des-le-19-avril\/","title":{"rendered":"Les restaurants peuvent rouvrir leurs terrasses d\u00e8s le 19 avril"},"content":{"rendered":"\n<p><strong>Le Conseil f\u00e9d\u00e9ral a communiqu\u00e9 cet apr\u00e8s-midi la prochaine \u00e9tape d\u2019assouplissement des mesures Corona: \u00e0 partir du 19 avril, les restaurants et les bars pourront rouvrir leurs terrasses, \u00e0 condition de respecter les concepts de protection.<\/strong><\/p>\n\n\n\n<h2 class=\"wp-block-heading\">Les r\u00e8gles suivantes doivent \u00eatre respect\u00e9es sur les terrasses:<\/h2>\n\n\n\n<ul class=\"wp-block-list\"><li>Le concept de protection doit \u00eatre strictement respect\u00e9.<\/li><\/ul>\n\n\n\n<ul class=\"wp-block-list\"><li>Il est obligatoire de s&#8217;asseoir et les masques ne peuvent \u00eatre retir\u00e9s que pendant la consommation.<\/li><\/ul>\n\n\n\n<ul class=\"wp-block-list\"><li>Un maximum de 4 personnes par table est autoris\u00e9, exceptionnellement des parents avec des enfants.<\/li><\/ul>\n\n\n\n<ul class=\"wp-block-list\"><li>R\u00e9servations de groupe pour un maximum de 15 personnes sont autoris\u00e9es.<\/li><\/ul>\n\n\n\n<ul class=\"wp-block-list\"><li>Les coordonn\u00e9es de toutes les personnes doivent \u00eatre recueillies.<\/li><\/ul>\n\n\n\n<ul class=\"wp-block-list\"><li>Une distance de 1,5 m\u00e8tre entre les tables doit \u00eatre \u00e9tablie ou une s\u00e9paration install\u00e9e.<\/li><\/ul>\n\n\n\n<ul class=\"wp-block-list\"><li>Un <strong>toit au-dessus de la terrasse<\/strong> ou de l&#8217;espace ext\u00e9rieur est autoris\u00e9; si un toit est pr\u00e9sent, les b\u00e2ches lat\u00e9rales ne peuvent couvrir plus de la moiti\u00e9 des c\u00f4t\u00e9s. Il est important que l&#8217;air puisse circuler librement.<\/li><\/ul>\n\n\n\n<h2 class=\"wp-block-heading\">En outre, le Conseil f\u00e9d\u00e9ral a d\u00e9cid\u00e9 ce qui suit:<\/h2>\n\n\n\n<ul class=\"wp-block-list\"><li>Les lieux de loisirs et de divertissement ouverts au public peuvent rouvrir les espaces int\u00e9rieurs. Un masque doit toujours \u00eatre port\u00e9 et la distanciation maintenue. La consommation de nourriture et de boissons est interdite.<\/li><\/ul>\n\n\n\n<ul class=\"wp-block-list\"><li>Les \u00e9v\u00e9nements avec un public, comme le cin\u00e9ma, le th\u00e9\u00e2tre et les sports avec un jeu professionnel sont \u00e0 nouveau possibles. Le nombre de visiteurs est limit\u00e9 \u00e0 100 personnes \u00e0 l&#8217;ext\u00e9rieur et 50 personnes \u00e0 l&#8217;int\u00e9rieur. Par ailleurs, il y a une restriction \u00e0 un maximum d&#8217;un tiers de la capacit\u00e9 de la salle. Il est obligatoire de s&#8217;asseoir et de porter un masque \u00e0 tout moment. Ici aussi, la consommation est interdite.<\/li><\/ul>\n\n\n\n<ul class=\"wp-block-list\"><li>Les \u00e9v\u00e9nements sans public sont \u00e0 nouveau possibles. Cela comprend les r\u00e9unions d&#8217;association, les r\u00e9unions, les r\u00e9unions de d\u00e9l\u00e9gu\u00e9s et les visites guid\u00e9es dans les mus\u00e9es ou au zoo. Il y a une limite sup\u00e9rieure de 15 personnes \u00e0 l&#8217;int\u00e9rieur et \u00e0 l&#8217;ext\u00e9rieur et une obligation de porter un masque. En outre, un concept de protection doit \u00eatre mis en place.<\/li><\/ul>\n\n\n\n<ul class=\"wp-block-list\"><li>L\u2019enseignement en pr\u00e9sentiel est \u00e0 nouveau possible en dehors de l&#8217;\u00e9cole obligatoire et de l&#8217;\u00e9cole secondaire sup\u00e9rieure. Une restriction de 50 personnes et une limite de capacit\u00e9 d&#8217;un tiers du lieu de l&#8217;\u00e9v\u00e9nement s&#8217;appliquent, ainsi que l\u2019obligation de porter un masque et la distanciation.- Pour les employ\u00e9s des entreprises qui disposent d&#8217;un concept de d\u00e9pistage et qui proposent des tests \u00e0 leur personnel sur place au moins une fois par semaine, la quarantaine de contact ne s&#8217;applique pas \u00e0 leurs activit\u00e9s professionnelles.<\/li><\/ul>\n\n\n\n<ul class=\"wp-block-list\"><li>L&#8217;obligation du t\u00e9l\u00e9travail reste en place.<\/li><\/ul>\n\n\n\n<h2 class=\"wp-block-heading\" id=\"h-soutien-economique\">Soutien \u00e9conomique<\/h2>\n\n\n\n<p>\u00c9tant donn\u00e9 que ce r\u00e8glement ne permet pas encore \u00e0 de nombreuses entreprises de restauration de couvrir leurs co\u00fbts, le soutien \u00e9conomique au secteur de la restauration se poursuivra comme auparavant.Bien que la situation reste fragile, le Conseil f\u00e9d\u00e9ral estime que le risque associ\u00e9 \u00e0 ces assouplissements est acceptable.<\/p>\n\n\n\n<h2 class=\"wp-block-heading\" id=\"h-concept-de-protection\">Concept de protection<\/h2>\n\n\n\n<p>Le concept de protection pour la restauration \u00e0 l\u2019ext\u00e9rieur a \u00e9t\u00e9 mis en ligne.<\/p>\n\n\n\n<ul class=\"wp-block-list\"><li><a href=\"https:\/\/service.swissbaker.ch\/sbcpub\/de\/home\">Plateforme MSST \u2026\u00bb<\/a><\/li><\/ul>\n\n\n\n<p><strong>Pour de plus amples informations:<\/strong><\/p>\n\n\n\n<ul class=\"wp-block-list\"><li><a href=\"https:\/\/www.admin.ch\/gov\/fr\/accueil\/documentation\/communiques\/communiques-conseil-federal.msg-id-83106.html\" target=\"_blank\" rel=\"noreferrer noopener\">Communiqu\u00e9 du Conseil f\u00e9d\u00e9ral<\/a>\u00a0<\/li><li><a href=\"https:\/\/www.bag.admin.ch\/bag\/fr\/home\/krankheiten\/ausbrueche-epidemien-pandemien\/aktuelle-ausbrueche-epidemien\/novel-cov\/massnahmen-des-bundes.html\" target=\"_blank\" rel=\"noreferrer noopener\">Office f\u00e9d\u00e9ral de la sant\u00e9 publique OFSP<\/a><\/li><\/ul>\n","protected":false},"excerpt":{"rendered":"<p>Le Conseil f\u00e9d\u00e9ral a communiqu\u00e9 cet apr\u00e8s-midi la prochaine \u00e9tape d\u2019assouplissement des mesures Corona: \u00e0 partir du 19 avril, les restaurants et les bars pourront rouvrir leurs terrasses, \u00e0 condition de respecter les concepts de protection. Les r\u00e8gles suivantes doivent \u00eatre respect\u00e9es sur les terrasses: Le concept de protection doit \u00eatre strictement respect\u00e9. Il est obligatoire de s&#8217;asseoir et les [&hellip;]<\/p>\n","protected":false},"author":1,"featured_media":5349,"comment_status":"open","ping_status":"closed","sticky":false,"template":"","format":"standard","meta":{"_acf_changed":false,"footnotes":""},"categories":[44,49],"tags":[],"class_list":["post-8686","post","type-post","status-publish","format-standard","has-post-thumbnail","hentry","category-droit-politique","category-sante-securite"],"acf":[],"yoast_head":"<!-- This site is optimized with the Yoast SEO Premium plugin v26.8 (Yoast SEO v26.8) - https:\/\/yoast.com\/product\/yoast-seo-premium-wordpress\/ -->\n<title>Les restaurants peuvent rouvrir leurs terrasses d\u00e8s le 19 avril | SBC<\/title>\n<meta name=\"robots\" content=\"index, follow, max-snippet:-1, max-image-preview:large, max-video-preview:-1\" \/>\n<link rel=\"canonical\" href=\"https:\/\/swissbaker.ch\/fr\/panissimo-news\/les-restaurants-peuvent-rouvrir-leurs-terrasses-des-le-19-avril\/\" \/>\n<meta property=\"og:locale\" content=\"fr_FR\" \/>\n<meta property=\"og:type\" content=\"article\" \/>\n<meta property=\"og:title\" content=\"Les restaurants peuvent rouvrir leurs terrasses d\u00e8s le 19 avril\" \/>\n<meta property=\"og:description\" content=\"Le Conseil f\u00e9d\u00e9ral a communiqu\u00e9 cet apr\u00e8s-midi la prochaine \u00e9tape d\u2019assouplissement des mesures Corona: \u00e0 partir du 19 avril, les restaurants et les bars pourront rouvrir leurs terrasses, \u00e0 condition de respecter les concepts de protection. Les r\u00e8gles suivantes doivent \u00eatre respect\u00e9es sur les terrasses: Le concept de protection doit \u00eatre strictement respect\u00e9. Il est obligatoire de s&#8217;asseoir et les [&hellip;]\" \/>\n<meta property=\"og:url\" content=\"https:\/\/swissbaker.ch\/fr\/panissimo-news\/les-restaurants-peuvent-rouvrir-leurs-terrasses-des-le-19-avril\/\" \/>\n<meta property=\"og:site_name\" content=\"SBC\" \/>\n<meta property=\"article:publisher\" content=\"https:\/\/www.facebook.com\/swissbaker.ch\" \/>\n<meta property=\"article:published_time\" content=\"2021-04-15T06:57:00+00:00\" \/>\n<meta property=\"article:modified_time\" content=\"2022-05-11T08:18:49+00:00\" \/>\n<meta property=\"og:image\" content=\"https:\/\/swissbaker.ch\/wp-content\/uploads\/2022\/03\/terasse_offen_service-1.jpeg\" \/>\n\t<meta property=\"og:image:width\" content=\"800\" \/>\n\t<meta property=\"og:image:height\" content=\"474\" \/>\n\t<meta property=\"og:image:type\" content=\"image\/jpeg\" \/>\n<meta name=\"author\" content=\"azureart\" \/>\n<meta name=\"twitter:card\" content=\"summary_large_image\" \/>\n<meta name=\"twitter:creator\" content=\"@ch_swissbaker\" \/>\n<meta name=\"twitter:site\" content=\"@ch_swissbaker\" \/>\n<meta name=\"twitter:label1\" content=\"Written by\" \/>\n\t<meta name=\"twitter:data1\" content=\"azureart\" \/>\n\t<meta name=\"twitter:label2\" content=\"Est. reading time\" \/>\n\t<meta name=\"twitter:data2\" content=\"3 minutes\" \/>\n<script type=\"application\/ld+json\" class=\"yoast-schema-graph\">{\"@context\":\"https:\/\/schema.org\",\"@graph\":[{\"@type\":\"Article\",\"@id\":\"https:\/\/swissbaker.ch\/fr\/panissimo-news\/les-restaurants-peuvent-rouvrir-leurs-terrasses-des-le-19-avril\/#article\",\"isPartOf\":{\"@id\":\"https:\/\/swissbaker.ch\/fr\/panissimo-news\/les-restaurants-peuvent-rouvrir-leurs-terrasses-des-le-19-avril\/\"},\"author\":{\"name\":\"azureart\",\"@id\":\"https:\/\/swissbaker.ch\/fr\/#\/schema\/person\/058ac47619f7da53df62aba60f939b78\"},\"headline\":\"Les restaurants peuvent rouvrir leurs terrasses d\u00e8s le 19 avril\",\"datePublished\":\"2021-04-15T06:57:00+00:00\",\"dateModified\":\"2022-05-11T08:18:49+00:00\",\"mainEntityOfPage\":{\"@id\":\"https:\/\/swissbaker.ch\/fr\/panissimo-news\/les-restaurants-peuvent-rouvrir-leurs-terrasses-des-le-19-avril\/\"},\"wordCount\":574,\"commentCount\":0,\"publisher\":{\"@id\":\"https:\/\/swissbaker.ch\/fr\/#organization\"},\"image\":{\"@id\":\"https:\/\/swissbaker.ch\/fr\/panissimo-news\/les-restaurants-peuvent-rouvrir-leurs-terrasses-des-le-19-avril\/#primaryimage\"},\"thumbnailUrl\":\"https:\/\/swissbaker.ch\/wp-content\/uploads\/2022\/03\/terasse_offen_service-1.jpeg\",\"articleSection\":[\"Droit &amp; politique\",\"Sant\u00e9\/S\u00e9curit\u00e9\"],\"inLanguage\":\"fr-FR\",\"potentialAction\":[{\"@type\":\"CommentAction\",\"name\":\"Comment\",\"target\":[\"https:\/\/swissbaker.ch\/fr\/panissimo-news\/les-restaurants-peuvent-rouvrir-leurs-terrasses-des-le-19-avril\/#respond\"]}]},{\"@type\":\"WebPage\",\"@id\":\"https:\/\/swissbaker.ch\/fr\/panissimo-news\/les-restaurants-peuvent-rouvrir-leurs-terrasses-des-le-19-avril\/\",\"url\":\"https:\/\/swissbaker.ch\/fr\/panissimo-news\/les-restaurants-peuvent-rouvrir-leurs-terrasses-des-le-19-avril\/\",\"name\":\"Les restaurants peuvent rouvrir leurs terrasses d\u00e8s le 19 avril | SBC\",\"isPartOf\":{\"@id\":\"https:\/\/swissbaker.ch\/fr\/#website\"},\"primaryImageOfPage\":{\"@id\":\"https:\/\/swissbaker.ch\/fr\/panissimo-news\/les-restaurants-peuvent-rouvrir-leurs-terrasses-des-le-19-avril\/#primaryimage\"},\"image\":{\"@id\":\"https:\/\/swissbaker.ch\/fr\/panissimo-news\/les-restaurants-peuvent-rouvrir-leurs-terrasses-des-le-19-avril\/#primaryimage\"},\"thumbnailUrl\":\"https:\/\/swissbaker.ch\/wp-content\/uploads\/2022\/03\/terasse_offen_service-1.jpeg\",\"datePublished\":\"2021-04-15T06:57:00+00:00\",\"dateModified\":\"2022-05-11T08:18:49+00:00\",\"breadcrumb\":{\"@id\":\"https:\/\/swissbaker.ch\/fr\/panissimo-news\/les-restaurants-peuvent-rouvrir-leurs-terrasses-des-le-19-avril\/#breadcrumb\"},\"inLanguage\":\"fr-FR\",\"potentialAction\":[{\"@type\":\"ReadAction\",\"target\":[\"https:\/\/swissbaker.ch\/fr\/panissimo-news\/les-restaurants-peuvent-rouvrir-leurs-terrasses-des-le-19-avril\/\"]}]},{\"@type\":\"ImageObject\",\"inLanguage\":\"fr-FR\",\"@id\":\"https:\/\/swissbaker.ch\/fr\/panissimo-news\/les-restaurants-peuvent-rouvrir-leurs-terrasses-des-le-19-avril\/#primaryimage\",\"url\":\"https:\/\/swissbaker.ch\/wp-content\/uploads\/2022\/03\/terasse_offen_service-1.jpeg\",\"contentUrl\":\"https:\/\/swissbaker.ch\/wp-content\/uploads\/2022\/03\/terasse_offen_service-1.jpeg\",\"width\":800,\"height\":474,\"caption\":\"Les restaurants peuvent rouvrir leurs terrasses d\u00e8s le 19 avril\"},{\"@type\":\"BreadcrumbList\",\"@id\":\"https:\/\/swissbaker.ch\/fr\/panissimo-news\/les-restaurants-peuvent-rouvrir-leurs-terrasses-des-le-19-avril\/#breadcrumb\",\"itemListElement\":[{\"@type\":\"ListItem\",\"position\":1,\"name\":\"\",\"item\":\"https:\/\/swissbaker.ch\/fr\/\"},{\"@type\":\"ListItem\",\"position\":2,\"name\":\"Droit &amp; politique\",\"item\":\"https:\/\/swissbaker.ch\/fr\/panissimo-news\/category\/droit-politique\/\"},{\"@type\":\"ListItem\",\"position\":3,\"name\":\"Les restaurants peuvent rouvrir leurs terrasses d\u00e8s le 19 avril\"}]},{\"@type\":\"WebSite\",\"@id\":\"https:\/\/swissbaker.ch\/fr\/#website\",\"url\":\"https:\/\/swissbaker.ch\/fr\/\",\"name\":\"SBC\",\"description\":\"\",\"publisher\":{\"@id\":\"https:\/\/swissbaker.ch\/fr\/#organization\"},\"potentialAction\":[{\"@type\":\"SearchAction\",\"target\":{\"@type\":\"EntryPoint\",\"urlTemplate\":\"https:\/\/swissbaker.ch\/fr\/?s={search_term_string}\"},\"query-input\":{\"@type\":\"PropertyValueSpecification\",\"valueRequired\":true,\"valueName\":\"search_term_string\"}}],\"inLanguage\":\"fr-FR\"},{\"@type\":\"Organization\",\"@id\":\"https:\/\/swissbaker.ch\/fr\/#organization\",\"name\":\"Schweizerischer B\u00e4cker-Confiseurmeister-Verband\",\"url\":\"https:\/\/swissbaker.ch\/fr\/\",\"logo\":{\"@type\":\"ImageObject\",\"inLanguage\":\"fr-FR\",\"@id\":\"https:\/\/swissbaker.ch\/fr\/#\/schema\/logo\/image\/\",\"url\":\"https:\/\/swissbaker.ch\/wp-content\/uploads\/2022\/04\/sbc-logo-yoast.jpg\",\"contentUrl\":\"https:\/\/swissbaker.ch\/wp-content\/uploads\/2022\/04\/sbc-logo-yoast.jpg\",\"width\":512,\"height\":512,\"caption\":\"Schweizerischer B\u00e4cker-Confiseurmeister-Verband\"},\"image\":{\"@id\":\"https:\/\/swissbaker.ch\/fr\/#\/schema\/logo\/image\/\"},\"sameAs\":[\"https:\/\/www.facebook.com\/swissbaker.ch\",\"https:\/\/x.com\/ch_swissbaker\"]},{\"@type\":\"Person\",\"@id\":\"https:\/\/swissbaker.ch\/fr\/#\/schema\/person\/058ac47619f7da53df62aba60f939b78\",\"name\":\"azureart\",\"image\":{\"@type\":\"ImageObject\",\"inLanguage\":\"fr-FR\",\"@id\":\"https:\/\/swissbaker.ch\/fr\/#\/schema\/person\/image\/\",\"url\":\"https:\/\/secure.gravatar.com\/avatar\/be04dd3098fd612c83067af4f7a295384c93cb6a9112f51beb9d2f477d25da61?s=96&d=mm&r=g\",\"contentUrl\":\"https:\/\/secure.gravatar.com\/avatar\/be04dd3098fd612c83067af4f7a295384c93cb6a9112f51beb9d2f477d25da61?s=96&d=mm&r=g\",\"caption\":\"azureart\"},\"sameAs\":[\"https:\/\/swissbaker.ch\"],\"url\":\"https:\/\/swissbaker.ch\/fr\/panissimo-news\/author\/pixel-ahoi\/\"}]}<\/script>\n<!-- \/ Yoast SEO Premium plugin. -->","yoast_head_json":{"title":"Les restaurants peuvent rouvrir leurs terrasses d\u00e8s le 19 avril | SBC","robots":{"index":"index","follow":"follow","max-snippet":"max-snippet:-1","max-image-preview":"max-image-preview:large","max-video-preview":"max-video-preview:-1"},"canonical":"https:\/\/swissbaker.ch\/fr\/panissimo-news\/les-restaurants-peuvent-rouvrir-leurs-terrasses-des-le-19-avril\/","og_locale":"fr_FR","og_type":"article","og_title":"Les restaurants peuvent rouvrir leurs terrasses d\u00e8s le 19 avril","og_description":"Le Conseil f\u00e9d\u00e9ral a communiqu\u00e9 cet apr\u00e8s-midi la prochaine \u00e9tape d\u2019assouplissement des mesures Corona: \u00e0 partir du 19 avril, les restaurants et les bars pourront rouvrir leurs terrasses, \u00e0 condition de respecter les concepts de protection. Les r\u00e8gles suivantes doivent \u00eatre respect\u00e9es sur les terrasses: Le concept de protection doit \u00eatre strictement respect\u00e9. Il est obligatoire de s&#8217;asseoir et les [&hellip;]","og_url":"https:\/\/swissbaker.ch\/fr\/panissimo-news\/les-restaurants-peuvent-rouvrir-leurs-terrasses-des-le-19-avril\/","og_site_name":"SBC","article_publisher":"https:\/\/www.facebook.com\/swissbaker.ch","article_published_time":"2021-04-15T06:57:00+00:00","article_modified_time":"2022-05-11T08:18:49+00:00","og_image":[{"width":800,"height":474,"url":"https:\/\/swissbaker.ch\/wp-content\/uploads\/2022\/03\/terasse_offen_service-1.jpeg","type":"image\/jpeg"}],"author":"azureart","twitter_card":"summary_large_image","twitter_creator":"@ch_swissbaker","twitter_site":"@ch_swissbaker","twitter_misc":{"Written by":"azureart","Est. reading time":"3 minutes"},"schema":{"@context":"https:\/\/schema.org","@graph":[{"@type":"Article","@id":"https:\/\/swissbaker.ch\/fr\/panissimo-news\/les-restaurants-peuvent-rouvrir-leurs-terrasses-des-le-19-avril\/#article","isPartOf":{"@id":"https:\/\/swissbaker.ch\/fr\/panissimo-news\/les-restaurants-peuvent-rouvrir-leurs-terrasses-des-le-19-avril\/"},"author":{"name":"azureart","@id":"https:\/\/swissbaker.ch\/fr\/#\/schema\/person\/058ac47619f7da53df62aba60f939b78"},"headline":"Les restaurants peuvent rouvrir leurs terrasses d\u00e8s le 19 avril","datePublished":"2021-04-15T06:57:00+00:00","dateModified":"2022-05-11T08:18:49+00:00","mainEntityOfPage":{"@id":"https:\/\/swissbaker.ch\/fr\/panissimo-news\/les-restaurants-peuvent-rouvrir-leurs-terrasses-des-le-19-avril\/"},"wordCount":574,"commentCount":0,"publisher":{"@id":"https:\/\/swissbaker.ch\/fr\/#organization"},"image":{"@id":"https:\/\/swissbaker.ch\/fr\/panissimo-news\/les-restaurants-peuvent-rouvrir-leurs-terrasses-des-le-19-avril\/#primaryimage"},"thumbnailUrl":"https:\/\/swissbaker.ch\/wp-content\/uploads\/2022\/03\/terasse_offen_service-1.jpeg","articleSection":["Droit &amp; politique","Sant\u00e9\/S\u00e9curit\u00e9"],"inLanguage":"fr-FR","potentialAction":[{"@type":"CommentAction","name":"Comment","target":["https:\/\/swissbaker.ch\/fr\/panissimo-news\/les-restaurants-peuvent-rouvrir-leurs-terrasses-des-le-19-avril\/#respond"]}]},{"@type":"WebPage","@id":"https:\/\/swissbaker.ch\/fr\/panissimo-news\/les-restaurants-peuvent-rouvrir-leurs-terrasses-des-le-19-avril\/","url":"https:\/\/swissbaker.ch\/fr\/panissimo-news\/les-restaurants-peuvent-rouvrir-leurs-terrasses-des-le-19-avril\/","name":"Les restaurants peuvent rouvrir leurs terrasses d\u00e8s le 19 avril | SBC","isPartOf":{"@id":"https:\/\/swissbaker.ch\/fr\/#website"},"primaryImageOfPage":{"@id":"https:\/\/swissbaker.ch\/fr\/panissimo-news\/les-restaurants-peuvent-rouvrir-leurs-terrasses-des-le-19-avril\/#primaryimage"},"image":{"@id":"https:\/\/swissbaker.ch\/fr\/panissimo-news\/les-restaurants-peuvent-rouvrir-leurs-terrasses-des-le-19-avril\/#primaryimage"},"thumbnailUrl":"https:\/\/swissbaker.ch\/wp-content\/uploads\/2022\/03\/terasse_offen_service-1.jpeg","datePublished":"2021-04-15T06:57:00+00:00","dateModified":"2022-05-11T08:18:49+00:00","breadcrumb":{"@id":"https:\/\/swissbaker.ch\/fr\/panissimo-news\/les-restaurants-peuvent-rouvrir-leurs-terrasses-des-le-19-avril\/#breadcrumb"},"inLanguage":"fr-FR","potentialAction":[{"@type":"ReadAction","target":["https:\/\/swissbaker.ch\/fr\/panissimo-news\/les-restaurants-peuvent-rouvrir-leurs-terrasses-des-le-19-avril\/"]}]},{"@type":"ImageObject","inLanguage":"fr-FR","@id":"https:\/\/swissbaker.ch\/fr\/panissimo-news\/les-restaurants-peuvent-rouvrir-leurs-terrasses-des-le-19-avril\/#primaryimage","url":"https:\/\/swissbaker.ch\/wp-content\/uploads\/2022\/03\/terasse_offen_service-1.jpeg","contentUrl":"https:\/\/swissbaker.ch\/wp-content\/uploads\/2022\/03\/terasse_offen_service-1.jpeg","width":800,"height":474,"caption":"Les restaurants peuvent rouvrir leurs terrasses d\u00e8s le 19 avril"},{"@type":"BreadcrumbList","@id":"https:\/\/swissbaker.ch\/fr\/panissimo-news\/les-restaurants-peuvent-rouvrir-leurs-terrasses-des-le-19-avril\/#breadcrumb","itemListElement":[{"@type":"ListItem","position":1,"name":"","item":"https:\/\/swissbaker.ch\/fr\/"},{"@type":"ListItem","position":2,"name":"Droit &amp; politique","item":"https:\/\/swissbaker.ch\/fr\/panissimo-news\/category\/droit-politique\/"},{"@type":"ListItem","position":3,"name":"Les restaurants peuvent rouvrir leurs terrasses d\u00e8s le 19 avril"}]},{"@type":"WebSite","@id":"https:\/\/swissbaker.ch\/fr\/#website","url":"https:\/\/swissbaker.ch\/fr\/","name":"SBC","description":"","publisher":{"@id":"https:\/\/swissbaker.ch\/fr\/#organization"},"potentialAction":[{"@type":"SearchAction","target":{"@type":"EntryPoint","urlTemplate":"https:\/\/swissbaker.ch\/fr\/?s={search_term_string}"},"query-input":{"@type":"PropertyValueSpecification","valueRequired":true,"valueName":"search_term_string"}}],"inLanguage":"fr-FR"},{"@type":"Organization","@id":"https:\/\/swissbaker.ch\/fr\/#organization","name":"Schweizerischer B\u00e4cker-Confiseurmeister-Verband","url":"https:\/\/swissbaker.ch\/fr\/","logo":{"@type":"ImageObject","inLanguage":"fr-FR","@id":"https:\/\/swissbaker.ch\/fr\/#\/schema\/logo\/image\/","url":"https:\/\/swissbaker.ch\/wp-content\/uploads\/2022\/04\/sbc-logo-yoast.jpg","contentUrl":"https:\/\/swissbaker.ch\/wp-content\/uploads\/2022\/04\/sbc-logo-yoast.jpg","width":512,"height":512,"caption":"Schweizerischer B\u00e4cker-Confiseurmeister-Verband"},"image":{"@id":"https:\/\/swissbaker.ch\/fr\/#\/schema\/logo\/image\/"},"sameAs":["https:\/\/www.facebook.com\/swissbaker.ch","https:\/\/x.com\/ch_swissbaker"]},{"@type":"Person","@id":"https:\/\/swissbaker.ch\/fr\/#\/schema\/person\/058ac47619f7da53df62aba60f939b78","name":"azureart","image":{"@type":"ImageObject","inLanguage":"fr-FR","@id":"https:\/\/swissbaker.ch\/fr\/#\/schema\/person\/image\/","url":"https:\/\/secure.gravatar.com\/avatar\/be04dd3098fd612c83067af4f7a295384c93cb6a9112f51beb9d2f477d25da61?s=96&d=mm&r=g","contentUrl":"https:\/\/secure.gravatar.com\/avatar\/be04dd3098fd612c83067af4f7a295384c93cb6a9112f51beb9d2f477d25da61?s=96&d=mm&r=g","caption":"azureart"},"sameAs":["https:\/\/swissbaker.ch"],"url":"https:\/\/swissbaker.ch\/fr\/panissimo-news\/author\/pixel-ahoi\/"}]}},"_links":{"self":[{"href":"https:\/\/swissbaker.ch\/fr\/wp-json\/wp\/v2\/posts\/8686","targetHints":{"allow":["GET"]}}],"collection":[{"href":"https:\/\/swissbaker.ch\/fr\/wp-json\/wp\/v2\/posts"}],"about":[{"href":"https:\/\/swissbaker.ch\/fr\/wp-json\/wp\/v2\/types\/post"}],"author":[{"embeddable":true,"href":"https:\/\/swissbaker.ch\/fr\/wp-json\/wp\/v2\/users\/1"}],"replies":[{"embeddable":true,"href":"https:\/\/swissbaker.ch\/fr\/wp-json\/wp\/v2\/comments?post=8686"}],"version-history":[{"count":0,"href":"https:\/\/swissbaker.ch\/fr\/wp-json\/wp\/v2\/posts\/8686\/revisions"}],"wp:featuredmedia":[{"embeddable":true,"href":"https:\/\/swissbaker.ch\/fr\/wp-json\/wp\/v2\/media\/5349"}],"wp:attachment":[{"href":"https:\/\/swissbaker.ch\/fr\/wp-json\/wp\/v2\/media?parent=8686"}],"wp:term":[{"taxonomy":"category","embeddable":true,"href":"https:\/\/swissbaker.ch\/fr\/wp-json\/wp\/v2\/categories?post=8686"},{"taxonomy":"post_tag","embeddable":true,"href":"https:\/\/swissbaker.ch\/fr\/wp-json\/wp\/v2\/tags?post=8686"}],"curies":[{"name":"wp","href":"https:\/\/api.w.org\/{rel}","templated":true}]}}