{"id":86817,"date":"2024-11-26T13:22:53","date_gmt":"2024-11-26T12:22:53","guid":{"rendered":"https:\/\/swissbaker.ch\/?p=86817"},"modified":"2024-11-27T10:39:55","modified_gmt":"2024-11-27T09:39:55","slug":"jeunes-dynamiques-passionnes","status":"publish","type":"post","link":"https:\/\/swissbaker.ch\/fr\/panissimo-news\/jeunes-dynamiques-passionnes\/","title":{"rendered":"Jeunes, dynamiques, passionn\u00e9s"},"content":{"rendered":"\n<p><strong>Ils sont jeunes, dynamiques, d\u00e9termin\u00e9s et, depuis environ trois mois, propri\u00e9taires de la boulangerie-p\u00e2tisserie Schell \u00e0 B\u00fcron (LU). Les d\u00e9buts sont prometteurs pour Nina L\u00fcthi et Erik Schell. Le couple d\u2019entrepreneurs fra\u00eechement dipl\u00f4m\u00e9s est confiant en l\u2019avenir. Tous deux ont \u00e0 c\u0153ur de pr\u00e9server ce \u00ab\u2009merveilleux m\u00e9tier\u2009\u00bb.<\/strong><\/p>\n\n\n\n<p>\u00ab\u2009Le pain et les g\u00e2teaux sont notre passion\u2009\u00bb , peut-on lire en allemand et en grosses lettres sur le charmant site internet qu\u2019ils ont nouvellement con\u00e7u. Et cet engagement s\u2019est av\u00e9r\u00e9 palpable lors de notre visite \u00e0 B\u00fcron.<\/p>\n\n\n\n<p>Nina L\u00fcthi a su ce qu\u2019elle voulait d\u00e8s son apprentissage\u2009: devenir propri\u00e9taire de sa propre boulangerie-p\u00e2tisserie. Elle a effectu\u00e9 son apprentissage de boulang\u00e8re-p\u00e2tissi\u00e8re \u00e0 la boulangerie-p\u00e2tisserie Moosberger \u00e0 Wildegg (AG) en 2012, puis suivi une formation de cuisini\u00e8re en 2015, au terme de laquelle elle est revenue dans le secteur. En 2017, elle a travaill\u00e9 pendant un an dans son ancienne entreprise d\u2019apprentissage de boulangerie, avant de devenir responsable de la p\u00e2tisserie chez Regula et Burkard Kreyenb\u00fchl \u00e0 Muri (AG), dans la production\u2009; une pr\u00e9cieuse nouvelle exp\u00e9rience.<\/p>\n\n\n\n<figure class=\"wp-block-image size-large\"><img decoding=\"async\" width=\"1024\" height=\"768\" src=\"https:\/\/swissbaker.ch\/wp-content\/uploads\/2024\/11\/22_2_baeckerei_schell_2-1024x768.jpg\" alt=\"\" class=\"wp-image-86810\" srcset=\"https:\/\/swissbaker.ch\/wp-content\/uploads\/2024\/11\/22_2_baeckerei_schell_2-1024x768.jpg 1024w, https:\/\/swissbaker.ch\/wp-content\/uploads\/2024\/11\/22_2_baeckerei_schell_2-768x576.jpg 768w, https:\/\/swissbaker.ch\/wp-content\/uploads\/2024\/11\/22_2_baeckerei_schell_2-1000x750.jpg 1000w, https:\/\/swissbaker.ch\/wp-content\/uploads\/2024\/11\/22_2_baeckerei_schell_2.jpg 1200w\" sizes=\"(max-width: 1024px) 100vw, 1024px\" \/><figcaption class=\"wp-element-caption\"><em>Nina L\u00fcthi et Erik Schell dans leur magasin<\/em><\/figcaption><\/figure>\n\n\n\n<h2 class=\"wp-block-heading\" id=\"h-un-parcours-remarquable\">Un parcours remarquable<\/h2>\n\n\n\n<p>Malgr\u00e9 son jeune \u00e2ge, la sp\u00e9cialiste a d\u00e9j\u00e0 un parcours professionnel remarquable. Elle a en effet particip\u00e9 aux championnats suisses en tant que boulang\u00e8re-p\u00e2tissi\u00e8re en 2015, est arriv\u00e9e en finale du concours \u00ab\u2009Brot-Chef\u2009\u00bb en 2017, et \u00e9t\u00e9 \u00e9lue \u00ab\u2009Marmite-youngster\u2009\u00bb en 2019. Elle a r\u00e9ussi l\u2019examen professionnel en 2022, et suivi cette ann\u00e9e les cours de l\u2019Institut suisse pour la formation des cadres d\u2019entreprise pour se pr\u00e9parer \u00e0 l\u2019examen professionnel sup\u00e9rieur. Elle a commenc\u00e9 sa formation continue cet automne.<\/p>\n\n\n\n<h2 class=\"wp-block-heading\" id=\"h-boulangerie-securite-des-citernes-horticulture-boulangerie\"><strong>Boulangerie \u2013 s\u00e9curit\u00e9 des citernes \u2013 horticulture \u2013 boulangerie<\/strong><\/h2>\n\n\n\n<p>Erik Schell et Nina L\u00fcthi ont appris \u00e0 se conna\u00eetre et \u00e0 s&#8217;appr\u00e9cier \u00e0 l\u2019\u00e9cole professionnelle. Lui a fait sa formation chez Jowa, avant de vouloir changer de m\u00e9tier en&nbsp;2016, en suivant une formation de sp\u00e9cialiste pour la s\u00e9curit\u00e9 des citernes, dans le domaine du mazout et du diesel, puis une formation continue sur les citernes chimiques et \u00e0 essence en&nbsp;2018. Deux ans plus tard, Erik Schell a opt\u00e9 pour une nouvelle r\u00e9orientation professionnelle et travaill\u00e9 dans l&#8217;horticulture. \u00abJe voulais encore essayer quelque chose\u00bb, explique-t-il en entretien avec \u00abPanissimo\u00bb. Et lorsque Nina L\u00fcthi et lui ont pris la d\u00e9cision de reprendre la boulangerie-p\u00e2tisserie Amrein \u00e0 B\u00fcron, il a commenc\u00e9 \u00e0 y travailler en 2024. Mais n\u2019en disons pas plus pour l\u2019heure\u2026<\/p>\n\n\n\n<h2 class=\"wp-block-heading\" id=\"h-sept-entreprises-visitees\">Sept entreprises visit\u00e9es<\/h2>\n\n\n\n<p>Nina L\u00fcthi et Erik Schell ont commenc\u00e9 \u00e0 chercher une boulangerie qui leur convienne dans la r\u00e9gion Argovie-Lucerne il y a deux ans. Proback les a soutenus dans leur recherche en leur apportant aide et conseils. Tous deux ont par ailleurs suivi le cours pour jeunes entrepreneurs de Proback. Au total, les professionnels ont visit\u00e9 sept entreprises. Au milieu de l\u2019ann\u00e9e 2023, leur d\u00e9cision \u00e9tait prise\u2009: la boulangerie-p\u00e2tisserie Amrein \u00e0 B\u00fcron s\u2019est clairement impos\u00e9e. La taille, l\u2019infrastructure, la bonne situation avec places de parking, le magasin, le personnel et la client\u00e8le ont \u00e9t\u00e9 d\u00e9terminants dans leur choix. \u00ab\u2009Beaucoup de choses nous convenaient. Nous connaissons notamment \u00e9galement les environs\u2009\u00bb, confie Erik Schell, qui a grandi \u00e0 Sch\u00f6ftland (AG).<\/p>\n\n\n<div class=\"wp-block-image\">\n<figure class=\"aligncenter size-large is-resized\"><img decoding=\"async\" width=\"1024\" height=\"768\" src=\"https:\/\/swissbaker.ch\/wp-content\/uploads\/2024\/11\/22_2_baeckerei_schell_haus-1024x768.jpg\" alt=\"\" class=\"wp-image-86807\" style=\"width:677px;height:auto\" srcset=\"https:\/\/swissbaker.ch\/wp-content\/uploads\/2024\/11\/22_2_baeckerei_schell_haus-1024x768.jpg 1024w, https:\/\/swissbaker.ch\/wp-content\/uploads\/2024\/11\/22_2_baeckerei_schell_haus-768x576.jpg 768w, https:\/\/swissbaker.ch\/wp-content\/uploads\/2024\/11\/22_2_baeckerei_schell_haus-1000x750.jpg 1000w, https:\/\/swissbaker.ch\/wp-content\/uploads\/2024\/11\/22_2_baeckerei_schell_haus.jpg 1200w\" sizes=\"(max-width: 1024px) 100vw, 1024px\" \/><figcaption class=\"wp-element-caption\"><em>la boulangerie-p\u00e2tisserie Schell \u00e0 B\u00fcron (LU)<\/em><\/figcaption><\/figure>\n<\/div>\n\n\n<h2 class=\"wp-block-heading\" id=\"h-nouveau-nom-nouveau-logo\">Nouveau nom, nouveau logo<\/h2>\n\n\n\n<p>Le couple Amrein a travaill\u00e9 pendant le premier semestre avec les jeunes entrepreneurs, qui ont \u00ab\u2009pris leur envol\u2009\u00bb depuis ao\u00fbt\u202f2024. La c\u00e9r\u00e9monie d\u2019ouverture a eu lieu le 12\u202fao\u00fbt. Le nom a \u00e9t\u00e9 chang\u00e9 en boulangerie Schell. Le logo et les tenues du personnel ont \u00e9galement \u00e9t\u00e9 remplac\u00e9s.<\/p>\n\n\n<div class=\"wp-block-image\">\n<figure class=\"aligncenter size-large is-resized\"><img decoding=\"async\" width=\"1024\" height=\"665\" src=\"https:\/\/swissbaker.ch\/wp-content\/uploads\/2024\/11\/logo-schell-baeckerei-konditorei-1024x665.jpg\" alt=\"\" class=\"wp-image-86813\" style=\"width:412px;height:auto\" srcset=\"https:\/\/swissbaker.ch\/wp-content\/uploads\/2024\/11\/logo-schell-baeckerei-konditorei-1024x665.jpg 1024w, https:\/\/swissbaker.ch\/wp-content\/uploads\/2024\/11\/logo-schell-baeckerei-konditorei-768x499.jpg 768w, https:\/\/swissbaker.ch\/wp-content\/uploads\/2024\/11\/logo-schell-baeckerei-konditorei-1536x998.jpg 1536w, https:\/\/swissbaker.ch\/wp-content\/uploads\/2024\/11\/logo-schell-baeckerei-konditorei-2048x1331.jpg 2048w\" sizes=\"(max-width: 1024px) 100vw, 1024px\" \/><\/figure>\n<\/div>\n\n\n<p><br>L\u2019assortiment n\u2019a \u00e9t\u00e9 que l\u00e9g\u00e8rement adapt\u00e9. \u00ab\u2009Nous ne voulons pas effrayer la client\u00e8le actuelle\u2009\u00bb, explique Erik Schell en souriant. Certains produits, comme le pain aux olives et la baguette, ne sont plus propos\u00e9s que sous forme de pain du mois. La nouveaut\u00e9, ce sont les macarons et le coup de c\u0153ur de Nina L\u00fcthi\u2009: les g\u00e2teaux de mariage \u00e0 trois \u00e9tages avec de vraies fleurs. La forte demande les rend confiants. Ils souhaitent d\u00e9velopper davantage le catering. Les heures d\u2019ouverture restent pour leur part inchang\u00e9es, la vente d\u00e9butant \u00e0 4 heures du matin, pour le plus grand bonheur du personnel des usines voisines\u2026<\/p>\n\n\n<div class=\"wp-block-image\">\n<figure class=\"aligncenter size-large is-resized\"><img decoding=\"async\" width=\"768\" height=\"1024\" src=\"https:\/\/swissbaker.ch\/wp-content\/uploads\/2024\/11\/schell_hochzeitstorte-768x1024.jpg\" alt=\"\" class=\"wp-image-86823\" style=\"width:364px;height:auto\" srcset=\"https:\/\/swissbaker.ch\/wp-content\/uploads\/2024\/11\/schell_hochzeitstorte-768x1024.jpg 768w, https:\/\/swissbaker.ch\/wp-content\/uploads\/2024\/11\/schell_hochzeitstorte-1152x1536.jpg 1152w, https:\/\/swissbaker.ch\/wp-content\/uploads\/2024\/11\/schell_hochzeitstorte.jpg 1536w\" sizes=\"(max-width: 768px) 100vw, 768px\" \/><figcaption class=\"wp-element-caption\"><em>les g\u00e2teaux de mariage \u00e0 trois \u00e9tages avec de vraies fleurs.<\/em><\/figcaption><\/figure>\n<\/div>\n\n\n<h2 class=\"wp-block-heading\" id=\"h-des-reactions-positives\">Des r\u00e9actions positives<\/h2>\n\n\n\n<p>Les nouveaux propri\u00e9taires de l\u2019entreprise sont particuli\u00e8rement heureux de constater que les retours de la client\u00e8le et du personnel ont \u00e9t\u00e9 positifs. L\u2019\u00e9quipe en place n\u2019a pas chang\u00e9. Il n\u2019y a pas eu de d\u00e9parts. \u00ab\u2009Le personnel travaille dur, ne compte pas ses heures, et nous soutient au quotidien\u2009!\u2009\u00bb, s\u2019enthousiasme Nina L\u00fcthi.<\/p>\n\n\n\n<p>A 27 ans pour elle et 29 pour lui, ils ne s\u2019attendaient toutefois pas au d\u00e9fi de devoir parfois se battre pour se faire accepter\u2009: Nina L\u00fcthi l\u2019a particuli\u00e8rement ressenti en tant que femme d\u2019affaires. Le fait qu\u2019elle travaille dans la production et qu\u2019elle ne soit pas au magasin n\u2019est toujours pas bien accueilli par tout le monde. \u00ab\u2009Je ne veux pas changer, u\u00adni\u00adquement parce que la soci\u00e9t\u00e9 l\u2019attend de moi\u2009\u00bb, souligne-t-elle.<\/p>\n\n\n\n<h2 class=\"wp-block-heading\" id=\"h-moorenkopfe-facon-grand-mere-et-mariage\">\u00abMoorenk\u00f6pfe\u00bb fa\u00e7on grand-m\u00e8re et mariage<\/h2>\n\n\n\n<p>Les deux jeunes gens ont de nombreux projets. La grand-m\u00e8re d&#8217;Erik Schell \u00e9tant issue d&#8217;une famille de boulangers, les \u00abMoorenk\u00f6pfe\u00bb selon sa recette devraient faire leur entr\u00e9e dans la boulangerie Schell. De plus, les cloches du mariage sonneront l&#8217;ann\u00e9e prochaine. A moyen terme, le couple entend \u00e9galement transformer le magasin, acqu\u00e9rir un nouveau syst\u00e8me de caisse et, \u00e0 plus long terme, ouvrir un caf\u00e9 \u2013 \u00abnotre grand souhait\u00bb.<\/p>\n\n\n\n<div style=\"height:27px\" aria-hidden=\"true\" class=\"wp-block-spacer\"><\/div>\n\n\n\n<blockquote class=\"wp-block-quote\">\n<p class=\"has-text-color has-link-color wp-elements-989eeb58a1f62cfe713a786bb395a616\" style=\"color:#cc9933;font-size:22px;font-style:italic;font-weight:600\">\u00ab En formant nous-m\u00eames les jeunes, c\u2019est la seule fa\u00e7on de contrer la p\u00e9nurie de main-d\u2019\u0153uvre qualifi\u00e9e\u2009!\u2009\u00bb <\/p>\n<\/blockquote>\n\n\n\n<div style=\"height:27px\" aria-hidden=\"true\" class=\"wp-block-spacer\"><\/div>\n\n\n\n<h2 class=\"wp-block-heading\" id=\"h-enthousiasmer-les-jeunes-pour-le-metier\">Enthousiasmer les jeunes pour le m\u00e9tier<\/h2>\n\n\n\n<p>A la fin de l\u2019entretien, tous deux souhaitent encore faire passer le message suivant au secteur\u2009: \u00ab\u2009La formation des apprentis est hyperimportante. En formant nous-m\u00eames les jeunes, nous pouvons les enthousiasmer pour nos m\u00e9tiers. C\u2019est la seule fa\u00e7on de contrer la p\u00e9nurie de main-d\u2019\u0153uvre qualifi\u00e9e\u2009!\u2009\u00bb Ils montrent l\u2019exemple en formant deux personnes en production et deux en commerce de d\u00e9tail.<\/p>\n\n\n\n<h2 class=\"wp-block-heading\" id=\"h-petites-questions\"><strong>Petites questions<\/strong><\/h2>\n\n\n\n<p><em><strong>Pain blanc ou bis<\/strong><\/em><br>NL + ES: pain blanc, clairement<\/p>\n\n\n\n<p><em><strong>Bi\u00e8re ou vin<\/strong><\/em><br>NL: vin<br>ES: bi\u00e8re<\/p>\n\n\n\n<p><em><strong>Caf\u00e9 ou th\u00e9<\/strong><\/em><br>NL: th\u00e9<br>ES: caf\u00e9<\/p>\n\n\n\n<p><em><strong>Chocolat noir ou au lait<\/strong><\/em><br>NL + ES: chocolat au lait<\/p>\n\n\n\n<p><em><strong>Sucr\u00e9 ou sal\u00e9<\/strong><\/em><br>NL: sucr\u00e9<br>ES: joker, les deux<\/p>\n\n\n\n<p><em><strong>Planification ou intuition<\/strong><\/em><br>NL + ES: planification<\/p>\n\n\n\n<p><em><strong>Mer ou montagne<\/strong><\/em><br>NL: mer<br>ES: montagne<\/p>\n\n\n\n<p><em><strong>Hiver ou \u00e9t\u00e9<\/strong><\/em><br>NL: \u00e9t\u00e9, ou mieux encore, automne et printemps<br>ES: hiver<\/p>\n\n\n\n<p><em><strong>Polar ou romance<\/strong><\/em><br>NL: romance<br>ES: polar<\/p>\n\n\n\n<p><\/p>\n\n\n\n<h2 class=\"wp-block-heading\" id=\"h-backerei-schell-buron-lu\">B\u00e4ckerei Schell, B\u00fcron (LU)<\/h2>\n\n\n\n<ul class=\"wp-block-list\">\n<li>Ann\u00e9e de fondation:  2024<\/li>\n\n\n\n<li>Collaborateurs: 15 dont<\/li>\n\n\n\n<li>Apprentis: 2 en production, 2 \u00e0 la vente<\/li>\n\n\n\n<li>Sp\u00e9cialit\u00e9s: G\u00e2teaux de mariage avec de vraies fleurs<\/li>\n<\/ul>\n\n\n\n<p><strong><a href=\"http:\/\/baeckerei-schell.ch\" target=\"_blank\" rel=\"noreferrer noopener\">baeckerei-schell.ch<\/a><\/strong><\/p>\n\n\n\n<p class=\"has-text-align-right\"><em>Claudia Vernocchi<\/em><\/p>\n\n\n\n<p><br><\/p>\n","protected":false},"excerpt":{"rendered":"<p>Ils sont jeunes, dynamiques, d\u00e9termin\u00e9s et, depuis environ trois mois, propri\u00e9taires de la boulangerie-<br \/>\np\u00e2tisserie Schell \u00e0 B\u00fcron (LU). Les d\u00e9buts sont prometteurs pour Nina L\u00fcthi et Erik Schell. Le couple d\u2019entrepreneurs fra\u00eechement dipl\u00f4m\u00e9s est confiant en l\u2019avenir. Tous deux ont \u00e0 c\u0153ur de pr\u00e9server ce \u00ab\u2009merveilleux m\u00e9tier\u2009\u00bb.<\/p>\n","protected":false},"author":5,"featured_media":86803,"comment_status":"closed","ping_status":"closed","sticky":true,"template":"","format":"standard","meta":{"_acf_changed":false,"footnotes":""},"categories":[42],"tags":[728,729,731,730],"class_list":["post-86817","post","type-post","status-publish","format-standard","has-post-thumbnail","hentry","category-boulangeries-confiseries","tag-boulangerie-patisserie-schell","tag-buron","tag-erik-schell-2","tag-nina-luthi"],"acf":[],"yoast_head":"<!-- This site is optimized with the Yoast SEO Premium plugin v26.8 (Yoast SEO v26.8) - https:\/\/yoast.com\/product\/yoast-seo-premium-wordpress\/ -->\n<title>Jeunes, dynamiques, passionn\u00e9s | SBC<\/title>\n<meta name=\"description\" content=\"Le couple d\u2019entrepreneurs Nina L\u00fcthi et Erik Schell est confiant en l\u2019avenir. Tous deux ont \u00e0 c\u0153ur de pr\u00e9server ce merveilleux m\u00e9tier.\" \/>\n<meta name=\"robots\" content=\"index, follow, max-snippet:-1, max-image-preview:large, max-video-preview:-1\" \/>\n<link rel=\"canonical\" href=\"https:\/\/swissbaker.ch\/fr\/panissimo-news\/jeunes-dynamiques-passionnes\/\" \/>\n<meta property=\"og:locale\" content=\"fr_FR\" \/>\n<meta property=\"og:type\" content=\"article\" \/>\n<meta property=\"og:title\" content=\"Jeunes, dynamiques, passionn\u00e9s\" \/>\n<meta property=\"og:description\" content=\"Le couple d\u2019entrepreneurs Nina L\u00fcthi et Erik Schell est confiant en l\u2019avenir. Tous deux ont \u00e0 c\u0153ur de pr\u00e9server ce merveilleux m\u00e9tier.\" \/>\n<meta property=\"og:url\" content=\"https:\/\/swissbaker.ch\/fr\/panissimo-news\/jeunes-dynamiques-passionnes\/\" \/>\n<meta property=\"og:site_name\" content=\"SBC\" \/>\n<meta property=\"article:publisher\" content=\"https:\/\/www.facebook.com\/swissbaker.ch\" \/>\n<meta property=\"article:published_time\" content=\"2024-11-26T12:22:53+00:00\" \/>\n<meta property=\"article:modified_time\" content=\"2024-11-27T09:39:55+00:00\" \/>\n<meta property=\"og:image\" content=\"https:\/\/swissbaker.ch\/wp-content\/uploads\/2024\/11\/22_2_baeckerei_schell.jpg\" \/>\n\t<meta property=\"og:image:width\" content=\"1200\" \/>\n\t<meta property=\"og:image:height\" content=\"712\" \/>\n\t<meta property=\"og:image:type\" content=\"image\/jpeg\" \/>\n<meta name=\"author\" content=\"Simon Nussbaum\" \/>\n<meta name=\"twitter:card\" content=\"summary_large_image\" \/>\n<meta name=\"twitter:creator\" content=\"@ch_swissbaker\" \/>\n<meta name=\"twitter:site\" content=\"@ch_swissbaker\" \/>\n<meta name=\"twitter:label1\" content=\"Written by\" \/>\n\t<meta name=\"twitter:data1\" content=\"Simon Nussbaum\" \/>\n\t<meta name=\"twitter:label2\" content=\"Est. reading time\" \/>\n\t<meta name=\"twitter:data2\" content=\"6 minutes\" \/>\n<script type=\"application\/ld+json\" class=\"yoast-schema-graph\">{\"@context\":\"https:\/\/schema.org\",\"@graph\":[{\"@type\":\"Article\",\"@id\":\"https:\/\/swissbaker.ch\/fr\/panissimo-news\/jeunes-dynamiques-passionnes\/#article\",\"isPartOf\":{\"@id\":\"https:\/\/swissbaker.ch\/fr\/panissimo-news\/jeunes-dynamiques-passionnes\/\"},\"author\":{\"name\":\"Simon Nussbaum\",\"@id\":\"https:\/\/swissbaker.ch\/fr\/#\/schema\/person\/74bd327b08c18ca6042c02ff6f0ed5e2\"},\"headline\":\"Jeunes, dynamiques, passionn\u00e9s\",\"datePublished\":\"2024-11-26T12:22:53+00:00\",\"dateModified\":\"2024-11-27T09:39:55+00:00\",\"mainEntityOfPage\":{\"@id\":\"https:\/\/swissbaker.ch\/fr\/panissimo-news\/jeunes-dynamiques-passionnes\/\"},\"wordCount\":1196,\"publisher\":{\"@id\":\"https:\/\/swissbaker.ch\/fr\/#organization\"},\"image\":{\"@id\":\"https:\/\/swissbaker.ch\/fr\/panissimo-news\/jeunes-dynamiques-passionnes\/#primaryimage\"},\"thumbnailUrl\":\"https:\/\/swissbaker.ch\/wp-content\/uploads\/2024\/11\/22_2_baeckerei_schell.jpg\",\"keywords\":[\"Boulangerie-p\u00e2tisserie Schell\",\"B\u00fcron\",\"Erik Schell\",\"Nina L\u00fcthi\"],\"articleSection\":[\"Boulangeries\/Confiseries\"],\"inLanguage\":\"fr-FR\"},{\"@type\":\"WebPage\",\"@id\":\"https:\/\/swissbaker.ch\/fr\/panissimo-news\/jeunes-dynamiques-passionnes\/\",\"url\":\"https:\/\/swissbaker.ch\/fr\/panissimo-news\/jeunes-dynamiques-passionnes\/\",\"name\":\"Jeunes, dynamiques, passionn\u00e9s | SBC\",\"isPartOf\":{\"@id\":\"https:\/\/swissbaker.ch\/fr\/#website\"},\"primaryImageOfPage\":{\"@id\":\"https:\/\/swissbaker.ch\/fr\/panissimo-news\/jeunes-dynamiques-passionnes\/#primaryimage\"},\"image\":{\"@id\":\"https:\/\/swissbaker.ch\/fr\/panissimo-news\/jeunes-dynamiques-passionnes\/#primaryimage\"},\"thumbnailUrl\":\"https:\/\/swissbaker.ch\/wp-content\/uploads\/2024\/11\/22_2_baeckerei_schell.jpg\",\"datePublished\":\"2024-11-26T12:22:53+00:00\",\"dateModified\":\"2024-11-27T09:39:55+00:00\",\"description\":\"Le couple d\u2019entrepreneurs Nina L\u00fcthi et Erik Schell est confiant en l\u2019avenir. Tous deux ont \u00e0 c\u0153ur de pr\u00e9server ce merveilleux m\u00e9tier.\",\"breadcrumb\":{\"@id\":\"https:\/\/swissbaker.ch\/fr\/panissimo-news\/jeunes-dynamiques-passionnes\/#breadcrumb\"},\"inLanguage\":\"fr-FR\",\"potentialAction\":[{\"@type\":\"ReadAction\",\"target\":[\"https:\/\/swissbaker.ch\/fr\/panissimo-news\/jeunes-dynamiques-passionnes\/\"]}]},{\"@type\":\"ImageObject\",\"inLanguage\":\"fr-FR\",\"@id\":\"https:\/\/swissbaker.ch\/fr\/panissimo-news\/jeunes-dynamiques-passionnes\/#primaryimage\",\"url\":\"https:\/\/swissbaker.ch\/wp-content\/uploads\/2024\/11\/22_2_baeckerei_schell.jpg\",\"contentUrl\":\"https:\/\/swissbaker.ch\/wp-content\/uploads\/2024\/11\/22_2_baeckerei_schell.jpg\",\"width\":1200,\"height\":712},{\"@type\":\"BreadcrumbList\",\"@id\":\"https:\/\/swissbaker.ch\/fr\/panissimo-news\/jeunes-dynamiques-passionnes\/#breadcrumb\",\"itemListElement\":[{\"@type\":\"ListItem\",\"position\":1,\"name\":\"\",\"item\":\"https:\/\/swissbaker.ch\/fr\/\"},{\"@type\":\"ListItem\",\"position\":2,\"name\":\"Boulangeries\/Confiseries\",\"item\":\"https:\/\/swissbaker.ch\/fr\/panissimo-news\/category\/boulangeries-confiseries\/\"},{\"@type\":\"ListItem\",\"position\":3,\"name\":\"Jeunes, dynamiques, passionn\u00e9s\"}]},{\"@type\":\"WebSite\",\"@id\":\"https:\/\/swissbaker.ch\/fr\/#website\",\"url\":\"https:\/\/swissbaker.ch\/fr\/\",\"name\":\"SBC\",\"description\":\"\",\"publisher\":{\"@id\":\"https:\/\/swissbaker.ch\/fr\/#organization\"},\"potentialAction\":[{\"@type\":\"SearchAction\",\"target\":{\"@type\":\"EntryPoint\",\"urlTemplate\":\"https:\/\/swissbaker.ch\/fr\/?s={search_term_string}\"},\"query-input\":{\"@type\":\"PropertyValueSpecification\",\"valueRequired\":true,\"valueName\":\"search_term_string\"}}],\"inLanguage\":\"fr-FR\"},{\"@type\":\"Organization\",\"@id\":\"https:\/\/swissbaker.ch\/fr\/#organization\",\"name\":\"Schweizerischer B\u00e4cker-Confiseurmeister-Verband\",\"url\":\"https:\/\/swissbaker.ch\/fr\/\",\"logo\":{\"@type\":\"ImageObject\",\"inLanguage\":\"fr-FR\",\"@id\":\"https:\/\/swissbaker.ch\/fr\/#\/schema\/logo\/image\/\",\"url\":\"https:\/\/swissbaker.ch\/wp-content\/uploads\/2022\/04\/sbc-logo-yoast.jpg\",\"contentUrl\":\"https:\/\/swissbaker.ch\/wp-content\/uploads\/2022\/04\/sbc-logo-yoast.jpg\",\"width\":512,\"height\":512,\"caption\":\"Schweizerischer B\u00e4cker-Confiseurmeister-Verband\"},\"image\":{\"@id\":\"https:\/\/swissbaker.ch\/fr\/#\/schema\/logo\/image\/\"},\"sameAs\":[\"https:\/\/www.facebook.com\/swissbaker.ch\",\"https:\/\/x.com\/ch_swissbaker\"]},{\"@type\":\"Person\",\"@id\":\"https:\/\/swissbaker.ch\/fr\/#\/schema\/person\/74bd327b08c18ca6042c02ff6f0ed5e2\",\"name\":\"Simon Nussbaum\",\"image\":{\"@type\":\"ImageObject\",\"inLanguage\":\"fr-FR\",\"@id\":\"https:\/\/swissbaker.ch\/fr\/#\/schema\/person\/image\/\",\"url\":\"https:\/\/secure.gravatar.com\/avatar\/df0eced3bb556c806cb760cf503ade1ed1df25b4104d80d6fd28d93a9509aa12?s=96&d=mm&r=g\",\"contentUrl\":\"https:\/\/secure.gravatar.com\/avatar\/df0eced3bb556c806cb760cf503ade1ed1df25b4104d80d6fd28d93a9509aa12?s=96&d=mm&r=g\",\"caption\":\"Simon Nussbaum\"},\"url\":\"https:\/\/swissbaker.ch\/fr\/panissimo-news\/author\/simon-nussbaum\/\"}]}<\/script>\n<!-- \/ Yoast SEO Premium plugin. -->","yoast_head_json":{"title":"Jeunes, dynamiques, passionn\u00e9s | SBC","description":"Le couple d\u2019entrepreneurs Nina L\u00fcthi et Erik Schell est confiant en l\u2019avenir. Tous deux ont \u00e0 c\u0153ur de pr\u00e9server ce merveilleux m\u00e9tier.","robots":{"index":"index","follow":"follow","max-snippet":"max-snippet:-1","max-image-preview":"max-image-preview:large","max-video-preview":"max-video-preview:-1"},"canonical":"https:\/\/swissbaker.ch\/fr\/panissimo-news\/jeunes-dynamiques-passionnes\/","og_locale":"fr_FR","og_type":"article","og_title":"Jeunes, dynamiques, passionn\u00e9s","og_description":"Le couple d\u2019entrepreneurs Nina L\u00fcthi et Erik Schell est confiant en l\u2019avenir. Tous deux ont \u00e0 c\u0153ur de pr\u00e9server ce merveilleux m\u00e9tier.","og_url":"https:\/\/swissbaker.ch\/fr\/panissimo-news\/jeunes-dynamiques-passionnes\/","og_site_name":"SBC","article_publisher":"https:\/\/www.facebook.com\/swissbaker.ch","article_published_time":"2024-11-26T12:22:53+00:00","article_modified_time":"2024-11-27T09:39:55+00:00","og_image":[{"width":1200,"height":712,"url":"https:\/\/swissbaker.ch\/wp-content\/uploads\/2024\/11\/22_2_baeckerei_schell.jpg","type":"image\/jpeg"}],"author":"Simon Nussbaum","twitter_card":"summary_large_image","twitter_creator":"@ch_swissbaker","twitter_site":"@ch_swissbaker","twitter_misc":{"Written by":"Simon Nussbaum","Est. reading time":"6 minutes"},"schema":{"@context":"https:\/\/schema.org","@graph":[{"@type":"Article","@id":"https:\/\/swissbaker.ch\/fr\/panissimo-news\/jeunes-dynamiques-passionnes\/#article","isPartOf":{"@id":"https:\/\/swissbaker.ch\/fr\/panissimo-news\/jeunes-dynamiques-passionnes\/"},"author":{"name":"Simon Nussbaum","@id":"https:\/\/swissbaker.ch\/fr\/#\/schema\/person\/74bd327b08c18ca6042c02ff6f0ed5e2"},"headline":"Jeunes, dynamiques, passionn\u00e9s","datePublished":"2024-11-26T12:22:53+00:00","dateModified":"2024-11-27T09:39:55+00:00","mainEntityOfPage":{"@id":"https:\/\/swissbaker.ch\/fr\/panissimo-news\/jeunes-dynamiques-passionnes\/"},"wordCount":1196,"publisher":{"@id":"https:\/\/swissbaker.ch\/fr\/#organization"},"image":{"@id":"https:\/\/swissbaker.ch\/fr\/panissimo-news\/jeunes-dynamiques-passionnes\/#primaryimage"},"thumbnailUrl":"https:\/\/swissbaker.ch\/wp-content\/uploads\/2024\/11\/22_2_baeckerei_schell.jpg","keywords":["Boulangerie-p\u00e2tisserie Schell","B\u00fcron","Erik Schell","Nina L\u00fcthi"],"articleSection":["Boulangeries\/Confiseries"],"inLanguage":"fr-FR"},{"@type":"WebPage","@id":"https:\/\/swissbaker.ch\/fr\/panissimo-news\/jeunes-dynamiques-passionnes\/","url":"https:\/\/swissbaker.ch\/fr\/panissimo-news\/jeunes-dynamiques-passionnes\/","name":"Jeunes, dynamiques, passionn\u00e9s | SBC","isPartOf":{"@id":"https:\/\/swissbaker.ch\/fr\/#website"},"primaryImageOfPage":{"@id":"https:\/\/swissbaker.ch\/fr\/panissimo-news\/jeunes-dynamiques-passionnes\/#primaryimage"},"image":{"@id":"https:\/\/swissbaker.ch\/fr\/panissimo-news\/jeunes-dynamiques-passionnes\/#primaryimage"},"thumbnailUrl":"https:\/\/swissbaker.ch\/wp-content\/uploads\/2024\/11\/22_2_baeckerei_schell.jpg","datePublished":"2024-11-26T12:22:53+00:00","dateModified":"2024-11-27T09:39:55+00:00","description":"Le couple d\u2019entrepreneurs Nina L\u00fcthi et Erik Schell est confiant en l\u2019avenir. Tous deux ont \u00e0 c\u0153ur de pr\u00e9server ce merveilleux m\u00e9tier.","breadcrumb":{"@id":"https:\/\/swissbaker.ch\/fr\/panissimo-news\/jeunes-dynamiques-passionnes\/#breadcrumb"},"inLanguage":"fr-FR","potentialAction":[{"@type":"ReadAction","target":["https:\/\/swissbaker.ch\/fr\/panissimo-news\/jeunes-dynamiques-passionnes\/"]}]},{"@type":"ImageObject","inLanguage":"fr-FR","@id":"https:\/\/swissbaker.ch\/fr\/panissimo-news\/jeunes-dynamiques-passionnes\/#primaryimage","url":"https:\/\/swissbaker.ch\/wp-content\/uploads\/2024\/11\/22_2_baeckerei_schell.jpg","contentUrl":"https:\/\/swissbaker.ch\/wp-content\/uploads\/2024\/11\/22_2_baeckerei_schell.jpg","width":1200,"height":712},{"@type":"BreadcrumbList","@id":"https:\/\/swissbaker.ch\/fr\/panissimo-news\/jeunes-dynamiques-passionnes\/#breadcrumb","itemListElement":[{"@type":"ListItem","position":1,"name":"","item":"https:\/\/swissbaker.ch\/fr\/"},{"@type":"ListItem","position":2,"name":"Boulangeries\/Confiseries","item":"https:\/\/swissbaker.ch\/fr\/panissimo-news\/category\/boulangeries-confiseries\/"},{"@type":"ListItem","position":3,"name":"Jeunes, dynamiques, passionn\u00e9s"}]},{"@type":"WebSite","@id":"https:\/\/swissbaker.ch\/fr\/#website","url":"https:\/\/swissbaker.ch\/fr\/","name":"SBC","description":"","publisher":{"@id":"https:\/\/swissbaker.ch\/fr\/#organization"},"potentialAction":[{"@type":"SearchAction","target":{"@type":"EntryPoint","urlTemplate":"https:\/\/swissbaker.ch\/fr\/?s={search_term_string}"},"query-input":{"@type":"PropertyValueSpecification","valueRequired":true,"valueName":"search_term_string"}}],"inLanguage":"fr-FR"},{"@type":"Organization","@id":"https:\/\/swissbaker.ch\/fr\/#organization","name":"Schweizerischer B\u00e4cker-Confiseurmeister-Verband","url":"https:\/\/swissbaker.ch\/fr\/","logo":{"@type":"ImageObject","inLanguage":"fr-FR","@id":"https:\/\/swissbaker.ch\/fr\/#\/schema\/logo\/image\/","url":"https:\/\/swissbaker.ch\/wp-content\/uploads\/2022\/04\/sbc-logo-yoast.jpg","contentUrl":"https:\/\/swissbaker.ch\/wp-content\/uploads\/2022\/04\/sbc-logo-yoast.jpg","width":512,"height":512,"caption":"Schweizerischer B\u00e4cker-Confiseurmeister-Verband"},"image":{"@id":"https:\/\/swissbaker.ch\/fr\/#\/schema\/logo\/image\/"},"sameAs":["https:\/\/www.facebook.com\/swissbaker.ch","https:\/\/x.com\/ch_swissbaker"]},{"@type":"Person","@id":"https:\/\/swissbaker.ch\/fr\/#\/schema\/person\/74bd327b08c18ca6042c02ff6f0ed5e2","name":"Simon Nussbaum","image":{"@type":"ImageObject","inLanguage":"fr-FR","@id":"https:\/\/swissbaker.ch\/fr\/#\/schema\/person\/image\/","url":"https:\/\/secure.gravatar.com\/avatar\/df0eced3bb556c806cb760cf503ade1ed1df25b4104d80d6fd28d93a9509aa12?s=96&d=mm&r=g","contentUrl":"https:\/\/secure.gravatar.com\/avatar\/df0eced3bb556c806cb760cf503ade1ed1df25b4104d80d6fd28d93a9509aa12?s=96&d=mm&r=g","caption":"Simon Nussbaum"},"url":"https:\/\/swissbaker.ch\/fr\/panissimo-news\/author\/simon-nussbaum\/"}]}},"_links":{"self":[{"href":"https:\/\/swissbaker.ch\/fr\/wp-json\/wp\/v2\/posts\/86817","targetHints":{"allow":["GET"]}}],"collection":[{"href":"https:\/\/swissbaker.ch\/fr\/wp-json\/wp\/v2\/posts"}],"about":[{"href":"https:\/\/swissbaker.ch\/fr\/wp-json\/wp\/v2\/types\/post"}],"author":[{"embeddable":true,"href":"https:\/\/swissbaker.ch\/fr\/wp-json\/wp\/v2\/users\/5"}],"replies":[{"embeddable":true,"href":"https:\/\/swissbaker.ch\/fr\/wp-json\/wp\/v2\/comments?post=86817"}],"version-history":[{"count":0,"href":"https:\/\/swissbaker.ch\/fr\/wp-json\/wp\/v2\/posts\/86817\/revisions"}],"wp:featuredmedia":[{"embeddable":true,"href":"https:\/\/swissbaker.ch\/fr\/wp-json\/wp\/v2\/media\/86803"}],"wp:attachment":[{"href":"https:\/\/swissbaker.ch\/fr\/wp-json\/wp\/v2\/media?parent=86817"}],"wp:term":[{"taxonomy":"category","embeddable":true,"href":"https:\/\/swissbaker.ch\/fr\/wp-json\/wp\/v2\/categories?post=86817"},{"taxonomy":"post_tag","embeddable":true,"href":"https:\/\/swissbaker.ch\/fr\/wp-json\/wp\/v2\/tags?post=86817"}],"curies":[{"name":"wp","href":"https:\/\/api.w.org\/{rel}","templated":true}]}}