{"id":8676,"date":"2021-04-22T10:08:00","date_gmt":"2021-04-22T08:08:00","guid":{"rendered":"https:\/\/swissbaker.ch\/?p=8676"},"modified":"2022-05-11T10:09:33","modified_gmt":"2022-05-11T08:09:33","slug":"preparer-les-cereales-la-farine-et-le-pain-pour-affronter-lavenir","status":"publish","type":"post","link":"https:\/\/swissbaker.ch\/fr\/panissimo-news\/preparer-les-cereales-la-farine-et-le-pain-pour-affronter-lavenir\/","title":{"rendered":"Pr\u00e9parer les c\u00e9r\u00e9ales, la farine et le pain pour affronter l\u2019avenir"},"content":{"rendered":"\n<p><strong>L\u2019Universit\u00e9 de Hohenheim \u00e0 Stuttgart (D) \u00e9tudie le pain du futur. Sujets abord\u00e9s\u2009: la stabilit\u00e9 de la qualit\u00e9 malgr\u00e9 le changement climatique, la r\u00e9duction des engrais, l\u2019alimentation saine, le recyclage des d\u00e9chets\u2026<\/strong><\/p>\n\n\n\n<p>Sous le th\u00e8me \u00ab\u2009Bio\u00e9conomie \u00e0 360\u00b0 &#8211; Le pain du futur\u2009\u00bb, des \u00e9tudes interdisciplinaires sont men\u00e9es \u00e0 l\u2019Universit\u00e9 de Hohenheim. Elles ont pour objectif d\u2019obtenir une vue \u00e0 360\u00b0. Les sujets sont multiples.<\/p>\n\n\n\n<h2 class=\"wp-block-heading\" id=\"h-changement-climatique-cultivateurs-au-defi\">Changement climatique, cultivateurs au d\u00e9fi<\/h2>\n\n\n\n<p>A partir de quelle farine le pain sera-t-il fabriqu\u00e9 dans quelques d\u00e9cennies\u2009? Le changement climatique et les probl\u00e8mes caus\u00e9s par l\u2019\u00e9pandage excessif d\u2019engrais, en particulier, posent des d\u00e9fis toujours plus grands \u00e0 la culture des c\u00e9r\u00e9ales. Le groupe de recherche \u00ab\u2009Changement climatique r\u00e9gional\u2009\u00bb a simul\u00e9 dans des chambres climatiques les temp\u00e9ratures et les niveaux de CO2 du bl\u00e9 qui pourraient r\u00e9gner en 2050. Le CO2 favorise la croissance des plantes au d\u00e9triment de la qualit\u00e9. Les plantes mod\u00e8les contenaient beaucoup moins de prot\u00e9ines et d\u2019acides amin\u00e9s, ainsi que moins de min\u00e9raux.<\/p>\n\n\n\n<h2 class=\"wp-block-heading\" id=\"h-comprendre-les-influences-de-l-environnement\">Comprendre les influences de l\u2019environnement<\/h2>\n\n\n\n<p>Dans leur recherche de vari\u00e9t\u00e9s de c\u00e9r\u00e9ales capables de tol\u00e9rer des conditions environnementales modifi\u00e9es, les chercheurs travaillent avec des coll\u00e8gues de la m\u00e9decine universitaire de Mayence et des entreprises de culture. Dans le cadre du projet \u00ab\u2009Betterwheat\u2009\u00bb, pr\u00e8s de 300 vari\u00e9t\u00e9s de bl\u00e9 sont cultiv\u00e9es et analys\u00e9es en fonction de leur rendement, de leur r\u00e9sistance aux maladies et de leurs propri\u00e9t\u00e9s boulang\u00e8res et de cuisson. Ces crit\u00e8res varient en fonction des influences environnementales et des vari\u00e9t\u00e9s. Ils peuvent \u00eatre influenc\u00e9s principalement par la culture vari\u00e9tale.<\/p>\n\n\n\n<h2 class=\"wp-block-heading\" id=\"h-l-espoir-de-la-numerisation\">L\u2019espoir de la num\u00e9risation<\/h2>\n\n\n\n<p>Dans le contexte du changement climatique, les producteurs sont pr\u00e9occup\u00e9s par le stress d\u00fb \u00e0 la chaleur et \u00e0 la s\u00e9cheresse. Celle-ci devient plus fr\u00e9quente et plus extr\u00eame. Or, la culture de nouvelles vari\u00e9t\u00e9s prend beaucoup de temps. Gr\u00e2ce aux bases de donn\u00e9es ADN, la num\u00e9risation acc\u00e9l\u00e8re la recherche de croisements appropri\u00e9s. Un objectif de la recherche dans la biodiversit\u00e9 et de l\u2019informatique de culture est d\u2019arr\u00eater l\u2019appauvrissement du pool g\u00e9n\u00e9tique et de disposer ainsi de suffisamment de mat\u00e9riel pour les cultures.<\/p>\n\n\n\n<h2 class=\"wp-block-heading\" id=\"h-le-potentiel-des-anciennes-varietes\">Le potentiel des anciennes vari\u00e9t\u00e9s<\/h2>\n\n\n\n<p>Les clients veulent de la diversit\u00e9. Les vari\u00e9t\u00e9s anciennes telles que l\u2019engrain, l\u2019amidonnier et l\u2019\u00e9peautre sont populaires. Leur go\u00fbt et leurs valeurs, comme la teneur en min\u00e9raux, s\u00e9duisent. Au cours des deux derni\u00e8res ann\u00e9es, une \u00e9quipe a men\u00e9 probablement le plus grand essai sur le terrain au monde. L\u2019accent a \u00e9t\u00e9 mis sur la vuln\u00e9rabilit\u00e9 aux maladies, le rendement ainsi que les propri\u00e9t\u00e9s de la p\u00e2te et de cuisson. La r\u00e9introduction r\u00e9ussie de vari\u00e9t\u00e9s anciennes est possible, mais n\u00e9cessite une cha\u00eene de valeur stable.<\/p>\n\n\n\n<h2 class=\"wp-block-heading\" id=\"h-utiliser-moins-d-engrais\">Utiliser moins d\u2019engrais<\/h2>\n\n\n\n<p>Les crit\u00e8res de mesure de la qualit\u00e9 des c\u00e9r\u00e9ales doivent \u00eatre revus de toute urgence, selon des experts. L\u2019accent a \u00e9t\u00e9 mis sur une teneur \u00e9lev\u00e9e en prot\u00e9ines Cela n\u00e9cessite des engrais azot\u00e9s plus importants. Or, ces derniers polluent les eaux souterraines. En outre, les r\u00e9serves de phosphore s\u2019\u00e9puisent dans le monde. La relation entre la teneur en prot\u00e9ines et la qualit\u00e9 de la cuisson est \u00e9tudi\u00e9e. Ce n\u2019est pas tant la quantit\u00e9 totale de prot\u00e9ines que leur composition et leur qualit\u00e9 qui sont d\u00e9terminantes, selon les premiers r\u00e9sultats. Un \u00e9pandage d\u2019engrais plus pr\u00e9cis et adapt\u00e9 \u00e0 la vari\u00e9t\u00e9 n\u00e9cessite moins d\u2019azote.<\/p>\n\n\n\n<h2 class=\"wp-block-heading\" id=\"h-optimiser-la-qualite-de-la-farine\">Optimiser la qualit\u00e9 de la farine<\/h2>\n\n\n\n<p>Des technologies rentables sont n\u00e9cessaires pour d\u00e9terminer la qualit\u00e9 des c\u00e9r\u00e9ales dans les industries de la meunerie et des c\u00e9r\u00e9ales. Le d\u00e9partement de l\u2019analyse des processus et de la science des c\u00e9r\u00e9ales travaille sur la m\u00e9thode de la spectroscopie\u2009: l\u2019objectif est de d\u00e9terminer les prot\u00e9ines et l\u2019amidon sans tests de cuisson, et de pr\u00e9dire les propri\u00e9t\u00e9s de cuisson.<br>Pour compenser les fluctuations naturelles de la teneur en prot\u00e9ines, les chercheurs \u00e9tudient le traitement de la farine au plasma froid ou \u00e0 l\u2019ozone. Ces processus d\u2019oxydation renforcent le r\u00e9seau prot\u00e9ique de la farine sans laisser de r\u00e9sidus, ce qui rend superflus les agents de traitement de la farine.<\/p>\n\n\n\n<h2 class=\"wp-block-heading\" id=\"h-ce-qui-rend-le-pain-digeste\">Ce qui rend le pain digeste<\/h2>\n\n\n\n<p>Des personnes sont critiques face au gluten et consid\u00e8rent l\u2019\u00e9peautre particuli\u00e8rement digeste. Une raison d\u00e9cisive pourrait \u00eatre la composition exacte des prot\u00e9ines. Certains glucides et alcools de sucre peuvent provoquer des malaises chez les patients souffrant d\u2019un intestin irritable. Le pain dont la p\u00e2te a repos\u00e9 moins de deux heures en contiendrait beaucoup, selon une \u00e9tude.<\/p>\n\n\n\n<h2 class=\"wp-block-heading\" id=\"h-une-production-plus-durable\">Une production plus durable<\/h2>\n\n\n\n<p>Un projet du d\u00e9partement d\u2019analyse des processus et de la science des c\u00e9r\u00e9ales examine les processus qui se d\u00e9roulent dans une boulangerie. Les mod\u00e8les informatiques permettront de les optimiser et de r\u00e9duire la consommation d\u2019\u00e9nergie, les \u00e9missions de CO2 et les d\u00e9chets alimentaires. Un outil de pr\u00e9vision est utilis\u00e9 pour mieux estimer les quantit\u00e9s requises.<\/p>\n\n\n\n<h2 class=\"wp-block-heading\" id=\"h-matiere-premiere-les-restes-de-produits-de-boulangerie\">Mati\u00e8re premi\u00e8re\u2009: les restes de produits de boulangerie<\/h2>\n\n\n\n<p>Le Bioraffinerie Technikum \u00e9tudie comment les d\u00e9chets in\u00e9vitables des boulangeries peuvent \u00eatre recycl\u00e9s le plus durablement possible. Ils pourraient servir de mati\u00e8re premi\u00e8re pour la production de la plate-forme chimique HFM, point de d\u00e9part du bioplastique PEF, et de biocharbon dans les bioraffineries. Le PEF peut \u00eatre utilis\u00e9 pour produire des bouteilles ou des fibres synth\u00e9tiques. La solution riche en nutriments et le biocharbon produit peuvent \u00eatre \u00e9pandus sur les champs comme engrais. Ces restes contribueraient \u00e0 la culture de c\u00e9r\u00e9ales pour de nouveaux produits de boulangerie\u2009; un cycle dans le sens de la bio\u00e9conomie.<\/p>\n","protected":false},"excerpt":{"rendered":"<p>L\u2019Universit\u00e9 de Hohenheim \u00e0 Stuttgart (D) \u00e9tudie le pain du futur. Sujets abord\u00e9s\u2009: la stabilit\u00e9 de la qualit\u00e9 malgr\u00e9 le changement climatique, la r\u00e9duction des engrais, l\u2019alimentation saine, le recyclage des d\u00e9chets\u2026 Sous le th\u00e8me \u00ab\u2009Bio\u00e9conomie \u00e0 360\u00b0 &#8211; Le pain du futur\u2009\u00bb, des \u00e9tudes interdisciplinaires sont men\u00e9es \u00e0 l\u2019Universit\u00e9 de Hohenheim. Elles ont pour objectif d\u2019obtenir une vue \u00e0 [&hellip;]<\/p>\n","protected":false},"author":1,"featured_media":8680,"comment_status":"open","ping_status":"closed","sticky":false,"template":"","format":"standard","meta":{"_acf_changed":false,"footnotes":""},"categories":[8,25,12],"tags":[],"class_list":["post-8676","post","type-post","status-publish","format-standard","has-post-thumbnail","hentry","category-berufliches-umfeld","category-non-classifiee","category-produktion"],"acf":[],"yoast_head":"<!-- This site is optimized with the Yoast SEO Premium plugin v26.8 (Yoast SEO v26.8) - https:\/\/yoast.com\/product\/yoast-seo-premium-wordpress\/ -->\n<title>Pr\u00e9parer les c\u00e9r\u00e9ales, la farine et le pain pour affronter l\u2019avenir | SBC<\/title>\n<meta name=\"robots\" content=\"index, follow, max-snippet:-1, max-image-preview:large, max-video-preview:-1\" \/>\n<link rel=\"canonical\" href=\"https:\/\/swissbaker.ch\/fr\/panissimo-news\/preparer-les-cereales-la-farine-et-le-pain-pour-affronter-lavenir\/\" \/>\n<meta property=\"og:locale\" content=\"fr_FR\" \/>\n<meta property=\"og:type\" content=\"article\" \/>\n<meta property=\"og:title\" content=\"Pr\u00e9parer les c\u00e9r\u00e9ales, la farine et le pain pour affronter l\u2019avenir\" \/>\n<meta property=\"og:description\" content=\"L\u2019Universit\u00e9 de Hohenheim \u00e0 Stuttgart (D) \u00e9tudie le pain du futur. Sujets abord\u00e9s\u2009: la stabilit\u00e9 de la qualit\u00e9 malgr\u00e9 le changement climatique, la r\u00e9duction des engrais, l\u2019alimentation saine, le recyclage des d\u00e9chets\u2026 Sous le th\u00e8me \u00ab\u2009Bio\u00e9conomie \u00e0 360\u00b0 &#8211; Le pain du futur\u2009\u00bb, des \u00e9tudes interdisciplinaires sont men\u00e9es \u00e0 l\u2019Universit\u00e9 de Hohenheim. Elles ont pour objectif d\u2019obtenir une vue \u00e0 [&hellip;]\" \/>\n<meta property=\"og:url\" content=\"https:\/\/swissbaker.ch\/fr\/panissimo-news\/preparer-les-cereales-la-farine-et-le-pain-pour-affronter-lavenir\/\" \/>\n<meta property=\"og:site_name\" content=\"SBC\" \/>\n<meta property=\"article:publisher\" content=\"https:\/\/www.facebook.com\/swissbaker.ch\" \/>\n<meta property=\"article:published_time\" content=\"2021-04-22T08:08:00+00:00\" \/>\n<meta property=\"article:modified_time\" content=\"2022-05-11T08:09:33+00:00\" \/>\n<meta property=\"og:image\" content=\"https:\/\/swissbaker.ch\/wp-content\/uploads\/2022\/05\/8_2_recherche_pain.jpeg\" \/>\n\t<meta property=\"og:image:width\" content=\"800\" \/>\n\t<meta property=\"og:image:height\" content=\"474\" \/>\n\t<meta property=\"og:image:type\" content=\"image\/jpeg\" \/>\n<meta name=\"author\" content=\"azureart\" \/>\n<meta name=\"twitter:card\" content=\"summary_large_image\" \/>\n<meta name=\"twitter:creator\" content=\"@ch_swissbaker\" \/>\n<meta name=\"twitter:site\" content=\"@ch_swissbaker\" \/>\n<meta name=\"twitter:label1\" content=\"Written by\" \/>\n\t<meta name=\"twitter:data1\" content=\"azureart\" \/>\n\t<meta name=\"twitter:label2\" content=\"Est. reading time\" \/>\n\t<meta name=\"twitter:data2\" content=\"5 minutes\" \/>\n<script type=\"application\/ld+json\" class=\"yoast-schema-graph\">{\"@context\":\"https:\/\/schema.org\",\"@graph\":[{\"@type\":\"Article\",\"@id\":\"https:\/\/swissbaker.ch\/fr\/panissimo-news\/preparer-les-cereales-la-farine-et-le-pain-pour-affronter-lavenir\/#article\",\"isPartOf\":{\"@id\":\"https:\/\/swissbaker.ch\/fr\/panissimo-news\/preparer-les-cereales-la-farine-et-le-pain-pour-affronter-lavenir\/\"},\"author\":{\"name\":\"azureart\",\"@id\":\"https:\/\/swissbaker.ch\/fr\/#\/schema\/person\/058ac47619f7da53df62aba60f939b78\"},\"headline\":\"Pr\u00e9parer les c\u00e9r\u00e9ales, la farine et le pain pour affronter l\u2019avenir\",\"datePublished\":\"2021-04-22T08:08:00+00:00\",\"dateModified\":\"2022-05-11T08:09:33+00:00\",\"mainEntityOfPage\":{\"@id\":\"https:\/\/swissbaker.ch\/fr\/panissimo-news\/preparer-les-cereales-la-farine-et-le-pain-pour-affronter-lavenir\/\"},\"wordCount\":1041,\"commentCount\":0,\"publisher\":{\"@id\":\"https:\/\/swissbaker.ch\/fr\/#organization\"},\"image\":{\"@id\":\"https:\/\/swissbaker.ch\/fr\/panissimo-news\/preparer-les-cereales-la-farine-et-le-pain-pour-affronter-lavenir\/#primaryimage\"},\"thumbnailUrl\":\"https:\/\/swissbaker.ch\/wp-content\/uploads\/2022\/05\/8_2_recherche_pain.jpeg\",\"articleSection\":[\"Berufliches Umfeld\",\"Non classifi\u00e9(e)\",\"Produktion\"],\"inLanguage\":\"fr-FR\",\"potentialAction\":[{\"@type\":\"CommentAction\",\"name\":\"Comment\",\"target\":[\"https:\/\/swissbaker.ch\/fr\/panissimo-news\/preparer-les-cereales-la-farine-et-le-pain-pour-affronter-lavenir\/#respond\"]}]},{\"@type\":\"WebPage\",\"@id\":\"https:\/\/swissbaker.ch\/fr\/panissimo-news\/preparer-les-cereales-la-farine-et-le-pain-pour-affronter-lavenir\/\",\"url\":\"https:\/\/swissbaker.ch\/fr\/panissimo-news\/preparer-les-cereales-la-farine-et-le-pain-pour-affronter-lavenir\/\",\"name\":\"Pr\u00e9parer les c\u00e9r\u00e9ales, la farine et le pain pour affronter l\u2019avenir | SBC\",\"isPartOf\":{\"@id\":\"https:\/\/swissbaker.ch\/fr\/#website\"},\"primaryImageOfPage\":{\"@id\":\"https:\/\/swissbaker.ch\/fr\/panissimo-news\/preparer-les-cereales-la-farine-et-le-pain-pour-affronter-lavenir\/#primaryimage\"},\"image\":{\"@id\":\"https:\/\/swissbaker.ch\/fr\/panissimo-news\/preparer-les-cereales-la-farine-et-le-pain-pour-affronter-lavenir\/#primaryimage\"},\"thumbnailUrl\":\"https:\/\/swissbaker.ch\/wp-content\/uploads\/2022\/05\/8_2_recherche_pain.jpeg\",\"datePublished\":\"2021-04-22T08:08:00+00:00\",\"dateModified\":\"2022-05-11T08:09:33+00:00\",\"breadcrumb\":{\"@id\":\"https:\/\/swissbaker.ch\/fr\/panissimo-news\/preparer-les-cereales-la-farine-et-le-pain-pour-affronter-lavenir\/#breadcrumb\"},\"inLanguage\":\"fr-FR\",\"potentialAction\":[{\"@type\":\"ReadAction\",\"target\":[\"https:\/\/swissbaker.ch\/fr\/panissimo-news\/preparer-les-cereales-la-farine-et-le-pain-pour-affronter-lavenir\/\"]}]},{\"@type\":\"ImageObject\",\"inLanguage\":\"fr-FR\",\"@id\":\"https:\/\/swissbaker.ch\/fr\/panissimo-news\/preparer-les-cereales-la-farine-et-le-pain-pour-affronter-lavenir\/#primaryimage\",\"url\":\"https:\/\/swissbaker.ch\/wp-content\/uploads\/2022\/05\/8_2_recherche_pain.jpeg\",\"contentUrl\":\"https:\/\/swissbaker.ch\/wp-content\/uploads\/2022\/05\/8_2_recherche_pain.jpeg\",\"width\":800,\"height\":474,\"caption\":\"Pr\u00e9parer les c\u00e9r\u00e9ales, la farine et le pain pour affronter l\u2019avenir\"},{\"@type\":\"BreadcrumbList\",\"@id\":\"https:\/\/swissbaker.ch\/fr\/panissimo-news\/preparer-les-cereales-la-farine-et-le-pain-pour-affronter-lavenir\/#breadcrumb\",\"itemListElement\":[{\"@type\":\"ListItem\",\"position\":1,\"name\":\"\",\"item\":\"https:\/\/swissbaker.ch\/fr\/\"},{\"@type\":\"ListItem\",\"position\":2,\"name\":\"Production\",\"item\":\"https:\/\/swissbaker.ch\/fr\/panissimo-news\/category\/production\/\"},{\"@type\":\"ListItem\",\"position\":3,\"name\":\"Pr\u00e9parer les c\u00e9r\u00e9ales, la farine et le pain pour affronter l\u2019avenir\"}]},{\"@type\":\"WebSite\",\"@id\":\"https:\/\/swissbaker.ch\/fr\/#website\",\"url\":\"https:\/\/swissbaker.ch\/fr\/\",\"name\":\"SBC\",\"description\":\"\",\"publisher\":{\"@id\":\"https:\/\/swissbaker.ch\/fr\/#organization\"},\"potentialAction\":[{\"@type\":\"SearchAction\",\"target\":{\"@type\":\"EntryPoint\",\"urlTemplate\":\"https:\/\/swissbaker.ch\/fr\/?s={search_term_string}\"},\"query-input\":{\"@type\":\"PropertyValueSpecification\",\"valueRequired\":true,\"valueName\":\"search_term_string\"}}],\"inLanguage\":\"fr-FR\"},{\"@type\":\"Organization\",\"@id\":\"https:\/\/swissbaker.ch\/fr\/#organization\",\"name\":\"Schweizerischer B\u00e4cker-Confiseurmeister-Verband\",\"url\":\"https:\/\/swissbaker.ch\/fr\/\",\"logo\":{\"@type\":\"ImageObject\",\"inLanguage\":\"fr-FR\",\"@id\":\"https:\/\/swissbaker.ch\/fr\/#\/schema\/logo\/image\/\",\"url\":\"https:\/\/swissbaker.ch\/wp-content\/uploads\/2022\/04\/sbc-logo-yoast.jpg\",\"contentUrl\":\"https:\/\/swissbaker.ch\/wp-content\/uploads\/2022\/04\/sbc-logo-yoast.jpg\",\"width\":512,\"height\":512,\"caption\":\"Schweizerischer B\u00e4cker-Confiseurmeister-Verband\"},\"image\":{\"@id\":\"https:\/\/swissbaker.ch\/fr\/#\/schema\/logo\/image\/\"},\"sameAs\":[\"https:\/\/www.facebook.com\/swissbaker.ch\",\"https:\/\/x.com\/ch_swissbaker\"]},{\"@type\":\"Person\",\"@id\":\"https:\/\/swissbaker.ch\/fr\/#\/schema\/person\/058ac47619f7da53df62aba60f939b78\",\"name\":\"azureart\",\"image\":{\"@type\":\"ImageObject\",\"inLanguage\":\"fr-FR\",\"@id\":\"https:\/\/swissbaker.ch\/fr\/#\/schema\/person\/image\/\",\"url\":\"https:\/\/secure.gravatar.com\/avatar\/be04dd3098fd612c83067af4f7a295384c93cb6a9112f51beb9d2f477d25da61?s=96&d=mm&r=g\",\"contentUrl\":\"https:\/\/secure.gravatar.com\/avatar\/be04dd3098fd612c83067af4f7a295384c93cb6a9112f51beb9d2f477d25da61?s=96&d=mm&r=g\",\"caption\":\"azureart\"},\"sameAs\":[\"https:\/\/swissbaker.ch\"],\"url\":\"https:\/\/swissbaker.ch\/fr\/panissimo-news\/author\/pixel-ahoi\/\"}]}<\/script>\n<!-- \/ Yoast SEO Premium plugin. -->","yoast_head_json":{"title":"Pr\u00e9parer les c\u00e9r\u00e9ales, la farine et le pain pour affronter l\u2019avenir | SBC","robots":{"index":"index","follow":"follow","max-snippet":"max-snippet:-1","max-image-preview":"max-image-preview:large","max-video-preview":"max-video-preview:-1"},"canonical":"https:\/\/swissbaker.ch\/fr\/panissimo-news\/preparer-les-cereales-la-farine-et-le-pain-pour-affronter-lavenir\/","og_locale":"fr_FR","og_type":"article","og_title":"Pr\u00e9parer les c\u00e9r\u00e9ales, la farine et le pain pour affronter l\u2019avenir","og_description":"L\u2019Universit\u00e9 de Hohenheim \u00e0 Stuttgart (D) \u00e9tudie le pain du futur. Sujets abord\u00e9s\u2009: la stabilit\u00e9 de la qualit\u00e9 malgr\u00e9 le changement climatique, la r\u00e9duction des engrais, l\u2019alimentation saine, le recyclage des d\u00e9chets\u2026 Sous le th\u00e8me \u00ab\u2009Bio\u00e9conomie \u00e0 360\u00b0 &#8211; Le pain du futur\u2009\u00bb, des \u00e9tudes interdisciplinaires sont men\u00e9es \u00e0 l\u2019Universit\u00e9 de Hohenheim. Elles ont pour objectif d\u2019obtenir une vue \u00e0 [&hellip;]","og_url":"https:\/\/swissbaker.ch\/fr\/panissimo-news\/preparer-les-cereales-la-farine-et-le-pain-pour-affronter-lavenir\/","og_site_name":"SBC","article_publisher":"https:\/\/www.facebook.com\/swissbaker.ch","article_published_time":"2021-04-22T08:08:00+00:00","article_modified_time":"2022-05-11T08:09:33+00:00","og_image":[{"width":800,"height":474,"url":"https:\/\/swissbaker.ch\/wp-content\/uploads\/2022\/05\/8_2_recherche_pain.jpeg","type":"image\/jpeg"}],"author":"azureart","twitter_card":"summary_large_image","twitter_creator":"@ch_swissbaker","twitter_site":"@ch_swissbaker","twitter_misc":{"Written by":"azureart","Est. reading time":"5 minutes"},"schema":{"@context":"https:\/\/schema.org","@graph":[{"@type":"Article","@id":"https:\/\/swissbaker.ch\/fr\/panissimo-news\/preparer-les-cereales-la-farine-et-le-pain-pour-affronter-lavenir\/#article","isPartOf":{"@id":"https:\/\/swissbaker.ch\/fr\/panissimo-news\/preparer-les-cereales-la-farine-et-le-pain-pour-affronter-lavenir\/"},"author":{"name":"azureart","@id":"https:\/\/swissbaker.ch\/fr\/#\/schema\/person\/058ac47619f7da53df62aba60f939b78"},"headline":"Pr\u00e9parer les c\u00e9r\u00e9ales, la farine et le pain pour affronter l\u2019avenir","datePublished":"2021-04-22T08:08:00+00:00","dateModified":"2022-05-11T08:09:33+00:00","mainEntityOfPage":{"@id":"https:\/\/swissbaker.ch\/fr\/panissimo-news\/preparer-les-cereales-la-farine-et-le-pain-pour-affronter-lavenir\/"},"wordCount":1041,"commentCount":0,"publisher":{"@id":"https:\/\/swissbaker.ch\/fr\/#organization"},"image":{"@id":"https:\/\/swissbaker.ch\/fr\/panissimo-news\/preparer-les-cereales-la-farine-et-le-pain-pour-affronter-lavenir\/#primaryimage"},"thumbnailUrl":"https:\/\/swissbaker.ch\/wp-content\/uploads\/2022\/05\/8_2_recherche_pain.jpeg","articleSection":["Berufliches Umfeld","Non classifi\u00e9(e)","Produktion"],"inLanguage":"fr-FR","potentialAction":[{"@type":"CommentAction","name":"Comment","target":["https:\/\/swissbaker.ch\/fr\/panissimo-news\/preparer-les-cereales-la-farine-et-le-pain-pour-affronter-lavenir\/#respond"]}]},{"@type":"WebPage","@id":"https:\/\/swissbaker.ch\/fr\/panissimo-news\/preparer-les-cereales-la-farine-et-le-pain-pour-affronter-lavenir\/","url":"https:\/\/swissbaker.ch\/fr\/panissimo-news\/preparer-les-cereales-la-farine-et-le-pain-pour-affronter-lavenir\/","name":"Pr\u00e9parer les c\u00e9r\u00e9ales, la farine et le pain pour affronter l\u2019avenir | SBC","isPartOf":{"@id":"https:\/\/swissbaker.ch\/fr\/#website"},"primaryImageOfPage":{"@id":"https:\/\/swissbaker.ch\/fr\/panissimo-news\/preparer-les-cereales-la-farine-et-le-pain-pour-affronter-lavenir\/#primaryimage"},"image":{"@id":"https:\/\/swissbaker.ch\/fr\/panissimo-news\/preparer-les-cereales-la-farine-et-le-pain-pour-affronter-lavenir\/#primaryimage"},"thumbnailUrl":"https:\/\/swissbaker.ch\/wp-content\/uploads\/2022\/05\/8_2_recherche_pain.jpeg","datePublished":"2021-04-22T08:08:00+00:00","dateModified":"2022-05-11T08:09:33+00:00","breadcrumb":{"@id":"https:\/\/swissbaker.ch\/fr\/panissimo-news\/preparer-les-cereales-la-farine-et-le-pain-pour-affronter-lavenir\/#breadcrumb"},"inLanguage":"fr-FR","potentialAction":[{"@type":"ReadAction","target":["https:\/\/swissbaker.ch\/fr\/panissimo-news\/preparer-les-cereales-la-farine-et-le-pain-pour-affronter-lavenir\/"]}]},{"@type":"ImageObject","inLanguage":"fr-FR","@id":"https:\/\/swissbaker.ch\/fr\/panissimo-news\/preparer-les-cereales-la-farine-et-le-pain-pour-affronter-lavenir\/#primaryimage","url":"https:\/\/swissbaker.ch\/wp-content\/uploads\/2022\/05\/8_2_recherche_pain.jpeg","contentUrl":"https:\/\/swissbaker.ch\/wp-content\/uploads\/2022\/05\/8_2_recherche_pain.jpeg","width":800,"height":474,"caption":"Pr\u00e9parer les c\u00e9r\u00e9ales, la farine et le pain pour affronter l\u2019avenir"},{"@type":"BreadcrumbList","@id":"https:\/\/swissbaker.ch\/fr\/panissimo-news\/preparer-les-cereales-la-farine-et-le-pain-pour-affronter-lavenir\/#breadcrumb","itemListElement":[{"@type":"ListItem","position":1,"name":"","item":"https:\/\/swissbaker.ch\/fr\/"},{"@type":"ListItem","position":2,"name":"Production","item":"https:\/\/swissbaker.ch\/fr\/panissimo-news\/category\/production\/"},{"@type":"ListItem","position":3,"name":"Pr\u00e9parer les c\u00e9r\u00e9ales, la farine et le pain pour affronter l\u2019avenir"}]},{"@type":"WebSite","@id":"https:\/\/swissbaker.ch\/fr\/#website","url":"https:\/\/swissbaker.ch\/fr\/","name":"SBC","description":"","publisher":{"@id":"https:\/\/swissbaker.ch\/fr\/#organization"},"potentialAction":[{"@type":"SearchAction","target":{"@type":"EntryPoint","urlTemplate":"https:\/\/swissbaker.ch\/fr\/?s={search_term_string}"},"query-input":{"@type":"PropertyValueSpecification","valueRequired":true,"valueName":"search_term_string"}}],"inLanguage":"fr-FR"},{"@type":"Organization","@id":"https:\/\/swissbaker.ch\/fr\/#organization","name":"Schweizerischer B\u00e4cker-Confiseurmeister-Verband","url":"https:\/\/swissbaker.ch\/fr\/","logo":{"@type":"ImageObject","inLanguage":"fr-FR","@id":"https:\/\/swissbaker.ch\/fr\/#\/schema\/logo\/image\/","url":"https:\/\/swissbaker.ch\/wp-content\/uploads\/2022\/04\/sbc-logo-yoast.jpg","contentUrl":"https:\/\/swissbaker.ch\/wp-content\/uploads\/2022\/04\/sbc-logo-yoast.jpg","width":512,"height":512,"caption":"Schweizerischer B\u00e4cker-Confiseurmeister-Verband"},"image":{"@id":"https:\/\/swissbaker.ch\/fr\/#\/schema\/logo\/image\/"},"sameAs":["https:\/\/www.facebook.com\/swissbaker.ch","https:\/\/x.com\/ch_swissbaker"]},{"@type":"Person","@id":"https:\/\/swissbaker.ch\/fr\/#\/schema\/person\/058ac47619f7da53df62aba60f939b78","name":"azureart","image":{"@type":"ImageObject","inLanguage":"fr-FR","@id":"https:\/\/swissbaker.ch\/fr\/#\/schema\/person\/image\/","url":"https:\/\/secure.gravatar.com\/avatar\/be04dd3098fd612c83067af4f7a295384c93cb6a9112f51beb9d2f477d25da61?s=96&d=mm&r=g","contentUrl":"https:\/\/secure.gravatar.com\/avatar\/be04dd3098fd612c83067af4f7a295384c93cb6a9112f51beb9d2f477d25da61?s=96&d=mm&r=g","caption":"azureart"},"sameAs":["https:\/\/swissbaker.ch"],"url":"https:\/\/swissbaker.ch\/fr\/panissimo-news\/author\/pixel-ahoi\/"}]}},"_links":{"self":[{"href":"https:\/\/swissbaker.ch\/fr\/wp-json\/wp\/v2\/posts\/8676","targetHints":{"allow":["GET"]}}],"collection":[{"href":"https:\/\/swissbaker.ch\/fr\/wp-json\/wp\/v2\/posts"}],"about":[{"href":"https:\/\/swissbaker.ch\/fr\/wp-json\/wp\/v2\/types\/post"}],"author":[{"embeddable":true,"href":"https:\/\/swissbaker.ch\/fr\/wp-json\/wp\/v2\/users\/1"}],"replies":[{"embeddable":true,"href":"https:\/\/swissbaker.ch\/fr\/wp-json\/wp\/v2\/comments?post=8676"}],"version-history":[{"count":0,"href":"https:\/\/swissbaker.ch\/fr\/wp-json\/wp\/v2\/posts\/8676\/revisions"}],"wp:featuredmedia":[{"embeddable":true,"href":"https:\/\/swissbaker.ch\/fr\/wp-json\/wp\/v2\/media\/8680"}],"wp:attachment":[{"href":"https:\/\/swissbaker.ch\/fr\/wp-json\/wp\/v2\/media?parent=8676"}],"wp:term":[{"taxonomy":"category","embeddable":true,"href":"https:\/\/swissbaker.ch\/fr\/wp-json\/wp\/v2\/categories?post=8676"},{"taxonomy":"post_tag","embeddable":true,"href":"https:\/\/swissbaker.ch\/fr\/wp-json\/wp\/v2\/tags?post=8676"}],"curies":[{"name":"wp","href":"https:\/\/api.w.org\/{rel}","templated":true}]}}