{"id":8674,"date":"2021-04-22T08:28:00","date_gmt":"2021-04-22T06:28:00","guid":{"rendered":"https:\/\/swissbaker.ch\/?p=8674"},"modified":"2022-05-11T10:04:40","modified_gmt":"2022-05-11T08:04:40","slug":"pandemie-enfin-une-perspective","status":"publish","type":"post","link":"https:\/\/swissbaker.ch\/fr\/panissimo-news\/pandemie-enfin-une-perspective\/","title":{"rendered":"Pand\u00e9mie: enfin une perspective"},"content":{"rendered":"\n<p><strong>Lors de sa s\u00e9ance du 21 avril 2021, le Conseil f\u00e9d\u00e9ral a concr\u00e9tis\u00e9 sa strat\u00e9gie pour les mois \u00e0 venir. \u00c0 cette fin, il a d\u00e9fini trois phases jusqu\u2019\u00e0 ce que tous les adultes souhaitant se faire vacciner l\u2019aient \u00e9t\u00e9 et que les mesures de protection contre le COVID-19 puissent \u00eatre en grande partie lev\u00e9es.<\/strong><\/p>\n\n\n\n<p>La dur\u00e9e des diff\u00e9rentes phases d\u00e9pend de la propension des groupes de population concern\u00e9s \u00e0 se faire vacciner et du d\u00e9roulement de la campagne de vaccination, a d\u00e9clar\u00e9 hier le Conseil f\u00e9d\u00e9ral.<\/p>\n\n\n\n<p>Ce dernier a par ailleurs mis en consultation aupr\u00e8s des cantons ce mod\u00e8le des trois phases. Compte tenu des ouvertures importantes depuis le 19 avril 2021 et de la situation \u00e9pid\u00e9miologique fragile, il est peu probable que d\u2019autres assouplissements interviennent avant le 26 mai 2021.<\/p>\n\n\n\n<p>La BCS part du principe que le Conseil f\u00e9d\u00e9ral devrait prendre de nouvelles d\u00e9cisions le 12 mai et les mettre en consultation aupr\u00e8s des cantons. Une d\u00e9cision d\u00e9finitive sur de nouvelles mesures, respectivement de nouveaux assouplissements qui entreraient en vigueur \u00e0 fin mai, est escompt\u00e9e le 26 mai.<\/p>\n\n\n\n<h2 class=\"wp-block-heading\">Les trois phases sont les suivantes:<\/h2>\n\n\n\n<h3 class=\"wp-block-heading\" id=\"h-phase-de-protection-vaccination-des-personnes-vulnerables\">Phase de protection: vaccination des personnes vuln\u00e9rables<\/h3>\n\n\n\n<p>La phase de protection se poursuit jusqu\u2019\u00e0 ce que toutes les personnes vuln\u00e9rables qui le souhaitent aient \u00e9t\u00e9 pleinement vaccin\u00e9es, c\u2019est-\u00e0-dire avec deux doses. Pour autant que la propension \u00e0 se faire vacciner dans ce groupe atteigne 75 %, le Conseil f\u00e9d\u00e9ral part du principe que cette phase sera termin\u00e9e d\u2019ici \u00e0 la fin mai 2021.<\/p>\n\n\n\n<p>Le Conseil f\u00e9d\u00e9ral a d\u00e9fini des valeurs indicatives pour \u00e9valuer la situation \u00e9pid\u00e9miologique. En cas de d\u00e9passement de l\u2019une ou de plusieurs de ces valeurs, il envisagera un \u00e9ventuel durcissement.<\/p>\n\n\n\n<h3 class=\"wp-block-heading\" id=\"h-phase-de-stabilisation-acces-a-la-vaccination-pour-toute-la-population-adulte\">Phase de stabilisation: acc\u00e8s \u00e0 la vaccination pour toute la population adulte<\/h3>\n\n\n\n<p>Au cours de cette phase de stabilisation, toutes les personnes qui souhaitent \u00eatre prot\u00e9g\u00e9es ne sont pas encore vaccin\u00e9es. Selon le communiqu\u00e9 du Conseil f\u00e9d\u00e9ral, l\u2019exp\u00e9rience d\u2019autres pays montre qu\u2019il faut s\u2019attendre \u00e0 une nouvelle acc\u00e9l\u00e9ration de l\u2019\u00e9pid\u00e9mie justement lorsque le nombre de vaccinations administr\u00e9es augmente, car l\u2019acceptation des mesures de protection diminue constamment. C\u2019est pourquoi le Conseil f\u00e9d\u00e9ral a aussi d\u00e9fini, pour cette phase, des valeurs indicatives en vue d\u2019un durcissement \u00e9ventuel des mesures. Le nombre de cas peut \u00eatre plus \u00e9lev\u00e9 que durant la phase de protection, mais la valeur Re, le taux d\u2019occupation des soins intensifs et les hospitalisations restent inchang\u00e9s.<\/p>\n\n\n\n<p>De grandes quantit\u00e9s de vaccins seront disponibles pendant la phase de stabilisation. Au cours de cette phase, l\u2019ensemble de la population adulte aura acc\u00e8s \u00e0 la vaccination. Si la propension \u00e0 se faire vacciner atteint 60 % au sein de la population (estimations bas\u00e9es sur des enqu\u00eates), tous les adultes qui le souhaitent auront re\u00e7u au moins une premi\u00e8re dose d\u2019ici la fin du mois de juin. L\u2019ach\u00e8vement de cette phase d\u00e9pend de la propension de la population \u00e0 se faire vacciner. On estime que la vaccination compl\u00e8te de la population adulte (2 doses) sera achev\u00e9e d\u2019ici la fin du mois de juillet 2021, \u00e0 condition que les producteurs de vaccins ne rencontrent pas d\u2019autres probl\u00e8mes de livraisons et que le rythme de vaccination se d\u00e9roule comme pr\u00e9vu.<\/p>\n\n\n\n<p>Si le nombre de cas, les hospitalisations et l\u2019occupation des unit\u00e9s de soins intensifs sont stables, d\u2019autres assouplissements sont envisag\u00e9s au cours de cette phase, les premiers d\u00e8s le 26 mai au plus t\u00f4t. Il sera possible, par exemple, de permettre l\u2019enseignement pr\u00e9sentiel dans les universit\u00e9s et de remplacer l\u2019obligation du t\u00e9l\u00e9travail par une recommandation. La condition pr\u00e9alable est que les \u00e9tablissements de formation et les entreprises disposent de concepts qui permettent de r\u00e9aliser r\u00e9guli\u00e8rement des tests. De nouveaux assouplissements seront \u00e9galement possibles dans le sport et les loisirs, le commerce de d\u00e9tail et \u2013 si la situation \u00e9pid\u00e9miologique le permet \u2013 les restaurants (r\u00e9ouverture des espaces int\u00e9rieurs).<\/p>\n\n\n\n<p>D\u2019autres assouplissements durant cette phase de stabilisation sont envisageables par \u00e9tapes. Ils concernent les lieux pr\u00e9sentant un risque \u00e9lev\u00e9 de transmission, tels que les grandes manifestations, les bars ou les discoth\u00e8ques. Lorsque la couverture vaccinale aura atteint environ 40 \u00e0 50 %, il est pr\u00e9vu de mettre en place un acc\u00e8s s\u00e9lectif pour les personnes vaccin\u00e9es, test\u00e9es ou gu\u00e9ries. Un certificat uniforme, infalsifiable et facilement v\u00e9rifiable est en cours d\u2019\u00e9laboration (certificat COVID-19).<\/p>\n\n\n\n<h3 class=\"wp-block-heading\" id=\"h-phase-de-normalisation-levee-des-mesures\">Phase de normalisation: lev\u00e9e des mesures<\/h3>\n\n\n\n<p>Lorsque tous les adultes qui le souhaitent auront \u00e9t\u00e9 pleinement vaccin\u00e9s, la phase de normalisation pourra commencer, selon la fiche d\u2019information du Conseil f\u00e9d\u00e9ral. Ce dernier estime que les restrictions sociales et \u00e9conomiques ne se justifieront plus dans ce cas. Les mesures restantes (restrictions d\u2019acc\u00e8s et limitation des capacit\u00e9s) devront \u00eatre lev\u00e9es progressivement. Cette strat\u00e9gie sera maintenue m\u00eame si, contrairement aux attentes, la propension de la population \u00e0 se faire vacciner reste faible.<\/p>\n\n\n\n<p>M\u00eame lorsque toutes les personnes qui le d\u00e9sirent auront \u00e9t\u00e9 vaccin\u00e9es, le virus continuera \u00e0 circuler. On peut partir du principe qu\u2019\u00e0 long terme, les personnes non vaccin\u00e9es et non gu\u00e9ries s\u2019infecteront. Plus la proportion de ces personnes est importante, plus les flamb\u00e9es seront possibles, et plus le nombre d\u2019\u00e9volutions s\u00e9v\u00e8res de la maladie et de d\u00e9c\u00e8s sera \u00e9lev\u00e9. La vaccination gratuite est un moyen tr\u00e8s efficace pour se prot\u00e9ger contre une infection et la maladie.<\/p>\n\n\n\n<p>Si, malgr\u00e9 tout, l\u2019\u00e9pid\u00e9mie devait se renforcer et menacer de surcharge le syst\u00e8me de sant\u00e9, le Conseil f\u00e9d\u00e9ral se r\u00e9serve le droit de maintenir ou de r\u00e9introduire certaines mesures pendant un certain temps, comme l\u2019obligation de porter un masque, les plans de protection, le respect des distances ou la limitation des capacit\u00e9s. Toutefois, ces mesures ne devraient \u00eatre pr\u00e9vues plus que pour les personnes ne disposant pas d\u2019un certificat COVID-19.<\/p>\n\n\n\n<p><a href=\"https:\/\/www.swissbaker.ch\/fr\/liens\/coronavirus-liens-utiles\/\">Liens utiles\u2026\u00bb<\/a><\/p>\n","protected":false},"excerpt":{"rendered":"<p>Lors de sa s\u00e9ance du 21 avril 2021, le Conseil f\u00e9d\u00e9ral a concr\u00e9tis\u00e9 sa strat\u00e9gie pour les mois \u00e0 venir. \u00c0 cette fin, il a d\u00e9fini trois phases jusqu\u2019\u00e0 ce que tous les adultes souhaitant se faire vacciner l\u2019aient \u00e9t\u00e9 et que les mesures de protection contre le COVID-19 puissent \u00eatre en grande partie lev\u00e9es. La dur\u00e9e des diff\u00e9rentes phases [&hellip;]<\/p>\n","protected":false},"author":1,"featured_media":5340,"comment_status":"open","ping_status":"closed","sticky":false,"template":"","format":"standard","meta":{"_acf_changed":false,"footnotes":""},"categories":[49],"tags":[],"class_list":["post-8674","post","type-post","status-publish","format-standard","has-post-thumbnail","hentry","category-sante-securite"],"acf":[],"yoast_head":"<!-- This site is optimized with the Yoast SEO Premium plugin v26.8 (Yoast SEO v26.8) - https:\/\/yoast.com\/product\/yoast-seo-premium-wordpress\/ -->\n<title>Pand\u00e9mie: enfin une perspective | SBC<\/title>\n<meta name=\"robots\" content=\"index, follow, max-snippet:-1, max-image-preview:large, max-video-preview:-1\" \/>\n<link rel=\"canonical\" href=\"https:\/\/swissbaker.ch\/fr\/panissimo-news\/pandemie-enfin-une-perspective\/\" \/>\n<meta property=\"og:locale\" content=\"fr_FR\" \/>\n<meta property=\"og:type\" content=\"article\" \/>\n<meta property=\"og:title\" content=\"Pand\u00e9mie: enfin une perspective\" \/>\n<meta property=\"og:description\" content=\"Lors de sa s\u00e9ance du 21 avril 2021, le Conseil f\u00e9d\u00e9ral a concr\u00e9tis\u00e9 sa strat\u00e9gie pour les mois \u00e0 venir. \u00c0 cette fin, il a d\u00e9fini trois phases jusqu\u2019\u00e0 ce que tous les adultes souhaitant se faire vacciner l\u2019aient \u00e9t\u00e9 et que les mesures de protection contre le COVID-19 puissent \u00eatre en grande partie lev\u00e9es. La dur\u00e9e des diff\u00e9rentes phases [&hellip;]\" \/>\n<meta property=\"og:url\" content=\"https:\/\/swissbaker.ch\/fr\/panissimo-news\/pandemie-enfin-une-perspective\/\" \/>\n<meta property=\"og:site_name\" content=\"SBC\" \/>\n<meta property=\"article:publisher\" content=\"https:\/\/www.facebook.com\/swissbaker.ch\" \/>\n<meta property=\"article:published_time\" content=\"2021-04-22T06:28:00+00:00\" \/>\n<meta property=\"article:modified_time\" content=\"2022-05-11T08:04:40+00:00\" \/>\n<meta property=\"og:image\" content=\"https:\/\/swissbaker.ch\/wp-content\/uploads\/2022\/03\/8_2_open.jpeg\" \/>\n\t<meta property=\"og:image:width\" content=\"800\" \/>\n\t<meta property=\"og:image:height\" content=\"474\" \/>\n\t<meta property=\"og:image:type\" content=\"image\/jpeg\" \/>\n<meta name=\"author\" content=\"azureart\" \/>\n<meta name=\"twitter:card\" content=\"summary_large_image\" \/>\n<meta name=\"twitter:creator\" content=\"@ch_swissbaker\" \/>\n<meta name=\"twitter:site\" content=\"@ch_swissbaker\" \/>\n<meta name=\"twitter:label1\" content=\"Written by\" \/>\n\t<meta name=\"twitter:data1\" content=\"azureart\" \/>\n\t<meta name=\"twitter:label2\" content=\"Est. reading time\" \/>\n\t<meta name=\"twitter:data2\" content=\"6 minutes\" \/>\n<script type=\"application\/ld+json\" class=\"yoast-schema-graph\">{\"@context\":\"https:\/\/schema.org\",\"@graph\":[{\"@type\":\"Article\",\"@id\":\"https:\/\/swissbaker.ch\/fr\/panissimo-news\/pandemie-enfin-une-perspective\/#article\",\"isPartOf\":{\"@id\":\"https:\/\/swissbaker.ch\/fr\/panissimo-news\/pandemie-enfin-une-perspective\/\"},\"author\":{\"name\":\"azureart\",\"@id\":\"https:\/\/swissbaker.ch\/fr\/#\/schema\/person\/058ac47619f7da53df62aba60f939b78\"},\"headline\":\"Pand\u00e9mie: enfin une perspective\",\"datePublished\":\"2021-04-22T06:28:00+00:00\",\"dateModified\":\"2022-05-11T08:04:40+00:00\",\"mainEntityOfPage\":{\"@id\":\"https:\/\/swissbaker.ch\/fr\/panissimo-news\/pandemie-enfin-une-perspective\/\"},\"wordCount\":1050,\"commentCount\":0,\"publisher\":{\"@id\":\"https:\/\/swissbaker.ch\/fr\/#organization\"},\"image\":{\"@id\":\"https:\/\/swissbaker.ch\/fr\/panissimo-news\/pandemie-enfin-une-perspective\/#primaryimage\"},\"thumbnailUrl\":\"https:\/\/swissbaker.ch\/wp-content\/uploads\/2022\/03\/8_2_open.jpeg\",\"articleSection\":[\"Sant\u00e9\/S\u00e9curit\u00e9\"],\"inLanguage\":\"fr-FR\",\"potentialAction\":[{\"@type\":\"CommentAction\",\"name\":\"Comment\",\"target\":[\"https:\/\/swissbaker.ch\/fr\/panissimo-news\/pandemie-enfin-une-perspective\/#respond\"]}]},{\"@type\":\"WebPage\",\"@id\":\"https:\/\/swissbaker.ch\/fr\/panissimo-news\/pandemie-enfin-une-perspective\/\",\"url\":\"https:\/\/swissbaker.ch\/fr\/panissimo-news\/pandemie-enfin-une-perspective\/\",\"name\":\"Pand\u00e9mie: enfin une perspective | SBC\",\"isPartOf\":{\"@id\":\"https:\/\/swissbaker.ch\/fr\/#website\"},\"primaryImageOfPage\":{\"@id\":\"https:\/\/swissbaker.ch\/fr\/panissimo-news\/pandemie-enfin-une-perspective\/#primaryimage\"},\"image\":{\"@id\":\"https:\/\/swissbaker.ch\/fr\/panissimo-news\/pandemie-enfin-une-perspective\/#primaryimage\"},\"thumbnailUrl\":\"https:\/\/swissbaker.ch\/wp-content\/uploads\/2022\/03\/8_2_open.jpeg\",\"datePublished\":\"2021-04-22T06:28:00+00:00\",\"dateModified\":\"2022-05-11T08:04:40+00:00\",\"breadcrumb\":{\"@id\":\"https:\/\/swissbaker.ch\/fr\/panissimo-news\/pandemie-enfin-une-perspective\/#breadcrumb\"},\"inLanguage\":\"fr-FR\",\"potentialAction\":[{\"@type\":\"ReadAction\",\"target\":[\"https:\/\/swissbaker.ch\/fr\/panissimo-news\/pandemie-enfin-une-perspective\/\"]}]},{\"@type\":\"ImageObject\",\"inLanguage\":\"fr-FR\",\"@id\":\"https:\/\/swissbaker.ch\/fr\/panissimo-news\/pandemie-enfin-une-perspective\/#primaryimage\",\"url\":\"https:\/\/swissbaker.ch\/wp-content\/uploads\/2022\/03\/8_2_open.jpeg\",\"contentUrl\":\"https:\/\/swissbaker.ch\/wp-content\/uploads\/2022\/03\/8_2_open.jpeg\",\"width\":800,\"height\":474,\"caption\":\"Pand\u00e9mie: enfin une perspective\"},{\"@type\":\"BreadcrumbList\",\"@id\":\"https:\/\/swissbaker.ch\/fr\/panissimo-news\/pandemie-enfin-une-perspective\/#breadcrumb\",\"itemListElement\":[{\"@type\":\"ListItem\",\"position\":1,\"name\":\"\",\"item\":\"https:\/\/swissbaker.ch\/fr\/\"},{\"@type\":\"ListItem\",\"position\":2,\"name\":\"Sant\u00e9\/S\u00e9curit\u00e9\",\"item\":\"https:\/\/swissbaker.ch\/fr\/panissimo-news\/category\/sante-securite\/\"},{\"@type\":\"ListItem\",\"position\":3,\"name\":\"Pand\u00e9mie: enfin une perspective\"}]},{\"@type\":\"WebSite\",\"@id\":\"https:\/\/swissbaker.ch\/fr\/#website\",\"url\":\"https:\/\/swissbaker.ch\/fr\/\",\"name\":\"SBC\",\"description\":\"\",\"publisher\":{\"@id\":\"https:\/\/swissbaker.ch\/fr\/#organization\"},\"potentialAction\":[{\"@type\":\"SearchAction\",\"target\":{\"@type\":\"EntryPoint\",\"urlTemplate\":\"https:\/\/swissbaker.ch\/fr\/?s={search_term_string}\"},\"query-input\":{\"@type\":\"PropertyValueSpecification\",\"valueRequired\":true,\"valueName\":\"search_term_string\"}}],\"inLanguage\":\"fr-FR\"},{\"@type\":\"Organization\",\"@id\":\"https:\/\/swissbaker.ch\/fr\/#organization\",\"name\":\"Schweizerischer B\u00e4cker-Confiseurmeister-Verband\",\"url\":\"https:\/\/swissbaker.ch\/fr\/\",\"logo\":{\"@type\":\"ImageObject\",\"inLanguage\":\"fr-FR\",\"@id\":\"https:\/\/swissbaker.ch\/fr\/#\/schema\/logo\/image\/\",\"url\":\"https:\/\/swissbaker.ch\/wp-content\/uploads\/2022\/04\/sbc-logo-yoast.jpg\",\"contentUrl\":\"https:\/\/swissbaker.ch\/wp-content\/uploads\/2022\/04\/sbc-logo-yoast.jpg\",\"width\":512,\"height\":512,\"caption\":\"Schweizerischer B\u00e4cker-Confiseurmeister-Verband\"},\"image\":{\"@id\":\"https:\/\/swissbaker.ch\/fr\/#\/schema\/logo\/image\/\"},\"sameAs\":[\"https:\/\/www.facebook.com\/swissbaker.ch\",\"https:\/\/x.com\/ch_swissbaker\"]},{\"@type\":\"Person\",\"@id\":\"https:\/\/swissbaker.ch\/fr\/#\/schema\/person\/058ac47619f7da53df62aba60f939b78\",\"name\":\"azureart\",\"image\":{\"@type\":\"ImageObject\",\"inLanguage\":\"fr-FR\",\"@id\":\"https:\/\/swissbaker.ch\/fr\/#\/schema\/person\/image\/\",\"url\":\"https:\/\/secure.gravatar.com\/avatar\/be04dd3098fd612c83067af4f7a295384c93cb6a9112f51beb9d2f477d25da61?s=96&d=mm&r=g\",\"contentUrl\":\"https:\/\/secure.gravatar.com\/avatar\/be04dd3098fd612c83067af4f7a295384c93cb6a9112f51beb9d2f477d25da61?s=96&d=mm&r=g\",\"caption\":\"azureart\"},\"sameAs\":[\"https:\/\/swissbaker.ch\"],\"url\":\"https:\/\/swissbaker.ch\/fr\/panissimo-news\/author\/pixel-ahoi\/\"}]}<\/script>\n<!-- \/ Yoast SEO Premium plugin. -->","yoast_head_json":{"title":"Pand\u00e9mie: enfin une perspective | SBC","robots":{"index":"index","follow":"follow","max-snippet":"max-snippet:-1","max-image-preview":"max-image-preview:large","max-video-preview":"max-video-preview:-1"},"canonical":"https:\/\/swissbaker.ch\/fr\/panissimo-news\/pandemie-enfin-une-perspective\/","og_locale":"fr_FR","og_type":"article","og_title":"Pand\u00e9mie: enfin une perspective","og_description":"Lors de sa s\u00e9ance du 21 avril 2021, le Conseil f\u00e9d\u00e9ral a concr\u00e9tis\u00e9 sa strat\u00e9gie pour les mois \u00e0 venir. \u00c0 cette fin, il a d\u00e9fini trois phases jusqu\u2019\u00e0 ce que tous les adultes souhaitant se faire vacciner l\u2019aient \u00e9t\u00e9 et que les mesures de protection contre le COVID-19 puissent \u00eatre en grande partie lev\u00e9es. La dur\u00e9e des diff\u00e9rentes phases [&hellip;]","og_url":"https:\/\/swissbaker.ch\/fr\/panissimo-news\/pandemie-enfin-une-perspective\/","og_site_name":"SBC","article_publisher":"https:\/\/www.facebook.com\/swissbaker.ch","article_published_time":"2021-04-22T06:28:00+00:00","article_modified_time":"2022-05-11T08:04:40+00:00","og_image":[{"width":800,"height":474,"url":"https:\/\/swissbaker.ch\/wp-content\/uploads\/2022\/03\/8_2_open.jpeg","type":"image\/jpeg"}],"author":"azureart","twitter_card":"summary_large_image","twitter_creator":"@ch_swissbaker","twitter_site":"@ch_swissbaker","twitter_misc":{"Written by":"azureart","Est. reading time":"6 minutes"},"schema":{"@context":"https:\/\/schema.org","@graph":[{"@type":"Article","@id":"https:\/\/swissbaker.ch\/fr\/panissimo-news\/pandemie-enfin-une-perspective\/#article","isPartOf":{"@id":"https:\/\/swissbaker.ch\/fr\/panissimo-news\/pandemie-enfin-une-perspective\/"},"author":{"name":"azureart","@id":"https:\/\/swissbaker.ch\/fr\/#\/schema\/person\/058ac47619f7da53df62aba60f939b78"},"headline":"Pand\u00e9mie: enfin une perspective","datePublished":"2021-04-22T06:28:00+00:00","dateModified":"2022-05-11T08:04:40+00:00","mainEntityOfPage":{"@id":"https:\/\/swissbaker.ch\/fr\/panissimo-news\/pandemie-enfin-une-perspective\/"},"wordCount":1050,"commentCount":0,"publisher":{"@id":"https:\/\/swissbaker.ch\/fr\/#organization"},"image":{"@id":"https:\/\/swissbaker.ch\/fr\/panissimo-news\/pandemie-enfin-une-perspective\/#primaryimage"},"thumbnailUrl":"https:\/\/swissbaker.ch\/wp-content\/uploads\/2022\/03\/8_2_open.jpeg","articleSection":["Sant\u00e9\/S\u00e9curit\u00e9"],"inLanguage":"fr-FR","potentialAction":[{"@type":"CommentAction","name":"Comment","target":["https:\/\/swissbaker.ch\/fr\/panissimo-news\/pandemie-enfin-une-perspective\/#respond"]}]},{"@type":"WebPage","@id":"https:\/\/swissbaker.ch\/fr\/panissimo-news\/pandemie-enfin-une-perspective\/","url":"https:\/\/swissbaker.ch\/fr\/panissimo-news\/pandemie-enfin-une-perspective\/","name":"Pand\u00e9mie: enfin une perspective | SBC","isPartOf":{"@id":"https:\/\/swissbaker.ch\/fr\/#website"},"primaryImageOfPage":{"@id":"https:\/\/swissbaker.ch\/fr\/panissimo-news\/pandemie-enfin-une-perspective\/#primaryimage"},"image":{"@id":"https:\/\/swissbaker.ch\/fr\/panissimo-news\/pandemie-enfin-une-perspective\/#primaryimage"},"thumbnailUrl":"https:\/\/swissbaker.ch\/wp-content\/uploads\/2022\/03\/8_2_open.jpeg","datePublished":"2021-04-22T06:28:00+00:00","dateModified":"2022-05-11T08:04:40+00:00","breadcrumb":{"@id":"https:\/\/swissbaker.ch\/fr\/panissimo-news\/pandemie-enfin-une-perspective\/#breadcrumb"},"inLanguage":"fr-FR","potentialAction":[{"@type":"ReadAction","target":["https:\/\/swissbaker.ch\/fr\/panissimo-news\/pandemie-enfin-une-perspective\/"]}]},{"@type":"ImageObject","inLanguage":"fr-FR","@id":"https:\/\/swissbaker.ch\/fr\/panissimo-news\/pandemie-enfin-une-perspective\/#primaryimage","url":"https:\/\/swissbaker.ch\/wp-content\/uploads\/2022\/03\/8_2_open.jpeg","contentUrl":"https:\/\/swissbaker.ch\/wp-content\/uploads\/2022\/03\/8_2_open.jpeg","width":800,"height":474,"caption":"Pand\u00e9mie: enfin une perspective"},{"@type":"BreadcrumbList","@id":"https:\/\/swissbaker.ch\/fr\/panissimo-news\/pandemie-enfin-une-perspective\/#breadcrumb","itemListElement":[{"@type":"ListItem","position":1,"name":"","item":"https:\/\/swissbaker.ch\/fr\/"},{"@type":"ListItem","position":2,"name":"Sant\u00e9\/S\u00e9curit\u00e9","item":"https:\/\/swissbaker.ch\/fr\/panissimo-news\/category\/sante-securite\/"},{"@type":"ListItem","position":3,"name":"Pand\u00e9mie: enfin une perspective"}]},{"@type":"WebSite","@id":"https:\/\/swissbaker.ch\/fr\/#website","url":"https:\/\/swissbaker.ch\/fr\/","name":"SBC","description":"","publisher":{"@id":"https:\/\/swissbaker.ch\/fr\/#organization"},"potentialAction":[{"@type":"SearchAction","target":{"@type":"EntryPoint","urlTemplate":"https:\/\/swissbaker.ch\/fr\/?s={search_term_string}"},"query-input":{"@type":"PropertyValueSpecification","valueRequired":true,"valueName":"search_term_string"}}],"inLanguage":"fr-FR"},{"@type":"Organization","@id":"https:\/\/swissbaker.ch\/fr\/#organization","name":"Schweizerischer B\u00e4cker-Confiseurmeister-Verband","url":"https:\/\/swissbaker.ch\/fr\/","logo":{"@type":"ImageObject","inLanguage":"fr-FR","@id":"https:\/\/swissbaker.ch\/fr\/#\/schema\/logo\/image\/","url":"https:\/\/swissbaker.ch\/wp-content\/uploads\/2022\/04\/sbc-logo-yoast.jpg","contentUrl":"https:\/\/swissbaker.ch\/wp-content\/uploads\/2022\/04\/sbc-logo-yoast.jpg","width":512,"height":512,"caption":"Schweizerischer B\u00e4cker-Confiseurmeister-Verband"},"image":{"@id":"https:\/\/swissbaker.ch\/fr\/#\/schema\/logo\/image\/"},"sameAs":["https:\/\/www.facebook.com\/swissbaker.ch","https:\/\/x.com\/ch_swissbaker"]},{"@type":"Person","@id":"https:\/\/swissbaker.ch\/fr\/#\/schema\/person\/058ac47619f7da53df62aba60f939b78","name":"azureart","image":{"@type":"ImageObject","inLanguage":"fr-FR","@id":"https:\/\/swissbaker.ch\/fr\/#\/schema\/person\/image\/","url":"https:\/\/secure.gravatar.com\/avatar\/be04dd3098fd612c83067af4f7a295384c93cb6a9112f51beb9d2f477d25da61?s=96&d=mm&r=g","contentUrl":"https:\/\/secure.gravatar.com\/avatar\/be04dd3098fd612c83067af4f7a295384c93cb6a9112f51beb9d2f477d25da61?s=96&d=mm&r=g","caption":"azureart"},"sameAs":["https:\/\/swissbaker.ch"],"url":"https:\/\/swissbaker.ch\/fr\/panissimo-news\/author\/pixel-ahoi\/"}]}},"_links":{"self":[{"href":"https:\/\/swissbaker.ch\/fr\/wp-json\/wp\/v2\/posts\/8674","targetHints":{"allow":["GET"]}}],"collection":[{"href":"https:\/\/swissbaker.ch\/fr\/wp-json\/wp\/v2\/posts"}],"about":[{"href":"https:\/\/swissbaker.ch\/fr\/wp-json\/wp\/v2\/types\/post"}],"author":[{"embeddable":true,"href":"https:\/\/swissbaker.ch\/fr\/wp-json\/wp\/v2\/users\/1"}],"replies":[{"embeddable":true,"href":"https:\/\/swissbaker.ch\/fr\/wp-json\/wp\/v2\/comments?post=8674"}],"version-history":[{"count":0,"href":"https:\/\/swissbaker.ch\/fr\/wp-json\/wp\/v2\/posts\/8674\/revisions"}],"wp:featuredmedia":[{"embeddable":true,"href":"https:\/\/swissbaker.ch\/fr\/wp-json\/wp\/v2\/media\/5340"}],"wp:attachment":[{"href":"https:\/\/swissbaker.ch\/fr\/wp-json\/wp\/v2\/media?parent=8674"}],"wp:term":[{"taxonomy":"category","embeddable":true,"href":"https:\/\/swissbaker.ch\/fr\/wp-json\/wp\/v2\/categories?post=8674"},{"taxonomy":"post_tag","embeddable":true,"href":"https:\/\/swissbaker.ch\/fr\/wp-json\/wp\/v2\/tags?post=8674"}],"curies":[{"name":"wp","href":"https:\/\/api.w.org\/{rel}","templated":true}]}}