{"id":8672,"date":"2021-04-28T08:25:00","date_gmt":"2021-04-28T06:25:00","guid":{"rendered":"https:\/\/swissbaker.ch\/?p=8672"},"modified":"2022-05-11T10:02:20","modified_gmt":"2022-05-11T08:02:20","slug":"grandes-menaces-pour-leconomie","status":"publish","type":"post","link":"https:\/\/swissbaker.ch\/fr\/panissimo-news\/grandes-menaces-pour-leconomie\/","title":{"rendered":"Grandes menaces pour l\u2019\u00e9conomie"},"content":{"rendered":"\n<p><strong>Le 13\u202fjuin, la Suisse votera sur les initiatives relatives aux pesticides et \u00e0 l\u2019eau potable. Le comit\u00e9 central rejette unanimement ces initiatives\u2009: elles sont trop radicales et ont des cons\u00e9quences n\u00e9gatives pour l\u2019agriculture, les consommateurs et la s\u00e9curit\u00e9 alimentaire.<\/strong><\/p>\n\n\n\n<p>Les deux initiatives entra\u00eenent une hausse des co\u00fbts de production dans l\u2019agriculture (par exemple pour la farine, le sucre ou le lait). Ce sont nos membres qui en payeraient le prix. Le risque est grand de voir nos marges d\u00e9j\u00e0 faibles subir une pression encore plus forte. La contre-proposition indirecte du Conseil des \u00c9tats constitue un compromis plus viable et est soutenue dans sa forme actuelle.<\/p>\n\n\n\n<p>\u00ab\u2009Le risque est grand de voir nos marges d\u00e9j\u00e0 faibles subir une pression encore plus forte.\u2009\u00bb<\/p>\n\n\n\n<h2 class=\"wp-block-heading\" id=\"h-initiative-sur-les-pesticides\">Initiative sur les pesticides<\/h2>\n\n\n\n<p>L\u2019initiative sur les pesticides (Pour une Suisse sans pesticides de synth\u00e8se) demande l\u2019interdiction des pesticides de synth\u00e8se dans la production agricole, la transformation des produits agricoles et l\u2019entretien des sols et l\u2019am\u00e9nagement paysager. L\u2019importation de denr\u00e9es alimentaires contenant des pesticides de synth\u00e8se ou produites \u00e0 l\u2019aide de ceux-ci devrait \u00e9galement \u00eatre interdite. Cette initiative est soutenue par Greenpeace, Pro Natura, le PS, les Verts, le conseil d\u2019administration de Bio Suisse et les acteurs de la branche Bio, entre autres. Le PVL a d\u00e9cid\u00e9 la libert\u00e9 de vote.<\/p>\n\n\n\n<h2 class=\"wp-block-heading\" id=\"h-initiative-sur-l-eau-potable\">Initiative sur l\u2019eau potable<\/h2>\n\n\n\n<p>L\u2019initiative sur l\u2019eau potable (Pour une eau potable propre et une alimentation saine &#8211; pas de subventions pour l\u2019utilisation de pesticides et de produits phytosanitaires) repose sur des incitations et exige que seules les exploitations qui n\u2019utilisent pas de pesticides, n\u2019ont pas recours \u00e0 des antibiotiques prophylactiques dans l\u2019\u00e9levage et dont le b\u00e9tail peut \u00eatre nourri avec le fourrage produit sur l\u2019exploitation soient soutenues par des paiements directs. Quelques conseillers nationaux du PS et des Verts et d\u2019autres personnes individuelles font partie du comit\u00e9 de soutien de l\u2019initiative. Les Verts lib\u00e9raux ont chang\u00e9 de position l\u2019automne dernier et soutiennent \u00e9galement l\u2019initiative. Le PS et les Verts se sont \u00e9galement prononc\u00e9s en faveur de l\u2019initiative. De mani\u00e8re surprenante, l\u2019assembl\u00e9e des d\u00e9l\u00e9gu\u00e9s de Bio Suisse d\u2019avril rejette l\u2019initiative. Le principal argument \u00e9tait que le passage, qui exige un approvisionnement largement autosuffisant en aliments pour animaux pour les exploitations individuelles, imposerait trop de restrictions massives aux exploitations d\u2019\u00e9levage biologique.<\/p>\n\n\n\n<p>\u00ab Les deux initiatives entra\u00eeneront une hausse des co\u00fbts de production dans l\u2019agriculture. \u00bb<br><\/p>\n\n\n\n<h2 class=\"wp-block-heading\" id=\"h-le-conseil-federal-et-le-parlement-contre-les-initiatives\">Le Conseil f\u00e9d\u00e9ral et le Parlement contre les initiatives<\/h2>\n\n\n\n<p>Le Conseil f\u00e9d\u00e9ral et le Parlement rejettent les deux initiatives, m\u00eame si, selon le gouvernement national, elles r\u00e9pondent fondamentalement \u00e0 des \u00ab\u2009pr\u00e9occupations justifi\u00e9es\u2009\u00bb.<\/p>\n\n\n\n<p>Un oui \u00e0 l\u2019initiative sur l\u2019eau potable aurait des cons\u00e9quences n\u00e9gatives de grande ampleur pour l\u2019agriculture et la s\u00e9curit\u00e9 alimentaire suisses.<br>Un oui \u00e0 l\u2019initiative sur les pesticides entra\u00eenerait une hausse des co\u00fbts de production et donc des denr\u00e9es alimentaires plus ch\u00e8res, une r\u00e9duction de la diversit\u00e9 de l\u2019offre de produits nationaux et une augmentation de l\u2019attrait du tourisme d\u2019achat.<\/p>\n\n\n\n<p>En outre, une interdiction g\u00e9n\u00e9rale des importations de produits fabriqu\u00e9s avec des pesticides de synth\u00e8se serait difficilement compatible avec le droit de l\u2019OMC et certains accords commerciaux qui ont \u00e9t\u00e9 conclus.<\/p>\n","protected":false},"excerpt":{"rendered":"<p>Le 13\u202fjuin, la Suisse votera sur les initiatives relatives aux pesticides et \u00e0 l\u2019eau potable. Le comit\u00e9 central rejette unanimement ces initiatives\u2009: elles sont trop radicales et ont des cons\u00e9quences n\u00e9gatives pour l\u2019agriculture, les consommateurs et la s\u00e9curit\u00e9 alimentaire. Les deux initiatives entra\u00eenent une hausse des co\u00fbts de production dans l\u2019agriculture (par exemple pour la farine, le sucre ou le [&hellip;]<\/p>\n","protected":false},"author":1,"featured_media":5339,"comment_status":"open","ping_status":"closed","sticky":false,"template":"","format":"standard","meta":{"_acf_changed":false,"footnotes":""},"categories":[44],"tags":[],"class_list":["post-8672","post","type-post","status-publish","format-standard","has-post-thumbnail","hentry","category-droit-politique"],"acf":[],"yoast_head":"<!-- This site is optimized with the Yoast SEO Premium plugin v26.8 (Yoast SEO v26.8) - https:\/\/yoast.com\/product\/yoast-seo-premium-wordpress\/ -->\n<title>Grandes menaces pour l\u2019\u00e9conomie | SBC<\/title>\n<meta name=\"robots\" content=\"index, follow, max-snippet:-1, max-image-preview:large, max-video-preview:-1\" \/>\n<link rel=\"canonical\" href=\"https:\/\/swissbaker.ch\/fr\/panissimo-news\/grandes-menaces-pour-leconomie\/\" \/>\n<meta property=\"og:locale\" content=\"fr_FR\" \/>\n<meta property=\"og:type\" content=\"article\" \/>\n<meta property=\"og:title\" content=\"Grandes menaces pour l\u2019\u00e9conomie\" \/>\n<meta property=\"og:description\" content=\"Le 13\u202fjuin, la Suisse votera sur les initiatives relatives aux pesticides et \u00e0 l\u2019eau potable. Le comit\u00e9 central rejette unanimement ces initiatives\u2009: elles sont trop radicales et ont des cons\u00e9quences n\u00e9gatives pour l\u2019agriculture, les consommateurs et la s\u00e9curit\u00e9 alimentaire. Les deux initiatives entra\u00eenent une hausse des co\u00fbts de production dans l\u2019agriculture (par exemple pour la farine, le sucre ou le [&hellip;]\" \/>\n<meta property=\"og:url\" content=\"https:\/\/swissbaker.ch\/fr\/panissimo-news\/grandes-menaces-pour-leconomie\/\" \/>\n<meta property=\"og:site_name\" content=\"SBC\" \/>\n<meta property=\"article:publisher\" content=\"https:\/\/www.facebook.com\/swissbaker.ch\" \/>\n<meta property=\"article:published_time\" content=\"2021-04-28T06:25:00+00:00\" \/>\n<meta property=\"article:modified_time\" content=\"2022-05-11T08:02:20+00:00\" \/>\n<meta property=\"og:image\" content=\"https:\/\/swissbaker.ch\/wp-content\/uploads\/2022\/03\/9_1_agrarinitiative.jpeg\" \/>\n\t<meta property=\"og:image:width\" content=\"800\" \/>\n\t<meta property=\"og:image:height\" content=\"474\" \/>\n\t<meta property=\"og:image:type\" content=\"image\/jpeg\" \/>\n<meta name=\"author\" content=\"azureart\" \/>\n<meta name=\"twitter:card\" content=\"summary_large_image\" \/>\n<meta name=\"twitter:creator\" content=\"@ch_swissbaker\" \/>\n<meta name=\"twitter:site\" content=\"@ch_swissbaker\" \/>\n<meta name=\"twitter:label1\" content=\"Written by\" \/>\n\t<meta name=\"twitter:data1\" content=\"azureart\" \/>\n\t<meta name=\"twitter:label2\" content=\"Est. reading time\" \/>\n\t<meta name=\"twitter:data2\" content=\"3 minutes\" \/>\n<script type=\"application\/ld+json\" class=\"yoast-schema-graph\">{\"@context\":\"https:\/\/schema.org\",\"@graph\":[{\"@type\":\"Article\",\"@id\":\"https:\/\/swissbaker.ch\/fr\/panissimo-news\/grandes-menaces-pour-leconomie\/#article\",\"isPartOf\":{\"@id\":\"https:\/\/swissbaker.ch\/fr\/panissimo-news\/grandes-menaces-pour-leconomie\/\"},\"author\":{\"name\":\"azureart\",\"@id\":\"https:\/\/swissbaker.ch\/fr\/#\/schema\/person\/058ac47619f7da53df62aba60f939b78\"},\"headline\":\"Grandes menaces pour l\u2019\u00e9conomie\",\"datePublished\":\"2021-04-28T06:25:00+00:00\",\"dateModified\":\"2022-05-11T08:02:20+00:00\",\"mainEntityOfPage\":{\"@id\":\"https:\/\/swissbaker.ch\/fr\/panissimo-news\/grandes-menaces-pour-leconomie\/\"},\"wordCount\":585,\"commentCount\":0,\"publisher\":{\"@id\":\"https:\/\/swissbaker.ch\/fr\/#organization\"},\"image\":{\"@id\":\"https:\/\/swissbaker.ch\/fr\/panissimo-news\/grandes-menaces-pour-leconomie\/#primaryimage\"},\"thumbnailUrl\":\"https:\/\/swissbaker.ch\/wp-content\/uploads\/2022\/03\/9_1_agrarinitiative.jpeg\",\"articleSection\":[\"Droit &amp; politique\"],\"inLanguage\":\"fr-FR\",\"potentialAction\":[{\"@type\":\"CommentAction\",\"name\":\"Comment\",\"target\":[\"https:\/\/swissbaker.ch\/fr\/panissimo-news\/grandes-menaces-pour-leconomie\/#respond\"]}]},{\"@type\":\"WebPage\",\"@id\":\"https:\/\/swissbaker.ch\/fr\/panissimo-news\/grandes-menaces-pour-leconomie\/\",\"url\":\"https:\/\/swissbaker.ch\/fr\/panissimo-news\/grandes-menaces-pour-leconomie\/\",\"name\":\"Grandes menaces pour l\u2019\u00e9conomie | SBC\",\"isPartOf\":{\"@id\":\"https:\/\/swissbaker.ch\/fr\/#website\"},\"primaryImageOfPage\":{\"@id\":\"https:\/\/swissbaker.ch\/fr\/panissimo-news\/grandes-menaces-pour-leconomie\/#primaryimage\"},\"image\":{\"@id\":\"https:\/\/swissbaker.ch\/fr\/panissimo-news\/grandes-menaces-pour-leconomie\/#primaryimage\"},\"thumbnailUrl\":\"https:\/\/swissbaker.ch\/wp-content\/uploads\/2022\/03\/9_1_agrarinitiative.jpeg\",\"datePublished\":\"2021-04-28T06:25:00+00:00\",\"dateModified\":\"2022-05-11T08:02:20+00:00\",\"breadcrumb\":{\"@id\":\"https:\/\/swissbaker.ch\/fr\/panissimo-news\/grandes-menaces-pour-leconomie\/#breadcrumb\"},\"inLanguage\":\"fr-FR\",\"potentialAction\":[{\"@type\":\"ReadAction\",\"target\":[\"https:\/\/swissbaker.ch\/fr\/panissimo-news\/grandes-menaces-pour-leconomie\/\"]}]},{\"@type\":\"ImageObject\",\"inLanguage\":\"fr-FR\",\"@id\":\"https:\/\/swissbaker.ch\/fr\/panissimo-news\/grandes-menaces-pour-leconomie\/#primaryimage\",\"url\":\"https:\/\/swissbaker.ch\/wp-content\/uploads\/2022\/03\/9_1_agrarinitiative.jpeg\",\"contentUrl\":\"https:\/\/swissbaker.ch\/wp-content\/uploads\/2022\/03\/9_1_agrarinitiative.jpeg\",\"width\":800,\"height\":474,\"caption\":\"Grosser Schaden f\u00fcr die Wirtschaft\"},{\"@type\":\"BreadcrumbList\",\"@id\":\"https:\/\/swissbaker.ch\/fr\/panissimo-news\/grandes-menaces-pour-leconomie\/#breadcrumb\",\"itemListElement\":[{\"@type\":\"ListItem\",\"position\":1,\"name\":\"\",\"item\":\"https:\/\/swissbaker.ch\/fr\/\"},{\"@type\":\"ListItem\",\"position\":2,\"name\":\"Droit &amp; politique\",\"item\":\"https:\/\/swissbaker.ch\/fr\/panissimo-news\/category\/droit-politique\/\"},{\"@type\":\"ListItem\",\"position\":3,\"name\":\"Grandes menaces pour l\u2019\u00e9conomie\"}]},{\"@type\":\"WebSite\",\"@id\":\"https:\/\/swissbaker.ch\/fr\/#website\",\"url\":\"https:\/\/swissbaker.ch\/fr\/\",\"name\":\"SBC\",\"description\":\"\",\"publisher\":{\"@id\":\"https:\/\/swissbaker.ch\/fr\/#organization\"},\"potentialAction\":[{\"@type\":\"SearchAction\",\"target\":{\"@type\":\"EntryPoint\",\"urlTemplate\":\"https:\/\/swissbaker.ch\/fr\/?s={search_term_string}\"},\"query-input\":{\"@type\":\"PropertyValueSpecification\",\"valueRequired\":true,\"valueName\":\"search_term_string\"}}],\"inLanguage\":\"fr-FR\"},{\"@type\":\"Organization\",\"@id\":\"https:\/\/swissbaker.ch\/fr\/#organization\",\"name\":\"Schweizerischer B\u00e4cker-Confiseurmeister-Verband\",\"url\":\"https:\/\/swissbaker.ch\/fr\/\",\"logo\":{\"@type\":\"ImageObject\",\"inLanguage\":\"fr-FR\",\"@id\":\"https:\/\/swissbaker.ch\/fr\/#\/schema\/logo\/image\/\",\"url\":\"https:\/\/swissbaker.ch\/wp-content\/uploads\/2022\/04\/sbc-logo-yoast.jpg\",\"contentUrl\":\"https:\/\/swissbaker.ch\/wp-content\/uploads\/2022\/04\/sbc-logo-yoast.jpg\",\"width\":512,\"height\":512,\"caption\":\"Schweizerischer B\u00e4cker-Confiseurmeister-Verband\"},\"image\":{\"@id\":\"https:\/\/swissbaker.ch\/fr\/#\/schema\/logo\/image\/\"},\"sameAs\":[\"https:\/\/www.facebook.com\/swissbaker.ch\",\"https:\/\/x.com\/ch_swissbaker\"]},{\"@type\":\"Person\",\"@id\":\"https:\/\/swissbaker.ch\/fr\/#\/schema\/person\/058ac47619f7da53df62aba60f939b78\",\"name\":\"azureart\",\"image\":{\"@type\":\"ImageObject\",\"inLanguage\":\"fr-FR\",\"@id\":\"https:\/\/swissbaker.ch\/fr\/#\/schema\/person\/image\/\",\"url\":\"https:\/\/secure.gravatar.com\/avatar\/be04dd3098fd612c83067af4f7a295384c93cb6a9112f51beb9d2f477d25da61?s=96&d=mm&r=g\",\"contentUrl\":\"https:\/\/secure.gravatar.com\/avatar\/be04dd3098fd612c83067af4f7a295384c93cb6a9112f51beb9d2f477d25da61?s=96&d=mm&r=g\",\"caption\":\"azureart\"},\"sameAs\":[\"https:\/\/swissbaker.ch\"],\"url\":\"https:\/\/swissbaker.ch\/fr\/panissimo-news\/author\/pixel-ahoi\/\"}]}<\/script>\n<!-- \/ Yoast SEO Premium plugin. -->","yoast_head_json":{"title":"Grandes menaces pour l\u2019\u00e9conomie | SBC","robots":{"index":"index","follow":"follow","max-snippet":"max-snippet:-1","max-image-preview":"max-image-preview:large","max-video-preview":"max-video-preview:-1"},"canonical":"https:\/\/swissbaker.ch\/fr\/panissimo-news\/grandes-menaces-pour-leconomie\/","og_locale":"fr_FR","og_type":"article","og_title":"Grandes menaces pour l\u2019\u00e9conomie","og_description":"Le 13\u202fjuin, la Suisse votera sur les initiatives relatives aux pesticides et \u00e0 l\u2019eau potable. Le comit\u00e9 central rejette unanimement ces initiatives\u2009: elles sont trop radicales et ont des cons\u00e9quences n\u00e9gatives pour l\u2019agriculture, les consommateurs et la s\u00e9curit\u00e9 alimentaire. Les deux initiatives entra\u00eenent une hausse des co\u00fbts de production dans l\u2019agriculture (par exemple pour la farine, le sucre ou le [&hellip;]","og_url":"https:\/\/swissbaker.ch\/fr\/panissimo-news\/grandes-menaces-pour-leconomie\/","og_site_name":"SBC","article_publisher":"https:\/\/www.facebook.com\/swissbaker.ch","article_published_time":"2021-04-28T06:25:00+00:00","article_modified_time":"2022-05-11T08:02:20+00:00","og_image":[{"width":800,"height":474,"url":"https:\/\/swissbaker.ch\/wp-content\/uploads\/2022\/03\/9_1_agrarinitiative.jpeg","type":"image\/jpeg"}],"author":"azureart","twitter_card":"summary_large_image","twitter_creator":"@ch_swissbaker","twitter_site":"@ch_swissbaker","twitter_misc":{"Written by":"azureart","Est. reading time":"3 minutes"},"schema":{"@context":"https:\/\/schema.org","@graph":[{"@type":"Article","@id":"https:\/\/swissbaker.ch\/fr\/panissimo-news\/grandes-menaces-pour-leconomie\/#article","isPartOf":{"@id":"https:\/\/swissbaker.ch\/fr\/panissimo-news\/grandes-menaces-pour-leconomie\/"},"author":{"name":"azureart","@id":"https:\/\/swissbaker.ch\/fr\/#\/schema\/person\/058ac47619f7da53df62aba60f939b78"},"headline":"Grandes menaces pour l\u2019\u00e9conomie","datePublished":"2021-04-28T06:25:00+00:00","dateModified":"2022-05-11T08:02:20+00:00","mainEntityOfPage":{"@id":"https:\/\/swissbaker.ch\/fr\/panissimo-news\/grandes-menaces-pour-leconomie\/"},"wordCount":585,"commentCount":0,"publisher":{"@id":"https:\/\/swissbaker.ch\/fr\/#organization"},"image":{"@id":"https:\/\/swissbaker.ch\/fr\/panissimo-news\/grandes-menaces-pour-leconomie\/#primaryimage"},"thumbnailUrl":"https:\/\/swissbaker.ch\/wp-content\/uploads\/2022\/03\/9_1_agrarinitiative.jpeg","articleSection":["Droit &amp; politique"],"inLanguage":"fr-FR","potentialAction":[{"@type":"CommentAction","name":"Comment","target":["https:\/\/swissbaker.ch\/fr\/panissimo-news\/grandes-menaces-pour-leconomie\/#respond"]}]},{"@type":"WebPage","@id":"https:\/\/swissbaker.ch\/fr\/panissimo-news\/grandes-menaces-pour-leconomie\/","url":"https:\/\/swissbaker.ch\/fr\/panissimo-news\/grandes-menaces-pour-leconomie\/","name":"Grandes menaces pour l\u2019\u00e9conomie | SBC","isPartOf":{"@id":"https:\/\/swissbaker.ch\/fr\/#website"},"primaryImageOfPage":{"@id":"https:\/\/swissbaker.ch\/fr\/panissimo-news\/grandes-menaces-pour-leconomie\/#primaryimage"},"image":{"@id":"https:\/\/swissbaker.ch\/fr\/panissimo-news\/grandes-menaces-pour-leconomie\/#primaryimage"},"thumbnailUrl":"https:\/\/swissbaker.ch\/wp-content\/uploads\/2022\/03\/9_1_agrarinitiative.jpeg","datePublished":"2021-04-28T06:25:00+00:00","dateModified":"2022-05-11T08:02:20+00:00","breadcrumb":{"@id":"https:\/\/swissbaker.ch\/fr\/panissimo-news\/grandes-menaces-pour-leconomie\/#breadcrumb"},"inLanguage":"fr-FR","potentialAction":[{"@type":"ReadAction","target":["https:\/\/swissbaker.ch\/fr\/panissimo-news\/grandes-menaces-pour-leconomie\/"]}]},{"@type":"ImageObject","inLanguage":"fr-FR","@id":"https:\/\/swissbaker.ch\/fr\/panissimo-news\/grandes-menaces-pour-leconomie\/#primaryimage","url":"https:\/\/swissbaker.ch\/wp-content\/uploads\/2022\/03\/9_1_agrarinitiative.jpeg","contentUrl":"https:\/\/swissbaker.ch\/wp-content\/uploads\/2022\/03\/9_1_agrarinitiative.jpeg","width":800,"height":474,"caption":"Grosser Schaden f\u00fcr die Wirtschaft"},{"@type":"BreadcrumbList","@id":"https:\/\/swissbaker.ch\/fr\/panissimo-news\/grandes-menaces-pour-leconomie\/#breadcrumb","itemListElement":[{"@type":"ListItem","position":1,"name":"","item":"https:\/\/swissbaker.ch\/fr\/"},{"@type":"ListItem","position":2,"name":"Droit &amp; politique","item":"https:\/\/swissbaker.ch\/fr\/panissimo-news\/category\/droit-politique\/"},{"@type":"ListItem","position":3,"name":"Grandes menaces pour l\u2019\u00e9conomie"}]},{"@type":"WebSite","@id":"https:\/\/swissbaker.ch\/fr\/#website","url":"https:\/\/swissbaker.ch\/fr\/","name":"SBC","description":"","publisher":{"@id":"https:\/\/swissbaker.ch\/fr\/#organization"},"potentialAction":[{"@type":"SearchAction","target":{"@type":"EntryPoint","urlTemplate":"https:\/\/swissbaker.ch\/fr\/?s={search_term_string}"},"query-input":{"@type":"PropertyValueSpecification","valueRequired":true,"valueName":"search_term_string"}}],"inLanguage":"fr-FR"},{"@type":"Organization","@id":"https:\/\/swissbaker.ch\/fr\/#organization","name":"Schweizerischer B\u00e4cker-Confiseurmeister-Verband","url":"https:\/\/swissbaker.ch\/fr\/","logo":{"@type":"ImageObject","inLanguage":"fr-FR","@id":"https:\/\/swissbaker.ch\/fr\/#\/schema\/logo\/image\/","url":"https:\/\/swissbaker.ch\/wp-content\/uploads\/2022\/04\/sbc-logo-yoast.jpg","contentUrl":"https:\/\/swissbaker.ch\/wp-content\/uploads\/2022\/04\/sbc-logo-yoast.jpg","width":512,"height":512,"caption":"Schweizerischer B\u00e4cker-Confiseurmeister-Verband"},"image":{"@id":"https:\/\/swissbaker.ch\/fr\/#\/schema\/logo\/image\/"},"sameAs":["https:\/\/www.facebook.com\/swissbaker.ch","https:\/\/x.com\/ch_swissbaker"]},{"@type":"Person","@id":"https:\/\/swissbaker.ch\/fr\/#\/schema\/person\/058ac47619f7da53df62aba60f939b78","name":"azureart","image":{"@type":"ImageObject","inLanguage":"fr-FR","@id":"https:\/\/swissbaker.ch\/fr\/#\/schema\/person\/image\/","url":"https:\/\/secure.gravatar.com\/avatar\/be04dd3098fd612c83067af4f7a295384c93cb6a9112f51beb9d2f477d25da61?s=96&d=mm&r=g","contentUrl":"https:\/\/secure.gravatar.com\/avatar\/be04dd3098fd612c83067af4f7a295384c93cb6a9112f51beb9d2f477d25da61?s=96&d=mm&r=g","caption":"azureart"},"sameAs":["https:\/\/swissbaker.ch"],"url":"https:\/\/swissbaker.ch\/fr\/panissimo-news\/author\/pixel-ahoi\/"}]}},"_links":{"self":[{"href":"https:\/\/swissbaker.ch\/fr\/wp-json\/wp\/v2\/posts\/8672","targetHints":{"allow":["GET"]}}],"collection":[{"href":"https:\/\/swissbaker.ch\/fr\/wp-json\/wp\/v2\/posts"}],"about":[{"href":"https:\/\/swissbaker.ch\/fr\/wp-json\/wp\/v2\/types\/post"}],"author":[{"embeddable":true,"href":"https:\/\/swissbaker.ch\/fr\/wp-json\/wp\/v2\/users\/1"}],"replies":[{"embeddable":true,"href":"https:\/\/swissbaker.ch\/fr\/wp-json\/wp\/v2\/comments?post=8672"}],"version-history":[{"count":0,"href":"https:\/\/swissbaker.ch\/fr\/wp-json\/wp\/v2\/posts\/8672\/revisions"}],"wp:featuredmedia":[{"embeddable":true,"href":"https:\/\/swissbaker.ch\/fr\/wp-json\/wp\/v2\/media\/5339"}],"wp:attachment":[{"href":"https:\/\/swissbaker.ch\/fr\/wp-json\/wp\/v2\/media?parent=8672"}],"wp:term":[{"taxonomy":"category","embeddable":true,"href":"https:\/\/swissbaker.ch\/fr\/wp-json\/wp\/v2\/categories?post=8672"},{"taxonomy":"post_tag","embeddable":true,"href":"https:\/\/swissbaker.ch\/fr\/wp-json\/wp\/v2\/tags?post=8672"}],"curies":[{"name":"wp","href":"https:\/\/api.w.org\/{rel}","templated":true}]}}