{"id":8652,"date":"2021-05-06T16:13:00","date_gmt":"2021-05-06T14:13:00","guid":{"rendered":"https:\/\/swissbaker.ch\/?p=8652"},"modified":"2022-05-11T09:44:26","modified_gmt":"2022-05-11T07:44:26","slug":"deuxieme-vote-general-de-pistor-holding-genossenschaft","status":"publish","type":"post","link":"https:\/\/swissbaker.ch\/fr\/panissimo-news\/deuxieme-vote-general-de-pistor-holding-genossenschaft\/","title":{"rendered":"Deuxi\u00e8me vote g\u00e9n\u00e9ral de Pistor Holding Genossenschaft"},"content":{"rendered":"\n<p><strong>Pour la deuxi\u00e8me fois cons\u00e9cutive, Pistor Holding Genossenschaft a organis\u00e9 un vote g\u00e9n\u00e9ral au lieu de l\u2019assembl\u00e9e g\u00e9n\u00e9rale. Toutes les propositions du conseil d\u2019administration ont \u00e9t\u00e9 accept\u00e9es, dont la r\u00e9vision partielle des statuts permettant \u00e0 l\u2019assembl\u00e9e g\u00e9n\u00e9rale de se tenir virtuellement ou sous une forme mixte.<\/strong><\/p>\n\n\n\n<p>En raison de la situation actuelle de pand\u00e9mie, la 105e assembl\u00e9e g\u00e9n\u00e9rale Pistor Holding Genossenschaft n\u2019a pas eu lieu le 26 avril. Les soci\u00e9taires ont \u00e0 nouveau vot\u00e9 par \u00e9crit. Le bureau de vote et d\u2019\u00e9lection a compt\u00e9 335 bulletins de vote et d\u2019\u00e9lection retourn\u00e9s.<\/p>\n\n\n\n<h2 class=\"wp-block-heading\" id=\"h-propositions-acceptees-membres-reelus\">Propositions accept\u00e9es, membres r\u00e9\u00e9lus<\/h2>\n\n\n\n<p>Les soci\u00e9taires ont suivi toutes les propositions du conseil d\u2019administration (CA). Ils ont approuv\u00e9 le rapport annuel, les comptes du groupe et les comptes annuels Ils ont donn\u00e9 leur accord pour l\u2019utilisation du b\u00e9n\u00e9fice au bilan et accord\u00e9 d\u00e9charge \u00e0 la direction et au CA. Le pr\u00e9sident Daniel Eichenberger, le vice-pr\u00e9sident Anton Froschauer, ainsi que les membres Marco Berwert, Manuela Roost M\u00fcller et Antonia Signer ont \u00e9t\u00e9 r\u00e9\u00e9lus au CA de Pistor Holding Genossenschaft pour deux ann\u00e9es suppl\u00e9mentaires.<\/p>\n\n\n\n<h2 class=\"wp-block-heading\" id=\"h-revision-partielle-des-statuts\">R\u00e9vision partielle des statuts<\/h2>\n\n\n\n<p>Comme les statuts de Pistor Holding Genossenschaft pr\u00e9voyaient la tenue de l\u2019assembl\u00e9e g\u00e9n\u00e9rale exclusivement sous forme physique, le CA a propos\u00e9 une modification des statuts. Les soci\u00e9taires ont approuv\u00e9 la r\u00e9vision partielle des statuts, permettant \u00e0 l\u2019avenir aussi de tenir l\u2019assembl\u00e9e g\u00e9n\u00e9rale virtuellement ou sous une forme mixte.<\/p>\n\n\n\n<h2 class=\"wp-block-heading\" id=\"h-perspectives\">Perspectives<\/h2>\n\n\n\n<p>En raison de la situation inchang\u00e9e depuis l\u2019hiver 2020, le chiffre d\u2019affaires reste inf\u00e9rieur aux attentes. Cela signifie pour Pistor de r\u00e9duire les frais. Pistor voit des opportunit\u00e9s de croissance : \u00ab Si la situation s\u2019am\u00e9liore, nous poursuivrons nos projets strat\u00e9giques. \u00bb<\/p>\n\n\n\n<p>La 106e assembl\u00e9e g\u00e9n\u00e9rale de Pistor Holding Genossenschaft aura lieu le 17 mai 2022 au Centre de la culture et des congr\u00e8s \u00e0 Lucerne (KKL).<\/p>\n","protected":false},"excerpt":{"rendered":"<p>Pour la deuxi\u00e8me fois cons\u00e9cutive, Pistor Holding Genossenschaft a organis\u00e9 un vote g\u00e9n\u00e9ral au lieu de l\u2019assembl\u00e9e g\u00e9n\u00e9rale. Toutes les propositions du conseil d\u2019administration ont \u00e9t\u00e9 accept\u00e9es, dont la r\u00e9vision partielle des statuts permettant \u00e0 l\u2019assembl\u00e9e g\u00e9n\u00e9rale de se tenir virtuellement ou sous une forme mixte. En raison de la situation actuelle de pand\u00e9mie, la 105e assembl\u00e9e g\u00e9n\u00e9rale Pistor Holding [&hellip;]<\/p>\n","protected":false},"author":1,"featured_media":5326,"comment_status":"open","ping_status":"closed","sticky":false,"template":"","format":"standard","meta":{"_acf_changed":false,"footnotes":""},"categories":[45,46],"tags":[],"class_list":["post-8652","post","type-post","status-publish","format-standard","has-post-thumbnail","hentry","category-environnement-professionnel","category-evenement"],"acf":[],"yoast_head":"<!-- This site is optimized with the Yoast SEO Premium plugin v26.8 (Yoast SEO v26.8) - https:\/\/yoast.com\/product\/yoast-seo-premium-wordpress\/ -->\n<title>Deuxi\u00e8me vote g\u00e9n\u00e9ral de Pistor Holding Genossenschaft | SBC<\/title>\n<meta name=\"robots\" content=\"index, follow, max-snippet:-1, max-image-preview:large, max-video-preview:-1\" \/>\n<link rel=\"canonical\" href=\"https:\/\/swissbaker.ch\/fr\/panissimo-news\/deuxieme-vote-general-de-pistor-holding-genossenschaft\/\" \/>\n<meta property=\"og:locale\" content=\"fr_FR\" \/>\n<meta property=\"og:type\" content=\"article\" \/>\n<meta property=\"og:title\" content=\"Deuxi\u00e8me vote g\u00e9n\u00e9ral de Pistor Holding Genossenschaft\" \/>\n<meta property=\"og:description\" content=\"Pour la deuxi\u00e8me fois cons\u00e9cutive, Pistor Holding Genossenschaft a organis\u00e9 un vote g\u00e9n\u00e9ral au lieu de l\u2019assembl\u00e9e g\u00e9n\u00e9rale. Toutes les propositions du conseil d\u2019administration ont \u00e9t\u00e9 accept\u00e9es, dont la r\u00e9vision partielle des statuts permettant \u00e0 l\u2019assembl\u00e9e g\u00e9n\u00e9rale de se tenir virtuellement ou sous une forme mixte. En raison de la situation actuelle de pand\u00e9mie, la 105e assembl\u00e9e g\u00e9n\u00e9rale Pistor Holding [&hellip;]\" \/>\n<meta property=\"og:url\" content=\"https:\/\/swissbaker.ch\/fr\/panissimo-news\/deuxieme-vote-general-de-pistor-holding-genossenschaft\/\" \/>\n<meta property=\"og:site_name\" content=\"SBC\" \/>\n<meta property=\"article:publisher\" content=\"https:\/\/www.facebook.com\/swissbaker.ch\" \/>\n<meta property=\"article:published_time\" content=\"2021-05-06T14:13:00+00:00\" \/>\n<meta property=\"article:modified_time\" content=\"2022-05-11T07:44:26+00:00\" \/>\n<meta property=\"og:image\" content=\"https:\/\/swissbaker.ch\/wp-content\/uploads\/2022\/03\/9_2_pistorlastwagen.jpeg\" \/>\n\t<meta property=\"og:image:width\" content=\"800\" \/>\n\t<meta property=\"og:image:height\" content=\"474\" \/>\n\t<meta property=\"og:image:type\" content=\"image\/jpeg\" \/>\n<meta name=\"author\" content=\"azureart\" \/>\n<meta name=\"twitter:card\" content=\"summary_large_image\" \/>\n<meta name=\"twitter:creator\" content=\"@ch_swissbaker\" \/>\n<meta name=\"twitter:site\" content=\"@ch_swissbaker\" \/>\n<meta name=\"twitter:label1\" content=\"Written by\" \/>\n\t<meta name=\"twitter:data1\" content=\"azureart\" \/>\n\t<meta name=\"twitter:label2\" content=\"Est. reading time\" \/>\n\t<meta name=\"twitter:data2\" content=\"2 minutes\" \/>\n<script type=\"application\/ld+json\" class=\"yoast-schema-graph\">{\"@context\":\"https:\/\/schema.org\",\"@graph\":[{\"@type\":\"Article\",\"@id\":\"https:\/\/swissbaker.ch\/fr\/panissimo-news\/deuxieme-vote-general-de-pistor-holding-genossenschaft\/#article\",\"isPartOf\":{\"@id\":\"https:\/\/swissbaker.ch\/fr\/panissimo-news\/deuxieme-vote-general-de-pistor-holding-genossenschaft\/\"},\"author\":{\"name\":\"azureart\",\"@id\":\"https:\/\/swissbaker.ch\/fr\/#\/schema\/person\/058ac47619f7da53df62aba60f939b78\"},\"headline\":\"Deuxi\u00e8me vote g\u00e9n\u00e9ral de Pistor Holding Genossenschaft\",\"datePublished\":\"2021-05-06T14:13:00+00:00\",\"dateModified\":\"2022-05-11T07:44:26+00:00\",\"mainEntityOfPage\":{\"@id\":\"https:\/\/swissbaker.ch\/fr\/panissimo-news\/deuxieme-vote-general-de-pistor-holding-genossenschaft\/\"},\"wordCount\":354,\"commentCount\":0,\"publisher\":{\"@id\":\"https:\/\/swissbaker.ch\/fr\/#organization\"},\"image\":{\"@id\":\"https:\/\/swissbaker.ch\/fr\/panissimo-news\/deuxieme-vote-general-de-pistor-holding-genossenschaft\/#primaryimage\"},\"thumbnailUrl\":\"https:\/\/swissbaker.ch\/wp-content\/uploads\/2022\/03\/9_2_pistorlastwagen.jpeg\",\"articleSection\":[\"Environnement professionnel\",\"Ev\u00e9nement\"],\"inLanguage\":\"fr-FR\",\"potentialAction\":[{\"@type\":\"CommentAction\",\"name\":\"Comment\",\"target\":[\"https:\/\/swissbaker.ch\/fr\/panissimo-news\/deuxieme-vote-general-de-pistor-holding-genossenschaft\/#respond\"]}]},{\"@type\":\"WebPage\",\"@id\":\"https:\/\/swissbaker.ch\/fr\/panissimo-news\/deuxieme-vote-general-de-pistor-holding-genossenschaft\/\",\"url\":\"https:\/\/swissbaker.ch\/fr\/panissimo-news\/deuxieme-vote-general-de-pistor-holding-genossenschaft\/\",\"name\":\"Deuxi\u00e8me vote g\u00e9n\u00e9ral de Pistor Holding Genossenschaft | SBC\",\"isPartOf\":{\"@id\":\"https:\/\/swissbaker.ch\/fr\/#website\"},\"primaryImageOfPage\":{\"@id\":\"https:\/\/swissbaker.ch\/fr\/panissimo-news\/deuxieme-vote-general-de-pistor-holding-genossenschaft\/#primaryimage\"},\"image\":{\"@id\":\"https:\/\/swissbaker.ch\/fr\/panissimo-news\/deuxieme-vote-general-de-pistor-holding-genossenschaft\/#primaryimage\"},\"thumbnailUrl\":\"https:\/\/swissbaker.ch\/wp-content\/uploads\/2022\/03\/9_2_pistorlastwagen.jpeg\",\"datePublished\":\"2021-05-06T14:13:00+00:00\",\"dateModified\":\"2022-05-11T07:44:26+00:00\",\"breadcrumb\":{\"@id\":\"https:\/\/swissbaker.ch\/fr\/panissimo-news\/deuxieme-vote-general-de-pistor-holding-genossenschaft\/#breadcrumb\"},\"inLanguage\":\"fr-FR\",\"potentialAction\":[{\"@type\":\"ReadAction\",\"target\":[\"https:\/\/swissbaker.ch\/fr\/panissimo-news\/deuxieme-vote-general-de-pistor-holding-genossenschaft\/\"]}]},{\"@type\":\"ImageObject\",\"inLanguage\":\"fr-FR\",\"@id\":\"https:\/\/swissbaker.ch\/fr\/panissimo-news\/deuxieme-vote-general-de-pistor-holding-genossenschaft\/#primaryimage\",\"url\":\"https:\/\/swissbaker.ch\/wp-content\/uploads\/2022\/03\/9_2_pistorlastwagen.jpeg\",\"contentUrl\":\"https:\/\/swissbaker.ch\/wp-content\/uploads\/2022\/03\/9_2_pistorlastwagen.jpeg\",\"width\":800,\"height\":474,\"caption\":\"Deuxi\u00e8me vote g\u00e9n\u00e9ral de Pistor Holding Genossenschaft\"},{\"@type\":\"BreadcrumbList\",\"@id\":\"https:\/\/swissbaker.ch\/fr\/panissimo-news\/deuxieme-vote-general-de-pistor-holding-genossenschaft\/#breadcrumb\",\"itemListElement\":[{\"@type\":\"ListItem\",\"position\":1,\"name\":\"\",\"item\":\"https:\/\/swissbaker.ch\/fr\/\"},{\"@type\":\"ListItem\",\"position\":2,\"name\":\"Ev\u00e9nement\",\"item\":\"https:\/\/swissbaker.ch\/fr\/panissimo-news\/category\/evenement\/\"},{\"@type\":\"ListItem\",\"position\":3,\"name\":\"Deuxi\u00e8me vote g\u00e9n\u00e9ral de Pistor Holding Genossenschaft\"}]},{\"@type\":\"WebSite\",\"@id\":\"https:\/\/swissbaker.ch\/fr\/#website\",\"url\":\"https:\/\/swissbaker.ch\/fr\/\",\"name\":\"SBC\",\"description\":\"\",\"publisher\":{\"@id\":\"https:\/\/swissbaker.ch\/fr\/#organization\"},\"potentialAction\":[{\"@type\":\"SearchAction\",\"target\":{\"@type\":\"EntryPoint\",\"urlTemplate\":\"https:\/\/swissbaker.ch\/fr\/?s={search_term_string}\"},\"query-input\":{\"@type\":\"PropertyValueSpecification\",\"valueRequired\":true,\"valueName\":\"search_term_string\"}}],\"inLanguage\":\"fr-FR\"},{\"@type\":\"Organization\",\"@id\":\"https:\/\/swissbaker.ch\/fr\/#organization\",\"name\":\"Schweizerischer B\u00e4cker-Confiseurmeister-Verband\",\"url\":\"https:\/\/swissbaker.ch\/fr\/\",\"logo\":{\"@type\":\"ImageObject\",\"inLanguage\":\"fr-FR\",\"@id\":\"https:\/\/swissbaker.ch\/fr\/#\/schema\/logo\/image\/\",\"url\":\"https:\/\/swissbaker.ch\/wp-content\/uploads\/2022\/04\/sbc-logo-yoast.jpg\",\"contentUrl\":\"https:\/\/swissbaker.ch\/wp-content\/uploads\/2022\/04\/sbc-logo-yoast.jpg\",\"width\":512,\"height\":512,\"caption\":\"Schweizerischer B\u00e4cker-Confiseurmeister-Verband\"},\"image\":{\"@id\":\"https:\/\/swissbaker.ch\/fr\/#\/schema\/logo\/image\/\"},\"sameAs\":[\"https:\/\/www.facebook.com\/swissbaker.ch\",\"https:\/\/x.com\/ch_swissbaker\"]},{\"@type\":\"Person\",\"@id\":\"https:\/\/swissbaker.ch\/fr\/#\/schema\/person\/058ac47619f7da53df62aba60f939b78\",\"name\":\"azureart\",\"image\":{\"@type\":\"ImageObject\",\"inLanguage\":\"fr-FR\",\"@id\":\"https:\/\/swissbaker.ch\/fr\/#\/schema\/person\/image\/\",\"url\":\"https:\/\/secure.gravatar.com\/avatar\/be04dd3098fd612c83067af4f7a295384c93cb6a9112f51beb9d2f477d25da61?s=96&d=mm&r=g\",\"contentUrl\":\"https:\/\/secure.gravatar.com\/avatar\/be04dd3098fd612c83067af4f7a295384c93cb6a9112f51beb9d2f477d25da61?s=96&d=mm&r=g\",\"caption\":\"azureart\"},\"sameAs\":[\"https:\/\/swissbaker.ch\"],\"url\":\"https:\/\/swissbaker.ch\/fr\/panissimo-news\/author\/pixel-ahoi\/\"}]}<\/script>\n<!-- \/ Yoast SEO Premium plugin. -->","yoast_head_json":{"title":"Deuxi\u00e8me vote g\u00e9n\u00e9ral de Pistor Holding Genossenschaft | SBC","robots":{"index":"index","follow":"follow","max-snippet":"max-snippet:-1","max-image-preview":"max-image-preview:large","max-video-preview":"max-video-preview:-1"},"canonical":"https:\/\/swissbaker.ch\/fr\/panissimo-news\/deuxieme-vote-general-de-pistor-holding-genossenschaft\/","og_locale":"fr_FR","og_type":"article","og_title":"Deuxi\u00e8me vote g\u00e9n\u00e9ral de Pistor Holding Genossenschaft","og_description":"Pour la deuxi\u00e8me fois cons\u00e9cutive, Pistor Holding Genossenschaft a organis\u00e9 un vote g\u00e9n\u00e9ral au lieu de l\u2019assembl\u00e9e g\u00e9n\u00e9rale. Toutes les propositions du conseil d\u2019administration ont \u00e9t\u00e9 accept\u00e9es, dont la r\u00e9vision partielle des statuts permettant \u00e0 l\u2019assembl\u00e9e g\u00e9n\u00e9rale de se tenir virtuellement ou sous une forme mixte. En raison de la situation actuelle de pand\u00e9mie, la 105e assembl\u00e9e g\u00e9n\u00e9rale Pistor Holding [&hellip;]","og_url":"https:\/\/swissbaker.ch\/fr\/panissimo-news\/deuxieme-vote-general-de-pistor-holding-genossenschaft\/","og_site_name":"SBC","article_publisher":"https:\/\/www.facebook.com\/swissbaker.ch","article_published_time":"2021-05-06T14:13:00+00:00","article_modified_time":"2022-05-11T07:44:26+00:00","og_image":[{"width":800,"height":474,"url":"https:\/\/swissbaker.ch\/wp-content\/uploads\/2022\/03\/9_2_pistorlastwagen.jpeg","type":"image\/jpeg"}],"author":"azureart","twitter_card":"summary_large_image","twitter_creator":"@ch_swissbaker","twitter_site":"@ch_swissbaker","twitter_misc":{"Written by":"azureart","Est. reading time":"2 minutes"},"schema":{"@context":"https:\/\/schema.org","@graph":[{"@type":"Article","@id":"https:\/\/swissbaker.ch\/fr\/panissimo-news\/deuxieme-vote-general-de-pistor-holding-genossenschaft\/#article","isPartOf":{"@id":"https:\/\/swissbaker.ch\/fr\/panissimo-news\/deuxieme-vote-general-de-pistor-holding-genossenschaft\/"},"author":{"name":"azureart","@id":"https:\/\/swissbaker.ch\/fr\/#\/schema\/person\/058ac47619f7da53df62aba60f939b78"},"headline":"Deuxi\u00e8me vote g\u00e9n\u00e9ral de Pistor Holding Genossenschaft","datePublished":"2021-05-06T14:13:00+00:00","dateModified":"2022-05-11T07:44:26+00:00","mainEntityOfPage":{"@id":"https:\/\/swissbaker.ch\/fr\/panissimo-news\/deuxieme-vote-general-de-pistor-holding-genossenschaft\/"},"wordCount":354,"commentCount":0,"publisher":{"@id":"https:\/\/swissbaker.ch\/fr\/#organization"},"image":{"@id":"https:\/\/swissbaker.ch\/fr\/panissimo-news\/deuxieme-vote-general-de-pistor-holding-genossenschaft\/#primaryimage"},"thumbnailUrl":"https:\/\/swissbaker.ch\/wp-content\/uploads\/2022\/03\/9_2_pistorlastwagen.jpeg","articleSection":["Environnement professionnel","Ev\u00e9nement"],"inLanguage":"fr-FR","potentialAction":[{"@type":"CommentAction","name":"Comment","target":["https:\/\/swissbaker.ch\/fr\/panissimo-news\/deuxieme-vote-general-de-pistor-holding-genossenschaft\/#respond"]}]},{"@type":"WebPage","@id":"https:\/\/swissbaker.ch\/fr\/panissimo-news\/deuxieme-vote-general-de-pistor-holding-genossenschaft\/","url":"https:\/\/swissbaker.ch\/fr\/panissimo-news\/deuxieme-vote-general-de-pistor-holding-genossenschaft\/","name":"Deuxi\u00e8me vote g\u00e9n\u00e9ral de Pistor Holding Genossenschaft | SBC","isPartOf":{"@id":"https:\/\/swissbaker.ch\/fr\/#website"},"primaryImageOfPage":{"@id":"https:\/\/swissbaker.ch\/fr\/panissimo-news\/deuxieme-vote-general-de-pistor-holding-genossenschaft\/#primaryimage"},"image":{"@id":"https:\/\/swissbaker.ch\/fr\/panissimo-news\/deuxieme-vote-general-de-pistor-holding-genossenschaft\/#primaryimage"},"thumbnailUrl":"https:\/\/swissbaker.ch\/wp-content\/uploads\/2022\/03\/9_2_pistorlastwagen.jpeg","datePublished":"2021-05-06T14:13:00+00:00","dateModified":"2022-05-11T07:44:26+00:00","breadcrumb":{"@id":"https:\/\/swissbaker.ch\/fr\/panissimo-news\/deuxieme-vote-general-de-pistor-holding-genossenschaft\/#breadcrumb"},"inLanguage":"fr-FR","potentialAction":[{"@type":"ReadAction","target":["https:\/\/swissbaker.ch\/fr\/panissimo-news\/deuxieme-vote-general-de-pistor-holding-genossenschaft\/"]}]},{"@type":"ImageObject","inLanguage":"fr-FR","@id":"https:\/\/swissbaker.ch\/fr\/panissimo-news\/deuxieme-vote-general-de-pistor-holding-genossenschaft\/#primaryimage","url":"https:\/\/swissbaker.ch\/wp-content\/uploads\/2022\/03\/9_2_pistorlastwagen.jpeg","contentUrl":"https:\/\/swissbaker.ch\/wp-content\/uploads\/2022\/03\/9_2_pistorlastwagen.jpeg","width":800,"height":474,"caption":"Deuxi\u00e8me vote g\u00e9n\u00e9ral de Pistor Holding Genossenschaft"},{"@type":"BreadcrumbList","@id":"https:\/\/swissbaker.ch\/fr\/panissimo-news\/deuxieme-vote-general-de-pistor-holding-genossenschaft\/#breadcrumb","itemListElement":[{"@type":"ListItem","position":1,"name":"","item":"https:\/\/swissbaker.ch\/fr\/"},{"@type":"ListItem","position":2,"name":"Ev\u00e9nement","item":"https:\/\/swissbaker.ch\/fr\/panissimo-news\/category\/evenement\/"},{"@type":"ListItem","position":3,"name":"Deuxi\u00e8me vote g\u00e9n\u00e9ral de Pistor Holding Genossenschaft"}]},{"@type":"WebSite","@id":"https:\/\/swissbaker.ch\/fr\/#website","url":"https:\/\/swissbaker.ch\/fr\/","name":"SBC","description":"","publisher":{"@id":"https:\/\/swissbaker.ch\/fr\/#organization"},"potentialAction":[{"@type":"SearchAction","target":{"@type":"EntryPoint","urlTemplate":"https:\/\/swissbaker.ch\/fr\/?s={search_term_string}"},"query-input":{"@type":"PropertyValueSpecification","valueRequired":true,"valueName":"search_term_string"}}],"inLanguage":"fr-FR"},{"@type":"Organization","@id":"https:\/\/swissbaker.ch\/fr\/#organization","name":"Schweizerischer B\u00e4cker-Confiseurmeister-Verband","url":"https:\/\/swissbaker.ch\/fr\/","logo":{"@type":"ImageObject","inLanguage":"fr-FR","@id":"https:\/\/swissbaker.ch\/fr\/#\/schema\/logo\/image\/","url":"https:\/\/swissbaker.ch\/wp-content\/uploads\/2022\/04\/sbc-logo-yoast.jpg","contentUrl":"https:\/\/swissbaker.ch\/wp-content\/uploads\/2022\/04\/sbc-logo-yoast.jpg","width":512,"height":512,"caption":"Schweizerischer B\u00e4cker-Confiseurmeister-Verband"},"image":{"@id":"https:\/\/swissbaker.ch\/fr\/#\/schema\/logo\/image\/"},"sameAs":["https:\/\/www.facebook.com\/swissbaker.ch","https:\/\/x.com\/ch_swissbaker"]},{"@type":"Person","@id":"https:\/\/swissbaker.ch\/fr\/#\/schema\/person\/058ac47619f7da53df62aba60f939b78","name":"azureart","image":{"@type":"ImageObject","inLanguage":"fr-FR","@id":"https:\/\/swissbaker.ch\/fr\/#\/schema\/person\/image\/","url":"https:\/\/secure.gravatar.com\/avatar\/be04dd3098fd612c83067af4f7a295384c93cb6a9112f51beb9d2f477d25da61?s=96&d=mm&r=g","contentUrl":"https:\/\/secure.gravatar.com\/avatar\/be04dd3098fd612c83067af4f7a295384c93cb6a9112f51beb9d2f477d25da61?s=96&d=mm&r=g","caption":"azureart"},"sameAs":["https:\/\/swissbaker.ch"],"url":"https:\/\/swissbaker.ch\/fr\/panissimo-news\/author\/pixel-ahoi\/"}]}},"_links":{"self":[{"href":"https:\/\/swissbaker.ch\/fr\/wp-json\/wp\/v2\/posts\/8652","targetHints":{"allow":["GET"]}}],"collection":[{"href":"https:\/\/swissbaker.ch\/fr\/wp-json\/wp\/v2\/posts"}],"about":[{"href":"https:\/\/swissbaker.ch\/fr\/wp-json\/wp\/v2\/types\/post"}],"author":[{"embeddable":true,"href":"https:\/\/swissbaker.ch\/fr\/wp-json\/wp\/v2\/users\/1"}],"replies":[{"embeddable":true,"href":"https:\/\/swissbaker.ch\/fr\/wp-json\/wp\/v2\/comments?post=8652"}],"version-history":[{"count":0,"href":"https:\/\/swissbaker.ch\/fr\/wp-json\/wp\/v2\/posts\/8652\/revisions"}],"wp:featuredmedia":[{"embeddable":true,"href":"https:\/\/swissbaker.ch\/fr\/wp-json\/wp\/v2\/media\/5326"}],"wp:attachment":[{"href":"https:\/\/swissbaker.ch\/fr\/wp-json\/wp\/v2\/media?parent=8652"}],"wp:term":[{"taxonomy":"category","embeddable":true,"href":"https:\/\/swissbaker.ch\/fr\/wp-json\/wp\/v2\/categories?post=8652"},{"taxonomy":"post_tag","embeddable":true,"href":"https:\/\/swissbaker.ch\/fr\/wp-json\/wp\/v2\/tags?post=8652"}],"curies":[{"name":"wp","href":"https:\/\/api.w.org\/{rel}","templated":true}]}}