{"id":86519,"date":"2024-11-21T08:31:50","date_gmt":"2024-11-21T07:31:50","guid":{"rendered":"https:\/\/swissbaker.ch\/?p=86519"},"modified":"2024-11-21T13:54:12","modified_gmt":"2024-11-21T12:54:12","slug":"cela-peut-arrivera-tout-le-monde","status":"publish","type":"post","link":"https:\/\/swissbaker.ch\/fr\/panissimo-news\/cela-peut-arrivera-tout-le-monde\/","title":{"rendered":"Il peut aussi toucher les boulangeries-confiseries"},"content":{"rendered":"\n<p><strong>Omnipr\u00e9sente, la num\u00e9risation s\u2019immisce \u00e9galement dans notre secteur artisanal. Mais \u00e0 force de gagner en efficacit\u00e9, de r\u00e9duire les co\u00fbts et d\u2019optimiser les processus, on a tendance \u00e0 oublier les risques li\u00e9s \u00e0 cette \u00e9volution. Le risque de piratage, de fraude et de perte de donn\u00e9es est pourtant bien r\u00e9el, comme a pu le constater la boulangerie-confiserie Richner.<\/strong><\/p>\n\n\n\n<p>Il suffit de quelques documents falsifi\u00e9s, signatures, adresses e-mail et cachets, assortis d\u2019une bonne raison pour que le paiement soit effectu\u00e9 sur un autre compte et le tour est jou\u00e9\u2009: une somme \u00e0 cinq chiffres se volatilise. C\u2019est pr\u00e9cis\u00e9ment ainsi que s\u2019est d\u00e9roul\u00e9e une affaire d\u2019escroquerie dans une PME bernoise, selon l\u2019organisation Promotion \u00e9conomique de la r\u00e9gion de Berne (Organisation Wirtschaftsraum Bern)\u2009: des cybercriminels se sont fait passer pour des fournisseurs, un collaborateur est tomb\u00e9 dans le panneau et le mal \u00e9tait fait. Il n\u2019est pas certain que l\u2019entreprise r\u00e9cup\u00e8re un jour la somme en question (<a href=\"http:\/\/bit.ly\/digitaler-betrug\">l\u2019histoire dans son int\u00e9gralit\u00e9 \u00e9tant \u00e0 \u00e9couter en allemand<\/a>). Les PME du secteur de la boulangerie-confiserie ne sont malheureusement pas \u00e9pargn\u00e9es par ces agissements\u2009\u2026<\/p>\n\n\n\n<h2 class=\"wp-block-heading\" id=\"h-boulangerie-confiserie-richner-dans-le-collimateur\">Boulangerie-confiserie Richner dans le collimateur<\/h2>\n\n\n\n<p>Personne ne sait quelles \u00e9taient les intentions des pirates informatiques (ou hackers en anglais) qui ont pris pour cible le printemps dernier la boulangerie-confiserie Richner AG \u00e0 Veltheim (AG). \u00ab\u2009Nous avons re\u00e7u un appel de notre fournisseur informatique externe nous informant que le pare-feu recevait beaucoup de trafic de l\u2019exterieur\u2009\u00bb, raconte Andi L\u00fcscher, membre de la direction, interrog\u00e9 par la r\u00e9daction. \u00ab\u2009Apr\u00e8s avoir v\u00e9rifi\u00e9 les mises \u00e0 jour et analys\u00e9 les journaux de serveur, Protecdata AG a pu lever l\u2019alerte\u2009: l\u2019attaque avait \u00e9t\u00e9 infructueuse.\u2009\u00bb La large palette de mesures de protection mise en place a permis d\u2019\u00e9viter le pire, confie le responsable de la confiserie et chef des finances.<\/p>\n\n\n<div class=\"wp-block-image\">\n<figure class=\"aligncenter size-large is-resized\"><img decoding=\"async\" width=\"1024\" height=\"608\" src=\"https:\/\/swissbaker.ch\/wp-content\/uploads\/2024\/11\/22_1_cybervorfaelle_richner-1024x608.jpg\" alt=\"\" class=\"wp-image-86516\" style=\"width:530px;height:auto\" srcset=\"https:\/\/swissbaker.ch\/wp-content\/uploads\/2024\/11\/22_1_cybervorfaelle_richner-1024x608.jpg 1024w, https:\/\/swissbaker.ch\/wp-content\/uploads\/2024\/11\/22_1_cybervorfaelle_richner-768x456.jpg 768w, https:\/\/swissbaker.ch\/wp-content\/uploads\/2024\/11\/22_1_cybervorfaelle_richner.jpg 1200w\" sizes=\"(max-width: 1024px) 100vw, 1024px\" \/><figcaption class=\"wp-element-caption\"><em>Andi L\u00fcscher, responsable de la confiserie et chef des finances chez boulangerie-confiserie Richner.<\/em><\/figcaption><\/figure>\n<\/div>\n\n\n<h2 class=\"wp-block-heading\" id=\"h-aucune-proie-n-est-trop-petite\">Aucune proie n\u2019est trop petite<\/h2>\n\n\n\n<p>\u00ab\u2009Nous ne sommes pas concern\u00e9s, nous ne pr\u00e9sentons aucun int\u00e9r\u00eat pour ce genre d\u2019attaque.\u2009\u00bb Cette id\u00e9e \u2013 compl\u00e8tement fausse \u2013 est tr\u00e8s r\u00e9pandue dans les petites et moyennes entreprises. Les PME sont de plus en plus attractives pour les cybercriminels. Les grandes entreprises investissant des sommes importantes dans la s\u00e9curisation de leurs infrastructures num\u00e9riques, les petites entreprises sont de plus en plus cibl\u00e9es. La cybercriminalit\u00e9 est monnaie courante dans l\u2019artisanat, comme l\u2019a d\u00e9j\u00e0 constat\u00e9 la \u00ab\u2009Allgemeine B\u00e4ckerzeitung\u2009\u00bb.<\/p>\n\n\n\n<p>&#8230;<em>Lisez l&#8217;article complet et des conseils sur ce qu&#8217;il faut faire en cas de cyber-attaque dans \u00ab Panissimo \u00bb du 22 novembre 2024<\/em>.<\/p>\n\n\n\n<p class=\"has-text-align-right\"><em>Diego Schwerzmann<\/em><\/p>\n","protected":false},"excerpt":{"rendered":"<p>Omnipr\u00e9sente, la num\u00e9risation s\u2019immisce \u00e9galement dans notre secteur artisanal. Mais \u00e0 force de gagner en efficacit\u00e9, de r\u00e9duire les co\u00fbts et d\u2019optimiser les processus, on a tendance \u00e0 oublier les risques li\u00e9s \u00e0 cette \u00e9volution. Le risque de piratage, de fraude et de perte de donn\u00e9es est pourtant bien r\u00e9el, comme a pu le constater la boulangerie-confiserie Richner.<\/p>\n","protected":false},"author":5,"featured_media":86516,"comment_status":"closed","ping_status":"closed","sticky":true,"template":"","format":"standard","meta":{"_acf_changed":false,"footnotes":""},"categories":[42,49],"tags":[],"class_list":["post-86519","post","type-post","status-publish","format-standard","has-post-thumbnail","hentry","category-boulangeries-confiseries","category-sante-securite"],"acf":[],"yoast_head":"<!-- This site is optimized with the Yoast SEO Premium plugin v26.8 (Yoast SEO v26.8) - https:\/\/yoast.com\/product\/yoast-seo-premium-wordpress\/ -->\n<title>Il peut aussi toucher les boulangeries-confiseries | SBC<\/title>\n<meta name=\"description\" content=\"Le risque de piratage, de fraude et de perte de donn\u00e9es est pourtant bien r\u00e9el, comme a pu le constater la boulangerie-confiserie Richner.\" \/>\n<meta name=\"robots\" content=\"index, follow, max-snippet:-1, max-image-preview:large, max-video-preview:-1\" \/>\n<link rel=\"canonical\" href=\"https:\/\/swissbaker.ch\/fr\/panissimo-news\/cela-peut-arrivera-tout-le-monde\/\" \/>\n<meta property=\"og:locale\" content=\"fr_FR\" \/>\n<meta property=\"og:type\" content=\"article\" \/>\n<meta property=\"og:title\" content=\"Il peut aussi toucher les boulangeries-confiseries\" \/>\n<meta property=\"og:description\" content=\"Le risque de piratage, de fraude et de perte de donn\u00e9es est pourtant bien r\u00e9el, comme a pu le constater la boulangerie-confiserie Richner.\" \/>\n<meta property=\"og:url\" content=\"https:\/\/swissbaker.ch\/fr\/panissimo-news\/cela-peut-arrivera-tout-le-monde\/\" \/>\n<meta property=\"og:site_name\" content=\"SBC\" \/>\n<meta property=\"article:publisher\" content=\"https:\/\/www.facebook.com\/swissbaker.ch\" \/>\n<meta property=\"article:published_time\" content=\"2024-11-21T07:31:50+00:00\" \/>\n<meta property=\"article:modified_time\" content=\"2024-11-21T12:54:12+00:00\" \/>\n<meta property=\"og:image\" content=\"https:\/\/swissbaker.ch\/wp-content\/uploads\/2024\/11\/22_1_cybervorfaelle_richner.jpg\" \/>\n\t<meta property=\"og:image:width\" content=\"1200\" \/>\n\t<meta property=\"og:image:height\" content=\"712\" \/>\n\t<meta property=\"og:image:type\" content=\"image\/jpeg\" \/>\n<meta name=\"author\" content=\"Simon Nussbaum\" \/>\n<meta name=\"twitter:card\" content=\"summary_large_image\" \/>\n<meta name=\"twitter:creator\" content=\"@ch_swissbaker\" \/>\n<meta name=\"twitter:site\" content=\"@ch_swissbaker\" \/>\n<meta name=\"twitter:label1\" content=\"Written by\" \/>\n\t<meta name=\"twitter:data1\" content=\"Simon Nussbaum\" \/>\n\t<meta name=\"twitter:label2\" content=\"Est. reading time\" \/>\n\t<meta name=\"twitter:data2\" content=\"2 minutes\" \/>\n<script type=\"application\/ld+json\" class=\"yoast-schema-graph\">{\"@context\":\"https:\/\/schema.org\",\"@graph\":[{\"@type\":\"Article\",\"@id\":\"https:\/\/swissbaker.ch\/fr\/panissimo-news\/cela-peut-arrivera-tout-le-monde\/#article\",\"isPartOf\":{\"@id\":\"https:\/\/swissbaker.ch\/fr\/panissimo-news\/cela-peut-arrivera-tout-le-monde\/\"},\"author\":{\"name\":\"Simon Nussbaum\",\"@id\":\"https:\/\/swissbaker.ch\/fr\/#\/schema\/person\/74bd327b08c18ca6042c02ff6f0ed5e2\"},\"headline\":\"Il peut aussi toucher les boulangeries-confiseries\",\"datePublished\":\"2024-11-21T07:31:50+00:00\",\"dateModified\":\"2024-11-21T12:54:12+00:00\",\"mainEntityOfPage\":{\"@id\":\"https:\/\/swissbaker.ch\/fr\/panissimo-news\/cela-peut-arrivera-tout-le-monde\/\"},\"wordCount\":461,\"publisher\":{\"@id\":\"https:\/\/swissbaker.ch\/fr\/#organization\"},\"image\":{\"@id\":\"https:\/\/swissbaker.ch\/fr\/panissimo-news\/cela-peut-arrivera-tout-le-monde\/#primaryimage\"},\"thumbnailUrl\":\"https:\/\/swissbaker.ch\/wp-content\/uploads\/2024\/11\/22_1_cybervorfaelle_richner.jpg\",\"articleSection\":[\"Boulangeries\/Confiseries\",\"Sant\u00e9\/S\u00e9curit\u00e9\"],\"inLanguage\":\"fr-FR\"},{\"@type\":\"WebPage\",\"@id\":\"https:\/\/swissbaker.ch\/fr\/panissimo-news\/cela-peut-arrivera-tout-le-monde\/\",\"url\":\"https:\/\/swissbaker.ch\/fr\/panissimo-news\/cela-peut-arrivera-tout-le-monde\/\",\"name\":\"Il peut aussi toucher les boulangeries-confiseries | SBC\",\"isPartOf\":{\"@id\":\"https:\/\/swissbaker.ch\/fr\/#website\"},\"primaryImageOfPage\":{\"@id\":\"https:\/\/swissbaker.ch\/fr\/panissimo-news\/cela-peut-arrivera-tout-le-monde\/#primaryimage\"},\"image\":{\"@id\":\"https:\/\/swissbaker.ch\/fr\/panissimo-news\/cela-peut-arrivera-tout-le-monde\/#primaryimage\"},\"thumbnailUrl\":\"https:\/\/swissbaker.ch\/wp-content\/uploads\/2024\/11\/22_1_cybervorfaelle_richner.jpg\",\"datePublished\":\"2024-11-21T07:31:50+00:00\",\"dateModified\":\"2024-11-21T12:54:12+00:00\",\"description\":\"Le risque de piratage, de fraude et de perte de donn\u00e9es est pourtant bien r\u00e9el, comme a pu le constater la boulangerie-confiserie Richner.\",\"breadcrumb\":{\"@id\":\"https:\/\/swissbaker.ch\/fr\/panissimo-news\/cela-peut-arrivera-tout-le-monde\/#breadcrumb\"},\"inLanguage\":\"fr-FR\",\"potentialAction\":[{\"@type\":\"ReadAction\",\"target\":[\"https:\/\/swissbaker.ch\/fr\/panissimo-news\/cela-peut-arrivera-tout-le-monde\/\"]}]},{\"@type\":\"ImageObject\",\"inLanguage\":\"fr-FR\",\"@id\":\"https:\/\/swissbaker.ch\/fr\/panissimo-news\/cela-peut-arrivera-tout-le-monde\/#primaryimage\",\"url\":\"https:\/\/swissbaker.ch\/wp-content\/uploads\/2024\/11\/22_1_cybervorfaelle_richner.jpg\",\"contentUrl\":\"https:\/\/swissbaker.ch\/wp-content\/uploads\/2024\/11\/22_1_cybervorfaelle_richner.jpg\",\"width\":1200,\"height\":712},{\"@type\":\"BreadcrumbList\",\"@id\":\"https:\/\/swissbaker.ch\/fr\/panissimo-news\/cela-peut-arrivera-tout-le-monde\/#breadcrumb\",\"itemListElement\":[{\"@type\":\"ListItem\",\"position\":1,\"name\":\"\",\"item\":\"https:\/\/swissbaker.ch\/fr\/\"},{\"@type\":\"ListItem\",\"position\":2,\"name\":\"Boulangeries\/Confiseries\",\"item\":\"https:\/\/swissbaker.ch\/fr\/panissimo-news\/category\/boulangeries-confiseries\/\"},{\"@type\":\"ListItem\",\"position\":3,\"name\":\"Il peut aussi toucher les boulangeries-confiseries\"}]},{\"@type\":\"WebSite\",\"@id\":\"https:\/\/swissbaker.ch\/fr\/#website\",\"url\":\"https:\/\/swissbaker.ch\/fr\/\",\"name\":\"SBC\",\"description\":\"\",\"publisher\":{\"@id\":\"https:\/\/swissbaker.ch\/fr\/#organization\"},\"potentialAction\":[{\"@type\":\"SearchAction\",\"target\":{\"@type\":\"EntryPoint\",\"urlTemplate\":\"https:\/\/swissbaker.ch\/fr\/?s={search_term_string}\"},\"query-input\":{\"@type\":\"PropertyValueSpecification\",\"valueRequired\":true,\"valueName\":\"search_term_string\"}}],\"inLanguage\":\"fr-FR\"},{\"@type\":\"Organization\",\"@id\":\"https:\/\/swissbaker.ch\/fr\/#organization\",\"name\":\"Schweizerischer B\u00e4cker-Confiseurmeister-Verband\",\"url\":\"https:\/\/swissbaker.ch\/fr\/\",\"logo\":{\"@type\":\"ImageObject\",\"inLanguage\":\"fr-FR\",\"@id\":\"https:\/\/swissbaker.ch\/fr\/#\/schema\/logo\/image\/\",\"url\":\"https:\/\/swissbaker.ch\/wp-content\/uploads\/2022\/04\/sbc-logo-yoast.jpg\",\"contentUrl\":\"https:\/\/swissbaker.ch\/wp-content\/uploads\/2022\/04\/sbc-logo-yoast.jpg\",\"width\":512,\"height\":512,\"caption\":\"Schweizerischer B\u00e4cker-Confiseurmeister-Verband\"},\"image\":{\"@id\":\"https:\/\/swissbaker.ch\/fr\/#\/schema\/logo\/image\/\"},\"sameAs\":[\"https:\/\/www.facebook.com\/swissbaker.ch\",\"https:\/\/x.com\/ch_swissbaker\"]},{\"@type\":\"Person\",\"@id\":\"https:\/\/swissbaker.ch\/fr\/#\/schema\/person\/74bd327b08c18ca6042c02ff6f0ed5e2\",\"name\":\"Simon Nussbaum\",\"image\":{\"@type\":\"ImageObject\",\"inLanguage\":\"fr-FR\",\"@id\":\"https:\/\/swissbaker.ch\/fr\/#\/schema\/person\/image\/\",\"url\":\"https:\/\/secure.gravatar.com\/avatar\/df0eced3bb556c806cb760cf503ade1ed1df25b4104d80d6fd28d93a9509aa12?s=96&d=mm&r=g\",\"contentUrl\":\"https:\/\/secure.gravatar.com\/avatar\/df0eced3bb556c806cb760cf503ade1ed1df25b4104d80d6fd28d93a9509aa12?s=96&d=mm&r=g\",\"caption\":\"Simon Nussbaum\"},\"url\":\"https:\/\/swissbaker.ch\/fr\/panissimo-news\/author\/simon-nussbaum\/\"}]}<\/script>\n<!-- \/ Yoast SEO Premium plugin. -->","yoast_head_json":{"title":"Il peut aussi toucher les boulangeries-confiseries | SBC","description":"Le risque de piratage, de fraude et de perte de donn\u00e9es est pourtant bien r\u00e9el, comme a pu le constater la boulangerie-confiserie Richner.","robots":{"index":"index","follow":"follow","max-snippet":"max-snippet:-1","max-image-preview":"max-image-preview:large","max-video-preview":"max-video-preview:-1"},"canonical":"https:\/\/swissbaker.ch\/fr\/panissimo-news\/cela-peut-arrivera-tout-le-monde\/","og_locale":"fr_FR","og_type":"article","og_title":"Il peut aussi toucher les boulangeries-confiseries","og_description":"Le risque de piratage, de fraude et de perte de donn\u00e9es est pourtant bien r\u00e9el, comme a pu le constater la boulangerie-confiserie Richner.","og_url":"https:\/\/swissbaker.ch\/fr\/panissimo-news\/cela-peut-arrivera-tout-le-monde\/","og_site_name":"SBC","article_publisher":"https:\/\/www.facebook.com\/swissbaker.ch","article_published_time":"2024-11-21T07:31:50+00:00","article_modified_time":"2024-11-21T12:54:12+00:00","og_image":[{"width":1200,"height":712,"url":"https:\/\/swissbaker.ch\/wp-content\/uploads\/2024\/11\/22_1_cybervorfaelle_richner.jpg","type":"image\/jpeg"}],"author":"Simon Nussbaum","twitter_card":"summary_large_image","twitter_creator":"@ch_swissbaker","twitter_site":"@ch_swissbaker","twitter_misc":{"Written by":"Simon Nussbaum","Est. reading time":"2 minutes"},"schema":{"@context":"https:\/\/schema.org","@graph":[{"@type":"Article","@id":"https:\/\/swissbaker.ch\/fr\/panissimo-news\/cela-peut-arrivera-tout-le-monde\/#article","isPartOf":{"@id":"https:\/\/swissbaker.ch\/fr\/panissimo-news\/cela-peut-arrivera-tout-le-monde\/"},"author":{"name":"Simon Nussbaum","@id":"https:\/\/swissbaker.ch\/fr\/#\/schema\/person\/74bd327b08c18ca6042c02ff6f0ed5e2"},"headline":"Il peut aussi toucher les boulangeries-confiseries","datePublished":"2024-11-21T07:31:50+00:00","dateModified":"2024-11-21T12:54:12+00:00","mainEntityOfPage":{"@id":"https:\/\/swissbaker.ch\/fr\/panissimo-news\/cela-peut-arrivera-tout-le-monde\/"},"wordCount":461,"publisher":{"@id":"https:\/\/swissbaker.ch\/fr\/#organization"},"image":{"@id":"https:\/\/swissbaker.ch\/fr\/panissimo-news\/cela-peut-arrivera-tout-le-monde\/#primaryimage"},"thumbnailUrl":"https:\/\/swissbaker.ch\/wp-content\/uploads\/2024\/11\/22_1_cybervorfaelle_richner.jpg","articleSection":["Boulangeries\/Confiseries","Sant\u00e9\/S\u00e9curit\u00e9"],"inLanguage":"fr-FR"},{"@type":"WebPage","@id":"https:\/\/swissbaker.ch\/fr\/panissimo-news\/cela-peut-arrivera-tout-le-monde\/","url":"https:\/\/swissbaker.ch\/fr\/panissimo-news\/cela-peut-arrivera-tout-le-monde\/","name":"Il peut aussi toucher les boulangeries-confiseries | SBC","isPartOf":{"@id":"https:\/\/swissbaker.ch\/fr\/#website"},"primaryImageOfPage":{"@id":"https:\/\/swissbaker.ch\/fr\/panissimo-news\/cela-peut-arrivera-tout-le-monde\/#primaryimage"},"image":{"@id":"https:\/\/swissbaker.ch\/fr\/panissimo-news\/cela-peut-arrivera-tout-le-monde\/#primaryimage"},"thumbnailUrl":"https:\/\/swissbaker.ch\/wp-content\/uploads\/2024\/11\/22_1_cybervorfaelle_richner.jpg","datePublished":"2024-11-21T07:31:50+00:00","dateModified":"2024-11-21T12:54:12+00:00","description":"Le risque de piratage, de fraude et de perte de donn\u00e9es est pourtant bien r\u00e9el, comme a pu le constater la boulangerie-confiserie Richner.","breadcrumb":{"@id":"https:\/\/swissbaker.ch\/fr\/panissimo-news\/cela-peut-arrivera-tout-le-monde\/#breadcrumb"},"inLanguage":"fr-FR","potentialAction":[{"@type":"ReadAction","target":["https:\/\/swissbaker.ch\/fr\/panissimo-news\/cela-peut-arrivera-tout-le-monde\/"]}]},{"@type":"ImageObject","inLanguage":"fr-FR","@id":"https:\/\/swissbaker.ch\/fr\/panissimo-news\/cela-peut-arrivera-tout-le-monde\/#primaryimage","url":"https:\/\/swissbaker.ch\/wp-content\/uploads\/2024\/11\/22_1_cybervorfaelle_richner.jpg","contentUrl":"https:\/\/swissbaker.ch\/wp-content\/uploads\/2024\/11\/22_1_cybervorfaelle_richner.jpg","width":1200,"height":712},{"@type":"BreadcrumbList","@id":"https:\/\/swissbaker.ch\/fr\/panissimo-news\/cela-peut-arrivera-tout-le-monde\/#breadcrumb","itemListElement":[{"@type":"ListItem","position":1,"name":"","item":"https:\/\/swissbaker.ch\/fr\/"},{"@type":"ListItem","position":2,"name":"Boulangeries\/Confiseries","item":"https:\/\/swissbaker.ch\/fr\/panissimo-news\/category\/boulangeries-confiseries\/"},{"@type":"ListItem","position":3,"name":"Il peut aussi toucher les boulangeries-confiseries"}]},{"@type":"WebSite","@id":"https:\/\/swissbaker.ch\/fr\/#website","url":"https:\/\/swissbaker.ch\/fr\/","name":"SBC","description":"","publisher":{"@id":"https:\/\/swissbaker.ch\/fr\/#organization"},"potentialAction":[{"@type":"SearchAction","target":{"@type":"EntryPoint","urlTemplate":"https:\/\/swissbaker.ch\/fr\/?s={search_term_string}"},"query-input":{"@type":"PropertyValueSpecification","valueRequired":true,"valueName":"search_term_string"}}],"inLanguage":"fr-FR"},{"@type":"Organization","@id":"https:\/\/swissbaker.ch\/fr\/#organization","name":"Schweizerischer B\u00e4cker-Confiseurmeister-Verband","url":"https:\/\/swissbaker.ch\/fr\/","logo":{"@type":"ImageObject","inLanguage":"fr-FR","@id":"https:\/\/swissbaker.ch\/fr\/#\/schema\/logo\/image\/","url":"https:\/\/swissbaker.ch\/wp-content\/uploads\/2022\/04\/sbc-logo-yoast.jpg","contentUrl":"https:\/\/swissbaker.ch\/wp-content\/uploads\/2022\/04\/sbc-logo-yoast.jpg","width":512,"height":512,"caption":"Schweizerischer B\u00e4cker-Confiseurmeister-Verband"},"image":{"@id":"https:\/\/swissbaker.ch\/fr\/#\/schema\/logo\/image\/"},"sameAs":["https:\/\/www.facebook.com\/swissbaker.ch","https:\/\/x.com\/ch_swissbaker"]},{"@type":"Person","@id":"https:\/\/swissbaker.ch\/fr\/#\/schema\/person\/74bd327b08c18ca6042c02ff6f0ed5e2","name":"Simon Nussbaum","image":{"@type":"ImageObject","inLanguage":"fr-FR","@id":"https:\/\/swissbaker.ch\/fr\/#\/schema\/person\/image\/","url":"https:\/\/secure.gravatar.com\/avatar\/df0eced3bb556c806cb760cf503ade1ed1df25b4104d80d6fd28d93a9509aa12?s=96&d=mm&r=g","contentUrl":"https:\/\/secure.gravatar.com\/avatar\/df0eced3bb556c806cb760cf503ade1ed1df25b4104d80d6fd28d93a9509aa12?s=96&d=mm&r=g","caption":"Simon Nussbaum"},"url":"https:\/\/swissbaker.ch\/fr\/panissimo-news\/author\/simon-nussbaum\/"}]}},"_links":{"self":[{"href":"https:\/\/swissbaker.ch\/fr\/wp-json\/wp\/v2\/posts\/86519","targetHints":{"allow":["GET"]}}],"collection":[{"href":"https:\/\/swissbaker.ch\/fr\/wp-json\/wp\/v2\/posts"}],"about":[{"href":"https:\/\/swissbaker.ch\/fr\/wp-json\/wp\/v2\/types\/post"}],"author":[{"embeddable":true,"href":"https:\/\/swissbaker.ch\/fr\/wp-json\/wp\/v2\/users\/5"}],"replies":[{"embeddable":true,"href":"https:\/\/swissbaker.ch\/fr\/wp-json\/wp\/v2\/comments?post=86519"}],"version-history":[{"count":0,"href":"https:\/\/swissbaker.ch\/fr\/wp-json\/wp\/v2\/posts\/86519\/revisions"}],"wp:featuredmedia":[{"embeddable":true,"href":"https:\/\/swissbaker.ch\/fr\/wp-json\/wp\/v2\/media\/86516"}],"wp:attachment":[{"href":"https:\/\/swissbaker.ch\/fr\/wp-json\/wp\/v2\/media?parent=86519"}],"wp:term":[{"taxonomy":"category","embeddable":true,"href":"https:\/\/swissbaker.ch\/fr\/wp-json\/wp\/v2\/categories?post=86519"},{"taxonomy":"post_tag","embeddable":true,"href":"https:\/\/swissbaker.ch\/fr\/wp-json\/wp\/v2\/tags?post=86519"}],"curies":[{"name":"wp","href":"https:\/\/api.w.org\/{rel}","templated":true}]}}