{"id":86313,"date":"2024-11-13T14:39:46","date_gmt":"2024-11-13T13:39:46","guid":{"rendered":"https:\/\/swissbaker.ch\/?p=86313"},"modified":"2024-11-13T14:39:48","modified_gmt":"2024-11-13T13:39:48","slug":"la-main-droite-ne-doit-pas-ignorer-la-main-gauche","status":"publish","type":"post","link":"https:\/\/swissbaker.ch\/fr\/panissimo-news\/la-main-droite-ne-doit-pas-ignorer-la-main-gauche\/","title":{"rendered":"La main droite ne doit pas ignorer la main gauche\u2009!"},"content":{"rendered":"\n<p><strong>Histoire de mains ou d\u2019h\u00e9misph\u00e8res, de coordinations ou d\u2019actions est-ce une r\u00e9alit\u00e9\u2009? Mais l\u2019essentiel est que la r\u00e9alit\u00e9 ne doit pas \u00eatre une fiction. La relativisation des secteurs d\u2019une entreprise sont des impacts n\u00e9gatifs pour son ensemble et son d\u00e9veloppement. La force de l\u2019implication est donc la meilleure des solutions pour faire adh\u00e9rer toutes les parties \u00e0 un projet.<\/strong><\/p>\n\n\n\n<p>Les projets sont multiples. Ils peuvent \u00eatre ceux de repenser des actes fonctionnels pour les rendre plus coh\u00e9rents, mais aussi source d\u2019id\u00e9es d\u2019\u00e9conomies. A travers cela ne pas oublier la recherche permanente de nouveaux produits et d\u2019am\u00e9lioration de la qualit\u00e9 de la gamme standard. Prendre le temps de l\u2019\u00e9coute des divers secteurs d\u2019une entreprise est vital car ceci est la meilleure fa\u00e7on d\u2019apporter les pierres en ad\u00e9quation pour le plus solide des \u00e9difice<\/p>\n\n\n\n<p>Une formule int\u00e9ressante est celle de l\u2019organisation d\u2019un \u00e9v\u00e9nement \u00e0 l\u2019ext\u00e9rieur de l\u2019entreprise, appel\u00e9 brainstorming avec plusieurs volets. Un volet d\u2019activit\u00e9 physique et d\u00e9couverte, associ\u00e9 par la suite \u00e0 un travail de groupe par exemple de trois personnes de secteurs diff\u00e9rents sans en n\u00e9gliger aucun qui permet la valorisation de l\u2019ensemble des comp\u00e9tences et des sensibilit\u00e9s.<\/p>\n\n\n\n<p>Seuls nous ne sommes rien ceci est une r\u00e9alit\u00e9 ne l\u2019oublions pas. Mais h\u00e9las trop souvent nous oublions que tous les \u00e9l\u00e9ments d\u2019une entreprise sont ceux qui font la r\u00e9ussite. La v\u00e9rit\u00e9 absolue est un leurre et la recherche de cette derni\u00e8re trop souvent une illusion. Il reste donc la n\u00e9cessit\u00e9 d\u2019unir par le symbole fort qu\u2019est celui des mains. Ne pas ignorer ce que font l\u2019une est l\u2019autre est une cl\u00e9 de r\u00e9ussite et y mettre la solidit\u00e9 des actes en faisant une cha\u00eene montre la coh\u00e9sion et la volont\u00e9 commune par l\u2019association des pens\u00e9es et des \u00e9nergies.<\/p>\n\n\n\n<p>Sur l\u2019\u00e9chelle du temps quelle que soit la dimension de l\u2019entreprise ceci est possible mais avec la mesure n\u00e9cessaire correspondant \u00e0 la r\u00e9alit\u00e9. Il n\u2019y a pas de petits et de grands, mais des acteurs de changements. A vous donc de prendre la main que dis-je les mains\u2026<\/p>\n\n\n\n<p class=\"has-text-align-right\"><em>Bernard Pignat, Chevalier d\u2019honneur<br>de la Confr\u00e9rie valaisanne des chevaliers du bon pain<\/em><\/p>\n","protected":false},"excerpt":{"rendered":"<p>Histoire de mains ou d\u2019h\u00e9misph\u00e8res, de coordinations ou d\u2019actions est-ce une r\u00e9alit\u00e9\u2009? Mais l\u2019essentiel est que la r\u00e9alit\u00e9 ne doit pas \u00eatre une fiction. La relativisation des secteurs d\u2019une entreprise sont des impacts n\u00e9gatifs pour son ensemble et son d\u00e9veloppement. La force de l\u2019implication est donc la meilleure des solutions pour faire adh\u00e9rer toutes les parties \u00e0 un projet.<\/p>\n","protected":false},"author":5,"featured_media":78135,"comment_status":"closed","ping_status":"closed","sticky":false,"template":"","format":"standard","meta":{"_acf_changed":false,"footnotes":""},"categories":[39],"tags":[],"class_list":["post-86313","post","type-post","status-publish","format-standard","has-post-thumbnail","hentry","category-de-la-branche"],"acf":[],"yoast_head":"<!-- This site is optimized with the Yoast SEO Premium plugin v26.8 (Yoast SEO v26.8) - https:\/\/yoast.com\/product\/yoast-seo-premium-wordpress\/ -->\n<title>La main droite ne doit pas ignorer la main gauche\u2009! | SBC<\/title>\n<meta name=\"robots\" content=\"index, follow, max-snippet:-1, max-image-preview:large, max-video-preview:-1\" \/>\n<link rel=\"canonical\" href=\"https:\/\/swissbaker.ch\/fr\/panissimo-news\/la-main-droite-ne-doit-pas-ignorer-la-main-gauche\/\" \/>\n<meta property=\"og:locale\" content=\"fr_FR\" \/>\n<meta property=\"og:type\" content=\"article\" \/>\n<meta property=\"og:title\" content=\"La main droite ne doit pas ignorer la main gauche\u2009!\" \/>\n<meta property=\"og:description\" content=\"Histoire de mains ou d\u2019h\u00e9misph\u00e8res, de coordinations ou d\u2019actions est-ce une r\u00e9alit\u00e9\u2009? Mais l\u2019essentiel est que la r\u00e9alit\u00e9 ne doit pas \u00eatre une fiction. La relativisation des secteurs d\u2019une entreprise sont des impacts n\u00e9gatifs pour son ensemble et son d\u00e9veloppement. La force de l\u2019implication est donc la meilleure des solutions pour faire adh\u00e9rer toutes les parties \u00e0 un projet.\" \/>\n<meta property=\"og:url\" content=\"https:\/\/swissbaker.ch\/fr\/panissimo-news\/la-main-droite-ne-doit-pas-ignorer-la-main-gauche\/\" \/>\n<meta property=\"og:site_name\" content=\"SBC\" \/>\n<meta property=\"article:publisher\" content=\"https:\/\/www.facebook.com\/swissbaker.ch\" \/>\n<meta property=\"article:published_time\" content=\"2024-11-13T13:39:46+00:00\" \/>\n<meta property=\"article:modified_time\" content=\"2024-11-13T13:39:48+00:00\" \/>\n<meta property=\"og:image\" content=\"https:\/\/swissbaker.ch\/wp-content\/uploads\/2023\/03\/bernard_pignat_2024.jpg\" \/>\n\t<meta property=\"og:image:width\" content=\"1200\" \/>\n\t<meta property=\"og:image:height\" content=\"712\" \/>\n\t<meta property=\"og:image:type\" content=\"image\/jpeg\" \/>\n<meta name=\"author\" content=\"Simon Nussbaum\" \/>\n<meta name=\"twitter:card\" content=\"summary_large_image\" \/>\n<meta name=\"twitter:creator\" content=\"@ch_swissbaker\" \/>\n<meta name=\"twitter:site\" content=\"@ch_swissbaker\" \/>\n<meta name=\"twitter:label1\" content=\"Written by\" \/>\n\t<meta name=\"twitter:data1\" content=\"Simon Nussbaum\" \/>\n\t<meta name=\"twitter:label2\" content=\"Est. reading time\" \/>\n\t<meta name=\"twitter:data2\" content=\"2 minutes\" \/>\n<script type=\"application\/ld+json\" class=\"yoast-schema-graph\">{\"@context\":\"https:\/\/schema.org\",\"@graph\":[{\"@type\":\"Article\",\"@id\":\"https:\/\/swissbaker.ch\/fr\/panissimo-news\/la-main-droite-ne-doit-pas-ignorer-la-main-gauche\/#article\",\"isPartOf\":{\"@id\":\"https:\/\/swissbaker.ch\/fr\/panissimo-news\/la-main-droite-ne-doit-pas-ignorer-la-main-gauche\/\"},\"author\":{\"name\":\"Simon Nussbaum\",\"@id\":\"https:\/\/swissbaker.ch\/fr\/#\/schema\/person\/74bd327b08c18ca6042c02ff6f0ed5e2\"},\"headline\":\"La main droite ne doit pas ignorer la main gauche\u2009!\",\"datePublished\":\"2024-11-13T13:39:46+00:00\",\"dateModified\":\"2024-11-13T13:39:48+00:00\",\"mainEntityOfPage\":{\"@id\":\"https:\/\/swissbaker.ch\/fr\/panissimo-news\/la-main-droite-ne-doit-pas-ignorer-la-main-gauche\/\"},\"wordCount\":415,\"publisher\":{\"@id\":\"https:\/\/swissbaker.ch\/fr\/#organization\"},\"image\":{\"@id\":\"https:\/\/swissbaker.ch\/fr\/panissimo-news\/la-main-droite-ne-doit-pas-ignorer-la-main-gauche\/#primaryimage\"},\"thumbnailUrl\":\"https:\/\/swissbaker.ch\/wp-content\/uploads\/2023\/03\/bernard_pignat_2024.jpg\",\"articleSection\":[\"De la branche\"],\"inLanguage\":\"fr-FR\"},{\"@type\":\"WebPage\",\"@id\":\"https:\/\/swissbaker.ch\/fr\/panissimo-news\/la-main-droite-ne-doit-pas-ignorer-la-main-gauche\/\",\"url\":\"https:\/\/swissbaker.ch\/fr\/panissimo-news\/la-main-droite-ne-doit-pas-ignorer-la-main-gauche\/\",\"name\":\"La main droite ne doit pas ignorer la main gauche\u2009! | SBC\",\"isPartOf\":{\"@id\":\"https:\/\/swissbaker.ch\/fr\/#website\"},\"primaryImageOfPage\":{\"@id\":\"https:\/\/swissbaker.ch\/fr\/panissimo-news\/la-main-droite-ne-doit-pas-ignorer-la-main-gauche\/#primaryimage\"},\"image\":{\"@id\":\"https:\/\/swissbaker.ch\/fr\/panissimo-news\/la-main-droite-ne-doit-pas-ignorer-la-main-gauche\/#primaryimage\"},\"thumbnailUrl\":\"https:\/\/swissbaker.ch\/wp-content\/uploads\/2023\/03\/bernard_pignat_2024.jpg\",\"datePublished\":\"2024-11-13T13:39:46+00:00\",\"dateModified\":\"2024-11-13T13:39:48+00:00\",\"breadcrumb\":{\"@id\":\"https:\/\/swissbaker.ch\/fr\/panissimo-news\/la-main-droite-ne-doit-pas-ignorer-la-main-gauche\/#breadcrumb\"},\"inLanguage\":\"fr-FR\",\"potentialAction\":[{\"@type\":\"ReadAction\",\"target\":[\"https:\/\/swissbaker.ch\/fr\/panissimo-news\/la-main-droite-ne-doit-pas-ignorer-la-main-gauche\/\"]}]},{\"@type\":\"ImageObject\",\"inLanguage\":\"fr-FR\",\"@id\":\"https:\/\/swissbaker.ch\/fr\/panissimo-news\/la-main-droite-ne-doit-pas-ignorer-la-main-gauche\/#primaryimage\",\"url\":\"https:\/\/swissbaker.ch\/wp-content\/uploads\/2023\/03\/bernard_pignat_2024.jpg\",\"contentUrl\":\"https:\/\/swissbaker.ch\/wp-content\/uploads\/2023\/03\/bernard_pignat_2024.jpg\",\"width\":1200,\"height\":712},{\"@type\":\"BreadcrumbList\",\"@id\":\"https:\/\/swissbaker.ch\/fr\/panissimo-news\/la-main-droite-ne-doit-pas-ignorer-la-main-gauche\/#breadcrumb\",\"itemListElement\":[{\"@type\":\"ListItem\",\"position\":1,\"name\":\"\",\"item\":\"https:\/\/swissbaker.ch\/fr\/\"},{\"@type\":\"ListItem\",\"position\":2,\"name\":\"De la branche\",\"item\":\"https:\/\/swissbaker.ch\/fr\/panissimo-news\/category\/de-la-branche\/\"},{\"@type\":\"ListItem\",\"position\":3,\"name\":\"La main droite ne doit pas ignorer la main gauche\u2009!\"}]},{\"@type\":\"WebSite\",\"@id\":\"https:\/\/swissbaker.ch\/fr\/#website\",\"url\":\"https:\/\/swissbaker.ch\/fr\/\",\"name\":\"SBC\",\"description\":\"\",\"publisher\":{\"@id\":\"https:\/\/swissbaker.ch\/fr\/#organization\"},\"potentialAction\":[{\"@type\":\"SearchAction\",\"target\":{\"@type\":\"EntryPoint\",\"urlTemplate\":\"https:\/\/swissbaker.ch\/fr\/?s={search_term_string}\"},\"query-input\":{\"@type\":\"PropertyValueSpecification\",\"valueRequired\":true,\"valueName\":\"search_term_string\"}}],\"inLanguage\":\"fr-FR\"},{\"@type\":\"Organization\",\"@id\":\"https:\/\/swissbaker.ch\/fr\/#organization\",\"name\":\"Schweizerischer B\u00e4cker-Confiseurmeister-Verband\",\"url\":\"https:\/\/swissbaker.ch\/fr\/\",\"logo\":{\"@type\":\"ImageObject\",\"inLanguage\":\"fr-FR\",\"@id\":\"https:\/\/swissbaker.ch\/fr\/#\/schema\/logo\/image\/\",\"url\":\"https:\/\/swissbaker.ch\/wp-content\/uploads\/2022\/04\/sbc-logo-yoast.jpg\",\"contentUrl\":\"https:\/\/swissbaker.ch\/wp-content\/uploads\/2022\/04\/sbc-logo-yoast.jpg\",\"width\":512,\"height\":512,\"caption\":\"Schweizerischer B\u00e4cker-Confiseurmeister-Verband\"},\"image\":{\"@id\":\"https:\/\/swissbaker.ch\/fr\/#\/schema\/logo\/image\/\"},\"sameAs\":[\"https:\/\/www.facebook.com\/swissbaker.ch\",\"https:\/\/x.com\/ch_swissbaker\"]},{\"@type\":\"Person\",\"@id\":\"https:\/\/swissbaker.ch\/fr\/#\/schema\/person\/74bd327b08c18ca6042c02ff6f0ed5e2\",\"name\":\"Simon Nussbaum\",\"image\":{\"@type\":\"ImageObject\",\"inLanguage\":\"fr-FR\",\"@id\":\"https:\/\/swissbaker.ch\/fr\/#\/schema\/person\/image\/\",\"url\":\"https:\/\/secure.gravatar.com\/avatar\/df0eced3bb556c806cb760cf503ade1ed1df25b4104d80d6fd28d93a9509aa12?s=96&d=mm&r=g\",\"contentUrl\":\"https:\/\/secure.gravatar.com\/avatar\/df0eced3bb556c806cb760cf503ade1ed1df25b4104d80d6fd28d93a9509aa12?s=96&d=mm&r=g\",\"caption\":\"Simon Nussbaum\"},\"url\":\"https:\/\/swissbaker.ch\/fr\/panissimo-news\/author\/simon-nussbaum\/\"}]}<\/script>\n<!-- \/ Yoast SEO Premium plugin. -->","yoast_head_json":{"title":"La main droite ne doit pas ignorer la main gauche\u2009! | SBC","robots":{"index":"index","follow":"follow","max-snippet":"max-snippet:-1","max-image-preview":"max-image-preview:large","max-video-preview":"max-video-preview:-1"},"canonical":"https:\/\/swissbaker.ch\/fr\/panissimo-news\/la-main-droite-ne-doit-pas-ignorer-la-main-gauche\/","og_locale":"fr_FR","og_type":"article","og_title":"La main droite ne doit pas ignorer la main gauche\u2009!","og_description":"Histoire de mains ou d\u2019h\u00e9misph\u00e8res, de coordinations ou d\u2019actions est-ce une r\u00e9alit\u00e9\u2009? Mais l\u2019essentiel est que la r\u00e9alit\u00e9 ne doit pas \u00eatre une fiction. La relativisation des secteurs d\u2019une entreprise sont des impacts n\u00e9gatifs pour son ensemble et son d\u00e9veloppement. La force de l\u2019implication est donc la meilleure des solutions pour faire adh\u00e9rer toutes les parties \u00e0 un projet.","og_url":"https:\/\/swissbaker.ch\/fr\/panissimo-news\/la-main-droite-ne-doit-pas-ignorer-la-main-gauche\/","og_site_name":"SBC","article_publisher":"https:\/\/www.facebook.com\/swissbaker.ch","article_published_time":"2024-11-13T13:39:46+00:00","article_modified_time":"2024-11-13T13:39:48+00:00","og_image":[{"width":1200,"height":712,"url":"https:\/\/swissbaker.ch\/wp-content\/uploads\/2023\/03\/bernard_pignat_2024.jpg","type":"image\/jpeg"}],"author":"Simon Nussbaum","twitter_card":"summary_large_image","twitter_creator":"@ch_swissbaker","twitter_site":"@ch_swissbaker","twitter_misc":{"Written by":"Simon Nussbaum","Est. reading time":"2 minutes"},"schema":{"@context":"https:\/\/schema.org","@graph":[{"@type":"Article","@id":"https:\/\/swissbaker.ch\/fr\/panissimo-news\/la-main-droite-ne-doit-pas-ignorer-la-main-gauche\/#article","isPartOf":{"@id":"https:\/\/swissbaker.ch\/fr\/panissimo-news\/la-main-droite-ne-doit-pas-ignorer-la-main-gauche\/"},"author":{"name":"Simon Nussbaum","@id":"https:\/\/swissbaker.ch\/fr\/#\/schema\/person\/74bd327b08c18ca6042c02ff6f0ed5e2"},"headline":"La main droite ne doit pas ignorer la main gauche\u2009!","datePublished":"2024-11-13T13:39:46+00:00","dateModified":"2024-11-13T13:39:48+00:00","mainEntityOfPage":{"@id":"https:\/\/swissbaker.ch\/fr\/panissimo-news\/la-main-droite-ne-doit-pas-ignorer-la-main-gauche\/"},"wordCount":415,"publisher":{"@id":"https:\/\/swissbaker.ch\/fr\/#organization"},"image":{"@id":"https:\/\/swissbaker.ch\/fr\/panissimo-news\/la-main-droite-ne-doit-pas-ignorer-la-main-gauche\/#primaryimage"},"thumbnailUrl":"https:\/\/swissbaker.ch\/wp-content\/uploads\/2023\/03\/bernard_pignat_2024.jpg","articleSection":["De la branche"],"inLanguage":"fr-FR"},{"@type":"WebPage","@id":"https:\/\/swissbaker.ch\/fr\/panissimo-news\/la-main-droite-ne-doit-pas-ignorer-la-main-gauche\/","url":"https:\/\/swissbaker.ch\/fr\/panissimo-news\/la-main-droite-ne-doit-pas-ignorer-la-main-gauche\/","name":"La main droite ne doit pas ignorer la main gauche\u2009! | SBC","isPartOf":{"@id":"https:\/\/swissbaker.ch\/fr\/#website"},"primaryImageOfPage":{"@id":"https:\/\/swissbaker.ch\/fr\/panissimo-news\/la-main-droite-ne-doit-pas-ignorer-la-main-gauche\/#primaryimage"},"image":{"@id":"https:\/\/swissbaker.ch\/fr\/panissimo-news\/la-main-droite-ne-doit-pas-ignorer-la-main-gauche\/#primaryimage"},"thumbnailUrl":"https:\/\/swissbaker.ch\/wp-content\/uploads\/2023\/03\/bernard_pignat_2024.jpg","datePublished":"2024-11-13T13:39:46+00:00","dateModified":"2024-11-13T13:39:48+00:00","breadcrumb":{"@id":"https:\/\/swissbaker.ch\/fr\/panissimo-news\/la-main-droite-ne-doit-pas-ignorer-la-main-gauche\/#breadcrumb"},"inLanguage":"fr-FR","potentialAction":[{"@type":"ReadAction","target":["https:\/\/swissbaker.ch\/fr\/panissimo-news\/la-main-droite-ne-doit-pas-ignorer-la-main-gauche\/"]}]},{"@type":"ImageObject","inLanguage":"fr-FR","@id":"https:\/\/swissbaker.ch\/fr\/panissimo-news\/la-main-droite-ne-doit-pas-ignorer-la-main-gauche\/#primaryimage","url":"https:\/\/swissbaker.ch\/wp-content\/uploads\/2023\/03\/bernard_pignat_2024.jpg","contentUrl":"https:\/\/swissbaker.ch\/wp-content\/uploads\/2023\/03\/bernard_pignat_2024.jpg","width":1200,"height":712},{"@type":"BreadcrumbList","@id":"https:\/\/swissbaker.ch\/fr\/panissimo-news\/la-main-droite-ne-doit-pas-ignorer-la-main-gauche\/#breadcrumb","itemListElement":[{"@type":"ListItem","position":1,"name":"","item":"https:\/\/swissbaker.ch\/fr\/"},{"@type":"ListItem","position":2,"name":"De la branche","item":"https:\/\/swissbaker.ch\/fr\/panissimo-news\/category\/de-la-branche\/"},{"@type":"ListItem","position":3,"name":"La main droite ne doit pas ignorer la main gauche\u2009!"}]},{"@type":"WebSite","@id":"https:\/\/swissbaker.ch\/fr\/#website","url":"https:\/\/swissbaker.ch\/fr\/","name":"SBC","description":"","publisher":{"@id":"https:\/\/swissbaker.ch\/fr\/#organization"},"potentialAction":[{"@type":"SearchAction","target":{"@type":"EntryPoint","urlTemplate":"https:\/\/swissbaker.ch\/fr\/?s={search_term_string}"},"query-input":{"@type":"PropertyValueSpecification","valueRequired":true,"valueName":"search_term_string"}}],"inLanguage":"fr-FR"},{"@type":"Organization","@id":"https:\/\/swissbaker.ch\/fr\/#organization","name":"Schweizerischer B\u00e4cker-Confiseurmeister-Verband","url":"https:\/\/swissbaker.ch\/fr\/","logo":{"@type":"ImageObject","inLanguage":"fr-FR","@id":"https:\/\/swissbaker.ch\/fr\/#\/schema\/logo\/image\/","url":"https:\/\/swissbaker.ch\/wp-content\/uploads\/2022\/04\/sbc-logo-yoast.jpg","contentUrl":"https:\/\/swissbaker.ch\/wp-content\/uploads\/2022\/04\/sbc-logo-yoast.jpg","width":512,"height":512,"caption":"Schweizerischer B\u00e4cker-Confiseurmeister-Verband"},"image":{"@id":"https:\/\/swissbaker.ch\/fr\/#\/schema\/logo\/image\/"},"sameAs":["https:\/\/www.facebook.com\/swissbaker.ch","https:\/\/x.com\/ch_swissbaker"]},{"@type":"Person","@id":"https:\/\/swissbaker.ch\/fr\/#\/schema\/person\/74bd327b08c18ca6042c02ff6f0ed5e2","name":"Simon Nussbaum","image":{"@type":"ImageObject","inLanguage":"fr-FR","@id":"https:\/\/swissbaker.ch\/fr\/#\/schema\/person\/image\/","url":"https:\/\/secure.gravatar.com\/avatar\/df0eced3bb556c806cb760cf503ade1ed1df25b4104d80d6fd28d93a9509aa12?s=96&d=mm&r=g","contentUrl":"https:\/\/secure.gravatar.com\/avatar\/df0eced3bb556c806cb760cf503ade1ed1df25b4104d80d6fd28d93a9509aa12?s=96&d=mm&r=g","caption":"Simon Nussbaum"},"url":"https:\/\/swissbaker.ch\/fr\/panissimo-news\/author\/simon-nussbaum\/"}]}},"_links":{"self":[{"href":"https:\/\/swissbaker.ch\/fr\/wp-json\/wp\/v2\/posts\/86313","targetHints":{"allow":["GET"]}}],"collection":[{"href":"https:\/\/swissbaker.ch\/fr\/wp-json\/wp\/v2\/posts"}],"about":[{"href":"https:\/\/swissbaker.ch\/fr\/wp-json\/wp\/v2\/types\/post"}],"author":[{"embeddable":true,"href":"https:\/\/swissbaker.ch\/fr\/wp-json\/wp\/v2\/users\/5"}],"replies":[{"embeddable":true,"href":"https:\/\/swissbaker.ch\/fr\/wp-json\/wp\/v2\/comments?post=86313"}],"version-history":[{"count":0,"href":"https:\/\/swissbaker.ch\/fr\/wp-json\/wp\/v2\/posts\/86313\/revisions"}],"wp:featuredmedia":[{"embeddable":true,"href":"https:\/\/swissbaker.ch\/fr\/wp-json\/wp\/v2\/media\/78135"}],"wp:attachment":[{"href":"https:\/\/swissbaker.ch\/fr\/wp-json\/wp\/v2\/media?parent=86313"}],"wp:term":[{"taxonomy":"category","embeddable":true,"href":"https:\/\/swissbaker.ch\/fr\/wp-json\/wp\/v2\/categories?post=86313"},{"taxonomy":"post_tag","embeddable":true,"href":"https:\/\/swissbaker.ch\/fr\/wp-json\/wp\/v2\/tags?post=86313"}],"curies":[{"name":"wp","href":"https:\/\/api.w.org\/{rel}","templated":true}]}}