{"id":86300,"date":"2024-11-13T14:07:19","date_gmt":"2024-11-13T13:07:19","guid":{"rendered":"https:\/\/swissbaker.ch\/?p=86300"},"modified":"2024-11-13T14:35:16","modified_gmt":"2024-11-13T13:35:16","slug":"durabilite-pas-a-pas","status":"publish","type":"post","link":"https:\/\/swissbaker.ch\/fr\/panissimo-news\/durabilite-pas-a-pas\/","title":{"rendered":"Durabilit\u00e9 pas \u00e0 pas"},"content":{"rendered":"\n<p><strong>Comment une confiserie peut-elle devenir plus durable\u2009? En passant en revue les processus commerciaux, de l\u2019achat des mati\u00e8res premi\u00e8res comme le chocolat de couverture \u00e0 l\u2019efficacit\u00e9 \u00e9nerg\u00e9tique en passant par le food save management, et en mettant en \u0153uvre des am\u00e9liorations. Visite \u00e0 K\u00fcsnacht de l\u2019entreprise familiale Honold, qui l\u2019a fait.<\/strong><\/p>\n\n\n\n<p>\u00ab\u2009Pour moi, la durabilit\u00e9 signifie le respect des droits de l\u2019homme\u2009\u00bb, explique Cristina de Perregaux, propri\u00e9taire de la Confiserie Honold, fond\u00e9e par son arri\u00e8re-grand-p\u00e8re \u00e0 Zurich. Elle attache une grande importance au fait que le cacao de sa couverture soit cultiv\u00e9 dans le respect des droits de l\u2019homme, et produit selon un mode de culture durable. <\/p>\n\n\n\n<div style=\"height:27px\" aria-hidden=\"true\" class=\"wp-block-spacer\"><\/div>\n\n\n\n<blockquote class=\"wp-block-quote\">\n<p style=\"font-size:22px;font-style:italic;font-weight:600\">\u00ab\u2009Pour moi, la durabilit\u00e9 signifie le respect des droits de l\u2019homme\u2009\u00bb<\/p>\n\n\n\n<p class=\"has-text-color has-link-color wp-elements-561b2c7337b37f1addf889e988249970\" style=\"color:#cc9933\">Cristina de Perregaux<\/p>\n<\/blockquote>\n\n\n\n<div style=\"height:28px\" aria-hidden=\"true\" class=\"wp-block-spacer\"><\/div>\n\n\n\n<p>Elle a r\u00e9alis\u00e9 son r\u00eave pendant la pand\u00e9mie de coronavirus\u2009: trouver une couverture sans travail des enfants, sans travail forc\u00e9 et sans d\u00e9forestation. Elle a entrepris avec l\u2019acheteur de son fabricant de couverture un \u00ab\u2009voyage virtuel\u2009\u00bb au cours duquel elle a d\u00e9couvert les modes de culture de coop\u00e9ratives agricoles en Indon\u00e9sie, \u00e0 Madagascar et au Ghana, avant de trouver son bonheur en \u00c9quateur.<\/p>\n\n\n\n<figure class=\"wp-block-image size-large\"><img decoding=\"async\" width=\"1024\" height=\"608\" src=\"https:\/\/swissbaker.ch\/wp-content\/uploads\/2024\/11\/21_2_honold_cristina_de_perregaux-1024x608.jpg\" alt=\"\" class=\"wp-image-86285\" srcset=\"https:\/\/swissbaker.ch\/wp-content\/uploads\/2024\/11\/21_2_honold_cristina_de_perregaux-1024x608.jpg 1024w, https:\/\/swissbaker.ch\/wp-content\/uploads\/2024\/11\/21_2_honold_cristina_de_perregaux-768x456.jpg 768w, https:\/\/swissbaker.ch\/wp-content\/uploads\/2024\/11\/21_2_honold_cristina_de_perregaux.jpg 1200w\" sizes=\"(max-width: 1024px) 100vw, 1024px\" \/><figcaption class=\"wp-element-caption\"><em>Pour Cristina de Perregaux, la durabilit\u00e9 est un processus d\u2019am\u00e9lioration continue.<\/em><\/figcaption><\/figure>\n\n\n\n<div style=\"height:28px\" aria-hidden=\"true\" class=\"wp-block-spacer\"><\/div>\n\n\n\n<h2 class=\"wp-block-heading\" id=\"h-processus-commerciaux-optimises\">Processus commerciaux optimis\u00e9s<\/h2>\n\n\n\n<p>Dans la for\u00eat amazonienne de l\u2019\u00c9quateur, les familles indig\u00e8nes kichwas cultivent le cacao dans des \u00ab\u2009chakras\u2009\u00bb, un mode de culture traditionnel. Les cacaoyers poussent avec plus de 100 autres esp\u00e8ces v\u00e9g\u00e9tales dans les jardins forestiers. La culture du cacao offre un revenu compl\u00e9mentaire important aux familles kichwas depuis des si\u00e8cles. Pour l\u2019exploiter de mani\u00e8re durable, ces derni\u00e8res se sont regroup\u00e9es au sein de la coop\u00e9rative Kallari. La valeur ajout\u00e9e reste ainsi dans la communaut\u00e9, ce qui permet \u00e0 celle-ci d\u2019investir dans l\u2019\u00e9ducation et dans sa propre production de chocolat. Et gr\u00e2ce \u00e0 la cr\u00e9ation de possibilit\u00e9s de travail en dehors de la culture du cacao, les jeunes restent au pays.<\/p>\n\n\n\n<p>Outre la couverture, la confiserie Honold ach\u00e8te \u00e9galement de la farine, des produits laitiers, des \u0153ufs, de la viande, des l\u00e9gumes et de l\u2019eau min\u00e9rale. Dans la mesure du possible, ces mati\u00e8res premi\u00e8res proviennent de la r\u00e9gion ou du pays. Mais l\u2019origine des mati\u00e8res premi\u00e8res n\u2019est pas le seul \u00e9l\u00e9ment important en mati\u00e8re de durabilit\u00e9. L\u2019emballage et la consommation d\u2019\u00e9nergie lors de la production et du transport jouent \u00e9galement un r\u00f4le essentiel. Cristina de Perregaux a pass\u00e9 en revue ses processus commerciaux et proc\u00e9d\u00e9 \u00e0 des adaptations l\u00e0 o\u00f9 elle voyait un potentiel. Pour ses tablettes de chocolat, l\u2019entreprise familiale utilise ainsi notamment un carton sp\u00e9cial dont l\u2019int\u00e9rieur est recouvert d\u2019une fine couche. Cela lui permet de se passer compl\u00e8tement de papier aluminium, de film plastique ou d\u2019emballages suppl\u00e9mentaires.<\/p>\n\n\n\n<figure class=\"wp-block-image size-large\"><img decoding=\"async\" width=\"1024\" height=\"608\" src=\"https:\/\/swissbaker.ch\/wp-content\/uploads\/2024\/11\/21_2_honold_praline-1024x608.jpg\" alt=\"\" class=\"wp-image-86292\" srcset=\"https:\/\/swissbaker.ch\/wp-content\/uploads\/2024\/11\/21_2_honold_praline-1024x608.jpg 1024w, https:\/\/swissbaker.ch\/wp-content\/uploads\/2024\/11\/21_2_honold_praline-768x456.jpg 768w, https:\/\/swissbaker.ch\/wp-content\/uploads\/2024\/11\/21_2_honold_praline.jpg 1200w\" sizes=\"(max-width: 1024px) 100vw, 1024px\" \/><\/figure>\n\n\n\n<h2 class=\"wp-block-heading\" id=\"h-focus-sur-l-energie\">Focus sur l\u2019\u00e9nergie<\/h2>\n\n\n\n<p>Cristina de Perregaux voit un potentiel d\u2019am\u00e9lioration dans la livraison de ses produits, qui doivent \u00eatre r\u00e9frig\u00e9r\u00e9s pour conserver leur fra\u00eecheur et respecter la loi sur les denr\u00e9es alimentaires. Apr\u00e8s une longue r\u00e9flexion, les v\u00e9hicules \u00e9lectriques ont donc \u00e9t\u00e9 exclus. La r\u00e9duction de la consommation d\u2019\u00e9nergie lors de la production est \u00e9galement importante\u2009: \u00ab\u2009Dans notre secteur, nous avons besoin d\u2019\u00e9nergie tous les jours. Il convient de d\u00e9terminer pr\u00e9cis\u00e9ment ce qui est possible et d\u2019en tirer le meilleur parti.\u2009\u00bb Les exigences l\u00e9gales en mati\u00e8re de r\u00e9frig\u00e9ration des denr\u00e9es alimentaires limitent la marge de man\u0153uvre, mais l\u00e0 aussi, il existe des solutions telles que la r\u00e9cup\u00e9ration d\u2019\u00e9nergie, les machines \u00e0 faible consommation d\u2019\u00e9nergie et une bonne isolation thermique des locaux.<\/p>\n\n\n\n<div style=\"height:26px\" aria-hidden=\"true\" class=\"wp-block-spacer\"><\/div>\n\n\n\n<blockquote class=\"wp-block-quote\">\n<p style=\"font-size:22px;font-style:italic;font-weight:600\">\u00ab\u2009Comment r\u00e9ussir \u00e0 devenir plus durable\u2009? En avan\u00e7ant pas \u00e0 pas, tout en sachant que nous n\u2019avons pas encore atteint notre objectif dans tous les domaines.\u2009\u00bb<\/p>\n\n\n\n<p><strong>Cristina de Perregaux<\/strong><\/p>\n<\/blockquote>\n\n\n\n<div style=\"height:27px\" aria-hidden=\"true\" class=\"wp-block-spacer\"><\/div>\n\n\n\n<h2 class=\"wp-block-heading\" id=\"h-processus-d-amelioration-continue\">Processus d\u2019am\u00e9lioration continue<\/h2>\n\n\n\n<p>Pour am\u00e9liorer la durabilit\u00e9 dans sa confiserie, il faut dans un premier temps analyser ses processus commerciaux, puis pr\u00e9voir des am\u00e9liorations et enfin les mettre en \u0153uvre. Du choix des mati\u00e8res premi\u00e8res \u00e0 l\u2019efficacit\u00e9 \u00e9nerg\u00e9tique en passant par le food save management pour \u00e9viter le gaspillage des denr\u00e9es alimentaires, de nombreuses possibilit\u00e9s existent. La confiserie Honold utilise, par exemple, les restes de biscuits des g\u00e2teaux For\u00eat-Noire et des \u00ab\u2009truffes cakes\u2009\u00bb pour le fond de ses mousses au chocolat et ses \u00ab\u2009jubil\u00e9es\u2009\u00bb\u2009; les Parisettes \u00e9tant pour leur part transform\u00e9es en mie de pain qu\u2019elle revend \u00e0 sa client\u00e8le. De plus, l\u2019entreprise familiale fait chaque soir don de denr\u00e9es alimentaires \u00e0 des organisations caritatives.<\/p>\n\n\n\n<p><br>Pour Cristina de Perregaux, la durabilit\u00e9 est un processus d\u2019am\u00e9lioration continue dans le cadre duquel la faisabilit\u00e9 et la rentabilit\u00e9 sont essentielles. \u00ab\u2009Comment r\u00e9ussir \u00e0 devenir plus durable\u2009? En avan\u00e7ant pas \u00e0 pas, tout en sachant que nous n\u2019avons pas encore atteint notre objectif dans tous les domaines.\u2009\u00bb<\/p>\n\n\n\n<p><a href=\"https:\/\/www.honold.ch\/grand-cru-chakra\/\">Confiserie Honold<\/a><\/p>\n\n\n\n<p class=\"has-text-align-right\"><em>Jo\u00ebl Frei, plate-forme suisse du cacao durable<\/em><\/p>\n","protected":false},"excerpt":{"rendered":"<p>Comment une confiserie peut-elle devenir plus durable\u2009? En passant en revue les processus commerciaux, de l\u2019achat des mati\u00e8res premi\u00e8res comme le chocolat de couverture \u00e0 l\u2019efficacit\u00e9 \u00e9nerg\u00e9tique en passant par le food save management, et en mettant en \u0153uvre des am\u00e9liorations. Visite \u00e0 K\u00fcsnacht de l\u2019entreprise familiale Honold, qui l\u2019a fait.<\/p>\n","protected":false},"author":5,"featured_media":86283,"comment_status":"closed","ping_status":"closed","sticky":true,"template":"","format":"standard","meta":{"_acf_changed":false,"footnotes":""},"categories":[42,190],"tags":[687,686],"class_list":["post-86300","post","type-post","status-publish","format-standard","has-post-thumbnail","hentry","category-boulangeries-confiseries","category-food-save-fr","tag-confiserie-durable","tag-confiserie-honold-2"],"acf":[],"yoast_head":"<!-- This site is optimized with the Yoast SEO Premium plugin v26.8 (Yoast SEO v26.8) - https:\/\/yoast.com\/product\/yoast-seo-premium-wordpress\/ -->\n<title>Durabilit\u00e9 pas \u00e0 pas | SBC<\/title>\n<meta name=\"description\" content=\"Comment une confiserie peut-elle devenir plus durable\u2009?\" \/>\n<meta name=\"robots\" content=\"index, follow, max-snippet:-1, max-image-preview:large, max-video-preview:-1\" \/>\n<link rel=\"canonical\" href=\"https:\/\/swissbaker.ch\/fr\/panissimo-news\/durabilite-pas-a-pas\/\" \/>\n<meta property=\"og:locale\" content=\"fr_FR\" \/>\n<meta property=\"og:type\" content=\"article\" \/>\n<meta property=\"og:title\" content=\"Durabilit\u00e9 pas \u00e0 pas\" \/>\n<meta property=\"og:description\" content=\"Comment une confiserie peut-elle devenir plus durable\u2009?\" \/>\n<meta property=\"og:url\" content=\"https:\/\/swissbaker.ch\/fr\/panissimo-news\/durabilite-pas-a-pas\/\" \/>\n<meta property=\"og:site_name\" content=\"SBC\" \/>\n<meta property=\"article:publisher\" content=\"https:\/\/www.facebook.com\/swissbaker.ch\" \/>\n<meta property=\"article:published_time\" content=\"2024-11-13T13:07:19+00:00\" \/>\n<meta property=\"article:modified_time\" content=\"2024-11-13T13:35:16+00:00\" \/>\n<meta property=\"og:image\" content=\"https:\/\/swissbaker.ch\/wp-content\/uploads\/2024\/11\/21_2_honold.jpg\" \/>\n\t<meta property=\"og:image:width\" content=\"1200\" \/>\n\t<meta property=\"og:image:height\" content=\"712\" \/>\n\t<meta property=\"og:image:type\" content=\"image\/jpeg\" \/>\n<meta name=\"author\" content=\"Simon Nussbaum\" \/>\n<meta name=\"twitter:card\" content=\"summary_large_image\" \/>\n<meta name=\"twitter:creator\" content=\"@ch_swissbaker\" \/>\n<meta name=\"twitter:site\" content=\"@ch_swissbaker\" \/>\n<meta name=\"twitter:label1\" content=\"Written by\" \/>\n\t<meta name=\"twitter:data1\" content=\"Simon Nussbaum\" \/>\n\t<meta name=\"twitter:label2\" content=\"Est. reading time\" \/>\n\t<meta name=\"twitter:data2\" content=\"4 minutes\" \/>\n<script type=\"application\/ld+json\" class=\"yoast-schema-graph\">{\"@context\":\"https:\/\/schema.org\",\"@graph\":[{\"@type\":\"Article\",\"@id\":\"https:\/\/swissbaker.ch\/fr\/panissimo-news\/durabilite-pas-a-pas\/#article\",\"isPartOf\":{\"@id\":\"https:\/\/swissbaker.ch\/fr\/panissimo-news\/durabilite-pas-a-pas\/\"},\"author\":{\"name\":\"Simon Nussbaum\",\"@id\":\"https:\/\/swissbaker.ch\/fr\/#\/schema\/person\/74bd327b08c18ca6042c02ff6f0ed5e2\"},\"headline\":\"Durabilit\u00e9 pas \u00e0 pas\",\"datePublished\":\"2024-11-13T13:07:19+00:00\",\"dateModified\":\"2024-11-13T13:35:16+00:00\",\"mainEntityOfPage\":{\"@id\":\"https:\/\/swissbaker.ch\/fr\/panissimo-news\/durabilite-pas-a-pas\/\"},\"wordCount\":873,\"publisher\":{\"@id\":\"https:\/\/swissbaker.ch\/fr\/#organization\"},\"image\":{\"@id\":\"https:\/\/swissbaker.ch\/fr\/panissimo-news\/durabilite-pas-a-pas\/#primaryimage\"},\"thumbnailUrl\":\"https:\/\/swissbaker.ch\/wp-content\/uploads\/2024\/11\/21_2_honold.jpg\",\"keywords\":[\"Confiserie Durable\",\"Confiserie Honold\"],\"articleSection\":[\"Boulangeries\/Confiseries\",\"Food save\"],\"inLanguage\":\"fr-FR\"},{\"@type\":\"WebPage\",\"@id\":\"https:\/\/swissbaker.ch\/fr\/panissimo-news\/durabilite-pas-a-pas\/\",\"url\":\"https:\/\/swissbaker.ch\/fr\/panissimo-news\/durabilite-pas-a-pas\/\",\"name\":\"Durabilit\u00e9 pas \u00e0 pas | SBC\",\"isPartOf\":{\"@id\":\"https:\/\/swissbaker.ch\/fr\/#website\"},\"primaryImageOfPage\":{\"@id\":\"https:\/\/swissbaker.ch\/fr\/panissimo-news\/durabilite-pas-a-pas\/#primaryimage\"},\"image\":{\"@id\":\"https:\/\/swissbaker.ch\/fr\/panissimo-news\/durabilite-pas-a-pas\/#primaryimage\"},\"thumbnailUrl\":\"https:\/\/swissbaker.ch\/wp-content\/uploads\/2024\/11\/21_2_honold.jpg\",\"datePublished\":\"2024-11-13T13:07:19+00:00\",\"dateModified\":\"2024-11-13T13:35:16+00:00\",\"description\":\"Comment une confiserie peut-elle devenir plus durable\u2009?\",\"breadcrumb\":{\"@id\":\"https:\/\/swissbaker.ch\/fr\/panissimo-news\/durabilite-pas-a-pas\/#breadcrumb\"},\"inLanguage\":\"fr-FR\",\"potentialAction\":[{\"@type\":\"ReadAction\",\"target\":[\"https:\/\/swissbaker.ch\/fr\/panissimo-news\/durabilite-pas-a-pas\/\"]}]},{\"@type\":\"ImageObject\",\"inLanguage\":\"fr-FR\",\"@id\":\"https:\/\/swissbaker.ch\/fr\/panissimo-news\/durabilite-pas-a-pas\/#primaryimage\",\"url\":\"https:\/\/swissbaker.ch\/wp-content\/uploads\/2024\/11\/21_2_honold.jpg\",\"contentUrl\":\"https:\/\/swissbaker.ch\/wp-content\/uploads\/2024\/11\/21_2_honold.jpg\",\"width\":1200,\"height\":712},{\"@type\":\"BreadcrumbList\",\"@id\":\"https:\/\/swissbaker.ch\/fr\/panissimo-news\/durabilite-pas-a-pas\/#breadcrumb\",\"itemListElement\":[{\"@type\":\"ListItem\",\"position\":1,\"name\":\"\",\"item\":\"https:\/\/swissbaker.ch\/fr\/\"},{\"@type\":\"ListItem\",\"position\":2,\"name\":\"Boulangeries\/Confiseries\",\"item\":\"https:\/\/swissbaker.ch\/fr\/panissimo-news\/category\/boulangeries-confiseries\/\"},{\"@type\":\"ListItem\",\"position\":3,\"name\":\"Durabilit\u00e9 pas \u00e0 pas\"}]},{\"@type\":\"WebSite\",\"@id\":\"https:\/\/swissbaker.ch\/fr\/#website\",\"url\":\"https:\/\/swissbaker.ch\/fr\/\",\"name\":\"SBC\",\"description\":\"\",\"publisher\":{\"@id\":\"https:\/\/swissbaker.ch\/fr\/#organization\"},\"potentialAction\":[{\"@type\":\"SearchAction\",\"target\":{\"@type\":\"EntryPoint\",\"urlTemplate\":\"https:\/\/swissbaker.ch\/fr\/?s={search_term_string}\"},\"query-input\":{\"@type\":\"PropertyValueSpecification\",\"valueRequired\":true,\"valueName\":\"search_term_string\"}}],\"inLanguage\":\"fr-FR\"},{\"@type\":\"Organization\",\"@id\":\"https:\/\/swissbaker.ch\/fr\/#organization\",\"name\":\"Schweizerischer B\u00e4cker-Confiseurmeister-Verband\",\"url\":\"https:\/\/swissbaker.ch\/fr\/\",\"logo\":{\"@type\":\"ImageObject\",\"inLanguage\":\"fr-FR\",\"@id\":\"https:\/\/swissbaker.ch\/fr\/#\/schema\/logo\/image\/\",\"url\":\"https:\/\/swissbaker.ch\/wp-content\/uploads\/2022\/04\/sbc-logo-yoast.jpg\",\"contentUrl\":\"https:\/\/swissbaker.ch\/wp-content\/uploads\/2022\/04\/sbc-logo-yoast.jpg\",\"width\":512,\"height\":512,\"caption\":\"Schweizerischer B\u00e4cker-Confiseurmeister-Verband\"},\"image\":{\"@id\":\"https:\/\/swissbaker.ch\/fr\/#\/schema\/logo\/image\/\"},\"sameAs\":[\"https:\/\/www.facebook.com\/swissbaker.ch\",\"https:\/\/x.com\/ch_swissbaker\"]},{\"@type\":\"Person\",\"@id\":\"https:\/\/swissbaker.ch\/fr\/#\/schema\/person\/74bd327b08c18ca6042c02ff6f0ed5e2\",\"name\":\"Simon Nussbaum\",\"image\":{\"@type\":\"ImageObject\",\"inLanguage\":\"fr-FR\",\"@id\":\"https:\/\/swissbaker.ch\/fr\/#\/schema\/person\/image\/\",\"url\":\"https:\/\/secure.gravatar.com\/avatar\/df0eced3bb556c806cb760cf503ade1ed1df25b4104d80d6fd28d93a9509aa12?s=96&d=mm&r=g\",\"contentUrl\":\"https:\/\/secure.gravatar.com\/avatar\/df0eced3bb556c806cb760cf503ade1ed1df25b4104d80d6fd28d93a9509aa12?s=96&d=mm&r=g\",\"caption\":\"Simon Nussbaum\"},\"url\":\"https:\/\/swissbaker.ch\/fr\/panissimo-news\/author\/simon-nussbaum\/\"}]}<\/script>\n<!-- \/ Yoast SEO Premium plugin. -->","yoast_head_json":{"title":"Durabilit\u00e9 pas \u00e0 pas | SBC","description":"Comment une confiserie peut-elle devenir plus durable\u2009?","robots":{"index":"index","follow":"follow","max-snippet":"max-snippet:-1","max-image-preview":"max-image-preview:large","max-video-preview":"max-video-preview:-1"},"canonical":"https:\/\/swissbaker.ch\/fr\/panissimo-news\/durabilite-pas-a-pas\/","og_locale":"fr_FR","og_type":"article","og_title":"Durabilit\u00e9 pas \u00e0 pas","og_description":"Comment une confiserie peut-elle devenir plus durable\u2009?","og_url":"https:\/\/swissbaker.ch\/fr\/panissimo-news\/durabilite-pas-a-pas\/","og_site_name":"SBC","article_publisher":"https:\/\/www.facebook.com\/swissbaker.ch","article_published_time":"2024-11-13T13:07:19+00:00","article_modified_time":"2024-11-13T13:35:16+00:00","og_image":[{"width":1200,"height":712,"url":"https:\/\/swissbaker.ch\/wp-content\/uploads\/2024\/11\/21_2_honold.jpg","type":"image\/jpeg"}],"author":"Simon Nussbaum","twitter_card":"summary_large_image","twitter_creator":"@ch_swissbaker","twitter_site":"@ch_swissbaker","twitter_misc":{"Written by":"Simon Nussbaum","Est. reading time":"4 minutes"},"schema":{"@context":"https:\/\/schema.org","@graph":[{"@type":"Article","@id":"https:\/\/swissbaker.ch\/fr\/panissimo-news\/durabilite-pas-a-pas\/#article","isPartOf":{"@id":"https:\/\/swissbaker.ch\/fr\/panissimo-news\/durabilite-pas-a-pas\/"},"author":{"name":"Simon Nussbaum","@id":"https:\/\/swissbaker.ch\/fr\/#\/schema\/person\/74bd327b08c18ca6042c02ff6f0ed5e2"},"headline":"Durabilit\u00e9 pas \u00e0 pas","datePublished":"2024-11-13T13:07:19+00:00","dateModified":"2024-11-13T13:35:16+00:00","mainEntityOfPage":{"@id":"https:\/\/swissbaker.ch\/fr\/panissimo-news\/durabilite-pas-a-pas\/"},"wordCount":873,"publisher":{"@id":"https:\/\/swissbaker.ch\/fr\/#organization"},"image":{"@id":"https:\/\/swissbaker.ch\/fr\/panissimo-news\/durabilite-pas-a-pas\/#primaryimage"},"thumbnailUrl":"https:\/\/swissbaker.ch\/wp-content\/uploads\/2024\/11\/21_2_honold.jpg","keywords":["Confiserie Durable","Confiserie Honold"],"articleSection":["Boulangeries\/Confiseries","Food save"],"inLanguage":"fr-FR"},{"@type":"WebPage","@id":"https:\/\/swissbaker.ch\/fr\/panissimo-news\/durabilite-pas-a-pas\/","url":"https:\/\/swissbaker.ch\/fr\/panissimo-news\/durabilite-pas-a-pas\/","name":"Durabilit\u00e9 pas \u00e0 pas | SBC","isPartOf":{"@id":"https:\/\/swissbaker.ch\/fr\/#website"},"primaryImageOfPage":{"@id":"https:\/\/swissbaker.ch\/fr\/panissimo-news\/durabilite-pas-a-pas\/#primaryimage"},"image":{"@id":"https:\/\/swissbaker.ch\/fr\/panissimo-news\/durabilite-pas-a-pas\/#primaryimage"},"thumbnailUrl":"https:\/\/swissbaker.ch\/wp-content\/uploads\/2024\/11\/21_2_honold.jpg","datePublished":"2024-11-13T13:07:19+00:00","dateModified":"2024-11-13T13:35:16+00:00","description":"Comment une confiserie peut-elle devenir plus durable\u2009?","breadcrumb":{"@id":"https:\/\/swissbaker.ch\/fr\/panissimo-news\/durabilite-pas-a-pas\/#breadcrumb"},"inLanguage":"fr-FR","potentialAction":[{"@type":"ReadAction","target":["https:\/\/swissbaker.ch\/fr\/panissimo-news\/durabilite-pas-a-pas\/"]}]},{"@type":"ImageObject","inLanguage":"fr-FR","@id":"https:\/\/swissbaker.ch\/fr\/panissimo-news\/durabilite-pas-a-pas\/#primaryimage","url":"https:\/\/swissbaker.ch\/wp-content\/uploads\/2024\/11\/21_2_honold.jpg","contentUrl":"https:\/\/swissbaker.ch\/wp-content\/uploads\/2024\/11\/21_2_honold.jpg","width":1200,"height":712},{"@type":"BreadcrumbList","@id":"https:\/\/swissbaker.ch\/fr\/panissimo-news\/durabilite-pas-a-pas\/#breadcrumb","itemListElement":[{"@type":"ListItem","position":1,"name":"","item":"https:\/\/swissbaker.ch\/fr\/"},{"@type":"ListItem","position":2,"name":"Boulangeries\/Confiseries","item":"https:\/\/swissbaker.ch\/fr\/panissimo-news\/category\/boulangeries-confiseries\/"},{"@type":"ListItem","position":3,"name":"Durabilit\u00e9 pas \u00e0 pas"}]},{"@type":"WebSite","@id":"https:\/\/swissbaker.ch\/fr\/#website","url":"https:\/\/swissbaker.ch\/fr\/","name":"SBC","description":"","publisher":{"@id":"https:\/\/swissbaker.ch\/fr\/#organization"},"potentialAction":[{"@type":"SearchAction","target":{"@type":"EntryPoint","urlTemplate":"https:\/\/swissbaker.ch\/fr\/?s={search_term_string}"},"query-input":{"@type":"PropertyValueSpecification","valueRequired":true,"valueName":"search_term_string"}}],"inLanguage":"fr-FR"},{"@type":"Organization","@id":"https:\/\/swissbaker.ch\/fr\/#organization","name":"Schweizerischer B\u00e4cker-Confiseurmeister-Verband","url":"https:\/\/swissbaker.ch\/fr\/","logo":{"@type":"ImageObject","inLanguage":"fr-FR","@id":"https:\/\/swissbaker.ch\/fr\/#\/schema\/logo\/image\/","url":"https:\/\/swissbaker.ch\/wp-content\/uploads\/2022\/04\/sbc-logo-yoast.jpg","contentUrl":"https:\/\/swissbaker.ch\/wp-content\/uploads\/2022\/04\/sbc-logo-yoast.jpg","width":512,"height":512,"caption":"Schweizerischer B\u00e4cker-Confiseurmeister-Verband"},"image":{"@id":"https:\/\/swissbaker.ch\/fr\/#\/schema\/logo\/image\/"},"sameAs":["https:\/\/www.facebook.com\/swissbaker.ch","https:\/\/x.com\/ch_swissbaker"]},{"@type":"Person","@id":"https:\/\/swissbaker.ch\/fr\/#\/schema\/person\/74bd327b08c18ca6042c02ff6f0ed5e2","name":"Simon Nussbaum","image":{"@type":"ImageObject","inLanguage":"fr-FR","@id":"https:\/\/swissbaker.ch\/fr\/#\/schema\/person\/image\/","url":"https:\/\/secure.gravatar.com\/avatar\/df0eced3bb556c806cb760cf503ade1ed1df25b4104d80d6fd28d93a9509aa12?s=96&d=mm&r=g","contentUrl":"https:\/\/secure.gravatar.com\/avatar\/df0eced3bb556c806cb760cf503ade1ed1df25b4104d80d6fd28d93a9509aa12?s=96&d=mm&r=g","caption":"Simon Nussbaum"},"url":"https:\/\/swissbaker.ch\/fr\/panissimo-news\/author\/simon-nussbaum\/"}]}},"_links":{"self":[{"href":"https:\/\/swissbaker.ch\/fr\/wp-json\/wp\/v2\/posts\/86300","targetHints":{"allow":["GET"]}}],"collection":[{"href":"https:\/\/swissbaker.ch\/fr\/wp-json\/wp\/v2\/posts"}],"about":[{"href":"https:\/\/swissbaker.ch\/fr\/wp-json\/wp\/v2\/types\/post"}],"author":[{"embeddable":true,"href":"https:\/\/swissbaker.ch\/fr\/wp-json\/wp\/v2\/users\/5"}],"replies":[{"embeddable":true,"href":"https:\/\/swissbaker.ch\/fr\/wp-json\/wp\/v2\/comments?post=86300"}],"version-history":[{"count":0,"href":"https:\/\/swissbaker.ch\/fr\/wp-json\/wp\/v2\/posts\/86300\/revisions"}],"wp:featuredmedia":[{"embeddable":true,"href":"https:\/\/swissbaker.ch\/fr\/wp-json\/wp\/v2\/media\/86283"}],"wp:attachment":[{"href":"https:\/\/swissbaker.ch\/fr\/wp-json\/wp\/v2\/media?parent=86300"}],"wp:term":[{"taxonomy":"category","embeddable":true,"href":"https:\/\/swissbaker.ch\/fr\/wp-json\/wp\/v2\/categories?post=86300"},{"taxonomy":"post_tag","embeddable":true,"href":"https:\/\/swissbaker.ch\/fr\/wp-json\/wp\/v2\/tags?post=86300"}],"curies":[{"name":"wp","href":"https:\/\/api.w.org\/{rel}","templated":true}]}}