{"id":8621,"date":"2017-10-11T14:29:00","date_gmt":"2017-10-11T12:29:00","guid":{"rendered":"https:\/\/swissbaker.ch\/?p=8621"},"modified":"2022-05-11T09:24:13","modified_gmt":"2022-05-11T07:24:13","slug":"levolution-de-la-branche-et-des-entreprises-en-un-coup-doeil","status":"publish","type":"post","link":"https:\/\/swissbaker.ch\/fr\/panissimo-news\/levolution-de-la-branche-et-des-entreprises-en-un-coup-doeil\/","title":{"rendered":"L\u2019\u00e9volution de la branche et des entreprises en un coup d\u2019\u0153il"},"content":{"rendered":"\n<p><strong>Tout juste sorti de presse, le 11e Profil sectoriel de la boulangerie-p\u00e2tisserie- confiserie artisanale a \u00e9t\u00e9 envoy\u00e9 aux membres de la BCS.<\/strong><\/p>\n\n\n\n<p>Les changements par rapport aux ann\u00e9es pr\u00e9c\u00e9dentes montrent clairement l\u2019\u00e9volution de l\u2019ensemble du secteur et des entreprises individuelles. Les chiffres de pr\u00e8s de 500 clients de la SBC Fiduciaire SA, et les donn\u00e9es de l\u2019Association suisse des patrons boulangers-confiseurs (BCS) et de ses institutions et partenaires ont \u00e9t\u00e9 analys\u00e9s. Des outils analytiques pr\u00e9sentent des r\u00e9sultats d\u00e9taill\u00e9s et significatifs.<\/p>\n\n\n\n<p>Ces chiffres ne doivent n\u00e9anmoins pas \u00eatre repris un \u00e0 un pour une analyse d\u2019une entreprise particuli\u00e8re. Toute analyse pr\u00e9cise d\u2019un commerce n\u00e9cessite des connaissances cibl\u00e9es. L\u2019emplacement, les donn\u00e9es saisonni\u00e8res et les caract\u00e9ristiques de l\u2019entreprise (entreprise de livraison, succursale, avec ou sans tea-room ou caf\u00e9, avec ou sans denr\u00e9es alimentaires, etc.) doivent \u00eatre pris en consid\u00e9ration en m\u00eame temps que l\u2019analyse de gestion.<\/p>\n\n\n\n<p>Les soci\u00e9t\u00e9s fiduciaires de la BCS b\u00e9n\u00e9ficient d\u2019une exp\u00e9rience de longue date et disposent de chiffres cl\u00e9s permettant l\u2019analyse individuelle d\u2019entreprises. La SBC Fiduciaire analyse r\u00e9guli\u00e8rement des chiffres dans \u00ab\u2009panissimo\u2009\u00bb, tout a u long de l\u2019ann\u00e9e.<\/p>\n\n\n\n<p>Le Profil sectoriel est \u00e9dit\u00e9 en collaboration par la BCS et la SBC Fiduciaire. Il peut \u00eatre t\u00e9l\u00e9charg\u00e9 \u00e0 l\u2019adresse <a href=\"https:\/\/www.swissbaker.ch\/fr\/documents\/association\/\">www.swissbaker.ch > Documents > Association.<\/a><\/p>\n\n\n\n<p><\/p>\n","protected":false},"excerpt":{"rendered":"<p>Tout juste sorti de presse, le 11e Profil sectoriel de la boulangerie-p\u00e2tisserie- confiserie artisanale a \u00e9t\u00e9 envoy\u00e9 aux membres de la BCS. Les changements par rapport aux ann\u00e9es pr\u00e9c\u00e9dentes montrent clairement l\u2019\u00e9volution de l\u2019ensemble du secteur et des entreprises individuelles. Les chiffres de pr\u00e8s de 500 clients de la SBC Fiduciaire SA, et les donn\u00e9es de l\u2019Association suisse des patrons [&hellip;]<\/p>\n","protected":false},"author":1,"featured_media":6233,"comment_status":"open","ping_status":"closed","sticky":false,"template":"","format":"standard","meta":{"_acf_changed":false,"footnotes":""},"categories":[41],"tags":[],"class_list":["post-8621","post","type-post","status-publish","format-standard","has-post-thumbnail","hentry","category-association"],"acf":[],"yoast_head":"<!-- This site is optimized with the Yoast SEO Premium plugin v26.8 (Yoast SEO v26.8) - https:\/\/yoast.com\/product\/yoast-seo-premium-wordpress\/ -->\n<title>L\u2019\u00e9volution de la branche et des entreprises en un coup d\u2019\u0153il | SBC<\/title>\n<meta name=\"robots\" content=\"index, follow, max-snippet:-1, max-image-preview:large, max-video-preview:-1\" \/>\n<link rel=\"canonical\" href=\"https:\/\/swissbaker.ch\/fr\/panissimo-news\/levolution-de-la-branche-et-des-entreprises-en-un-coup-doeil\/\" \/>\n<meta property=\"og:locale\" content=\"fr_FR\" \/>\n<meta property=\"og:type\" content=\"article\" \/>\n<meta property=\"og:title\" content=\"L\u2019\u00e9volution de la branche et des entreprises en un coup d\u2019\u0153il\" \/>\n<meta property=\"og:description\" content=\"Tout juste sorti de presse, le 11e Profil sectoriel de la boulangerie-p\u00e2tisserie- confiserie artisanale a \u00e9t\u00e9 envoy\u00e9 aux membres de la BCS. Les changements par rapport aux ann\u00e9es pr\u00e9c\u00e9dentes montrent clairement l\u2019\u00e9volution de l\u2019ensemble du secteur et des entreprises individuelles. Les chiffres de pr\u00e8s de 500 clients de la SBC Fiduciaire SA, et les donn\u00e9es de l\u2019Association suisse des patrons [&hellip;]\" \/>\n<meta property=\"og:url\" content=\"https:\/\/swissbaker.ch\/fr\/panissimo-news\/levolution-de-la-branche-et-des-entreprises-en-un-coup-doeil\/\" \/>\n<meta property=\"og:site_name\" content=\"SBC\" \/>\n<meta property=\"article:publisher\" content=\"https:\/\/www.facebook.com\/swissbaker.ch\" \/>\n<meta property=\"article:published_time\" content=\"2017-10-11T12:29:00+00:00\" \/>\n<meta property=\"article:modified_time\" content=\"2022-05-11T07:24:13+00:00\" \/>\n<meta property=\"og:image\" content=\"https:\/\/swissbaker.ch\/wp-content\/uploads\/2022\/04\/SBC_Branchenspiegel_2017_DE_lowres-1.jpg\" \/>\n\t<meta property=\"og:image:width\" content=\"432\" \/>\n\t<meta property=\"og:image:height\" content=\"600\" \/>\n\t<meta property=\"og:image:type\" content=\"image\/jpeg\" \/>\n<meta name=\"author\" content=\"azureart\" \/>\n<meta name=\"twitter:card\" content=\"summary_large_image\" \/>\n<meta name=\"twitter:creator\" content=\"@ch_swissbaker\" \/>\n<meta name=\"twitter:site\" content=\"@ch_swissbaker\" \/>\n<meta name=\"twitter:label1\" content=\"Written by\" \/>\n\t<meta name=\"twitter:data1\" content=\"azureart\" \/>\n\t<meta name=\"twitter:label2\" content=\"Est. reading time\" \/>\n\t<meta name=\"twitter:data2\" content=\"2 minutes\" \/>\n<script type=\"application\/ld+json\" class=\"yoast-schema-graph\">{\"@context\":\"https:\/\/schema.org\",\"@graph\":[{\"@type\":\"Article\",\"@id\":\"https:\/\/swissbaker.ch\/fr\/panissimo-news\/levolution-de-la-branche-et-des-entreprises-en-un-coup-doeil\/#article\",\"isPartOf\":{\"@id\":\"https:\/\/swissbaker.ch\/fr\/panissimo-news\/levolution-de-la-branche-et-des-entreprises-en-un-coup-doeil\/\"},\"author\":{\"name\":\"azureart\",\"@id\":\"https:\/\/swissbaker.ch\/fr\/#\/schema\/person\/058ac47619f7da53df62aba60f939b78\"},\"headline\":\"L\u2019\u00e9volution de la branche et des entreprises en un coup d\u2019\u0153il\",\"datePublished\":\"2017-10-11T12:29:00+00:00\",\"dateModified\":\"2022-05-11T07:24:13+00:00\",\"mainEntityOfPage\":{\"@id\":\"https:\/\/swissbaker.ch\/fr\/panissimo-news\/levolution-de-la-branche-et-des-entreprises-en-un-coup-doeil\/\"},\"wordCount\":260,\"commentCount\":0,\"publisher\":{\"@id\":\"https:\/\/swissbaker.ch\/fr\/#organization\"},\"image\":{\"@id\":\"https:\/\/swissbaker.ch\/fr\/panissimo-news\/levolution-de-la-branche-et-des-entreprises-en-un-coup-doeil\/#primaryimage\"},\"thumbnailUrl\":\"https:\/\/swissbaker.ch\/wp-content\/uploads\/2022\/04\/SBC_Branchenspiegel_2017_DE_lowres-1.jpg\",\"articleSection\":[\"Association\"],\"inLanguage\":\"fr-FR\",\"potentialAction\":[{\"@type\":\"CommentAction\",\"name\":\"Comment\",\"target\":[\"https:\/\/swissbaker.ch\/fr\/panissimo-news\/levolution-de-la-branche-et-des-entreprises-en-un-coup-doeil\/#respond\"]}]},{\"@type\":\"WebPage\",\"@id\":\"https:\/\/swissbaker.ch\/fr\/panissimo-news\/levolution-de-la-branche-et-des-entreprises-en-un-coup-doeil\/\",\"url\":\"https:\/\/swissbaker.ch\/fr\/panissimo-news\/levolution-de-la-branche-et-des-entreprises-en-un-coup-doeil\/\",\"name\":\"L\u2019\u00e9volution de la branche et des entreprises en un coup d\u2019\u0153il | SBC\",\"isPartOf\":{\"@id\":\"https:\/\/swissbaker.ch\/fr\/#website\"},\"primaryImageOfPage\":{\"@id\":\"https:\/\/swissbaker.ch\/fr\/panissimo-news\/levolution-de-la-branche-et-des-entreprises-en-un-coup-doeil\/#primaryimage\"},\"image\":{\"@id\":\"https:\/\/swissbaker.ch\/fr\/panissimo-news\/levolution-de-la-branche-et-des-entreprises-en-un-coup-doeil\/#primaryimage\"},\"thumbnailUrl\":\"https:\/\/swissbaker.ch\/wp-content\/uploads\/2022\/04\/SBC_Branchenspiegel_2017_DE_lowres-1.jpg\",\"datePublished\":\"2017-10-11T12:29:00+00:00\",\"dateModified\":\"2022-05-11T07:24:13+00:00\",\"breadcrumb\":{\"@id\":\"https:\/\/swissbaker.ch\/fr\/panissimo-news\/levolution-de-la-branche-et-des-entreprises-en-un-coup-doeil\/#breadcrumb\"},\"inLanguage\":\"fr-FR\",\"potentialAction\":[{\"@type\":\"ReadAction\",\"target\":[\"https:\/\/swissbaker.ch\/fr\/panissimo-news\/levolution-de-la-branche-et-des-entreprises-en-un-coup-doeil\/\"]}]},{\"@type\":\"ImageObject\",\"inLanguage\":\"fr-FR\",\"@id\":\"https:\/\/swissbaker.ch\/fr\/panissimo-news\/levolution-de-la-branche-et-des-entreprises-en-un-coup-doeil\/#primaryimage\",\"url\":\"https:\/\/swissbaker.ch\/wp-content\/uploads\/2022\/04\/SBC_Branchenspiegel_2017_DE_lowres-1.jpg\",\"contentUrl\":\"https:\/\/swissbaker.ch\/wp-content\/uploads\/2022\/04\/SBC_Branchenspiegel_2017_DE_lowres-1.jpg\",\"width\":432,\"height\":600,\"caption\":\"L\u2019\u00e9volution de la branche et des entreprises en un coup d\u2019\u0153il\"},{\"@type\":\"BreadcrumbList\",\"@id\":\"https:\/\/swissbaker.ch\/fr\/panissimo-news\/levolution-de-la-branche-et-des-entreprises-en-un-coup-doeil\/#breadcrumb\",\"itemListElement\":[{\"@type\":\"ListItem\",\"position\":1,\"name\":\"\",\"item\":\"https:\/\/swissbaker.ch\/fr\/\"},{\"@type\":\"ListItem\",\"position\":2,\"name\":\"Association\",\"item\":\"https:\/\/swissbaker.ch\/fr\/panissimo-news\/category\/association\/\"},{\"@type\":\"ListItem\",\"position\":3,\"name\":\"L\u2019\u00e9volution de la branche et des entreprises en un coup d\u2019\u0153il\"}]},{\"@type\":\"WebSite\",\"@id\":\"https:\/\/swissbaker.ch\/fr\/#website\",\"url\":\"https:\/\/swissbaker.ch\/fr\/\",\"name\":\"SBC\",\"description\":\"\",\"publisher\":{\"@id\":\"https:\/\/swissbaker.ch\/fr\/#organization\"},\"potentialAction\":[{\"@type\":\"SearchAction\",\"target\":{\"@type\":\"EntryPoint\",\"urlTemplate\":\"https:\/\/swissbaker.ch\/fr\/?s={search_term_string}\"},\"query-input\":{\"@type\":\"PropertyValueSpecification\",\"valueRequired\":true,\"valueName\":\"search_term_string\"}}],\"inLanguage\":\"fr-FR\"},{\"@type\":\"Organization\",\"@id\":\"https:\/\/swissbaker.ch\/fr\/#organization\",\"name\":\"Schweizerischer B\u00e4cker-Confiseurmeister-Verband\",\"url\":\"https:\/\/swissbaker.ch\/fr\/\",\"logo\":{\"@type\":\"ImageObject\",\"inLanguage\":\"fr-FR\",\"@id\":\"https:\/\/swissbaker.ch\/fr\/#\/schema\/logo\/image\/\",\"url\":\"https:\/\/swissbaker.ch\/wp-content\/uploads\/2022\/04\/sbc-logo-yoast.jpg\",\"contentUrl\":\"https:\/\/swissbaker.ch\/wp-content\/uploads\/2022\/04\/sbc-logo-yoast.jpg\",\"width\":512,\"height\":512,\"caption\":\"Schweizerischer B\u00e4cker-Confiseurmeister-Verband\"},\"image\":{\"@id\":\"https:\/\/swissbaker.ch\/fr\/#\/schema\/logo\/image\/\"},\"sameAs\":[\"https:\/\/www.facebook.com\/swissbaker.ch\",\"https:\/\/x.com\/ch_swissbaker\"]},{\"@type\":\"Person\",\"@id\":\"https:\/\/swissbaker.ch\/fr\/#\/schema\/person\/058ac47619f7da53df62aba60f939b78\",\"name\":\"azureart\",\"image\":{\"@type\":\"ImageObject\",\"inLanguage\":\"fr-FR\",\"@id\":\"https:\/\/swissbaker.ch\/fr\/#\/schema\/person\/image\/\",\"url\":\"https:\/\/secure.gravatar.com\/avatar\/be04dd3098fd612c83067af4f7a295384c93cb6a9112f51beb9d2f477d25da61?s=96&d=mm&r=g\",\"contentUrl\":\"https:\/\/secure.gravatar.com\/avatar\/be04dd3098fd612c83067af4f7a295384c93cb6a9112f51beb9d2f477d25da61?s=96&d=mm&r=g\",\"caption\":\"azureart\"},\"sameAs\":[\"https:\/\/swissbaker.ch\"],\"url\":\"https:\/\/swissbaker.ch\/fr\/panissimo-news\/author\/pixel-ahoi\/\"}]}<\/script>\n<!-- \/ Yoast SEO Premium plugin. -->","yoast_head_json":{"title":"L\u2019\u00e9volution de la branche et des entreprises en un coup d\u2019\u0153il | SBC","robots":{"index":"index","follow":"follow","max-snippet":"max-snippet:-1","max-image-preview":"max-image-preview:large","max-video-preview":"max-video-preview:-1"},"canonical":"https:\/\/swissbaker.ch\/fr\/panissimo-news\/levolution-de-la-branche-et-des-entreprises-en-un-coup-doeil\/","og_locale":"fr_FR","og_type":"article","og_title":"L\u2019\u00e9volution de la branche et des entreprises en un coup d\u2019\u0153il","og_description":"Tout juste sorti de presse, le 11e Profil sectoriel de la boulangerie-p\u00e2tisserie- confiserie artisanale a \u00e9t\u00e9 envoy\u00e9 aux membres de la BCS. Les changements par rapport aux ann\u00e9es pr\u00e9c\u00e9dentes montrent clairement l\u2019\u00e9volution de l\u2019ensemble du secteur et des entreprises individuelles. Les chiffres de pr\u00e8s de 500 clients de la SBC Fiduciaire SA, et les donn\u00e9es de l\u2019Association suisse des patrons [&hellip;]","og_url":"https:\/\/swissbaker.ch\/fr\/panissimo-news\/levolution-de-la-branche-et-des-entreprises-en-un-coup-doeil\/","og_site_name":"SBC","article_publisher":"https:\/\/www.facebook.com\/swissbaker.ch","article_published_time":"2017-10-11T12:29:00+00:00","article_modified_time":"2022-05-11T07:24:13+00:00","og_image":[{"width":432,"height":600,"url":"https:\/\/swissbaker.ch\/wp-content\/uploads\/2022\/04\/SBC_Branchenspiegel_2017_DE_lowres-1.jpg","type":"image\/jpeg"}],"author":"azureart","twitter_card":"summary_large_image","twitter_creator":"@ch_swissbaker","twitter_site":"@ch_swissbaker","twitter_misc":{"Written by":"azureart","Est. reading time":"2 minutes"},"schema":{"@context":"https:\/\/schema.org","@graph":[{"@type":"Article","@id":"https:\/\/swissbaker.ch\/fr\/panissimo-news\/levolution-de-la-branche-et-des-entreprises-en-un-coup-doeil\/#article","isPartOf":{"@id":"https:\/\/swissbaker.ch\/fr\/panissimo-news\/levolution-de-la-branche-et-des-entreprises-en-un-coup-doeil\/"},"author":{"name":"azureart","@id":"https:\/\/swissbaker.ch\/fr\/#\/schema\/person\/058ac47619f7da53df62aba60f939b78"},"headline":"L\u2019\u00e9volution de la branche et des entreprises en un coup d\u2019\u0153il","datePublished":"2017-10-11T12:29:00+00:00","dateModified":"2022-05-11T07:24:13+00:00","mainEntityOfPage":{"@id":"https:\/\/swissbaker.ch\/fr\/panissimo-news\/levolution-de-la-branche-et-des-entreprises-en-un-coup-doeil\/"},"wordCount":260,"commentCount":0,"publisher":{"@id":"https:\/\/swissbaker.ch\/fr\/#organization"},"image":{"@id":"https:\/\/swissbaker.ch\/fr\/panissimo-news\/levolution-de-la-branche-et-des-entreprises-en-un-coup-doeil\/#primaryimage"},"thumbnailUrl":"https:\/\/swissbaker.ch\/wp-content\/uploads\/2022\/04\/SBC_Branchenspiegel_2017_DE_lowres-1.jpg","articleSection":["Association"],"inLanguage":"fr-FR","potentialAction":[{"@type":"CommentAction","name":"Comment","target":["https:\/\/swissbaker.ch\/fr\/panissimo-news\/levolution-de-la-branche-et-des-entreprises-en-un-coup-doeil\/#respond"]}]},{"@type":"WebPage","@id":"https:\/\/swissbaker.ch\/fr\/panissimo-news\/levolution-de-la-branche-et-des-entreprises-en-un-coup-doeil\/","url":"https:\/\/swissbaker.ch\/fr\/panissimo-news\/levolution-de-la-branche-et-des-entreprises-en-un-coup-doeil\/","name":"L\u2019\u00e9volution de la branche et des entreprises en un coup d\u2019\u0153il | SBC","isPartOf":{"@id":"https:\/\/swissbaker.ch\/fr\/#website"},"primaryImageOfPage":{"@id":"https:\/\/swissbaker.ch\/fr\/panissimo-news\/levolution-de-la-branche-et-des-entreprises-en-un-coup-doeil\/#primaryimage"},"image":{"@id":"https:\/\/swissbaker.ch\/fr\/panissimo-news\/levolution-de-la-branche-et-des-entreprises-en-un-coup-doeil\/#primaryimage"},"thumbnailUrl":"https:\/\/swissbaker.ch\/wp-content\/uploads\/2022\/04\/SBC_Branchenspiegel_2017_DE_lowres-1.jpg","datePublished":"2017-10-11T12:29:00+00:00","dateModified":"2022-05-11T07:24:13+00:00","breadcrumb":{"@id":"https:\/\/swissbaker.ch\/fr\/panissimo-news\/levolution-de-la-branche-et-des-entreprises-en-un-coup-doeil\/#breadcrumb"},"inLanguage":"fr-FR","potentialAction":[{"@type":"ReadAction","target":["https:\/\/swissbaker.ch\/fr\/panissimo-news\/levolution-de-la-branche-et-des-entreprises-en-un-coup-doeil\/"]}]},{"@type":"ImageObject","inLanguage":"fr-FR","@id":"https:\/\/swissbaker.ch\/fr\/panissimo-news\/levolution-de-la-branche-et-des-entreprises-en-un-coup-doeil\/#primaryimage","url":"https:\/\/swissbaker.ch\/wp-content\/uploads\/2022\/04\/SBC_Branchenspiegel_2017_DE_lowres-1.jpg","contentUrl":"https:\/\/swissbaker.ch\/wp-content\/uploads\/2022\/04\/SBC_Branchenspiegel_2017_DE_lowres-1.jpg","width":432,"height":600,"caption":"L\u2019\u00e9volution de la branche et des entreprises en un coup d\u2019\u0153il"},{"@type":"BreadcrumbList","@id":"https:\/\/swissbaker.ch\/fr\/panissimo-news\/levolution-de-la-branche-et-des-entreprises-en-un-coup-doeil\/#breadcrumb","itemListElement":[{"@type":"ListItem","position":1,"name":"","item":"https:\/\/swissbaker.ch\/fr\/"},{"@type":"ListItem","position":2,"name":"Association","item":"https:\/\/swissbaker.ch\/fr\/panissimo-news\/category\/association\/"},{"@type":"ListItem","position":3,"name":"L\u2019\u00e9volution de la branche et des entreprises en un coup d\u2019\u0153il"}]},{"@type":"WebSite","@id":"https:\/\/swissbaker.ch\/fr\/#website","url":"https:\/\/swissbaker.ch\/fr\/","name":"SBC","description":"","publisher":{"@id":"https:\/\/swissbaker.ch\/fr\/#organization"},"potentialAction":[{"@type":"SearchAction","target":{"@type":"EntryPoint","urlTemplate":"https:\/\/swissbaker.ch\/fr\/?s={search_term_string}"},"query-input":{"@type":"PropertyValueSpecification","valueRequired":true,"valueName":"search_term_string"}}],"inLanguage":"fr-FR"},{"@type":"Organization","@id":"https:\/\/swissbaker.ch\/fr\/#organization","name":"Schweizerischer B\u00e4cker-Confiseurmeister-Verband","url":"https:\/\/swissbaker.ch\/fr\/","logo":{"@type":"ImageObject","inLanguage":"fr-FR","@id":"https:\/\/swissbaker.ch\/fr\/#\/schema\/logo\/image\/","url":"https:\/\/swissbaker.ch\/wp-content\/uploads\/2022\/04\/sbc-logo-yoast.jpg","contentUrl":"https:\/\/swissbaker.ch\/wp-content\/uploads\/2022\/04\/sbc-logo-yoast.jpg","width":512,"height":512,"caption":"Schweizerischer B\u00e4cker-Confiseurmeister-Verband"},"image":{"@id":"https:\/\/swissbaker.ch\/fr\/#\/schema\/logo\/image\/"},"sameAs":["https:\/\/www.facebook.com\/swissbaker.ch","https:\/\/x.com\/ch_swissbaker"]},{"@type":"Person","@id":"https:\/\/swissbaker.ch\/fr\/#\/schema\/person\/058ac47619f7da53df62aba60f939b78","name":"azureart","image":{"@type":"ImageObject","inLanguage":"fr-FR","@id":"https:\/\/swissbaker.ch\/fr\/#\/schema\/person\/image\/","url":"https:\/\/secure.gravatar.com\/avatar\/be04dd3098fd612c83067af4f7a295384c93cb6a9112f51beb9d2f477d25da61?s=96&d=mm&r=g","contentUrl":"https:\/\/secure.gravatar.com\/avatar\/be04dd3098fd612c83067af4f7a295384c93cb6a9112f51beb9d2f477d25da61?s=96&d=mm&r=g","caption":"azureart"},"sameAs":["https:\/\/swissbaker.ch"],"url":"https:\/\/swissbaker.ch\/fr\/panissimo-news\/author\/pixel-ahoi\/"}]}},"_links":{"self":[{"href":"https:\/\/swissbaker.ch\/fr\/wp-json\/wp\/v2\/posts\/8621","targetHints":{"allow":["GET"]}}],"collection":[{"href":"https:\/\/swissbaker.ch\/fr\/wp-json\/wp\/v2\/posts"}],"about":[{"href":"https:\/\/swissbaker.ch\/fr\/wp-json\/wp\/v2\/types\/post"}],"author":[{"embeddable":true,"href":"https:\/\/swissbaker.ch\/fr\/wp-json\/wp\/v2\/users\/1"}],"replies":[{"embeddable":true,"href":"https:\/\/swissbaker.ch\/fr\/wp-json\/wp\/v2\/comments?post=8621"}],"version-history":[{"count":0,"href":"https:\/\/swissbaker.ch\/fr\/wp-json\/wp\/v2\/posts\/8621\/revisions"}],"wp:featuredmedia":[{"embeddable":true,"href":"https:\/\/swissbaker.ch\/fr\/wp-json\/wp\/v2\/media\/6233"}],"wp:attachment":[{"href":"https:\/\/swissbaker.ch\/fr\/wp-json\/wp\/v2\/media?parent=8621"}],"wp:term":[{"taxonomy":"category","embeddable":true,"href":"https:\/\/swissbaker.ch\/fr\/wp-json\/wp\/v2\/categories?post=8621"},{"taxonomy":"post_tag","embeddable":true,"href":"https:\/\/swissbaker.ch\/fr\/wp-json\/wp\/v2\/tags?post=8621"}],"curies":[{"name":"wp","href":"https:\/\/api.w.org\/{rel}","templated":true}]}}