{"id":85978,"date":"2024-11-07T10:32:57","date_gmt":"2024-11-07T09:32:57","guid":{"rendered":"https:\/\/swissbaker.ch\/?p=85978"},"modified":"2024-11-07T10:54:30","modified_gmt":"2024-11-07T09:54:30","slug":"bis-repetita-pour-la-boulangerie-buchs","status":"publish","type":"post","link":"https:\/\/swissbaker.ch\/fr\/panissimo-news\/bis-repetita-pour-la-boulangerie-buchs\/","title":{"rendered":"Bis repetita pour la boulangerie Buchs"},"content":{"rendered":"\n<p><strong>La remise des prix de l\u2019Evaluation cantonale de la Cuchaule AOP s\u2019est tenue \u00e0 Bulle. Eric et Laurence Buchs boulangers \u00e0 Jaun sont mont\u00e9s sur la plus haute marche.<\/strong><\/p>\n\n\n\n<p>La remise des prix de la 6e Evaluation cantonale de la Cuchaule AOP s\u2019est tenue le2 novembre sur le stand du Swiss Bakery Trophy \u00e0 Bulle (FR). Avec 98 points sur 100, la boulangerie Buchs \u00e0 Jaun a remport\u00e9 le 1er prix. Elle l\u2019avait d\u00e9croch\u00e9 une premi\u00e8re fois en 2022.<\/p>\n\n\n\n<p>Chaque ann\u00e9e, les entreprises certifi\u00e9es doivent soumettre une de ces sp\u00e9cialit\u00e9s pour \u00e9valuation. La derni\u00e8re s\u2019est tenue \u00e0 la mi-septembre \u00ab\u00a0en l\u2019absence de public afin de ne pas entraver la taxation\u00a0\u00bb, a soulign\u00e9 le pr\u00e9sident de l\u2019Interprofession Daniel Blanc. Des taxateurs professionnels ont \u00e9valu\u00e9 cinquante brioches safran\u00e9es, 32 producteurs ont obtenu 90 points et donc un dipl\u00f4me. <\/p>\n\n\n\n<figure class=\"wp-block-image size-large\"><img decoding=\"async\" width=\"1024\" height=\"608\" src=\"https:\/\/swissbaker.ch\/wp-content\/uploads\/2024\/11\/21_1_cuchaule_aop_2024-1024x608.jpg\" alt=\"\" class=\"wp-image-85974\" srcset=\"https:\/\/swissbaker.ch\/wp-content\/uploads\/2024\/11\/21_1_cuchaule_aop_2024-1024x608.jpg 1024w, https:\/\/swissbaker.ch\/wp-content\/uploads\/2024\/11\/21_1_cuchaule_aop_2024-768x456.jpg 768w, https:\/\/swissbaker.ch\/wp-content\/uploads\/2024\/11\/21_1_cuchaule_aop_2024.jpg 1200w\" sizes=\"(max-width: 1024px) 100vw, 1024px\" \/><figcaption class=\"wp-element-caption\"><em>Podium\u00a0: 1er B\u00e4ckerei Buchs GmbH (98 pts), Jaun; 2es Boulangerie de Grandvillard S\u00e0rl (96), Grandvillard\u00a0; Boulangerie &#8211; P\u00e2tisserie R. (96), Bulle; B\u00e4ckerei Fontana AG (96), Planfayon; 3es: Au Vieux Grenier SA (95), Grolley\u00a0; Boulangerie &#8211; Alimentation Hauser S\u00e0rl (95), Ch\u00e2bles.<\/em><\/figcaption><\/figure>\n\n\n\n<p class=\"has-text-align-right\">com\/jr<\/p>\n","protected":false},"excerpt":{"rendered":"<p>La remise des prix de l\u2019Evaluation cantonale de la Cuchaule AOP s\u2019est tenue \u00e0 Bulle. Eric et Laurence Buchs boulangers \u00e0 Jaun sont mont\u00e9s sur la plus haute marche.<\/p>\n","protected":false},"author":5,"featured_media":85974,"comment_status":"closed","ping_status":"closed","sticky":true,"template":"","format":"standard","meta":{"_acf_changed":false,"footnotes":""},"categories":[40],"tags":[682,681],"class_list":["post-85978","post","type-post","status-publish","format-standard","has-post-thumbnail","hentry","category-des-cantons","tag-boulangerie-buchs","tag-la-remise-des-prix-de-la-cuchaule-aop"],"acf":[],"yoast_head":"<!-- This site is optimized with the Yoast SEO Premium plugin v26.8 (Yoast SEO v26.8) - https:\/\/yoast.com\/product\/yoast-seo-premium-wordpress\/ -->\n<title>Bis repetita pour la boulangerie Buchs | SBC<\/title>\n<meta name=\"robots\" content=\"index, follow, max-snippet:-1, max-image-preview:large, max-video-preview:-1\" \/>\n<link rel=\"canonical\" href=\"https:\/\/swissbaker.ch\/fr\/panissimo-news\/bis-repetita-pour-la-boulangerie-buchs\/\" \/>\n<meta property=\"og:locale\" content=\"fr_FR\" \/>\n<meta property=\"og:type\" content=\"article\" \/>\n<meta property=\"og:title\" content=\"Bis repetita pour la boulangerie Buchs\" \/>\n<meta property=\"og:description\" content=\"La remise des prix de l\u2019Evaluation cantonale de la Cuchaule AOP s\u2019est tenue \u00e0 Bulle. Eric et Laurence Buchs boulangers \u00e0 Jaun sont mont\u00e9s sur la plus haute marche.\" \/>\n<meta property=\"og:url\" content=\"https:\/\/swissbaker.ch\/fr\/panissimo-news\/bis-repetita-pour-la-boulangerie-buchs\/\" \/>\n<meta property=\"og:site_name\" content=\"SBC\" \/>\n<meta property=\"article:publisher\" content=\"https:\/\/www.facebook.com\/swissbaker.ch\" \/>\n<meta property=\"article:published_time\" content=\"2024-11-07T09:32:57+00:00\" \/>\n<meta property=\"article:modified_time\" content=\"2024-11-07T09:54:30+00:00\" \/>\n<meta property=\"og:image\" content=\"https:\/\/swissbaker.ch\/wp-content\/uploads\/2024\/11\/21_1_cuchaule_aop_2024.jpg\" \/>\n\t<meta property=\"og:image:width\" content=\"1200\" \/>\n\t<meta property=\"og:image:height\" content=\"712\" \/>\n\t<meta property=\"og:image:type\" content=\"image\/jpeg\" \/>\n<meta name=\"author\" content=\"Simon Nussbaum\" \/>\n<meta name=\"twitter:card\" content=\"summary_large_image\" \/>\n<meta name=\"twitter:creator\" content=\"@ch_swissbaker\" \/>\n<meta name=\"twitter:site\" content=\"@ch_swissbaker\" \/>\n<meta name=\"twitter:label1\" content=\"Written by\" \/>\n\t<meta name=\"twitter:data1\" content=\"Simon Nussbaum\" \/>\n\t<meta name=\"twitter:label2\" content=\"Est. reading time\" \/>\n\t<meta name=\"twitter:data2\" content=\"1 minute\" \/>\n<script type=\"application\/ld+json\" class=\"yoast-schema-graph\">{\"@context\":\"https:\/\/schema.org\",\"@graph\":[{\"@type\":\"Article\",\"@id\":\"https:\/\/swissbaker.ch\/fr\/panissimo-news\/bis-repetita-pour-la-boulangerie-buchs\/#article\",\"isPartOf\":{\"@id\":\"https:\/\/swissbaker.ch\/fr\/panissimo-news\/bis-repetita-pour-la-boulangerie-buchs\/\"},\"author\":{\"name\":\"Simon Nussbaum\",\"@id\":\"https:\/\/swissbaker.ch\/fr\/#\/schema\/person\/74bd327b08c18ca6042c02ff6f0ed5e2\"},\"headline\":\"Bis repetita pour la boulangerie Buchs\",\"datePublished\":\"2024-11-07T09:32:57+00:00\",\"dateModified\":\"2024-11-07T09:54:30+00:00\",\"mainEntityOfPage\":{\"@id\":\"https:\/\/swissbaker.ch\/fr\/panissimo-news\/bis-repetita-pour-la-boulangerie-buchs\/\"},\"wordCount\":192,\"publisher\":{\"@id\":\"https:\/\/swissbaker.ch\/fr\/#organization\"},\"image\":{\"@id\":\"https:\/\/swissbaker.ch\/fr\/panissimo-news\/bis-repetita-pour-la-boulangerie-buchs\/#primaryimage\"},\"thumbnailUrl\":\"https:\/\/swissbaker.ch\/wp-content\/uploads\/2024\/11\/21_1_cuchaule_aop_2024.jpg\",\"keywords\":[\"Boulangerie Buchs\",\"La remise des prix de la Cuchaule AOP\"],\"articleSection\":[\"Des cantons\"],\"inLanguage\":\"fr-FR\"},{\"@type\":\"WebPage\",\"@id\":\"https:\/\/swissbaker.ch\/fr\/panissimo-news\/bis-repetita-pour-la-boulangerie-buchs\/\",\"url\":\"https:\/\/swissbaker.ch\/fr\/panissimo-news\/bis-repetita-pour-la-boulangerie-buchs\/\",\"name\":\"Bis repetita pour la boulangerie Buchs | SBC\",\"isPartOf\":{\"@id\":\"https:\/\/swissbaker.ch\/fr\/#website\"},\"primaryImageOfPage\":{\"@id\":\"https:\/\/swissbaker.ch\/fr\/panissimo-news\/bis-repetita-pour-la-boulangerie-buchs\/#primaryimage\"},\"image\":{\"@id\":\"https:\/\/swissbaker.ch\/fr\/panissimo-news\/bis-repetita-pour-la-boulangerie-buchs\/#primaryimage\"},\"thumbnailUrl\":\"https:\/\/swissbaker.ch\/wp-content\/uploads\/2024\/11\/21_1_cuchaule_aop_2024.jpg\",\"datePublished\":\"2024-11-07T09:32:57+00:00\",\"dateModified\":\"2024-11-07T09:54:30+00:00\",\"breadcrumb\":{\"@id\":\"https:\/\/swissbaker.ch\/fr\/panissimo-news\/bis-repetita-pour-la-boulangerie-buchs\/#breadcrumb\"},\"inLanguage\":\"fr-FR\",\"potentialAction\":[{\"@type\":\"ReadAction\",\"target\":[\"https:\/\/swissbaker.ch\/fr\/panissimo-news\/bis-repetita-pour-la-boulangerie-buchs\/\"]}]},{\"@type\":\"ImageObject\",\"inLanguage\":\"fr-FR\",\"@id\":\"https:\/\/swissbaker.ch\/fr\/panissimo-news\/bis-repetita-pour-la-boulangerie-buchs\/#primaryimage\",\"url\":\"https:\/\/swissbaker.ch\/wp-content\/uploads\/2024\/11\/21_1_cuchaule_aop_2024.jpg\",\"contentUrl\":\"https:\/\/swissbaker.ch\/wp-content\/uploads\/2024\/11\/21_1_cuchaule_aop_2024.jpg\",\"width\":1200,\"height\":712},{\"@type\":\"BreadcrumbList\",\"@id\":\"https:\/\/swissbaker.ch\/fr\/panissimo-news\/bis-repetita-pour-la-boulangerie-buchs\/#breadcrumb\",\"itemListElement\":[{\"@type\":\"ListItem\",\"position\":1,\"name\":\"\",\"item\":\"https:\/\/swissbaker.ch\/fr\/\"},{\"@type\":\"ListItem\",\"position\":2,\"name\":\"Des cantons\",\"item\":\"https:\/\/swissbaker.ch\/fr\/panissimo-news\/category\/des-cantons\/\"},{\"@type\":\"ListItem\",\"position\":3,\"name\":\"Bis repetita pour la boulangerie Buchs\"}]},{\"@type\":\"WebSite\",\"@id\":\"https:\/\/swissbaker.ch\/fr\/#website\",\"url\":\"https:\/\/swissbaker.ch\/fr\/\",\"name\":\"SBC\",\"description\":\"\",\"publisher\":{\"@id\":\"https:\/\/swissbaker.ch\/fr\/#organization\"},\"potentialAction\":[{\"@type\":\"SearchAction\",\"target\":{\"@type\":\"EntryPoint\",\"urlTemplate\":\"https:\/\/swissbaker.ch\/fr\/?s={search_term_string}\"},\"query-input\":{\"@type\":\"PropertyValueSpecification\",\"valueRequired\":true,\"valueName\":\"search_term_string\"}}],\"inLanguage\":\"fr-FR\"},{\"@type\":\"Organization\",\"@id\":\"https:\/\/swissbaker.ch\/fr\/#organization\",\"name\":\"Schweizerischer B\u00e4cker-Confiseurmeister-Verband\",\"url\":\"https:\/\/swissbaker.ch\/fr\/\",\"logo\":{\"@type\":\"ImageObject\",\"inLanguage\":\"fr-FR\",\"@id\":\"https:\/\/swissbaker.ch\/fr\/#\/schema\/logo\/image\/\",\"url\":\"https:\/\/swissbaker.ch\/wp-content\/uploads\/2022\/04\/sbc-logo-yoast.jpg\",\"contentUrl\":\"https:\/\/swissbaker.ch\/wp-content\/uploads\/2022\/04\/sbc-logo-yoast.jpg\",\"width\":512,\"height\":512,\"caption\":\"Schweizerischer B\u00e4cker-Confiseurmeister-Verband\"},\"image\":{\"@id\":\"https:\/\/swissbaker.ch\/fr\/#\/schema\/logo\/image\/\"},\"sameAs\":[\"https:\/\/www.facebook.com\/swissbaker.ch\",\"https:\/\/x.com\/ch_swissbaker\"]},{\"@type\":\"Person\",\"@id\":\"https:\/\/swissbaker.ch\/fr\/#\/schema\/person\/74bd327b08c18ca6042c02ff6f0ed5e2\",\"name\":\"Simon Nussbaum\",\"image\":{\"@type\":\"ImageObject\",\"inLanguage\":\"fr-FR\",\"@id\":\"https:\/\/swissbaker.ch\/fr\/#\/schema\/person\/image\/\",\"url\":\"https:\/\/secure.gravatar.com\/avatar\/df0eced3bb556c806cb760cf503ade1ed1df25b4104d80d6fd28d93a9509aa12?s=96&d=mm&r=g\",\"contentUrl\":\"https:\/\/secure.gravatar.com\/avatar\/df0eced3bb556c806cb760cf503ade1ed1df25b4104d80d6fd28d93a9509aa12?s=96&d=mm&r=g\",\"caption\":\"Simon Nussbaum\"},\"url\":\"https:\/\/swissbaker.ch\/fr\/panissimo-news\/author\/simon-nussbaum\/\"}]}<\/script>\n<!-- \/ Yoast SEO Premium plugin. -->","yoast_head_json":{"title":"Bis repetita pour la boulangerie Buchs | SBC","robots":{"index":"index","follow":"follow","max-snippet":"max-snippet:-1","max-image-preview":"max-image-preview:large","max-video-preview":"max-video-preview:-1"},"canonical":"https:\/\/swissbaker.ch\/fr\/panissimo-news\/bis-repetita-pour-la-boulangerie-buchs\/","og_locale":"fr_FR","og_type":"article","og_title":"Bis repetita pour la boulangerie Buchs","og_description":"La remise des prix de l\u2019Evaluation cantonale de la Cuchaule AOP s\u2019est tenue \u00e0 Bulle. Eric et Laurence Buchs boulangers \u00e0 Jaun sont mont\u00e9s sur la plus haute marche.","og_url":"https:\/\/swissbaker.ch\/fr\/panissimo-news\/bis-repetita-pour-la-boulangerie-buchs\/","og_site_name":"SBC","article_publisher":"https:\/\/www.facebook.com\/swissbaker.ch","article_published_time":"2024-11-07T09:32:57+00:00","article_modified_time":"2024-11-07T09:54:30+00:00","og_image":[{"width":1200,"height":712,"url":"https:\/\/swissbaker.ch\/wp-content\/uploads\/2024\/11\/21_1_cuchaule_aop_2024.jpg","type":"image\/jpeg"}],"author":"Simon Nussbaum","twitter_card":"summary_large_image","twitter_creator":"@ch_swissbaker","twitter_site":"@ch_swissbaker","twitter_misc":{"Written by":"Simon Nussbaum","Est. reading time":"1 minute"},"schema":{"@context":"https:\/\/schema.org","@graph":[{"@type":"Article","@id":"https:\/\/swissbaker.ch\/fr\/panissimo-news\/bis-repetita-pour-la-boulangerie-buchs\/#article","isPartOf":{"@id":"https:\/\/swissbaker.ch\/fr\/panissimo-news\/bis-repetita-pour-la-boulangerie-buchs\/"},"author":{"name":"Simon Nussbaum","@id":"https:\/\/swissbaker.ch\/fr\/#\/schema\/person\/74bd327b08c18ca6042c02ff6f0ed5e2"},"headline":"Bis repetita pour la boulangerie Buchs","datePublished":"2024-11-07T09:32:57+00:00","dateModified":"2024-11-07T09:54:30+00:00","mainEntityOfPage":{"@id":"https:\/\/swissbaker.ch\/fr\/panissimo-news\/bis-repetita-pour-la-boulangerie-buchs\/"},"wordCount":192,"publisher":{"@id":"https:\/\/swissbaker.ch\/fr\/#organization"},"image":{"@id":"https:\/\/swissbaker.ch\/fr\/panissimo-news\/bis-repetita-pour-la-boulangerie-buchs\/#primaryimage"},"thumbnailUrl":"https:\/\/swissbaker.ch\/wp-content\/uploads\/2024\/11\/21_1_cuchaule_aop_2024.jpg","keywords":["Boulangerie Buchs","La remise des prix de la Cuchaule AOP"],"articleSection":["Des cantons"],"inLanguage":"fr-FR"},{"@type":"WebPage","@id":"https:\/\/swissbaker.ch\/fr\/panissimo-news\/bis-repetita-pour-la-boulangerie-buchs\/","url":"https:\/\/swissbaker.ch\/fr\/panissimo-news\/bis-repetita-pour-la-boulangerie-buchs\/","name":"Bis repetita pour la boulangerie Buchs | SBC","isPartOf":{"@id":"https:\/\/swissbaker.ch\/fr\/#website"},"primaryImageOfPage":{"@id":"https:\/\/swissbaker.ch\/fr\/panissimo-news\/bis-repetita-pour-la-boulangerie-buchs\/#primaryimage"},"image":{"@id":"https:\/\/swissbaker.ch\/fr\/panissimo-news\/bis-repetita-pour-la-boulangerie-buchs\/#primaryimage"},"thumbnailUrl":"https:\/\/swissbaker.ch\/wp-content\/uploads\/2024\/11\/21_1_cuchaule_aop_2024.jpg","datePublished":"2024-11-07T09:32:57+00:00","dateModified":"2024-11-07T09:54:30+00:00","breadcrumb":{"@id":"https:\/\/swissbaker.ch\/fr\/panissimo-news\/bis-repetita-pour-la-boulangerie-buchs\/#breadcrumb"},"inLanguage":"fr-FR","potentialAction":[{"@type":"ReadAction","target":["https:\/\/swissbaker.ch\/fr\/panissimo-news\/bis-repetita-pour-la-boulangerie-buchs\/"]}]},{"@type":"ImageObject","inLanguage":"fr-FR","@id":"https:\/\/swissbaker.ch\/fr\/panissimo-news\/bis-repetita-pour-la-boulangerie-buchs\/#primaryimage","url":"https:\/\/swissbaker.ch\/wp-content\/uploads\/2024\/11\/21_1_cuchaule_aop_2024.jpg","contentUrl":"https:\/\/swissbaker.ch\/wp-content\/uploads\/2024\/11\/21_1_cuchaule_aop_2024.jpg","width":1200,"height":712},{"@type":"BreadcrumbList","@id":"https:\/\/swissbaker.ch\/fr\/panissimo-news\/bis-repetita-pour-la-boulangerie-buchs\/#breadcrumb","itemListElement":[{"@type":"ListItem","position":1,"name":"","item":"https:\/\/swissbaker.ch\/fr\/"},{"@type":"ListItem","position":2,"name":"Des cantons","item":"https:\/\/swissbaker.ch\/fr\/panissimo-news\/category\/des-cantons\/"},{"@type":"ListItem","position":3,"name":"Bis repetita pour la boulangerie Buchs"}]},{"@type":"WebSite","@id":"https:\/\/swissbaker.ch\/fr\/#website","url":"https:\/\/swissbaker.ch\/fr\/","name":"SBC","description":"","publisher":{"@id":"https:\/\/swissbaker.ch\/fr\/#organization"},"potentialAction":[{"@type":"SearchAction","target":{"@type":"EntryPoint","urlTemplate":"https:\/\/swissbaker.ch\/fr\/?s={search_term_string}"},"query-input":{"@type":"PropertyValueSpecification","valueRequired":true,"valueName":"search_term_string"}}],"inLanguage":"fr-FR"},{"@type":"Organization","@id":"https:\/\/swissbaker.ch\/fr\/#organization","name":"Schweizerischer B\u00e4cker-Confiseurmeister-Verband","url":"https:\/\/swissbaker.ch\/fr\/","logo":{"@type":"ImageObject","inLanguage":"fr-FR","@id":"https:\/\/swissbaker.ch\/fr\/#\/schema\/logo\/image\/","url":"https:\/\/swissbaker.ch\/wp-content\/uploads\/2022\/04\/sbc-logo-yoast.jpg","contentUrl":"https:\/\/swissbaker.ch\/wp-content\/uploads\/2022\/04\/sbc-logo-yoast.jpg","width":512,"height":512,"caption":"Schweizerischer B\u00e4cker-Confiseurmeister-Verband"},"image":{"@id":"https:\/\/swissbaker.ch\/fr\/#\/schema\/logo\/image\/"},"sameAs":["https:\/\/www.facebook.com\/swissbaker.ch","https:\/\/x.com\/ch_swissbaker"]},{"@type":"Person","@id":"https:\/\/swissbaker.ch\/fr\/#\/schema\/person\/74bd327b08c18ca6042c02ff6f0ed5e2","name":"Simon Nussbaum","image":{"@type":"ImageObject","inLanguage":"fr-FR","@id":"https:\/\/swissbaker.ch\/fr\/#\/schema\/person\/image\/","url":"https:\/\/secure.gravatar.com\/avatar\/df0eced3bb556c806cb760cf503ade1ed1df25b4104d80d6fd28d93a9509aa12?s=96&d=mm&r=g","contentUrl":"https:\/\/secure.gravatar.com\/avatar\/df0eced3bb556c806cb760cf503ade1ed1df25b4104d80d6fd28d93a9509aa12?s=96&d=mm&r=g","caption":"Simon Nussbaum"},"url":"https:\/\/swissbaker.ch\/fr\/panissimo-news\/author\/simon-nussbaum\/"}]}},"_links":{"self":[{"href":"https:\/\/swissbaker.ch\/fr\/wp-json\/wp\/v2\/posts\/85978","targetHints":{"allow":["GET"]}}],"collection":[{"href":"https:\/\/swissbaker.ch\/fr\/wp-json\/wp\/v2\/posts"}],"about":[{"href":"https:\/\/swissbaker.ch\/fr\/wp-json\/wp\/v2\/types\/post"}],"author":[{"embeddable":true,"href":"https:\/\/swissbaker.ch\/fr\/wp-json\/wp\/v2\/users\/5"}],"replies":[{"embeddable":true,"href":"https:\/\/swissbaker.ch\/fr\/wp-json\/wp\/v2\/comments?post=85978"}],"version-history":[{"count":0,"href":"https:\/\/swissbaker.ch\/fr\/wp-json\/wp\/v2\/posts\/85978\/revisions"}],"wp:featuredmedia":[{"embeddable":true,"href":"https:\/\/swissbaker.ch\/fr\/wp-json\/wp\/v2\/media\/85974"}],"wp:attachment":[{"href":"https:\/\/swissbaker.ch\/fr\/wp-json\/wp\/v2\/media?parent=85978"}],"wp:term":[{"taxonomy":"category","embeddable":true,"href":"https:\/\/swissbaker.ch\/fr\/wp-json\/wp\/v2\/categories?post=85978"},{"taxonomy":"post_tag","embeddable":true,"href":"https:\/\/swissbaker.ch\/fr\/wp-json\/wp\/v2\/tags?post=85978"}],"curies":[{"name":"wp","href":"https:\/\/api.w.org\/{rel}","templated":true}]}}