{"id":8578,"date":"2017-10-05T08:55:00","date_gmt":"2017-10-05T06:55:00","guid":{"rendered":"https:\/\/swissbaker.ch\/?p=8578"},"modified":"2022-05-11T08:58:17","modified_gmt":"2022-05-11T06:58:17","slug":"deja-commande-le-calendrier-des-saveurs-2018","status":"publish","type":"post","link":"https:\/\/swissbaker.ch\/fr\/panissimo-news\/deja-commande-le-calendrier-des-saveurs-2018\/","title":{"rendered":"D\u00e9j\u00e0 command\u00e9 le calendrier des saveurs 2018\u2009?"},"content":{"rendered":"\n<p><strong>Il y a quelques semaines, toutes les entreprises ont re\u00e7u un calendrier des saveurs 2018 personnalis\u00e9. L\u2019enveloppe accrocheuse de cet envoi n\u2019a certainement \u00e9chapp\u00e9 \u00e0 personne.<\/strong><\/p>\n\n\n\n<p>Ne laissez pas cette enveloppe de c\u00f4t\u00e9\u2009! Saisissez cette opportunit\u00e9 en passant commande aujourd\u2019hui. Gr\u00e2ce aux adaptations de mise en page, nous pouvons offrir plus rapidement que pr\u00e9vu les bons \u00e0 tirer aux entreprises. Nous leur garantissons ainsi le respect du d\u00e9lai de livraison souhait\u00e9.<\/p>\n\n\n\n<h2 class=\"wp-block-heading\" id=\"h-de-superbes-cartes-a-commander-en-meme-temps\">De superbes cartes \u00e0 commander en m\u00eame temps<\/h2>\n\n\n\n<p>Ces jolies cartes postales avec des sujets de notre branche offrent beaucoup de chance aux petites entreprises de marquer des points aupr\u00e8s de leur client\u00e8le, avec une petite attention. Pas besoin de 1000 mots. Un merci \u00e9crit \u00e0 la main pour une commande plus importante que d\u2019habitude, ou accompagnant la facture mensuelle, peut constituer un geste inoubliable.<\/p>\n\n\n\n<p>Les commandes des deux produits peuvent \u00eatre pass\u00e9es au moyen des formulaires re\u00e7us r\u00e9cemment. Elles peuvent \u00e9galement se faire via <a href=\"http:\/\/www.calendrier-des-saveurs.ch\/\">www.calendrier-des-saveurs.ch.<\/a><\/p>\n","protected":false},"excerpt":{"rendered":"<p>Il y a quelques semaines, toutes les entreprises ont re\u00e7u un calendrier des saveurs 2018 personnalis\u00e9. L\u2019enveloppe accrocheuse de cet envoi n\u2019a certainement \u00e9chapp\u00e9 \u00e0 personne. Ne laissez pas cette enveloppe de c\u00f4t\u00e9\u2009! Saisissez cette opportunit\u00e9 en passant commande aujourd\u2019hui. Gr\u00e2ce aux adaptations de mise en page, nous pouvons offrir plus rapidement que pr\u00e9vu les bons \u00e0 tirer aux entreprises. [&hellip;]<\/p>\n","protected":false},"author":1,"featured_media":8580,"comment_status":"open","ping_status":"closed","sticky":false,"template":"","format":"standard","meta":{"_acf_changed":false,"footnotes":""},"categories":[41],"tags":[],"class_list":["post-8578","post","type-post","status-publish","format-standard","has-post-thumbnail","hentry","category-association"],"acf":[],"yoast_head":"<!-- This site is optimized with the Yoast SEO Premium plugin v26.8 (Yoast SEO v26.8) - https:\/\/yoast.com\/product\/yoast-seo-premium-wordpress\/ -->\n<title>D\u00e9j\u00e0 command\u00e9 le calendrier des saveurs 2018\u2009? | SBC<\/title>\n<meta name=\"robots\" content=\"index, follow, max-snippet:-1, max-image-preview:large, max-video-preview:-1\" \/>\n<link rel=\"canonical\" href=\"https:\/\/swissbaker.ch\/fr\/panissimo-news\/deja-commande-le-calendrier-des-saveurs-2018\/\" \/>\n<meta property=\"og:locale\" content=\"fr_FR\" \/>\n<meta property=\"og:type\" content=\"article\" \/>\n<meta property=\"og:title\" content=\"D\u00e9j\u00e0 command\u00e9 le calendrier des saveurs 2018\u2009?\" \/>\n<meta property=\"og:description\" content=\"Il y a quelques semaines, toutes les entreprises ont re\u00e7u un calendrier des saveurs 2018 personnalis\u00e9. L\u2019enveloppe accrocheuse de cet envoi n\u2019a certainement \u00e9chapp\u00e9 \u00e0 personne. Ne laissez pas cette enveloppe de c\u00f4t\u00e9\u2009! Saisissez cette opportunit\u00e9 en passant commande aujourd\u2019hui. Gr\u00e2ce aux adaptations de mise en page, nous pouvons offrir plus rapidement que pr\u00e9vu les bons \u00e0 tirer aux entreprises. [&hellip;]\" \/>\n<meta property=\"og:url\" content=\"https:\/\/swissbaker.ch\/fr\/panissimo-news\/deja-commande-le-calendrier-des-saveurs-2018\/\" \/>\n<meta property=\"og:site_name\" content=\"SBC\" \/>\n<meta property=\"article:publisher\" content=\"https:\/\/www.facebook.com\/swissbaker.ch\" \/>\n<meta property=\"article:published_time\" content=\"2017-10-05T06:55:00+00:00\" \/>\n<meta property=\"article:modified_time\" content=\"2022-05-11T06:58:17+00:00\" \/>\n<meta property=\"og:image\" content=\"https:\/\/swissbaker.ch\/wp-content\/uploads\/2022\/05\/genusskalender_3790_web.jpg\" \/>\n\t<meta property=\"og:image:width\" content=\"600\" \/>\n\t<meta property=\"og:image:height\" content=\"600\" \/>\n\t<meta property=\"og:image:type\" content=\"image\/jpeg\" \/>\n<meta name=\"author\" content=\"azureart\" \/>\n<meta name=\"twitter:card\" content=\"summary_large_image\" \/>\n<meta name=\"twitter:creator\" content=\"@ch_swissbaker\" \/>\n<meta name=\"twitter:site\" content=\"@ch_swissbaker\" \/>\n<meta name=\"twitter:label1\" content=\"Written by\" \/>\n\t<meta name=\"twitter:data1\" content=\"azureart\" \/>\n\t<meta name=\"twitter:label2\" content=\"Est. reading time\" \/>\n\t<meta name=\"twitter:data2\" content=\"1 minute\" \/>\n<script type=\"application\/ld+json\" class=\"yoast-schema-graph\">{\"@context\":\"https:\/\/schema.org\",\"@graph\":[{\"@type\":\"Article\",\"@id\":\"https:\/\/swissbaker.ch\/fr\/panissimo-news\/deja-commande-le-calendrier-des-saveurs-2018\/#article\",\"isPartOf\":{\"@id\":\"https:\/\/swissbaker.ch\/fr\/panissimo-news\/deja-commande-le-calendrier-des-saveurs-2018\/\"},\"author\":{\"name\":\"azureart\",\"@id\":\"https:\/\/swissbaker.ch\/fr\/#\/schema\/person\/058ac47619f7da53df62aba60f939b78\"},\"headline\":\"D\u00e9j\u00e0 command\u00e9 le calendrier des saveurs 2018\u2009?\",\"datePublished\":\"2017-10-05T06:55:00+00:00\",\"dateModified\":\"2022-05-11T06:58:17+00:00\",\"mainEntityOfPage\":{\"@id\":\"https:\/\/swissbaker.ch\/fr\/panissimo-news\/deja-commande-le-calendrier-des-saveurs-2018\/\"},\"wordCount\":175,\"commentCount\":0,\"publisher\":{\"@id\":\"https:\/\/swissbaker.ch\/fr\/#organization\"},\"image\":{\"@id\":\"https:\/\/swissbaker.ch\/fr\/panissimo-news\/deja-commande-le-calendrier-des-saveurs-2018\/#primaryimage\"},\"thumbnailUrl\":\"https:\/\/swissbaker.ch\/wp-content\/uploads\/2022\/05\/genusskalender_3790_web.jpg\",\"articleSection\":[\"Association\"],\"inLanguage\":\"fr-FR\",\"potentialAction\":[{\"@type\":\"CommentAction\",\"name\":\"Comment\",\"target\":[\"https:\/\/swissbaker.ch\/fr\/panissimo-news\/deja-commande-le-calendrier-des-saveurs-2018\/#respond\"]}]},{\"@type\":\"WebPage\",\"@id\":\"https:\/\/swissbaker.ch\/fr\/panissimo-news\/deja-commande-le-calendrier-des-saveurs-2018\/\",\"url\":\"https:\/\/swissbaker.ch\/fr\/panissimo-news\/deja-commande-le-calendrier-des-saveurs-2018\/\",\"name\":\"D\u00e9j\u00e0 command\u00e9 le calendrier des saveurs 2018\u2009? | SBC\",\"isPartOf\":{\"@id\":\"https:\/\/swissbaker.ch\/fr\/#website\"},\"primaryImageOfPage\":{\"@id\":\"https:\/\/swissbaker.ch\/fr\/panissimo-news\/deja-commande-le-calendrier-des-saveurs-2018\/#primaryimage\"},\"image\":{\"@id\":\"https:\/\/swissbaker.ch\/fr\/panissimo-news\/deja-commande-le-calendrier-des-saveurs-2018\/#primaryimage\"},\"thumbnailUrl\":\"https:\/\/swissbaker.ch\/wp-content\/uploads\/2022\/05\/genusskalender_3790_web.jpg\",\"datePublished\":\"2017-10-05T06:55:00+00:00\",\"dateModified\":\"2022-05-11T06:58:17+00:00\",\"breadcrumb\":{\"@id\":\"https:\/\/swissbaker.ch\/fr\/panissimo-news\/deja-commande-le-calendrier-des-saveurs-2018\/#breadcrumb\"},\"inLanguage\":\"fr-FR\",\"potentialAction\":[{\"@type\":\"ReadAction\",\"target\":[\"https:\/\/swissbaker.ch\/fr\/panissimo-news\/deja-commande-le-calendrier-des-saveurs-2018\/\"]}]},{\"@type\":\"ImageObject\",\"inLanguage\":\"fr-FR\",\"@id\":\"https:\/\/swissbaker.ch\/fr\/panissimo-news\/deja-commande-le-calendrier-des-saveurs-2018\/#primaryimage\",\"url\":\"https:\/\/swissbaker.ch\/wp-content\/uploads\/2022\/05\/genusskalender_3790_web.jpg\",\"contentUrl\":\"https:\/\/swissbaker.ch\/wp-content\/uploads\/2022\/05\/genusskalender_3790_web.jpg\",\"width\":600,\"height\":600,\"caption\":\"D\u00e9j\u00e0 command\u00e9 le calendrier des saveurs 2018\u2009?\"},{\"@type\":\"BreadcrumbList\",\"@id\":\"https:\/\/swissbaker.ch\/fr\/panissimo-news\/deja-commande-le-calendrier-des-saveurs-2018\/#breadcrumb\",\"itemListElement\":[{\"@type\":\"ListItem\",\"position\":1,\"name\":\"\",\"item\":\"https:\/\/swissbaker.ch\/fr\/\"},{\"@type\":\"ListItem\",\"position\":2,\"name\":\"Association\",\"item\":\"https:\/\/swissbaker.ch\/fr\/panissimo-news\/category\/association\/\"},{\"@type\":\"ListItem\",\"position\":3,\"name\":\"D\u00e9j\u00e0 command\u00e9 le calendrier des saveurs 2018\u2009?\"}]},{\"@type\":\"WebSite\",\"@id\":\"https:\/\/swissbaker.ch\/fr\/#website\",\"url\":\"https:\/\/swissbaker.ch\/fr\/\",\"name\":\"SBC\",\"description\":\"\",\"publisher\":{\"@id\":\"https:\/\/swissbaker.ch\/fr\/#organization\"},\"potentialAction\":[{\"@type\":\"SearchAction\",\"target\":{\"@type\":\"EntryPoint\",\"urlTemplate\":\"https:\/\/swissbaker.ch\/fr\/?s={search_term_string}\"},\"query-input\":{\"@type\":\"PropertyValueSpecification\",\"valueRequired\":true,\"valueName\":\"search_term_string\"}}],\"inLanguage\":\"fr-FR\"},{\"@type\":\"Organization\",\"@id\":\"https:\/\/swissbaker.ch\/fr\/#organization\",\"name\":\"Schweizerischer B\u00e4cker-Confiseurmeister-Verband\",\"url\":\"https:\/\/swissbaker.ch\/fr\/\",\"logo\":{\"@type\":\"ImageObject\",\"inLanguage\":\"fr-FR\",\"@id\":\"https:\/\/swissbaker.ch\/fr\/#\/schema\/logo\/image\/\",\"url\":\"https:\/\/swissbaker.ch\/wp-content\/uploads\/2022\/04\/sbc-logo-yoast.jpg\",\"contentUrl\":\"https:\/\/swissbaker.ch\/wp-content\/uploads\/2022\/04\/sbc-logo-yoast.jpg\",\"width\":512,\"height\":512,\"caption\":\"Schweizerischer B\u00e4cker-Confiseurmeister-Verband\"},\"image\":{\"@id\":\"https:\/\/swissbaker.ch\/fr\/#\/schema\/logo\/image\/\"},\"sameAs\":[\"https:\/\/www.facebook.com\/swissbaker.ch\",\"https:\/\/x.com\/ch_swissbaker\"]},{\"@type\":\"Person\",\"@id\":\"https:\/\/swissbaker.ch\/fr\/#\/schema\/person\/058ac47619f7da53df62aba60f939b78\",\"name\":\"azureart\",\"image\":{\"@type\":\"ImageObject\",\"inLanguage\":\"fr-FR\",\"@id\":\"https:\/\/swissbaker.ch\/fr\/#\/schema\/person\/image\/\",\"url\":\"https:\/\/secure.gravatar.com\/avatar\/be04dd3098fd612c83067af4f7a295384c93cb6a9112f51beb9d2f477d25da61?s=96&d=mm&r=g\",\"contentUrl\":\"https:\/\/secure.gravatar.com\/avatar\/be04dd3098fd612c83067af4f7a295384c93cb6a9112f51beb9d2f477d25da61?s=96&d=mm&r=g\",\"caption\":\"azureart\"},\"sameAs\":[\"https:\/\/swissbaker.ch\"],\"url\":\"https:\/\/swissbaker.ch\/fr\/panissimo-news\/author\/pixel-ahoi\/\"}]}<\/script>\n<!-- \/ Yoast SEO Premium plugin. -->","yoast_head_json":{"title":"D\u00e9j\u00e0 command\u00e9 le calendrier des saveurs 2018\u2009? | SBC","robots":{"index":"index","follow":"follow","max-snippet":"max-snippet:-1","max-image-preview":"max-image-preview:large","max-video-preview":"max-video-preview:-1"},"canonical":"https:\/\/swissbaker.ch\/fr\/panissimo-news\/deja-commande-le-calendrier-des-saveurs-2018\/","og_locale":"fr_FR","og_type":"article","og_title":"D\u00e9j\u00e0 command\u00e9 le calendrier des saveurs 2018\u2009?","og_description":"Il y a quelques semaines, toutes les entreprises ont re\u00e7u un calendrier des saveurs 2018 personnalis\u00e9. L\u2019enveloppe accrocheuse de cet envoi n\u2019a certainement \u00e9chapp\u00e9 \u00e0 personne. Ne laissez pas cette enveloppe de c\u00f4t\u00e9\u2009! Saisissez cette opportunit\u00e9 en passant commande aujourd\u2019hui. Gr\u00e2ce aux adaptations de mise en page, nous pouvons offrir plus rapidement que pr\u00e9vu les bons \u00e0 tirer aux entreprises. [&hellip;]","og_url":"https:\/\/swissbaker.ch\/fr\/panissimo-news\/deja-commande-le-calendrier-des-saveurs-2018\/","og_site_name":"SBC","article_publisher":"https:\/\/www.facebook.com\/swissbaker.ch","article_published_time":"2017-10-05T06:55:00+00:00","article_modified_time":"2022-05-11T06:58:17+00:00","og_image":[{"width":600,"height":600,"url":"https:\/\/swissbaker.ch\/wp-content\/uploads\/2022\/05\/genusskalender_3790_web.jpg","type":"image\/jpeg"}],"author":"azureart","twitter_card":"summary_large_image","twitter_creator":"@ch_swissbaker","twitter_site":"@ch_swissbaker","twitter_misc":{"Written by":"azureart","Est. reading time":"1 minute"},"schema":{"@context":"https:\/\/schema.org","@graph":[{"@type":"Article","@id":"https:\/\/swissbaker.ch\/fr\/panissimo-news\/deja-commande-le-calendrier-des-saveurs-2018\/#article","isPartOf":{"@id":"https:\/\/swissbaker.ch\/fr\/panissimo-news\/deja-commande-le-calendrier-des-saveurs-2018\/"},"author":{"name":"azureart","@id":"https:\/\/swissbaker.ch\/fr\/#\/schema\/person\/058ac47619f7da53df62aba60f939b78"},"headline":"D\u00e9j\u00e0 command\u00e9 le calendrier des saveurs 2018\u2009?","datePublished":"2017-10-05T06:55:00+00:00","dateModified":"2022-05-11T06:58:17+00:00","mainEntityOfPage":{"@id":"https:\/\/swissbaker.ch\/fr\/panissimo-news\/deja-commande-le-calendrier-des-saveurs-2018\/"},"wordCount":175,"commentCount":0,"publisher":{"@id":"https:\/\/swissbaker.ch\/fr\/#organization"},"image":{"@id":"https:\/\/swissbaker.ch\/fr\/panissimo-news\/deja-commande-le-calendrier-des-saveurs-2018\/#primaryimage"},"thumbnailUrl":"https:\/\/swissbaker.ch\/wp-content\/uploads\/2022\/05\/genusskalender_3790_web.jpg","articleSection":["Association"],"inLanguage":"fr-FR","potentialAction":[{"@type":"CommentAction","name":"Comment","target":["https:\/\/swissbaker.ch\/fr\/panissimo-news\/deja-commande-le-calendrier-des-saveurs-2018\/#respond"]}]},{"@type":"WebPage","@id":"https:\/\/swissbaker.ch\/fr\/panissimo-news\/deja-commande-le-calendrier-des-saveurs-2018\/","url":"https:\/\/swissbaker.ch\/fr\/panissimo-news\/deja-commande-le-calendrier-des-saveurs-2018\/","name":"D\u00e9j\u00e0 command\u00e9 le calendrier des saveurs 2018\u2009? | SBC","isPartOf":{"@id":"https:\/\/swissbaker.ch\/fr\/#website"},"primaryImageOfPage":{"@id":"https:\/\/swissbaker.ch\/fr\/panissimo-news\/deja-commande-le-calendrier-des-saveurs-2018\/#primaryimage"},"image":{"@id":"https:\/\/swissbaker.ch\/fr\/panissimo-news\/deja-commande-le-calendrier-des-saveurs-2018\/#primaryimage"},"thumbnailUrl":"https:\/\/swissbaker.ch\/wp-content\/uploads\/2022\/05\/genusskalender_3790_web.jpg","datePublished":"2017-10-05T06:55:00+00:00","dateModified":"2022-05-11T06:58:17+00:00","breadcrumb":{"@id":"https:\/\/swissbaker.ch\/fr\/panissimo-news\/deja-commande-le-calendrier-des-saveurs-2018\/#breadcrumb"},"inLanguage":"fr-FR","potentialAction":[{"@type":"ReadAction","target":["https:\/\/swissbaker.ch\/fr\/panissimo-news\/deja-commande-le-calendrier-des-saveurs-2018\/"]}]},{"@type":"ImageObject","inLanguage":"fr-FR","@id":"https:\/\/swissbaker.ch\/fr\/panissimo-news\/deja-commande-le-calendrier-des-saveurs-2018\/#primaryimage","url":"https:\/\/swissbaker.ch\/wp-content\/uploads\/2022\/05\/genusskalender_3790_web.jpg","contentUrl":"https:\/\/swissbaker.ch\/wp-content\/uploads\/2022\/05\/genusskalender_3790_web.jpg","width":600,"height":600,"caption":"D\u00e9j\u00e0 command\u00e9 le calendrier des saveurs 2018\u2009?"},{"@type":"BreadcrumbList","@id":"https:\/\/swissbaker.ch\/fr\/panissimo-news\/deja-commande-le-calendrier-des-saveurs-2018\/#breadcrumb","itemListElement":[{"@type":"ListItem","position":1,"name":"","item":"https:\/\/swissbaker.ch\/fr\/"},{"@type":"ListItem","position":2,"name":"Association","item":"https:\/\/swissbaker.ch\/fr\/panissimo-news\/category\/association\/"},{"@type":"ListItem","position":3,"name":"D\u00e9j\u00e0 command\u00e9 le calendrier des saveurs 2018\u2009?"}]},{"@type":"WebSite","@id":"https:\/\/swissbaker.ch\/fr\/#website","url":"https:\/\/swissbaker.ch\/fr\/","name":"SBC","description":"","publisher":{"@id":"https:\/\/swissbaker.ch\/fr\/#organization"},"potentialAction":[{"@type":"SearchAction","target":{"@type":"EntryPoint","urlTemplate":"https:\/\/swissbaker.ch\/fr\/?s={search_term_string}"},"query-input":{"@type":"PropertyValueSpecification","valueRequired":true,"valueName":"search_term_string"}}],"inLanguage":"fr-FR"},{"@type":"Organization","@id":"https:\/\/swissbaker.ch\/fr\/#organization","name":"Schweizerischer B\u00e4cker-Confiseurmeister-Verband","url":"https:\/\/swissbaker.ch\/fr\/","logo":{"@type":"ImageObject","inLanguage":"fr-FR","@id":"https:\/\/swissbaker.ch\/fr\/#\/schema\/logo\/image\/","url":"https:\/\/swissbaker.ch\/wp-content\/uploads\/2022\/04\/sbc-logo-yoast.jpg","contentUrl":"https:\/\/swissbaker.ch\/wp-content\/uploads\/2022\/04\/sbc-logo-yoast.jpg","width":512,"height":512,"caption":"Schweizerischer B\u00e4cker-Confiseurmeister-Verband"},"image":{"@id":"https:\/\/swissbaker.ch\/fr\/#\/schema\/logo\/image\/"},"sameAs":["https:\/\/www.facebook.com\/swissbaker.ch","https:\/\/x.com\/ch_swissbaker"]},{"@type":"Person","@id":"https:\/\/swissbaker.ch\/fr\/#\/schema\/person\/058ac47619f7da53df62aba60f939b78","name":"azureart","image":{"@type":"ImageObject","inLanguage":"fr-FR","@id":"https:\/\/swissbaker.ch\/fr\/#\/schema\/person\/image\/","url":"https:\/\/secure.gravatar.com\/avatar\/be04dd3098fd612c83067af4f7a295384c93cb6a9112f51beb9d2f477d25da61?s=96&d=mm&r=g","contentUrl":"https:\/\/secure.gravatar.com\/avatar\/be04dd3098fd612c83067af4f7a295384c93cb6a9112f51beb9d2f477d25da61?s=96&d=mm&r=g","caption":"azureart"},"sameAs":["https:\/\/swissbaker.ch"],"url":"https:\/\/swissbaker.ch\/fr\/panissimo-news\/author\/pixel-ahoi\/"}]}},"_links":{"self":[{"href":"https:\/\/swissbaker.ch\/fr\/wp-json\/wp\/v2\/posts\/8578","targetHints":{"allow":["GET"]}}],"collection":[{"href":"https:\/\/swissbaker.ch\/fr\/wp-json\/wp\/v2\/posts"}],"about":[{"href":"https:\/\/swissbaker.ch\/fr\/wp-json\/wp\/v2\/types\/post"}],"author":[{"embeddable":true,"href":"https:\/\/swissbaker.ch\/fr\/wp-json\/wp\/v2\/users\/1"}],"replies":[{"embeddable":true,"href":"https:\/\/swissbaker.ch\/fr\/wp-json\/wp\/v2\/comments?post=8578"}],"version-history":[{"count":0,"href":"https:\/\/swissbaker.ch\/fr\/wp-json\/wp\/v2\/posts\/8578\/revisions"}],"wp:featuredmedia":[{"embeddable":true,"href":"https:\/\/swissbaker.ch\/fr\/wp-json\/wp\/v2\/media\/8580"}],"wp:attachment":[{"href":"https:\/\/swissbaker.ch\/fr\/wp-json\/wp\/v2\/media?parent=8578"}],"wp:term":[{"taxonomy":"category","embeddable":true,"href":"https:\/\/swissbaker.ch\/fr\/wp-json\/wp\/v2\/categories?post=8578"},{"taxonomy":"post_tag","embeddable":true,"href":"https:\/\/swissbaker.ch\/fr\/wp-json\/wp\/v2\/tags?post=8578"}],"curies":[{"name":"wp","href":"https:\/\/api.w.org\/{rel}","templated":true}]}}