{"id":8569,"date":"2017-10-03T11:56:00","date_gmt":"2017-10-03T09:56:00","guid":{"rendered":"https:\/\/swissbaker.ch\/?p=8569"},"modified":"2022-05-11T08:48:27","modified_gmt":"2022-05-11T06:48:27","slug":"comme-le-temps-passe-vite","status":"publish","type":"post","link":"https:\/\/swissbaker.ch\/fr\/panissimo-news\/comme-le-temps-passe-vite\/","title":{"rendered":"Comme le temps passe vite\u2026"},"content":{"rendered":"\n<p><strong>Je me rappelle encore exactement lorsque j\u2019ai d\u00e9but\u00e9 mon apprentissage en 2015. Tout \u00e9tait nouveau, nouvelle \u00e9cole, nouvelle place de travail et nouveaux coll\u00e8gues. Je ne savais pas comment tout faire entrer dans ma t\u00eate, il y en avait tellement, m\u00eame si la vente n\u2019\u00e9tait pas vraiment nouveau pour moi.<\/strong><\/p>\n\n\n\n<p>A cette \u00e9poque, j\u2019avais d\u00e9j\u00e0 acquis une riche exp\u00e9rience dans la vente de boules de Berlin sur les march\u00e9s de Langnau ou au caf\u00e9 Praline \u00e0 Konolfingen (BE). L\u2019apprentissage, ce n\u2019est pas seulement pour travailler, c\u2019est aussi une \u00e9cole de vie.<\/p>\n\n\n\n<h2 class=\"wp-block-heading\" id=\"h-concilier-ecole-et-travail\">Concilier \u00e9cole et travail<\/h2>\n\n\n\n<p>Cela commence par concilier \u00e9cole et travail. Apr\u00e8s 8,5 heures de travail, on est suffisamment fatigu\u00e9, mais on devrait encore faire des choses pour l\u2019\u00e9cole. Le premier semestre s\u2019ajoute encore les connaissances g\u00e9n\u00e9rales des branches. Cela signifie de nouveaux professeurs et camarades de classe. Malgr\u00e9 ceci, j\u2019\u00e9tais tr\u00e8s excit\u00e9e de pouvoir apprendre beaucoup de choses nouvelles. De plus, l\u2019\u00e9change avec d\u2019autres apprentis des m\u00e9tiers de bouche est toujours int\u00e9ressant parce que nous travaillons dans des entreprises totalement diff\u00e9rentes.<\/p>\n\n\n\n<h2 class=\"wp-block-heading\">Pr\u00eate pour la derni\u00e8re phase de formation<\/h2>\n\n\n\n<p>Si vous vous habituez bien au travail et \u00e0 l\u2019\u00e9cole, des cours interentreprises (CI) sont ajout\u00e9s\u2009; une partie tr\u00e8s importante de notre formation, \u00e0 mon avis. L\u2019attention est ici port\u00e9e sur les choses dont nous avons vraiment besoin dans notre artisanat. Je suis pr\u00eate pour la derni\u00e8re phase de ma formation. La proc\u00e9dure de qualification des CI est derri\u00e8re nous, et dans quelques mois commenceront d\u00e9j\u00e0 les examens pratiques et aussi les \u00e9crits. J\u2019esp\u00e8re encore apprendre de nouvelles choses et consolider ce que je sais d\u00e9j\u00e0.<\/p>\n\n\n\n<p><\/p>\n","protected":false},"excerpt":{"rendered":"<p>Je me rappelle encore exactement lorsque j\u2019ai d\u00e9but\u00e9 mon apprentissage en 2015. Tout \u00e9tait nouveau, nouvelle \u00e9cole, nouvelle place de travail et nouveaux coll\u00e8gues. Je ne savais pas comment tout faire entrer dans ma t\u00eate, il y en avait tellement, m\u00eame si la vente n\u2019\u00e9tait pas vraiment nouveau pour moi. A cette \u00e9poque, j\u2019avais d\u00e9j\u00e0 acquis une riche exp\u00e9rience dans [&hellip;]<\/p>\n","protected":false},"author":1,"featured_media":6188,"comment_status":"open","ping_status":"closed","sticky":false,"template":"","format":"standard","meta":{"_acf_changed":false,"footnotes":""},"categories":[47],"tags":[],"class_list":["post-8569","post","type-post","status-publish","format-standard","has-post-thumbnail","hentry","category-formation-releve"],"acf":[],"yoast_head":"<!-- This site is optimized with the Yoast SEO Premium plugin v26.8 (Yoast SEO v26.8) - https:\/\/yoast.com\/product\/yoast-seo-premium-wordpress\/ -->\n<title>Comme le temps passe vite\u2026 | SBC<\/title>\n<meta name=\"robots\" content=\"index, follow, max-snippet:-1, max-image-preview:large, max-video-preview:-1\" \/>\n<link rel=\"canonical\" href=\"https:\/\/swissbaker.ch\/fr\/panissimo-news\/comme-le-temps-passe-vite\/\" \/>\n<meta property=\"og:locale\" content=\"fr_FR\" \/>\n<meta property=\"og:type\" content=\"article\" \/>\n<meta property=\"og:title\" content=\"Comme le temps passe vite\u2026\" \/>\n<meta property=\"og:description\" content=\"Je me rappelle encore exactement lorsque j\u2019ai d\u00e9but\u00e9 mon apprentissage en 2015. Tout \u00e9tait nouveau, nouvelle \u00e9cole, nouvelle place de travail et nouveaux coll\u00e8gues. Je ne savais pas comment tout faire entrer dans ma t\u00eate, il y en avait tellement, m\u00eame si la vente n\u2019\u00e9tait pas vraiment nouveau pour moi. A cette \u00e9poque, j\u2019avais d\u00e9j\u00e0 acquis une riche exp\u00e9rience dans [&hellip;]\" \/>\n<meta property=\"og:url\" content=\"https:\/\/swissbaker.ch\/fr\/panissimo-news\/comme-le-temps-passe-vite\/\" \/>\n<meta property=\"og:site_name\" content=\"SBC\" \/>\n<meta property=\"article:publisher\" content=\"https:\/\/www.facebook.com\/swissbaker.ch\" \/>\n<meta property=\"article:published_time\" content=\"2017-10-03T09:56:00+00:00\" \/>\n<meta property=\"article:modified_time\" content=\"2022-05-11T06:48:27+00:00\" \/>\n<meta property=\"og:image\" content=\"https:\/\/swissbaker.ch\/wp-content\/uploads\/2022\/04\/Antonia-Eichenberger.jpg\" \/>\n\t<meta property=\"og:image:width\" content=\"800\" \/>\n\t<meta property=\"og:image:height\" content=\"474\" \/>\n\t<meta property=\"og:image:type\" content=\"image\/jpeg\" \/>\n<meta name=\"author\" content=\"azureart\" \/>\n<meta name=\"twitter:card\" content=\"summary_large_image\" \/>\n<meta name=\"twitter:creator\" content=\"@ch_swissbaker\" \/>\n<meta name=\"twitter:site\" content=\"@ch_swissbaker\" \/>\n<meta name=\"twitter:label1\" content=\"Written by\" \/>\n\t<meta name=\"twitter:data1\" content=\"azureart\" \/>\n\t<meta name=\"twitter:label2\" content=\"Est. reading time\" \/>\n\t<meta name=\"twitter:data2\" content=\"2 minutes\" \/>\n<script type=\"application\/ld+json\" class=\"yoast-schema-graph\">{\"@context\":\"https:\/\/schema.org\",\"@graph\":[{\"@type\":\"Article\",\"@id\":\"https:\/\/swissbaker.ch\/fr\/panissimo-news\/comme-le-temps-passe-vite\/#article\",\"isPartOf\":{\"@id\":\"https:\/\/swissbaker.ch\/fr\/panissimo-news\/comme-le-temps-passe-vite\/\"},\"author\":{\"name\":\"azureart\",\"@id\":\"https:\/\/swissbaker.ch\/fr\/#\/schema\/person\/058ac47619f7da53df62aba60f939b78\"},\"headline\":\"Comme le temps passe vite\u2026\",\"datePublished\":\"2017-10-03T09:56:00+00:00\",\"dateModified\":\"2022-05-11T06:48:27+00:00\",\"mainEntityOfPage\":{\"@id\":\"https:\/\/swissbaker.ch\/fr\/panissimo-news\/comme-le-temps-passe-vite\/\"},\"wordCount\":307,\"commentCount\":0,\"publisher\":{\"@id\":\"https:\/\/swissbaker.ch\/fr\/#organization\"},\"image\":{\"@id\":\"https:\/\/swissbaker.ch\/fr\/panissimo-news\/comme-le-temps-passe-vite\/#primaryimage\"},\"thumbnailUrl\":\"https:\/\/swissbaker.ch\/wp-content\/uploads\/2022\/04\/Antonia-Eichenberger.jpg\",\"articleSection\":[\"Formation\/Rel\u00e8ve\"],\"inLanguage\":\"fr-FR\",\"potentialAction\":[{\"@type\":\"CommentAction\",\"name\":\"Comment\",\"target\":[\"https:\/\/swissbaker.ch\/fr\/panissimo-news\/comme-le-temps-passe-vite\/#respond\"]}]},{\"@type\":\"WebPage\",\"@id\":\"https:\/\/swissbaker.ch\/fr\/panissimo-news\/comme-le-temps-passe-vite\/\",\"url\":\"https:\/\/swissbaker.ch\/fr\/panissimo-news\/comme-le-temps-passe-vite\/\",\"name\":\"Comme le temps passe vite\u2026 | SBC\",\"isPartOf\":{\"@id\":\"https:\/\/swissbaker.ch\/fr\/#website\"},\"primaryImageOfPage\":{\"@id\":\"https:\/\/swissbaker.ch\/fr\/panissimo-news\/comme-le-temps-passe-vite\/#primaryimage\"},\"image\":{\"@id\":\"https:\/\/swissbaker.ch\/fr\/panissimo-news\/comme-le-temps-passe-vite\/#primaryimage\"},\"thumbnailUrl\":\"https:\/\/swissbaker.ch\/wp-content\/uploads\/2022\/04\/Antonia-Eichenberger.jpg\",\"datePublished\":\"2017-10-03T09:56:00+00:00\",\"dateModified\":\"2022-05-11T06:48:27+00:00\",\"breadcrumb\":{\"@id\":\"https:\/\/swissbaker.ch\/fr\/panissimo-news\/comme-le-temps-passe-vite\/#breadcrumb\"},\"inLanguage\":\"fr-FR\",\"potentialAction\":[{\"@type\":\"ReadAction\",\"target\":[\"https:\/\/swissbaker.ch\/fr\/panissimo-news\/comme-le-temps-passe-vite\/\"]}]},{\"@type\":\"ImageObject\",\"inLanguage\":\"fr-FR\",\"@id\":\"https:\/\/swissbaker.ch\/fr\/panissimo-news\/comme-le-temps-passe-vite\/#primaryimage\",\"url\":\"https:\/\/swissbaker.ch\/wp-content\/uploads\/2022\/04\/Antonia-Eichenberger.jpg\",\"contentUrl\":\"https:\/\/swissbaker.ch\/wp-content\/uploads\/2022\/04\/Antonia-Eichenberger.jpg\",\"width\":800,\"height\":474,\"caption\":\"Comme le temps passe vite\u2026\"},{\"@type\":\"BreadcrumbList\",\"@id\":\"https:\/\/swissbaker.ch\/fr\/panissimo-news\/comme-le-temps-passe-vite\/#breadcrumb\",\"itemListElement\":[{\"@type\":\"ListItem\",\"position\":1,\"name\":\"\",\"item\":\"https:\/\/swissbaker.ch\/fr\/\"},{\"@type\":\"ListItem\",\"position\":2,\"name\":\"Formation\/Rel\u00e8ve\",\"item\":\"https:\/\/swissbaker.ch\/fr\/panissimo-news\/category\/formation-releve\/\"},{\"@type\":\"ListItem\",\"position\":3,\"name\":\"Comme le temps passe vite\u2026\"}]},{\"@type\":\"WebSite\",\"@id\":\"https:\/\/swissbaker.ch\/fr\/#website\",\"url\":\"https:\/\/swissbaker.ch\/fr\/\",\"name\":\"SBC\",\"description\":\"\",\"publisher\":{\"@id\":\"https:\/\/swissbaker.ch\/fr\/#organization\"},\"potentialAction\":[{\"@type\":\"SearchAction\",\"target\":{\"@type\":\"EntryPoint\",\"urlTemplate\":\"https:\/\/swissbaker.ch\/fr\/?s={search_term_string}\"},\"query-input\":{\"@type\":\"PropertyValueSpecification\",\"valueRequired\":true,\"valueName\":\"search_term_string\"}}],\"inLanguage\":\"fr-FR\"},{\"@type\":\"Organization\",\"@id\":\"https:\/\/swissbaker.ch\/fr\/#organization\",\"name\":\"Schweizerischer B\u00e4cker-Confiseurmeister-Verband\",\"url\":\"https:\/\/swissbaker.ch\/fr\/\",\"logo\":{\"@type\":\"ImageObject\",\"inLanguage\":\"fr-FR\",\"@id\":\"https:\/\/swissbaker.ch\/fr\/#\/schema\/logo\/image\/\",\"url\":\"https:\/\/swissbaker.ch\/wp-content\/uploads\/2022\/04\/sbc-logo-yoast.jpg\",\"contentUrl\":\"https:\/\/swissbaker.ch\/wp-content\/uploads\/2022\/04\/sbc-logo-yoast.jpg\",\"width\":512,\"height\":512,\"caption\":\"Schweizerischer B\u00e4cker-Confiseurmeister-Verband\"},\"image\":{\"@id\":\"https:\/\/swissbaker.ch\/fr\/#\/schema\/logo\/image\/\"},\"sameAs\":[\"https:\/\/www.facebook.com\/swissbaker.ch\",\"https:\/\/x.com\/ch_swissbaker\"]},{\"@type\":\"Person\",\"@id\":\"https:\/\/swissbaker.ch\/fr\/#\/schema\/person\/058ac47619f7da53df62aba60f939b78\",\"name\":\"azureart\",\"image\":{\"@type\":\"ImageObject\",\"inLanguage\":\"fr-FR\",\"@id\":\"https:\/\/swissbaker.ch\/fr\/#\/schema\/person\/image\/\",\"url\":\"https:\/\/secure.gravatar.com\/avatar\/be04dd3098fd612c83067af4f7a295384c93cb6a9112f51beb9d2f477d25da61?s=96&d=mm&r=g\",\"contentUrl\":\"https:\/\/secure.gravatar.com\/avatar\/be04dd3098fd612c83067af4f7a295384c93cb6a9112f51beb9d2f477d25da61?s=96&d=mm&r=g\",\"caption\":\"azureart\"},\"sameAs\":[\"https:\/\/swissbaker.ch\"],\"url\":\"https:\/\/swissbaker.ch\/fr\/panissimo-news\/author\/pixel-ahoi\/\"}]}<\/script>\n<!-- \/ Yoast SEO Premium plugin. -->","yoast_head_json":{"title":"Comme le temps passe vite\u2026 | SBC","robots":{"index":"index","follow":"follow","max-snippet":"max-snippet:-1","max-image-preview":"max-image-preview:large","max-video-preview":"max-video-preview:-1"},"canonical":"https:\/\/swissbaker.ch\/fr\/panissimo-news\/comme-le-temps-passe-vite\/","og_locale":"fr_FR","og_type":"article","og_title":"Comme le temps passe vite\u2026","og_description":"Je me rappelle encore exactement lorsque j\u2019ai d\u00e9but\u00e9 mon apprentissage en 2015. Tout \u00e9tait nouveau, nouvelle \u00e9cole, nouvelle place de travail et nouveaux coll\u00e8gues. Je ne savais pas comment tout faire entrer dans ma t\u00eate, il y en avait tellement, m\u00eame si la vente n\u2019\u00e9tait pas vraiment nouveau pour moi. A cette \u00e9poque, j\u2019avais d\u00e9j\u00e0 acquis une riche exp\u00e9rience dans [&hellip;]","og_url":"https:\/\/swissbaker.ch\/fr\/panissimo-news\/comme-le-temps-passe-vite\/","og_site_name":"SBC","article_publisher":"https:\/\/www.facebook.com\/swissbaker.ch","article_published_time":"2017-10-03T09:56:00+00:00","article_modified_time":"2022-05-11T06:48:27+00:00","og_image":[{"width":800,"height":474,"url":"https:\/\/swissbaker.ch\/wp-content\/uploads\/2022\/04\/Antonia-Eichenberger.jpg","type":"image\/jpeg"}],"author":"azureart","twitter_card":"summary_large_image","twitter_creator":"@ch_swissbaker","twitter_site":"@ch_swissbaker","twitter_misc":{"Written by":"azureart","Est. reading time":"2 minutes"},"schema":{"@context":"https:\/\/schema.org","@graph":[{"@type":"Article","@id":"https:\/\/swissbaker.ch\/fr\/panissimo-news\/comme-le-temps-passe-vite\/#article","isPartOf":{"@id":"https:\/\/swissbaker.ch\/fr\/panissimo-news\/comme-le-temps-passe-vite\/"},"author":{"name":"azureart","@id":"https:\/\/swissbaker.ch\/fr\/#\/schema\/person\/058ac47619f7da53df62aba60f939b78"},"headline":"Comme le temps passe vite\u2026","datePublished":"2017-10-03T09:56:00+00:00","dateModified":"2022-05-11T06:48:27+00:00","mainEntityOfPage":{"@id":"https:\/\/swissbaker.ch\/fr\/panissimo-news\/comme-le-temps-passe-vite\/"},"wordCount":307,"commentCount":0,"publisher":{"@id":"https:\/\/swissbaker.ch\/fr\/#organization"},"image":{"@id":"https:\/\/swissbaker.ch\/fr\/panissimo-news\/comme-le-temps-passe-vite\/#primaryimage"},"thumbnailUrl":"https:\/\/swissbaker.ch\/wp-content\/uploads\/2022\/04\/Antonia-Eichenberger.jpg","articleSection":["Formation\/Rel\u00e8ve"],"inLanguage":"fr-FR","potentialAction":[{"@type":"CommentAction","name":"Comment","target":["https:\/\/swissbaker.ch\/fr\/panissimo-news\/comme-le-temps-passe-vite\/#respond"]}]},{"@type":"WebPage","@id":"https:\/\/swissbaker.ch\/fr\/panissimo-news\/comme-le-temps-passe-vite\/","url":"https:\/\/swissbaker.ch\/fr\/panissimo-news\/comme-le-temps-passe-vite\/","name":"Comme le temps passe vite\u2026 | SBC","isPartOf":{"@id":"https:\/\/swissbaker.ch\/fr\/#website"},"primaryImageOfPage":{"@id":"https:\/\/swissbaker.ch\/fr\/panissimo-news\/comme-le-temps-passe-vite\/#primaryimage"},"image":{"@id":"https:\/\/swissbaker.ch\/fr\/panissimo-news\/comme-le-temps-passe-vite\/#primaryimage"},"thumbnailUrl":"https:\/\/swissbaker.ch\/wp-content\/uploads\/2022\/04\/Antonia-Eichenberger.jpg","datePublished":"2017-10-03T09:56:00+00:00","dateModified":"2022-05-11T06:48:27+00:00","breadcrumb":{"@id":"https:\/\/swissbaker.ch\/fr\/panissimo-news\/comme-le-temps-passe-vite\/#breadcrumb"},"inLanguage":"fr-FR","potentialAction":[{"@type":"ReadAction","target":["https:\/\/swissbaker.ch\/fr\/panissimo-news\/comme-le-temps-passe-vite\/"]}]},{"@type":"ImageObject","inLanguage":"fr-FR","@id":"https:\/\/swissbaker.ch\/fr\/panissimo-news\/comme-le-temps-passe-vite\/#primaryimage","url":"https:\/\/swissbaker.ch\/wp-content\/uploads\/2022\/04\/Antonia-Eichenberger.jpg","contentUrl":"https:\/\/swissbaker.ch\/wp-content\/uploads\/2022\/04\/Antonia-Eichenberger.jpg","width":800,"height":474,"caption":"Comme le temps passe vite\u2026"},{"@type":"BreadcrumbList","@id":"https:\/\/swissbaker.ch\/fr\/panissimo-news\/comme-le-temps-passe-vite\/#breadcrumb","itemListElement":[{"@type":"ListItem","position":1,"name":"","item":"https:\/\/swissbaker.ch\/fr\/"},{"@type":"ListItem","position":2,"name":"Formation\/Rel\u00e8ve","item":"https:\/\/swissbaker.ch\/fr\/panissimo-news\/category\/formation-releve\/"},{"@type":"ListItem","position":3,"name":"Comme le temps passe vite\u2026"}]},{"@type":"WebSite","@id":"https:\/\/swissbaker.ch\/fr\/#website","url":"https:\/\/swissbaker.ch\/fr\/","name":"SBC","description":"","publisher":{"@id":"https:\/\/swissbaker.ch\/fr\/#organization"},"potentialAction":[{"@type":"SearchAction","target":{"@type":"EntryPoint","urlTemplate":"https:\/\/swissbaker.ch\/fr\/?s={search_term_string}"},"query-input":{"@type":"PropertyValueSpecification","valueRequired":true,"valueName":"search_term_string"}}],"inLanguage":"fr-FR"},{"@type":"Organization","@id":"https:\/\/swissbaker.ch\/fr\/#organization","name":"Schweizerischer B\u00e4cker-Confiseurmeister-Verband","url":"https:\/\/swissbaker.ch\/fr\/","logo":{"@type":"ImageObject","inLanguage":"fr-FR","@id":"https:\/\/swissbaker.ch\/fr\/#\/schema\/logo\/image\/","url":"https:\/\/swissbaker.ch\/wp-content\/uploads\/2022\/04\/sbc-logo-yoast.jpg","contentUrl":"https:\/\/swissbaker.ch\/wp-content\/uploads\/2022\/04\/sbc-logo-yoast.jpg","width":512,"height":512,"caption":"Schweizerischer B\u00e4cker-Confiseurmeister-Verband"},"image":{"@id":"https:\/\/swissbaker.ch\/fr\/#\/schema\/logo\/image\/"},"sameAs":["https:\/\/www.facebook.com\/swissbaker.ch","https:\/\/x.com\/ch_swissbaker"]},{"@type":"Person","@id":"https:\/\/swissbaker.ch\/fr\/#\/schema\/person\/058ac47619f7da53df62aba60f939b78","name":"azureart","image":{"@type":"ImageObject","inLanguage":"fr-FR","@id":"https:\/\/swissbaker.ch\/fr\/#\/schema\/person\/image\/","url":"https:\/\/secure.gravatar.com\/avatar\/be04dd3098fd612c83067af4f7a295384c93cb6a9112f51beb9d2f477d25da61?s=96&d=mm&r=g","contentUrl":"https:\/\/secure.gravatar.com\/avatar\/be04dd3098fd612c83067af4f7a295384c93cb6a9112f51beb9d2f477d25da61?s=96&d=mm&r=g","caption":"azureart"},"sameAs":["https:\/\/swissbaker.ch"],"url":"https:\/\/swissbaker.ch\/fr\/panissimo-news\/author\/pixel-ahoi\/"}]}},"_links":{"self":[{"href":"https:\/\/swissbaker.ch\/fr\/wp-json\/wp\/v2\/posts\/8569","targetHints":{"allow":["GET"]}}],"collection":[{"href":"https:\/\/swissbaker.ch\/fr\/wp-json\/wp\/v2\/posts"}],"about":[{"href":"https:\/\/swissbaker.ch\/fr\/wp-json\/wp\/v2\/types\/post"}],"author":[{"embeddable":true,"href":"https:\/\/swissbaker.ch\/fr\/wp-json\/wp\/v2\/users\/1"}],"replies":[{"embeddable":true,"href":"https:\/\/swissbaker.ch\/fr\/wp-json\/wp\/v2\/comments?post=8569"}],"version-history":[{"count":0,"href":"https:\/\/swissbaker.ch\/fr\/wp-json\/wp\/v2\/posts\/8569\/revisions"}],"wp:featuredmedia":[{"embeddable":true,"href":"https:\/\/swissbaker.ch\/fr\/wp-json\/wp\/v2\/media\/6188"}],"wp:attachment":[{"href":"https:\/\/swissbaker.ch\/fr\/wp-json\/wp\/v2\/media?parent=8569"}],"wp:term":[{"taxonomy":"category","embeddable":true,"href":"https:\/\/swissbaker.ch\/fr\/wp-json\/wp\/v2\/categories?post=8569"},{"taxonomy":"post_tag","embeddable":true,"href":"https:\/\/swissbaker.ch\/fr\/wp-json\/wp\/v2\/tags?post=8569"}],"curies":[{"name":"wp","href":"https:\/\/api.w.org\/{rel}","templated":true}]}}