{"id":8563,"date":"2017-09-27T11:48:00","date_gmt":"2017-09-27T09:48:00","guid":{"rendered":"https:\/\/swissbaker.ch\/?p=8563"},"modified":"2022-05-11T08:35:45","modified_gmt":"2022-05-11T06:35:45","slug":"bel-envol-des-le-debut","status":"publish","type":"post","link":"https:\/\/swissbaker.ch\/fr\/panissimo-news\/bel-envol-des-le-debut\/","title":{"rendered":"Bel envol d\u00e8s le d\u00e9but"},"content":{"rendered":"\n<p><strong>Maja Fahrni a \u00e9t\u00e9 solennellement \u00e9lue comme repr\u00e9sentante du commerce de d\u00e9tail au sein du comit\u00e9 directeur (CD) lors du dernier congr\u00e8s de la BCS \u00e0 Lausanne. Elle aura pass\u00e9 le cap des 100 jours en fonction d\u00e9but octobre. Etat des lieux\u2026<\/strong><\/p>\n\n\n\n<p>Les d\u00e9buts de Maja Fahrni, membre du CD fra\u00eechement \u00e9lue, ont imm\u00e9diatement \u00e9t\u00e9 spectaculaires \u2013 un bel envol au sens propre du terme\u2009: son coll\u00e8gue du CD, Marco Berwert, et Irene Muralt, dont elle a pris la succession, l\u2019ont en effet ramen\u00e9e en avion \u00e0 Thoune, dans son canton de domicile. \u00ab\u2009C\u2019\u00e9tait tr\u00e8s cool\u2009; le deuxi\u00e8me temps fort apr\u00e8s mon \u00e9lection\u2009!\u2009\u00bb<\/p>\n\n\n\n<h2 class=\"wp-block-heading\" id=\"h-un-nouveau-point-de-vue\">Un nouveau point de vue<\/h2>\n\n\n\n<p>La jeune femme \u00e2g\u00e9e de 47 ans se r\u00e9jouit de relever le nouveau d\u00e9fi, ses objectifs sont clairs. Elle souhaite notamment apporter un autre point de vue \u2013 f\u00e9minin, sous l\u2019angle du commerce de d\u00e9tail \u2013 et ainsi poursuivre le travail d\u2019Irene Muralt.<\/p>\n\n\n\n<p>Maja Fahrni a assist\u00e9 \u00e0 une s\u00e9ance de la commission de la formation en tant qu\u2019h\u00f4te avant les vacances\u2009: elle le fera d\u00e9sormais en tant que membre. Elle pr\u00e9sidera \u00e9galement la commission de la formation initiale du commerce de d\u00e9tail, et collaborera au groupe d\u2019avenir intersectoriel 2022+.<\/p>\n\n\n\n<h2 class=\"wp-block-heading\">Un vaste programme<\/h2>\n\n\n\n<p>La pause estivale a \u00e9t\u00e9 un peu plus calme. Maja a eu un peu de temps pour \u00e9tudier les dossiers et se consacrer \u00e0 son activit\u00e9 principale dans le cadre de la boulangerie E. Fahrni \u00e0 Merligen, qui comprend une \u00e9picerie. L\u2019accalmie a pris fin \u00e0 la mi-ao\u00fbt avec une s\u00e9ance charg\u00e9e du comit\u00e9 directeur, sur deux jours, et un atelier strat\u00e9gique visant \u00e0 poser les jalons de l\u2019avenir de l\u2019association. Ont suivi une premi\u00e8re s\u00e9ance du comit\u00e9 central en tant que membre du CD en septembre, un meeting avec les repr\u00e9sentantes et repr\u00e9sentants du secteur, et diff\u00e9rentes r\u00e9unions avec des commissions. Au d\u00e9but du mois de septembre, elle a particip\u00e9 \u00e0 la remise des prix officielle du concours Porteur d\u2019avenir \u00e0 Zurich.<\/p>\n\n\n\n<p>L\u2019article dans son int\u00e9gralit\u00e9 se trouve dans la version papier de \u00abpanissimo\u00bb ou en format PDF sur <a href=\"https:\/\/www.swissbaker.ch\/fr\/news-panissimo\/infos-panissimo\/panissimo-login\/\">www.swissbaker.ch<\/a> (uniquement pour les abonn\u00e9s \u00abpanissimo\u00bb).<\/p>\n","protected":false},"excerpt":{"rendered":"<p>Maja Fahrni a \u00e9t\u00e9 solennellement \u00e9lue comme repr\u00e9sentante du commerce de d\u00e9tail au sein du comit\u00e9 directeur (CD) lors du dernier congr\u00e8s de la BCS \u00e0 Lausanne. Elle aura pass\u00e9 le cap des 100 jours en fonction d\u00e9but octobre. Etat des lieux\u2026 Les d\u00e9buts de Maja Fahrni, membre du CD fra\u00eechement \u00e9lue, ont imm\u00e9diatement \u00e9t\u00e9 spectaculaires \u2013 un bel envol [&hellip;]<\/p>\n","protected":false},"author":1,"featured_media":6181,"comment_status":"open","ping_status":"closed","sticky":false,"template":"","format":"standard","meta":{"_acf_changed":false,"footnotes":""},"categories":[41],"tags":[],"class_list":["post-8563","post","type-post","status-publish","format-standard","has-post-thumbnail","hentry","category-association"],"acf":[],"yoast_head":"<!-- This site is optimized with the Yoast SEO Premium plugin v26.8 (Yoast SEO v26.8) - https:\/\/yoast.com\/product\/yoast-seo-premium-wordpress\/ -->\n<title>Bel envol d\u00e8s le d\u00e9but | SBC<\/title>\n<meta name=\"robots\" content=\"index, follow, max-snippet:-1, max-image-preview:large, max-video-preview:-1\" \/>\n<link rel=\"canonical\" href=\"https:\/\/swissbaker.ch\/fr\/panissimo-news\/bel-envol-des-le-debut\/\" \/>\n<meta property=\"og:locale\" content=\"fr_FR\" \/>\n<meta property=\"og:type\" content=\"article\" \/>\n<meta property=\"og:title\" content=\"Bel envol d\u00e8s le d\u00e9but\" \/>\n<meta property=\"og:description\" content=\"Maja Fahrni a \u00e9t\u00e9 solennellement \u00e9lue comme repr\u00e9sentante du commerce de d\u00e9tail au sein du comit\u00e9 directeur (CD) lors du dernier congr\u00e8s de la BCS \u00e0 Lausanne. Elle aura pass\u00e9 le cap des 100 jours en fonction d\u00e9but octobre. Etat des lieux\u2026 Les d\u00e9buts de Maja Fahrni, membre du CD fra\u00eechement \u00e9lue, ont imm\u00e9diatement \u00e9t\u00e9 spectaculaires \u2013 un bel envol [&hellip;]\" \/>\n<meta property=\"og:url\" content=\"https:\/\/swissbaker.ch\/fr\/panissimo-news\/bel-envol-des-le-debut\/\" \/>\n<meta property=\"og:site_name\" content=\"SBC\" \/>\n<meta property=\"article:publisher\" content=\"https:\/\/www.facebook.com\/swissbaker.ch\" \/>\n<meta property=\"article:published_time\" content=\"2017-09-27T09:48:00+00:00\" \/>\n<meta property=\"article:modified_time\" content=\"2022-05-11T06:35:45+00:00\" \/>\n<meta property=\"og:image\" content=\"https:\/\/swissbaker.ch\/wp-content\/uploads\/2022\/04\/Maja_Fahrni_P8220008.jpg\" \/>\n\t<meta property=\"og:image:width\" content=\"800\" \/>\n\t<meta property=\"og:image:height\" content=\"474\" \/>\n\t<meta property=\"og:image:type\" content=\"image\/jpeg\" \/>\n<meta name=\"author\" content=\"azureart\" \/>\n<meta name=\"twitter:card\" content=\"summary_large_image\" \/>\n<meta name=\"twitter:creator\" content=\"@ch_swissbaker\" \/>\n<meta name=\"twitter:site\" content=\"@ch_swissbaker\" \/>\n<meta name=\"twitter:label1\" content=\"Written by\" \/>\n\t<meta name=\"twitter:data1\" content=\"azureart\" \/>\n\t<meta name=\"twitter:label2\" content=\"Est. reading time\" \/>\n\t<meta name=\"twitter:data2\" content=\"2 minutes\" \/>\n<script type=\"application\/ld+json\" class=\"yoast-schema-graph\">{\"@context\":\"https:\/\/schema.org\",\"@graph\":[{\"@type\":\"Article\",\"@id\":\"https:\/\/swissbaker.ch\/fr\/panissimo-news\/bel-envol-des-le-debut\/#article\",\"isPartOf\":{\"@id\":\"https:\/\/swissbaker.ch\/fr\/panissimo-news\/bel-envol-des-le-debut\/\"},\"author\":{\"name\":\"azureart\",\"@id\":\"https:\/\/swissbaker.ch\/fr\/#\/schema\/person\/058ac47619f7da53df62aba60f939b78\"},\"headline\":\"Bel envol d\u00e8s le d\u00e9but\",\"datePublished\":\"2017-09-27T09:48:00+00:00\",\"dateModified\":\"2022-05-11T06:35:45+00:00\",\"mainEntityOfPage\":{\"@id\":\"https:\/\/swissbaker.ch\/fr\/panissimo-news\/bel-envol-des-le-debut\/\"},\"wordCount\":387,\"commentCount\":0,\"publisher\":{\"@id\":\"https:\/\/swissbaker.ch\/fr\/#organization\"},\"image\":{\"@id\":\"https:\/\/swissbaker.ch\/fr\/panissimo-news\/bel-envol-des-le-debut\/#primaryimage\"},\"thumbnailUrl\":\"https:\/\/swissbaker.ch\/wp-content\/uploads\/2022\/04\/Maja_Fahrni_P8220008.jpg\",\"articleSection\":[\"Association\"],\"inLanguage\":\"fr-FR\",\"potentialAction\":[{\"@type\":\"CommentAction\",\"name\":\"Comment\",\"target\":[\"https:\/\/swissbaker.ch\/fr\/panissimo-news\/bel-envol-des-le-debut\/#respond\"]}]},{\"@type\":\"WebPage\",\"@id\":\"https:\/\/swissbaker.ch\/fr\/panissimo-news\/bel-envol-des-le-debut\/\",\"url\":\"https:\/\/swissbaker.ch\/fr\/panissimo-news\/bel-envol-des-le-debut\/\",\"name\":\"Bel envol d\u00e8s le d\u00e9but | SBC\",\"isPartOf\":{\"@id\":\"https:\/\/swissbaker.ch\/fr\/#website\"},\"primaryImageOfPage\":{\"@id\":\"https:\/\/swissbaker.ch\/fr\/panissimo-news\/bel-envol-des-le-debut\/#primaryimage\"},\"image\":{\"@id\":\"https:\/\/swissbaker.ch\/fr\/panissimo-news\/bel-envol-des-le-debut\/#primaryimage\"},\"thumbnailUrl\":\"https:\/\/swissbaker.ch\/wp-content\/uploads\/2022\/04\/Maja_Fahrni_P8220008.jpg\",\"datePublished\":\"2017-09-27T09:48:00+00:00\",\"dateModified\":\"2022-05-11T06:35:45+00:00\",\"breadcrumb\":{\"@id\":\"https:\/\/swissbaker.ch\/fr\/panissimo-news\/bel-envol-des-le-debut\/#breadcrumb\"},\"inLanguage\":\"fr-FR\",\"potentialAction\":[{\"@type\":\"ReadAction\",\"target\":[\"https:\/\/swissbaker.ch\/fr\/panissimo-news\/bel-envol-des-le-debut\/\"]}]},{\"@type\":\"ImageObject\",\"inLanguage\":\"fr-FR\",\"@id\":\"https:\/\/swissbaker.ch\/fr\/panissimo-news\/bel-envol-des-le-debut\/#primaryimage\",\"url\":\"https:\/\/swissbaker.ch\/wp-content\/uploads\/2022\/04\/Maja_Fahrni_P8220008.jpg\",\"contentUrl\":\"https:\/\/swissbaker.ch\/wp-content\/uploads\/2022\/04\/Maja_Fahrni_P8220008.jpg\",\"width\":800,\"height\":474,\"caption\":\"Bel envol d\u00e8s le d\u00e9but\"},{\"@type\":\"BreadcrumbList\",\"@id\":\"https:\/\/swissbaker.ch\/fr\/panissimo-news\/bel-envol-des-le-debut\/#breadcrumb\",\"itemListElement\":[{\"@type\":\"ListItem\",\"position\":1,\"name\":\"\",\"item\":\"https:\/\/swissbaker.ch\/fr\/\"},{\"@type\":\"ListItem\",\"position\":2,\"name\":\"Association\",\"item\":\"https:\/\/swissbaker.ch\/fr\/panissimo-news\/category\/association\/\"},{\"@type\":\"ListItem\",\"position\":3,\"name\":\"Bel envol d\u00e8s le d\u00e9but\"}]},{\"@type\":\"WebSite\",\"@id\":\"https:\/\/swissbaker.ch\/fr\/#website\",\"url\":\"https:\/\/swissbaker.ch\/fr\/\",\"name\":\"SBC\",\"description\":\"\",\"publisher\":{\"@id\":\"https:\/\/swissbaker.ch\/fr\/#organization\"},\"potentialAction\":[{\"@type\":\"SearchAction\",\"target\":{\"@type\":\"EntryPoint\",\"urlTemplate\":\"https:\/\/swissbaker.ch\/fr\/?s={search_term_string}\"},\"query-input\":{\"@type\":\"PropertyValueSpecification\",\"valueRequired\":true,\"valueName\":\"search_term_string\"}}],\"inLanguage\":\"fr-FR\"},{\"@type\":\"Organization\",\"@id\":\"https:\/\/swissbaker.ch\/fr\/#organization\",\"name\":\"Schweizerischer B\u00e4cker-Confiseurmeister-Verband\",\"url\":\"https:\/\/swissbaker.ch\/fr\/\",\"logo\":{\"@type\":\"ImageObject\",\"inLanguage\":\"fr-FR\",\"@id\":\"https:\/\/swissbaker.ch\/fr\/#\/schema\/logo\/image\/\",\"url\":\"https:\/\/swissbaker.ch\/wp-content\/uploads\/2022\/04\/sbc-logo-yoast.jpg\",\"contentUrl\":\"https:\/\/swissbaker.ch\/wp-content\/uploads\/2022\/04\/sbc-logo-yoast.jpg\",\"width\":512,\"height\":512,\"caption\":\"Schweizerischer B\u00e4cker-Confiseurmeister-Verband\"},\"image\":{\"@id\":\"https:\/\/swissbaker.ch\/fr\/#\/schema\/logo\/image\/\"},\"sameAs\":[\"https:\/\/www.facebook.com\/swissbaker.ch\",\"https:\/\/x.com\/ch_swissbaker\"]},{\"@type\":\"Person\",\"@id\":\"https:\/\/swissbaker.ch\/fr\/#\/schema\/person\/058ac47619f7da53df62aba60f939b78\",\"name\":\"azureart\",\"image\":{\"@type\":\"ImageObject\",\"inLanguage\":\"fr-FR\",\"@id\":\"https:\/\/swissbaker.ch\/fr\/#\/schema\/person\/image\/\",\"url\":\"https:\/\/secure.gravatar.com\/avatar\/be04dd3098fd612c83067af4f7a295384c93cb6a9112f51beb9d2f477d25da61?s=96&d=mm&r=g\",\"contentUrl\":\"https:\/\/secure.gravatar.com\/avatar\/be04dd3098fd612c83067af4f7a295384c93cb6a9112f51beb9d2f477d25da61?s=96&d=mm&r=g\",\"caption\":\"azureart\"},\"sameAs\":[\"https:\/\/swissbaker.ch\"],\"url\":\"https:\/\/swissbaker.ch\/fr\/panissimo-news\/author\/pixel-ahoi\/\"}]}<\/script>\n<!-- \/ Yoast SEO Premium plugin. -->","yoast_head_json":{"title":"Bel envol d\u00e8s le d\u00e9but | SBC","robots":{"index":"index","follow":"follow","max-snippet":"max-snippet:-1","max-image-preview":"max-image-preview:large","max-video-preview":"max-video-preview:-1"},"canonical":"https:\/\/swissbaker.ch\/fr\/panissimo-news\/bel-envol-des-le-debut\/","og_locale":"fr_FR","og_type":"article","og_title":"Bel envol d\u00e8s le d\u00e9but","og_description":"Maja Fahrni a \u00e9t\u00e9 solennellement \u00e9lue comme repr\u00e9sentante du commerce de d\u00e9tail au sein du comit\u00e9 directeur (CD) lors du dernier congr\u00e8s de la BCS \u00e0 Lausanne. Elle aura pass\u00e9 le cap des 100 jours en fonction d\u00e9but octobre. Etat des lieux\u2026 Les d\u00e9buts de Maja Fahrni, membre du CD fra\u00eechement \u00e9lue, ont imm\u00e9diatement \u00e9t\u00e9 spectaculaires \u2013 un bel envol [&hellip;]","og_url":"https:\/\/swissbaker.ch\/fr\/panissimo-news\/bel-envol-des-le-debut\/","og_site_name":"SBC","article_publisher":"https:\/\/www.facebook.com\/swissbaker.ch","article_published_time":"2017-09-27T09:48:00+00:00","article_modified_time":"2022-05-11T06:35:45+00:00","og_image":[{"width":800,"height":474,"url":"https:\/\/swissbaker.ch\/wp-content\/uploads\/2022\/04\/Maja_Fahrni_P8220008.jpg","type":"image\/jpeg"}],"author":"azureart","twitter_card":"summary_large_image","twitter_creator":"@ch_swissbaker","twitter_site":"@ch_swissbaker","twitter_misc":{"Written by":"azureart","Est. reading time":"2 minutes"},"schema":{"@context":"https:\/\/schema.org","@graph":[{"@type":"Article","@id":"https:\/\/swissbaker.ch\/fr\/panissimo-news\/bel-envol-des-le-debut\/#article","isPartOf":{"@id":"https:\/\/swissbaker.ch\/fr\/panissimo-news\/bel-envol-des-le-debut\/"},"author":{"name":"azureart","@id":"https:\/\/swissbaker.ch\/fr\/#\/schema\/person\/058ac47619f7da53df62aba60f939b78"},"headline":"Bel envol d\u00e8s le d\u00e9but","datePublished":"2017-09-27T09:48:00+00:00","dateModified":"2022-05-11T06:35:45+00:00","mainEntityOfPage":{"@id":"https:\/\/swissbaker.ch\/fr\/panissimo-news\/bel-envol-des-le-debut\/"},"wordCount":387,"commentCount":0,"publisher":{"@id":"https:\/\/swissbaker.ch\/fr\/#organization"},"image":{"@id":"https:\/\/swissbaker.ch\/fr\/panissimo-news\/bel-envol-des-le-debut\/#primaryimage"},"thumbnailUrl":"https:\/\/swissbaker.ch\/wp-content\/uploads\/2022\/04\/Maja_Fahrni_P8220008.jpg","articleSection":["Association"],"inLanguage":"fr-FR","potentialAction":[{"@type":"CommentAction","name":"Comment","target":["https:\/\/swissbaker.ch\/fr\/panissimo-news\/bel-envol-des-le-debut\/#respond"]}]},{"@type":"WebPage","@id":"https:\/\/swissbaker.ch\/fr\/panissimo-news\/bel-envol-des-le-debut\/","url":"https:\/\/swissbaker.ch\/fr\/panissimo-news\/bel-envol-des-le-debut\/","name":"Bel envol d\u00e8s le d\u00e9but | SBC","isPartOf":{"@id":"https:\/\/swissbaker.ch\/fr\/#website"},"primaryImageOfPage":{"@id":"https:\/\/swissbaker.ch\/fr\/panissimo-news\/bel-envol-des-le-debut\/#primaryimage"},"image":{"@id":"https:\/\/swissbaker.ch\/fr\/panissimo-news\/bel-envol-des-le-debut\/#primaryimage"},"thumbnailUrl":"https:\/\/swissbaker.ch\/wp-content\/uploads\/2022\/04\/Maja_Fahrni_P8220008.jpg","datePublished":"2017-09-27T09:48:00+00:00","dateModified":"2022-05-11T06:35:45+00:00","breadcrumb":{"@id":"https:\/\/swissbaker.ch\/fr\/panissimo-news\/bel-envol-des-le-debut\/#breadcrumb"},"inLanguage":"fr-FR","potentialAction":[{"@type":"ReadAction","target":["https:\/\/swissbaker.ch\/fr\/panissimo-news\/bel-envol-des-le-debut\/"]}]},{"@type":"ImageObject","inLanguage":"fr-FR","@id":"https:\/\/swissbaker.ch\/fr\/panissimo-news\/bel-envol-des-le-debut\/#primaryimage","url":"https:\/\/swissbaker.ch\/wp-content\/uploads\/2022\/04\/Maja_Fahrni_P8220008.jpg","contentUrl":"https:\/\/swissbaker.ch\/wp-content\/uploads\/2022\/04\/Maja_Fahrni_P8220008.jpg","width":800,"height":474,"caption":"Bel envol d\u00e8s le d\u00e9but"},{"@type":"BreadcrumbList","@id":"https:\/\/swissbaker.ch\/fr\/panissimo-news\/bel-envol-des-le-debut\/#breadcrumb","itemListElement":[{"@type":"ListItem","position":1,"name":"","item":"https:\/\/swissbaker.ch\/fr\/"},{"@type":"ListItem","position":2,"name":"Association","item":"https:\/\/swissbaker.ch\/fr\/panissimo-news\/category\/association\/"},{"@type":"ListItem","position":3,"name":"Bel envol d\u00e8s le d\u00e9but"}]},{"@type":"WebSite","@id":"https:\/\/swissbaker.ch\/fr\/#website","url":"https:\/\/swissbaker.ch\/fr\/","name":"SBC","description":"","publisher":{"@id":"https:\/\/swissbaker.ch\/fr\/#organization"},"potentialAction":[{"@type":"SearchAction","target":{"@type":"EntryPoint","urlTemplate":"https:\/\/swissbaker.ch\/fr\/?s={search_term_string}"},"query-input":{"@type":"PropertyValueSpecification","valueRequired":true,"valueName":"search_term_string"}}],"inLanguage":"fr-FR"},{"@type":"Organization","@id":"https:\/\/swissbaker.ch\/fr\/#organization","name":"Schweizerischer B\u00e4cker-Confiseurmeister-Verband","url":"https:\/\/swissbaker.ch\/fr\/","logo":{"@type":"ImageObject","inLanguage":"fr-FR","@id":"https:\/\/swissbaker.ch\/fr\/#\/schema\/logo\/image\/","url":"https:\/\/swissbaker.ch\/wp-content\/uploads\/2022\/04\/sbc-logo-yoast.jpg","contentUrl":"https:\/\/swissbaker.ch\/wp-content\/uploads\/2022\/04\/sbc-logo-yoast.jpg","width":512,"height":512,"caption":"Schweizerischer B\u00e4cker-Confiseurmeister-Verband"},"image":{"@id":"https:\/\/swissbaker.ch\/fr\/#\/schema\/logo\/image\/"},"sameAs":["https:\/\/www.facebook.com\/swissbaker.ch","https:\/\/x.com\/ch_swissbaker"]},{"@type":"Person","@id":"https:\/\/swissbaker.ch\/fr\/#\/schema\/person\/058ac47619f7da53df62aba60f939b78","name":"azureart","image":{"@type":"ImageObject","inLanguage":"fr-FR","@id":"https:\/\/swissbaker.ch\/fr\/#\/schema\/person\/image\/","url":"https:\/\/secure.gravatar.com\/avatar\/be04dd3098fd612c83067af4f7a295384c93cb6a9112f51beb9d2f477d25da61?s=96&d=mm&r=g","contentUrl":"https:\/\/secure.gravatar.com\/avatar\/be04dd3098fd612c83067af4f7a295384c93cb6a9112f51beb9d2f477d25da61?s=96&d=mm&r=g","caption":"azureart"},"sameAs":["https:\/\/swissbaker.ch"],"url":"https:\/\/swissbaker.ch\/fr\/panissimo-news\/author\/pixel-ahoi\/"}]}},"_links":{"self":[{"href":"https:\/\/swissbaker.ch\/fr\/wp-json\/wp\/v2\/posts\/8563","targetHints":{"allow":["GET"]}}],"collection":[{"href":"https:\/\/swissbaker.ch\/fr\/wp-json\/wp\/v2\/posts"}],"about":[{"href":"https:\/\/swissbaker.ch\/fr\/wp-json\/wp\/v2\/types\/post"}],"author":[{"embeddable":true,"href":"https:\/\/swissbaker.ch\/fr\/wp-json\/wp\/v2\/users\/1"}],"replies":[{"embeddable":true,"href":"https:\/\/swissbaker.ch\/fr\/wp-json\/wp\/v2\/comments?post=8563"}],"version-history":[{"count":0,"href":"https:\/\/swissbaker.ch\/fr\/wp-json\/wp\/v2\/posts\/8563\/revisions"}],"wp:featuredmedia":[{"embeddable":true,"href":"https:\/\/swissbaker.ch\/fr\/wp-json\/wp\/v2\/media\/6181"}],"wp:attachment":[{"href":"https:\/\/swissbaker.ch\/fr\/wp-json\/wp\/v2\/media?parent=8563"}],"wp:term":[{"taxonomy":"category","embeddable":true,"href":"https:\/\/swissbaker.ch\/fr\/wp-json\/wp\/v2\/categories?post=8563"},{"taxonomy":"post_tag","embeddable":true,"href":"https:\/\/swissbaker.ch\/fr\/wp-json\/wp\/v2\/tags?post=8563"}],"curies":[{"name":"wp","href":"https:\/\/api.w.org\/{rel}","templated":true}]}}