{"id":8560,"date":"2017-09-27T11:43:00","date_gmt":"2017-09-27T09:43:00","guid":{"rendered":"https:\/\/swissbaker.ch\/?p=8560"},"modified":"2022-05-11T08:32:58","modified_gmt":"2022-05-11T06:32:58","slug":"pain-dor-pour-un-artisan-payernois","status":"publish","type":"post","link":"https:\/\/swissbaker.ch\/fr\/panissimo-news\/pain-dor-pour-un-artisan-payernois\/","title":{"rendered":"Pain d\u2019or pour un artisan payernois"},"content":{"rendered":"\n<p><strong>Les Chevaliers du bon pain du canton de Vaud ont c\u00e9l\u00e9br\u00e9 leur 50e anniversaire, samedi dernier. R\u00e9unis pour l\u2019occasion \u00e0 Vevey, ils ont proc\u00e9d\u00e9 \u00e0 leur 23e chapitre d\u2019intronisation. Ils ont \u00e9galement remis le Pain d\u2019or 2017-2019 \u00e0 Jean-Marc Ducrot.<\/strong><\/p>\n\n\n\n<p>Quatre boulangers ont rejoint la confr\u00e9rie\u2009: Alain Detrey (Nyon), Pascal Guillaume (Montreux), J\u00e9r\u00f4me Locatelli (Cugy) et Christophe Ackermann (Grandson). Une septi\u00e8me \u00e9toile a \u00e9t\u00e9 remise \u00e0 Anselme Pasini de Montreux\u2009; le Michael Phelps des boulangers comme l\u2019a surnomm\u00e9 le vice Grand Ma\u00eetre Roland Brouze. Fabienne Germanier Nicod, \u00e9pouse de Simon Nicod (Lucens) a re\u00e7u le titre de Compagnon du bon pain. Elle lutte avec force et insistance en faveur de branche. \u00ab\u2009Une distinction amplement m\u00e9rit\u00e9e\u2009\u00bb, a expliqu\u00e9 Roland Brouze.<\/p>\n\n\n\n<p>Le soleil automnal brillait dans le ciel, lorsque le cort\u00e8ge solennel s\u2019est dirig\u00e9, accompagn\u00e9 des diff\u00e9rentes confr\u00e9ries, vers la place du March\u00e9 \u00e0 Vevey. Le vice Grand Ma\u00eetre a exprim\u00e9 dans son discours de bienvenue le souhait que le pain, ce noble aliment, trouve \u00e0 nouveau une place de choix sur la table, sur toutes les tables.<\/p>\n\n\n\n<p>La syndique Elina Leimgruber a transmis les salutations de la Ville de Vevey. Elle a mentionn\u00e9 avec regret les 130\u2009000 tonnes de produits de boulangerie import\u00e9s. Elle a remerci\u00e9 les participants pour leur engagement et les a pri\u00e9s de continuer \u00e0 produire du pain artisanal.<\/p>\n\n\n\n<p>Les <a href=\"https:\/\/www.swissbaker.ch\/fr\/news-panissimo\/galeries-de-photos\/galeries-2017\/#c1777\">photos<\/a> de la manifestation et le discours de Jean-Marc Ducrot se trouvent sur <a href=\"https:\/\/www.swissbaker.ch\/fr\/news-panissimo\/\">www.swissbaker.ch\/panissimo.<\/a><\/p>\n\n\n\n<p><\/p>\n","protected":false},"excerpt":{"rendered":"<p>Les Chevaliers du bon pain du canton de Vaud ont c\u00e9l\u00e9br\u00e9 leur 50e anniversaire, samedi dernier. R\u00e9unis pour l\u2019occasion \u00e0 Vevey, ils ont proc\u00e9d\u00e9 \u00e0 leur 23e chapitre d\u2019intronisation. Ils ont \u00e9galement remis le Pain d\u2019or 2017-2019 \u00e0 Jean-Marc Ducrot. Quatre boulangers ont rejoint la confr\u00e9rie\u2009: Alain Detrey (Nyon), Pascal Guillaume (Montreux), J\u00e9r\u00f4me Locatelli (Cugy) et Christophe Ackermann (Grandson). Une [&hellip;]<\/p>\n","protected":false},"author":1,"featured_media":6179,"comment_status":"open","ping_status":"closed","sticky":false,"template":"","format":"standard","meta":{"_acf_changed":false,"footnotes":""},"categories":[46],"tags":[],"class_list":["post-8560","post","type-post","status-publish","format-standard","has-post-thumbnail","hentry","category-evenement"],"acf":[],"yoast_head":"<!-- This site is optimized with the Yoast SEO Premium plugin v26.8 (Yoast SEO v26.8) - https:\/\/yoast.com\/product\/yoast-seo-premium-wordpress\/ -->\n<title>Pain d\u2019or pour un artisan payernois | SBC<\/title>\n<meta name=\"robots\" content=\"index, follow, max-snippet:-1, max-image-preview:large, max-video-preview:-1\" \/>\n<link rel=\"canonical\" href=\"https:\/\/swissbaker.ch\/fr\/panissimo-news\/pain-dor-pour-un-artisan-payernois\/\" \/>\n<meta property=\"og:locale\" content=\"fr_FR\" \/>\n<meta property=\"og:type\" content=\"article\" \/>\n<meta property=\"og:title\" content=\"Pain d\u2019or pour un artisan payernois\" \/>\n<meta property=\"og:description\" content=\"Les Chevaliers du bon pain du canton de Vaud ont c\u00e9l\u00e9br\u00e9 leur 50e anniversaire, samedi dernier. R\u00e9unis pour l\u2019occasion \u00e0 Vevey, ils ont proc\u00e9d\u00e9 \u00e0 leur 23e chapitre d\u2019intronisation. Ils ont \u00e9galement remis le Pain d\u2019or 2017-2019 \u00e0 Jean-Marc Ducrot. Quatre boulangers ont rejoint la confr\u00e9rie\u2009: Alain Detrey (Nyon), Pascal Guillaume (Montreux), J\u00e9r\u00f4me Locatelli (Cugy) et Christophe Ackermann (Grandson). Une [&hellip;]\" \/>\n<meta property=\"og:url\" content=\"https:\/\/swissbaker.ch\/fr\/panissimo-news\/pain-dor-pour-un-artisan-payernois\/\" \/>\n<meta property=\"og:site_name\" content=\"SBC\" \/>\n<meta property=\"article:publisher\" content=\"https:\/\/www.facebook.com\/swissbaker.ch\" \/>\n<meta property=\"article:published_time\" content=\"2017-09-27T09:43:00+00:00\" \/>\n<meta property=\"article:modified_time\" content=\"2022-05-11T06:32:58+00:00\" \/>\n<meta property=\"og:image\" content=\"https:\/\/swissbaker.ch\/wp-content\/uploads\/2022\/04\/Chevaliers_9230699.jpg\" \/>\n\t<meta property=\"og:image:width\" content=\"600\" \/>\n\t<meta property=\"og:image:height\" content=\"600\" \/>\n\t<meta property=\"og:image:type\" content=\"image\/jpeg\" \/>\n<meta name=\"author\" content=\"azureart\" \/>\n<meta name=\"twitter:card\" content=\"summary_large_image\" \/>\n<meta name=\"twitter:creator\" content=\"@ch_swissbaker\" \/>\n<meta name=\"twitter:site\" content=\"@ch_swissbaker\" \/>\n<meta name=\"twitter:label1\" content=\"Written by\" \/>\n\t<meta name=\"twitter:data1\" content=\"azureart\" \/>\n\t<meta name=\"twitter:label2\" content=\"Est. reading time\" \/>\n\t<meta name=\"twitter:data2\" content=\"2 minutes\" \/>\n<script type=\"application\/ld+json\" class=\"yoast-schema-graph\">{\"@context\":\"https:\/\/schema.org\",\"@graph\":[{\"@type\":\"Article\",\"@id\":\"https:\/\/swissbaker.ch\/fr\/panissimo-news\/pain-dor-pour-un-artisan-payernois\/#article\",\"isPartOf\":{\"@id\":\"https:\/\/swissbaker.ch\/fr\/panissimo-news\/pain-dor-pour-un-artisan-payernois\/\"},\"author\":{\"name\":\"azureart\",\"@id\":\"https:\/\/swissbaker.ch\/fr\/#\/schema\/person\/058ac47619f7da53df62aba60f939b78\"},\"headline\":\"Pain d\u2019or pour un artisan payernois\",\"datePublished\":\"2017-09-27T09:43:00+00:00\",\"dateModified\":\"2022-05-11T06:32:58+00:00\",\"mainEntityOfPage\":{\"@id\":\"https:\/\/swissbaker.ch\/fr\/panissimo-news\/pain-dor-pour-un-artisan-payernois\/\"},\"wordCount\":261,\"commentCount\":0,\"publisher\":{\"@id\":\"https:\/\/swissbaker.ch\/fr\/#organization\"},\"image\":{\"@id\":\"https:\/\/swissbaker.ch\/fr\/panissimo-news\/pain-dor-pour-un-artisan-payernois\/#primaryimage\"},\"thumbnailUrl\":\"https:\/\/swissbaker.ch\/wp-content\/uploads\/2022\/04\/Chevaliers_9230699.jpg\",\"articleSection\":[\"Ev\u00e9nement\"],\"inLanguage\":\"fr-FR\",\"potentialAction\":[{\"@type\":\"CommentAction\",\"name\":\"Comment\",\"target\":[\"https:\/\/swissbaker.ch\/fr\/panissimo-news\/pain-dor-pour-un-artisan-payernois\/#respond\"]}]},{\"@type\":\"WebPage\",\"@id\":\"https:\/\/swissbaker.ch\/fr\/panissimo-news\/pain-dor-pour-un-artisan-payernois\/\",\"url\":\"https:\/\/swissbaker.ch\/fr\/panissimo-news\/pain-dor-pour-un-artisan-payernois\/\",\"name\":\"Pain d\u2019or pour un artisan payernois | SBC\",\"isPartOf\":{\"@id\":\"https:\/\/swissbaker.ch\/fr\/#website\"},\"primaryImageOfPage\":{\"@id\":\"https:\/\/swissbaker.ch\/fr\/panissimo-news\/pain-dor-pour-un-artisan-payernois\/#primaryimage\"},\"image\":{\"@id\":\"https:\/\/swissbaker.ch\/fr\/panissimo-news\/pain-dor-pour-un-artisan-payernois\/#primaryimage\"},\"thumbnailUrl\":\"https:\/\/swissbaker.ch\/wp-content\/uploads\/2022\/04\/Chevaliers_9230699.jpg\",\"datePublished\":\"2017-09-27T09:43:00+00:00\",\"dateModified\":\"2022-05-11T06:32:58+00:00\",\"breadcrumb\":{\"@id\":\"https:\/\/swissbaker.ch\/fr\/panissimo-news\/pain-dor-pour-un-artisan-payernois\/#breadcrumb\"},\"inLanguage\":\"fr-FR\",\"potentialAction\":[{\"@type\":\"ReadAction\",\"target\":[\"https:\/\/swissbaker.ch\/fr\/panissimo-news\/pain-dor-pour-un-artisan-payernois\/\"]}]},{\"@type\":\"ImageObject\",\"inLanguage\":\"fr-FR\",\"@id\":\"https:\/\/swissbaker.ch\/fr\/panissimo-news\/pain-dor-pour-un-artisan-payernois\/#primaryimage\",\"url\":\"https:\/\/swissbaker.ch\/wp-content\/uploads\/2022\/04\/Chevaliers_9230699.jpg\",\"contentUrl\":\"https:\/\/swissbaker.ch\/wp-content\/uploads\/2022\/04\/Chevaliers_9230699.jpg\",\"width\":600,\"height\":600,\"caption\":\"Pain d\u2019or pour un artisan payernois\"},{\"@type\":\"BreadcrumbList\",\"@id\":\"https:\/\/swissbaker.ch\/fr\/panissimo-news\/pain-dor-pour-un-artisan-payernois\/#breadcrumb\",\"itemListElement\":[{\"@type\":\"ListItem\",\"position\":1,\"name\":\"\",\"item\":\"https:\/\/swissbaker.ch\/fr\/\"},{\"@type\":\"ListItem\",\"position\":2,\"name\":\"Ev\u00e9nement\",\"item\":\"https:\/\/swissbaker.ch\/fr\/panissimo-news\/category\/evenement\/\"},{\"@type\":\"ListItem\",\"position\":3,\"name\":\"Pain d\u2019or pour un artisan payernois\"}]},{\"@type\":\"WebSite\",\"@id\":\"https:\/\/swissbaker.ch\/fr\/#website\",\"url\":\"https:\/\/swissbaker.ch\/fr\/\",\"name\":\"SBC\",\"description\":\"\",\"publisher\":{\"@id\":\"https:\/\/swissbaker.ch\/fr\/#organization\"},\"potentialAction\":[{\"@type\":\"SearchAction\",\"target\":{\"@type\":\"EntryPoint\",\"urlTemplate\":\"https:\/\/swissbaker.ch\/fr\/?s={search_term_string}\"},\"query-input\":{\"@type\":\"PropertyValueSpecification\",\"valueRequired\":true,\"valueName\":\"search_term_string\"}}],\"inLanguage\":\"fr-FR\"},{\"@type\":\"Organization\",\"@id\":\"https:\/\/swissbaker.ch\/fr\/#organization\",\"name\":\"Schweizerischer B\u00e4cker-Confiseurmeister-Verband\",\"url\":\"https:\/\/swissbaker.ch\/fr\/\",\"logo\":{\"@type\":\"ImageObject\",\"inLanguage\":\"fr-FR\",\"@id\":\"https:\/\/swissbaker.ch\/fr\/#\/schema\/logo\/image\/\",\"url\":\"https:\/\/swissbaker.ch\/wp-content\/uploads\/2022\/04\/sbc-logo-yoast.jpg\",\"contentUrl\":\"https:\/\/swissbaker.ch\/wp-content\/uploads\/2022\/04\/sbc-logo-yoast.jpg\",\"width\":512,\"height\":512,\"caption\":\"Schweizerischer B\u00e4cker-Confiseurmeister-Verband\"},\"image\":{\"@id\":\"https:\/\/swissbaker.ch\/fr\/#\/schema\/logo\/image\/\"},\"sameAs\":[\"https:\/\/www.facebook.com\/swissbaker.ch\",\"https:\/\/x.com\/ch_swissbaker\"]},{\"@type\":\"Person\",\"@id\":\"https:\/\/swissbaker.ch\/fr\/#\/schema\/person\/058ac47619f7da53df62aba60f939b78\",\"name\":\"azureart\",\"image\":{\"@type\":\"ImageObject\",\"inLanguage\":\"fr-FR\",\"@id\":\"https:\/\/swissbaker.ch\/fr\/#\/schema\/person\/image\/\",\"url\":\"https:\/\/secure.gravatar.com\/avatar\/be04dd3098fd612c83067af4f7a295384c93cb6a9112f51beb9d2f477d25da61?s=96&d=mm&r=g\",\"contentUrl\":\"https:\/\/secure.gravatar.com\/avatar\/be04dd3098fd612c83067af4f7a295384c93cb6a9112f51beb9d2f477d25da61?s=96&d=mm&r=g\",\"caption\":\"azureart\"},\"sameAs\":[\"https:\/\/swissbaker.ch\"],\"url\":\"https:\/\/swissbaker.ch\/fr\/panissimo-news\/author\/pixel-ahoi\/\"}]}<\/script>\n<!-- \/ Yoast SEO Premium plugin. -->","yoast_head_json":{"title":"Pain d\u2019or pour un artisan payernois | SBC","robots":{"index":"index","follow":"follow","max-snippet":"max-snippet:-1","max-image-preview":"max-image-preview:large","max-video-preview":"max-video-preview:-1"},"canonical":"https:\/\/swissbaker.ch\/fr\/panissimo-news\/pain-dor-pour-un-artisan-payernois\/","og_locale":"fr_FR","og_type":"article","og_title":"Pain d\u2019or pour un artisan payernois","og_description":"Les Chevaliers du bon pain du canton de Vaud ont c\u00e9l\u00e9br\u00e9 leur 50e anniversaire, samedi dernier. R\u00e9unis pour l\u2019occasion \u00e0 Vevey, ils ont proc\u00e9d\u00e9 \u00e0 leur 23e chapitre d\u2019intronisation. Ils ont \u00e9galement remis le Pain d\u2019or 2017-2019 \u00e0 Jean-Marc Ducrot. Quatre boulangers ont rejoint la confr\u00e9rie\u2009: Alain Detrey (Nyon), Pascal Guillaume (Montreux), J\u00e9r\u00f4me Locatelli (Cugy) et Christophe Ackermann (Grandson). Une [&hellip;]","og_url":"https:\/\/swissbaker.ch\/fr\/panissimo-news\/pain-dor-pour-un-artisan-payernois\/","og_site_name":"SBC","article_publisher":"https:\/\/www.facebook.com\/swissbaker.ch","article_published_time":"2017-09-27T09:43:00+00:00","article_modified_time":"2022-05-11T06:32:58+00:00","og_image":[{"width":600,"height":600,"url":"https:\/\/swissbaker.ch\/wp-content\/uploads\/2022\/04\/Chevaliers_9230699.jpg","type":"image\/jpeg"}],"author":"azureart","twitter_card":"summary_large_image","twitter_creator":"@ch_swissbaker","twitter_site":"@ch_swissbaker","twitter_misc":{"Written by":"azureart","Est. reading time":"2 minutes"},"schema":{"@context":"https:\/\/schema.org","@graph":[{"@type":"Article","@id":"https:\/\/swissbaker.ch\/fr\/panissimo-news\/pain-dor-pour-un-artisan-payernois\/#article","isPartOf":{"@id":"https:\/\/swissbaker.ch\/fr\/panissimo-news\/pain-dor-pour-un-artisan-payernois\/"},"author":{"name":"azureart","@id":"https:\/\/swissbaker.ch\/fr\/#\/schema\/person\/058ac47619f7da53df62aba60f939b78"},"headline":"Pain d\u2019or pour un artisan payernois","datePublished":"2017-09-27T09:43:00+00:00","dateModified":"2022-05-11T06:32:58+00:00","mainEntityOfPage":{"@id":"https:\/\/swissbaker.ch\/fr\/panissimo-news\/pain-dor-pour-un-artisan-payernois\/"},"wordCount":261,"commentCount":0,"publisher":{"@id":"https:\/\/swissbaker.ch\/fr\/#organization"},"image":{"@id":"https:\/\/swissbaker.ch\/fr\/panissimo-news\/pain-dor-pour-un-artisan-payernois\/#primaryimage"},"thumbnailUrl":"https:\/\/swissbaker.ch\/wp-content\/uploads\/2022\/04\/Chevaliers_9230699.jpg","articleSection":["Ev\u00e9nement"],"inLanguage":"fr-FR","potentialAction":[{"@type":"CommentAction","name":"Comment","target":["https:\/\/swissbaker.ch\/fr\/panissimo-news\/pain-dor-pour-un-artisan-payernois\/#respond"]}]},{"@type":"WebPage","@id":"https:\/\/swissbaker.ch\/fr\/panissimo-news\/pain-dor-pour-un-artisan-payernois\/","url":"https:\/\/swissbaker.ch\/fr\/panissimo-news\/pain-dor-pour-un-artisan-payernois\/","name":"Pain d\u2019or pour un artisan payernois | SBC","isPartOf":{"@id":"https:\/\/swissbaker.ch\/fr\/#website"},"primaryImageOfPage":{"@id":"https:\/\/swissbaker.ch\/fr\/panissimo-news\/pain-dor-pour-un-artisan-payernois\/#primaryimage"},"image":{"@id":"https:\/\/swissbaker.ch\/fr\/panissimo-news\/pain-dor-pour-un-artisan-payernois\/#primaryimage"},"thumbnailUrl":"https:\/\/swissbaker.ch\/wp-content\/uploads\/2022\/04\/Chevaliers_9230699.jpg","datePublished":"2017-09-27T09:43:00+00:00","dateModified":"2022-05-11T06:32:58+00:00","breadcrumb":{"@id":"https:\/\/swissbaker.ch\/fr\/panissimo-news\/pain-dor-pour-un-artisan-payernois\/#breadcrumb"},"inLanguage":"fr-FR","potentialAction":[{"@type":"ReadAction","target":["https:\/\/swissbaker.ch\/fr\/panissimo-news\/pain-dor-pour-un-artisan-payernois\/"]}]},{"@type":"ImageObject","inLanguage":"fr-FR","@id":"https:\/\/swissbaker.ch\/fr\/panissimo-news\/pain-dor-pour-un-artisan-payernois\/#primaryimage","url":"https:\/\/swissbaker.ch\/wp-content\/uploads\/2022\/04\/Chevaliers_9230699.jpg","contentUrl":"https:\/\/swissbaker.ch\/wp-content\/uploads\/2022\/04\/Chevaliers_9230699.jpg","width":600,"height":600,"caption":"Pain d\u2019or pour un artisan payernois"},{"@type":"BreadcrumbList","@id":"https:\/\/swissbaker.ch\/fr\/panissimo-news\/pain-dor-pour-un-artisan-payernois\/#breadcrumb","itemListElement":[{"@type":"ListItem","position":1,"name":"","item":"https:\/\/swissbaker.ch\/fr\/"},{"@type":"ListItem","position":2,"name":"Ev\u00e9nement","item":"https:\/\/swissbaker.ch\/fr\/panissimo-news\/category\/evenement\/"},{"@type":"ListItem","position":3,"name":"Pain d\u2019or pour un artisan payernois"}]},{"@type":"WebSite","@id":"https:\/\/swissbaker.ch\/fr\/#website","url":"https:\/\/swissbaker.ch\/fr\/","name":"SBC","description":"","publisher":{"@id":"https:\/\/swissbaker.ch\/fr\/#organization"},"potentialAction":[{"@type":"SearchAction","target":{"@type":"EntryPoint","urlTemplate":"https:\/\/swissbaker.ch\/fr\/?s={search_term_string}"},"query-input":{"@type":"PropertyValueSpecification","valueRequired":true,"valueName":"search_term_string"}}],"inLanguage":"fr-FR"},{"@type":"Organization","@id":"https:\/\/swissbaker.ch\/fr\/#organization","name":"Schweizerischer B\u00e4cker-Confiseurmeister-Verband","url":"https:\/\/swissbaker.ch\/fr\/","logo":{"@type":"ImageObject","inLanguage":"fr-FR","@id":"https:\/\/swissbaker.ch\/fr\/#\/schema\/logo\/image\/","url":"https:\/\/swissbaker.ch\/wp-content\/uploads\/2022\/04\/sbc-logo-yoast.jpg","contentUrl":"https:\/\/swissbaker.ch\/wp-content\/uploads\/2022\/04\/sbc-logo-yoast.jpg","width":512,"height":512,"caption":"Schweizerischer B\u00e4cker-Confiseurmeister-Verband"},"image":{"@id":"https:\/\/swissbaker.ch\/fr\/#\/schema\/logo\/image\/"},"sameAs":["https:\/\/www.facebook.com\/swissbaker.ch","https:\/\/x.com\/ch_swissbaker"]},{"@type":"Person","@id":"https:\/\/swissbaker.ch\/fr\/#\/schema\/person\/058ac47619f7da53df62aba60f939b78","name":"azureart","image":{"@type":"ImageObject","inLanguage":"fr-FR","@id":"https:\/\/swissbaker.ch\/fr\/#\/schema\/person\/image\/","url":"https:\/\/secure.gravatar.com\/avatar\/be04dd3098fd612c83067af4f7a295384c93cb6a9112f51beb9d2f477d25da61?s=96&d=mm&r=g","contentUrl":"https:\/\/secure.gravatar.com\/avatar\/be04dd3098fd612c83067af4f7a295384c93cb6a9112f51beb9d2f477d25da61?s=96&d=mm&r=g","caption":"azureart"},"sameAs":["https:\/\/swissbaker.ch"],"url":"https:\/\/swissbaker.ch\/fr\/panissimo-news\/author\/pixel-ahoi\/"}]}},"_links":{"self":[{"href":"https:\/\/swissbaker.ch\/fr\/wp-json\/wp\/v2\/posts\/8560","targetHints":{"allow":["GET"]}}],"collection":[{"href":"https:\/\/swissbaker.ch\/fr\/wp-json\/wp\/v2\/posts"}],"about":[{"href":"https:\/\/swissbaker.ch\/fr\/wp-json\/wp\/v2\/types\/post"}],"author":[{"embeddable":true,"href":"https:\/\/swissbaker.ch\/fr\/wp-json\/wp\/v2\/users\/1"}],"replies":[{"embeddable":true,"href":"https:\/\/swissbaker.ch\/fr\/wp-json\/wp\/v2\/comments?post=8560"}],"version-history":[{"count":0,"href":"https:\/\/swissbaker.ch\/fr\/wp-json\/wp\/v2\/posts\/8560\/revisions"}],"wp:featuredmedia":[{"embeddable":true,"href":"https:\/\/swissbaker.ch\/fr\/wp-json\/wp\/v2\/media\/6179"}],"wp:attachment":[{"href":"https:\/\/swissbaker.ch\/fr\/wp-json\/wp\/v2\/media?parent=8560"}],"wp:term":[{"taxonomy":"category","embeddable":true,"href":"https:\/\/swissbaker.ch\/fr\/wp-json\/wp\/v2\/categories?post=8560"},{"taxonomy":"post_tag","embeddable":true,"href":"https:\/\/swissbaker.ch\/fr\/wp-json\/wp\/v2\/tags?post=8560"}],"curies":[{"name":"wp","href":"https:\/\/api.w.org\/{rel}","templated":true}]}}