{"id":8514,"date":"2017-08-30T14:59:00","date_gmt":"2017-08-30T12:59:00","guid":{"rendered":"https:\/\/swissbaker.ch\/?p=8514"},"modified":"2022-05-06T15:09:41","modified_gmt":"2022-05-06T13:09:41","slug":"jattends-des-apprentis-quils-sinvestissent","status":"publish","type":"post","link":"https:\/\/swissbaker.ch\/fr\/panissimo-news\/jattends-des-apprentis-quils-sinvestissent\/","title":{"rendered":"\u00ab\u2009J\u2019attends des apprentis qu\u2019ils s\u2019investissent\u2009\u00bb"},"content":{"rendered":"\n<p><strong>Au centre de Payerne (VD), le boulanger-p\u00e2tissier Pascal Dubois dirige le 1000 Feuilles. Expert aux examens, cet ancien entra\u00eeneur d\u2019aviron et judoka forme des apprentis depuis 2006. La plupart d\u2019entre eux se sont class\u00e9s parmi les meilleurs du canton. Entretien avec un comp\u00e9titeur, pour qui la moyenne ne suffit pas\u2026<\/strong><\/p>\n\n\n\n<p>N\u00e9 \u00e0 Payerne, Pascal Dubois fait ses premiers pas dans la branche en 1975. Il effectue son apprentissage de boulanger \u00e0 Gimmel (VD). Il perp\u00e9tue ainsi la tradition familiale qui veut qu\u2019un membre de la famille \u00e9volue dans les m\u00e9tiers de bouche et ce, depuis 1800. Travaillant pour diff\u00e9rents patrons, il quitte le m\u00e9tier durant cinq ans estimant \u00eatre \u00ab\u2009exploit\u00e9\u2009\u00bb. Il rejoint une entreprise active dans la fabrication du papier photographique. \u00ab\u2009Je n\u2019aimais cependant pas travailler dans l\u2019industriel. J\u2019ai une mentalit\u00e9 de comp\u00e9titeur, et il fallait toujours en faire moins, jamais plus. J\u2019avais toujours en t\u00eate de me mettre \u00e0 mon compte.\u2009\u00bb Il y parvient en 1987. En 2006, il reprend un \u00e9tablissement dans sa ville natale. D\u00e9bute alors la formation d\u2019apprentis.<\/p>\n\n\n\n<h2 class=\"wp-block-heading\" id=\"h-pascal-dubois-combien-d-apprentis-avez-vous-formes\">Pascal Dubois, combien d\u2019apprentis avez-vous form\u00e9s\u2009?<\/h2>\n\n\n\n<p>Quatre. Deux filles ont termin\u00e9 premi\u00e8re du canton et un gar\u00e7on deuxi\u00e8me. Une des filles a \u00e9galement obtenu la deuxi\u00e8me place aux championnats suisses. Actuellement, j\u2019emploie trois jeunes en formation\u2009: deux en production et une \u00e0 la vente.<\/p>\n\n\n\n<h2 class=\"wp-block-heading\">Obtenir de bons r\u00e9sultats avec ses apprentis facilite-t-il la recherche de rel\u00e8ve\u2009?<\/h2>\n\n\n\n<p>D\u00e8s qu\u2019on a su que ma premi\u00e8re apprentie est sortie en t\u00eate, des parents ont voulu absolument que leurs enfants viennent chez nous. Ils doivent penser qu\u2019ils termineront dans les bons. Ce n\u2019est toutefois pas garanti. J\u2019explique bien aux jeunes que, s\u2019ils veulent faire partie des meilleurs, ils doivent en faire plus que les autres. Chez nous, ils ont tout pour bien faire, apr\u00e8s c\u2019est \u00e0 eux de voir. De mon c\u00f4t\u00e9, je n\u2019accepte pas la moyenne. Nous ne pouvons pas fournir une qualit\u00e9 sup\u00e9rieure avec des personnes qui se contentent d\u2019\u00eatre moyennes. J\u2019attends des apprentis qu\u2019ils s\u2019investissent. Mon but ce n\u2019est pas forc\u00e9ment qu\u2019ils soient premiers, mais qu\u2019ils donnent le meilleur d\u2019eux-m\u00eames. S\u2019ils sont dans les cinq, je suis content. (\u2026) D\u2019ailleurs, en fonction de leur investissement, ils ont entre 100 et 200\u202ffrancs de gratification par mois. Ils ont tout pour bien faire.<\/p>\n\n\n\n<h2 class=\"wp-block-heading\">Pourquoi avoir choisi de former des apprentis\u2009?<\/h2>\n\n\n\n<p>Lorsque j\u2019ai commenc\u00e9, j\u2019avais environ 30 ans de m\u00e9tier, je me suis dit qu\u2019il y avait peut-\u00eatre un savoir \u00e0 transmettre.<\/p>\n\n\n\n<h2 class=\"wp-block-heading\">Certaines personnes pr\u00e9tendent que cela permet aussi de b\u00e9n\u00e9ficier de force de travail \u00e0 moindre co\u00fbt\u2026<\/h2>\n\n\n\n<p>Il y a peut-\u00eatre un peu de cela. J\u2019\u00e9prouve cependant une r\u00e9elle fiert\u00e9 \u00e0 pouvoir former. J\u2019ai trois enfants, j\u2019ai \u00e9t\u00e9 entra\u00eeneur d\u2019aviron et j\u2019ai pratiqu\u00e9 le judo\u2009; o\u00f9 l\u2019id\u00e9e de transmettre est tout aussi importante. Apr\u00e8s, je dirais que si l\u2019on tombe sur de bons apprentis, cela peut rapporter. Par contre avec des moyens, on ne gagne rien, et s\u2019ils sont n\u00e9gligents, on perd beaucoup.<\/p>\n\n\n\n<h2 class=\"wp-block-heading\">Qu\u2019apportent-ils \u00e0 l\u2019entreprise\u2009?<\/h2>\n\n\n\n<p>De la fra\u00eecheur et une remise en question. Nous oublions que nous avons \u00e9t\u00e9 jeunes, que nous avons d\u00fb acqu\u00e9rir tout ce que nous savons. Ils nous apportent un peu d\u2019humilit\u00e9. Je me suis rendu compte que j\u2019ai \u00e9t\u00e9 une peau de vache avec mon patron \u00e2g\u00e9 de 24 ans \u00e0 l\u2019\u00e9poque, par exemple. Ils apportent aussi de nouvelles techniques que nous ne connaissons pas.<\/p>\n\n\n\n<h2 class=\"wp-block-heading\">De quelle mani\u00e8re les recrutez-vous et quels sont vos crit\u00e8res\u2009?<\/h2>\n\n\n\n<p>Par tous les canaux. J\u2019attache beaucoup d\u2019importance \u00e0 la motivation. On se c\u00f4toie facilement dix heures par jour. Le contact humain est donc important. Ceux qui r\u00e9pondent \u00e0 mes exigences, je les convoque pour un stage d\u2019une semaine. Avec l\u2019exp\u00e9rience, je vois en deux ou trois jours s\u2019ils seront bons au niveau manuel.<\/p>\n\n\n\n<h2 class=\"wp-block-heading\">Vos crit\u00e8res ont-ils \u00e9volu\u00e9 au fil du temps\u2009?<\/h2>\n\n\n\n<p>Je dirais qu\u2019ils se sont affin\u00e9s.<\/p>\n\n\n\n<h2 class=\"wp-block-heading\">Que faut-il pour \u00eatre un bon formateur\u2009?<\/h2>\n\n\n\n<p>Il faut \u00eatre exigeant et un exemple. Nous ne pouvons pas former des personnes en leur demandant plus que ce que nous faisons. Il faut avoir envie de perp\u00e9tuer les connaissances de la bonne gastronomie\u2009; surtout lorsqu\u2019on voit la malbouffe actuelle. (\u2026) Chez nous, les apprentis font tout de A \u00e0 Z. En sortant de notre entreprise, ils savent travailler \u00e0 tous les postes.<\/p>\n\n\n\n<h2 class=\"wp-block-heading\">Comment expliquer que les places d\u2019apprentissage se font de plus en plus rares\u2009?<\/h2>\n\n\n\n<p>Tout d\u2019abord, il y a de moins en moins de boulangeries-confiseries. Il y a eu aussi des cr\u00e8ve-c\u0153urs\u2009: des jeunes qui volent ou qui se moquent du travail et de la profession. Au final certains artisans pr\u00e9f\u00e8rent renoncer \u00e0 la formation\u2009; d\u2019autant plus qu\u2019un enseignement correct demande du temps.<\/p>\n\n\n\n<h2 class=\"wp-block-heading\">L\u2019apprenti d\u2019aujourd\u2019hui est-il diff\u00e9rent de celui d\u2019hier\u2009?<\/h2>\n\n\n\n<p>La jeunesse d\u2019aujourd\u2019hui sait qu\u2019elle a des droits, mais elle oublie parfois trop souvent qu\u2019elle a aussi des devoirs. Autrefois, ils \u00e9taient peut-\u00eatre un peu plus durs avec eux-m\u00eames.<\/p>\n\n\n\n<h2 class=\"wp-block-heading\">Comment envisagez-vous le secteur de demain\u2009?<\/h2>\n\n\n\n<p>Il y aura plus d\u2019industriels, car les charges seront trop \u00e9lev\u00e9es. Plus l\u2019exigence et la qualit\u00e9 sont \u00e9lev\u00e9es plus le b\u00e9n\u00e9fice est petit. Il y aura donc une \u00e9lite d\u2019artisans. Rare, il faudra la payer plus. \u00c7a deviendra un luxe. Les gens seront d\u2019accord de d\u00e9penser 10 \u00e0 12\u202ffrancs les jours de f\u00eate, pour une p\u00e2tisserie. Les enseignes moyennes, petites ou mal plac\u00e9es dispara\u00eetront.<\/p>\n\n\n\n<p>Propos recueillis par Johann Ruppen<\/p>\n\n\n\n<p><\/p>\n","protected":false},"excerpt":{"rendered":"<p>Au centre de Payerne (VD), le boulanger-p\u00e2tissier Pascal Dubois dirige le 1000 Feuilles. Expert aux examens, cet ancien entra\u00eeneur d\u2019aviron et judoka forme des apprentis depuis 2006. La plupart d\u2019entre eux se sont class\u00e9s parmi les meilleurs du canton. Entretien avec un comp\u00e9titeur, pour qui la moyenne ne suffit pas\u2026 N\u00e9 \u00e0 Payerne, Pascal Dubois fait ses premiers pas dans [&hellip;]<\/p>\n","protected":false},"author":1,"featured_media":8515,"comment_status":"open","ping_status":"closed","sticky":false,"template":"","format":"standard","meta":{"_acf_changed":false,"footnotes":""},"categories":[47],"tags":[],"class_list":["post-8514","post","type-post","status-publish","format-standard","has-post-thumbnail","hentry","category-formation-releve"],"acf":[],"yoast_head":"<!-- This site is optimized with the Yoast SEO Premium plugin v26.8 (Yoast SEO v26.8) - https:\/\/yoast.com\/product\/yoast-seo-premium-wordpress\/ -->\n<title>\u00ab\u2009J\u2019attends des apprentis qu\u2019ils s\u2019investissent\u2009\u00bb | SBC<\/title>\n<meta name=\"robots\" content=\"index, follow, max-snippet:-1, max-image-preview:large, max-video-preview:-1\" \/>\n<link rel=\"canonical\" href=\"https:\/\/swissbaker.ch\/fr\/panissimo-news\/jattends-des-apprentis-quils-sinvestissent\/\" \/>\n<meta property=\"og:locale\" content=\"fr_FR\" \/>\n<meta property=\"og:type\" content=\"article\" \/>\n<meta property=\"og:title\" content=\"\u00ab\u2009J\u2019attends des apprentis qu\u2019ils s\u2019investissent\u2009\u00bb\" \/>\n<meta property=\"og:description\" content=\"Au centre de Payerne (VD), le boulanger-p\u00e2tissier Pascal Dubois dirige le 1000 Feuilles. Expert aux examens, cet ancien entra\u00eeneur d\u2019aviron et judoka forme des apprentis depuis 2006. La plupart d\u2019entre eux se sont class\u00e9s parmi les meilleurs du canton. Entretien avec un comp\u00e9titeur, pour qui la moyenne ne suffit pas\u2026 N\u00e9 \u00e0 Payerne, Pascal Dubois fait ses premiers pas dans [&hellip;]\" \/>\n<meta property=\"og:url\" content=\"https:\/\/swissbaker.ch\/fr\/panissimo-news\/jattends-des-apprentis-quils-sinvestissent\/\" \/>\n<meta property=\"og:site_name\" content=\"SBC\" \/>\n<meta property=\"article:publisher\" content=\"https:\/\/www.facebook.com\/swissbaker.ch\" \/>\n<meta property=\"article:published_time\" content=\"2017-08-30T12:59:00+00:00\" \/>\n<meta property=\"article:modified_time\" content=\"2022-05-06T13:09:41+00:00\" \/>\n<meta property=\"og:image\" content=\"https:\/\/swissbaker.ch\/wp-content\/uploads\/2022\/05\/p_dubois5313.jpg\" \/>\n\t<meta property=\"og:image:width\" content=\"800\" \/>\n\t<meta property=\"og:image:height\" content=\"474\" \/>\n\t<meta property=\"og:image:type\" content=\"image\/jpeg\" \/>\n<meta name=\"author\" content=\"azureart\" \/>\n<meta name=\"twitter:card\" content=\"summary_large_image\" \/>\n<meta name=\"twitter:creator\" content=\"@ch_swissbaker\" \/>\n<meta name=\"twitter:site\" content=\"@ch_swissbaker\" \/>\n<meta name=\"twitter:label1\" content=\"Written by\" \/>\n\t<meta name=\"twitter:data1\" content=\"azureart\" \/>\n\t<meta name=\"twitter:label2\" content=\"Est. reading time\" \/>\n\t<meta name=\"twitter:data2\" content=\"5 minutes\" \/>\n<script type=\"application\/ld+json\" class=\"yoast-schema-graph\">{\"@context\":\"https:\/\/schema.org\",\"@graph\":[{\"@type\":\"Article\",\"@id\":\"https:\/\/swissbaker.ch\/fr\/panissimo-news\/jattends-des-apprentis-quils-sinvestissent\/#article\",\"isPartOf\":{\"@id\":\"https:\/\/swissbaker.ch\/fr\/panissimo-news\/jattends-des-apprentis-quils-sinvestissent\/\"},\"author\":{\"name\":\"azureart\",\"@id\":\"https:\/\/swissbaker.ch\/fr\/#\/schema\/person\/058ac47619f7da53df62aba60f939b78\"},\"headline\":\"\u00ab\u2009J\u2019attends des apprentis qu\u2019ils s\u2019investissent\u2009\u00bb\",\"datePublished\":\"2017-08-30T12:59:00+00:00\",\"dateModified\":\"2022-05-06T13:09:41+00:00\",\"mainEntityOfPage\":{\"@id\":\"https:\/\/swissbaker.ch\/fr\/panissimo-news\/jattends-des-apprentis-quils-sinvestissent\/\"},\"wordCount\":981,\"commentCount\":0,\"publisher\":{\"@id\":\"https:\/\/swissbaker.ch\/fr\/#organization\"},\"image\":{\"@id\":\"https:\/\/swissbaker.ch\/fr\/panissimo-news\/jattends-des-apprentis-quils-sinvestissent\/#primaryimage\"},\"thumbnailUrl\":\"https:\/\/swissbaker.ch\/wp-content\/uploads\/2022\/05\/p_dubois5313.jpg\",\"articleSection\":[\"Formation\/Rel\u00e8ve\"],\"inLanguage\":\"fr-FR\",\"potentialAction\":[{\"@type\":\"CommentAction\",\"name\":\"Comment\",\"target\":[\"https:\/\/swissbaker.ch\/fr\/panissimo-news\/jattends-des-apprentis-quils-sinvestissent\/#respond\"]}]},{\"@type\":\"WebPage\",\"@id\":\"https:\/\/swissbaker.ch\/fr\/panissimo-news\/jattends-des-apprentis-quils-sinvestissent\/\",\"url\":\"https:\/\/swissbaker.ch\/fr\/panissimo-news\/jattends-des-apprentis-quils-sinvestissent\/\",\"name\":\"\u00ab\u2009J\u2019attends des apprentis qu\u2019ils s\u2019investissent\u2009\u00bb | SBC\",\"isPartOf\":{\"@id\":\"https:\/\/swissbaker.ch\/fr\/#website\"},\"primaryImageOfPage\":{\"@id\":\"https:\/\/swissbaker.ch\/fr\/panissimo-news\/jattends-des-apprentis-quils-sinvestissent\/#primaryimage\"},\"image\":{\"@id\":\"https:\/\/swissbaker.ch\/fr\/panissimo-news\/jattends-des-apprentis-quils-sinvestissent\/#primaryimage\"},\"thumbnailUrl\":\"https:\/\/swissbaker.ch\/wp-content\/uploads\/2022\/05\/p_dubois5313.jpg\",\"datePublished\":\"2017-08-30T12:59:00+00:00\",\"dateModified\":\"2022-05-06T13:09:41+00:00\",\"breadcrumb\":{\"@id\":\"https:\/\/swissbaker.ch\/fr\/panissimo-news\/jattends-des-apprentis-quils-sinvestissent\/#breadcrumb\"},\"inLanguage\":\"fr-FR\",\"potentialAction\":[{\"@type\":\"ReadAction\",\"target\":[\"https:\/\/swissbaker.ch\/fr\/panissimo-news\/jattends-des-apprentis-quils-sinvestissent\/\"]}]},{\"@type\":\"ImageObject\",\"inLanguage\":\"fr-FR\",\"@id\":\"https:\/\/swissbaker.ch\/fr\/panissimo-news\/jattends-des-apprentis-quils-sinvestissent\/#primaryimage\",\"url\":\"https:\/\/swissbaker.ch\/wp-content\/uploads\/2022\/05\/p_dubois5313.jpg\",\"contentUrl\":\"https:\/\/swissbaker.ch\/wp-content\/uploads\/2022\/05\/p_dubois5313.jpg\",\"width\":800,\"height\":474,\"caption\":\"\u00ab\u2009J\u2019attends des apprentis qu\u2019ils s\u2019investissent\u2009\u00bb\"},{\"@type\":\"BreadcrumbList\",\"@id\":\"https:\/\/swissbaker.ch\/fr\/panissimo-news\/jattends-des-apprentis-quils-sinvestissent\/#breadcrumb\",\"itemListElement\":[{\"@type\":\"ListItem\",\"position\":1,\"name\":\"\",\"item\":\"https:\/\/swissbaker.ch\/fr\/\"},{\"@type\":\"ListItem\",\"position\":2,\"name\":\"Formation\/Rel\u00e8ve\",\"item\":\"https:\/\/swissbaker.ch\/fr\/panissimo-news\/category\/formation-releve\/\"},{\"@type\":\"ListItem\",\"position\":3,\"name\":\"\u00ab\u2009J\u2019attends des apprentis qu\u2019ils s\u2019investissent\u2009\u00bb\"}]},{\"@type\":\"WebSite\",\"@id\":\"https:\/\/swissbaker.ch\/fr\/#website\",\"url\":\"https:\/\/swissbaker.ch\/fr\/\",\"name\":\"SBC\",\"description\":\"\",\"publisher\":{\"@id\":\"https:\/\/swissbaker.ch\/fr\/#organization\"},\"potentialAction\":[{\"@type\":\"SearchAction\",\"target\":{\"@type\":\"EntryPoint\",\"urlTemplate\":\"https:\/\/swissbaker.ch\/fr\/?s={search_term_string}\"},\"query-input\":{\"@type\":\"PropertyValueSpecification\",\"valueRequired\":true,\"valueName\":\"search_term_string\"}}],\"inLanguage\":\"fr-FR\"},{\"@type\":\"Organization\",\"@id\":\"https:\/\/swissbaker.ch\/fr\/#organization\",\"name\":\"Schweizerischer B\u00e4cker-Confiseurmeister-Verband\",\"url\":\"https:\/\/swissbaker.ch\/fr\/\",\"logo\":{\"@type\":\"ImageObject\",\"inLanguage\":\"fr-FR\",\"@id\":\"https:\/\/swissbaker.ch\/fr\/#\/schema\/logo\/image\/\",\"url\":\"https:\/\/swissbaker.ch\/wp-content\/uploads\/2022\/04\/sbc-logo-yoast.jpg\",\"contentUrl\":\"https:\/\/swissbaker.ch\/wp-content\/uploads\/2022\/04\/sbc-logo-yoast.jpg\",\"width\":512,\"height\":512,\"caption\":\"Schweizerischer B\u00e4cker-Confiseurmeister-Verband\"},\"image\":{\"@id\":\"https:\/\/swissbaker.ch\/fr\/#\/schema\/logo\/image\/\"},\"sameAs\":[\"https:\/\/www.facebook.com\/swissbaker.ch\",\"https:\/\/x.com\/ch_swissbaker\"]},{\"@type\":\"Person\",\"@id\":\"https:\/\/swissbaker.ch\/fr\/#\/schema\/person\/058ac47619f7da53df62aba60f939b78\",\"name\":\"azureart\",\"image\":{\"@type\":\"ImageObject\",\"inLanguage\":\"fr-FR\",\"@id\":\"https:\/\/swissbaker.ch\/fr\/#\/schema\/person\/image\/\",\"url\":\"https:\/\/secure.gravatar.com\/avatar\/be04dd3098fd612c83067af4f7a295384c93cb6a9112f51beb9d2f477d25da61?s=96&d=mm&r=g\",\"contentUrl\":\"https:\/\/secure.gravatar.com\/avatar\/be04dd3098fd612c83067af4f7a295384c93cb6a9112f51beb9d2f477d25da61?s=96&d=mm&r=g\",\"caption\":\"azureart\"},\"sameAs\":[\"https:\/\/swissbaker.ch\"],\"url\":\"https:\/\/swissbaker.ch\/fr\/panissimo-news\/author\/pixel-ahoi\/\"}]}<\/script>\n<!-- \/ Yoast SEO Premium plugin. -->","yoast_head_json":{"title":"\u00ab\u2009J\u2019attends des apprentis qu\u2019ils s\u2019investissent\u2009\u00bb | SBC","robots":{"index":"index","follow":"follow","max-snippet":"max-snippet:-1","max-image-preview":"max-image-preview:large","max-video-preview":"max-video-preview:-1"},"canonical":"https:\/\/swissbaker.ch\/fr\/panissimo-news\/jattends-des-apprentis-quils-sinvestissent\/","og_locale":"fr_FR","og_type":"article","og_title":"\u00ab\u2009J\u2019attends des apprentis qu\u2019ils s\u2019investissent\u2009\u00bb","og_description":"Au centre de Payerne (VD), le boulanger-p\u00e2tissier Pascal Dubois dirige le 1000 Feuilles. Expert aux examens, cet ancien entra\u00eeneur d\u2019aviron et judoka forme des apprentis depuis 2006. La plupart d\u2019entre eux se sont class\u00e9s parmi les meilleurs du canton. Entretien avec un comp\u00e9titeur, pour qui la moyenne ne suffit pas\u2026 N\u00e9 \u00e0 Payerne, Pascal Dubois fait ses premiers pas dans [&hellip;]","og_url":"https:\/\/swissbaker.ch\/fr\/panissimo-news\/jattends-des-apprentis-quils-sinvestissent\/","og_site_name":"SBC","article_publisher":"https:\/\/www.facebook.com\/swissbaker.ch","article_published_time":"2017-08-30T12:59:00+00:00","article_modified_time":"2022-05-06T13:09:41+00:00","og_image":[{"width":800,"height":474,"url":"https:\/\/swissbaker.ch\/wp-content\/uploads\/2022\/05\/p_dubois5313.jpg","type":"image\/jpeg"}],"author":"azureart","twitter_card":"summary_large_image","twitter_creator":"@ch_swissbaker","twitter_site":"@ch_swissbaker","twitter_misc":{"Written by":"azureart","Est. reading time":"5 minutes"},"schema":{"@context":"https:\/\/schema.org","@graph":[{"@type":"Article","@id":"https:\/\/swissbaker.ch\/fr\/panissimo-news\/jattends-des-apprentis-quils-sinvestissent\/#article","isPartOf":{"@id":"https:\/\/swissbaker.ch\/fr\/panissimo-news\/jattends-des-apprentis-quils-sinvestissent\/"},"author":{"name":"azureart","@id":"https:\/\/swissbaker.ch\/fr\/#\/schema\/person\/058ac47619f7da53df62aba60f939b78"},"headline":"\u00ab\u2009J\u2019attends des apprentis qu\u2019ils s\u2019investissent\u2009\u00bb","datePublished":"2017-08-30T12:59:00+00:00","dateModified":"2022-05-06T13:09:41+00:00","mainEntityOfPage":{"@id":"https:\/\/swissbaker.ch\/fr\/panissimo-news\/jattends-des-apprentis-quils-sinvestissent\/"},"wordCount":981,"commentCount":0,"publisher":{"@id":"https:\/\/swissbaker.ch\/fr\/#organization"},"image":{"@id":"https:\/\/swissbaker.ch\/fr\/panissimo-news\/jattends-des-apprentis-quils-sinvestissent\/#primaryimage"},"thumbnailUrl":"https:\/\/swissbaker.ch\/wp-content\/uploads\/2022\/05\/p_dubois5313.jpg","articleSection":["Formation\/Rel\u00e8ve"],"inLanguage":"fr-FR","potentialAction":[{"@type":"CommentAction","name":"Comment","target":["https:\/\/swissbaker.ch\/fr\/panissimo-news\/jattends-des-apprentis-quils-sinvestissent\/#respond"]}]},{"@type":"WebPage","@id":"https:\/\/swissbaker.ch\/fr\/panissimo-news\/jattends-des-apprentis-quils-sinvestissent\/","url":"https:\/\/swissbaker.ch\/fr\/panissimo-news\/jattends-des-apprentis-quils-sinvestissent\/","name":"\u00ab\u2009J\u2019attends des apprentis qu\u2019ils s\u2019investissent\u2009\u00bb | SBC","isPartOf":{"@id":"https:\/\/swissbaker.ch\/fr\/#website"},"primaryImageOfPage":{"@id":"https:\/\/swissbaker.ch\/fr\/panissimo-news\/jattends-des-apprentis-quils-sinvestissent\/#primaryimage"},"image":{"@id":"https:\/\/swissbaker.ch\/fr\/panissimo-news\/jattends-des-apprentis-quils-sinvestissent\/#primaryimage"},"thumbnailUrl":"https:\/\/swissbaker.ch\/wp-content\/uploads\/2022\/05\/p_dubois5313.jpg","datePublished":"2017-08-30T12:59:00+00:00","dateModified":"2022-05-06T13:09:41+00:00","breadcrumb":{"@id":"https:\/\/swissbaker.ch\/fr\/panissimo-news\/jattends-des-apprentis-quils-sinvestissent\/#breadcrumb"},"inLanguage":"fr-FR","potentialAction":[{"@type":"ReadAction","target":["https:\/\/swissbaker.ch\/fr\/panissimo-news\/jattends-des-apprentis-quils-sinvestissent\/"]}]},{"@type":"ImageObject","inLanguage":"fr-FR","@id":"https:\/\/swissbaker.ch\/fr\/panissimo-news\/jattends-des-apprentis-quils-sinvestissent\/#primaryimage","url":"https:\/\/swissbaker.ch\/wp-content\/uploads\/2022\/05\/p_dubois5313.jpg","contentUrl":"https:\/\/swissbaker.ch\/wp-content\/uploads\/2022\/05\/p_dubois5313.jpg","width":800,"height":474,"caption":"\u00ab\u2009J\u2019attends des apprentis qu\u2019ils s\u2019investissent\u2009\u00bb"},{"@type":"BreadcrumbList","@id":"https:\/\/swissbaker.ch\/fr\/panissimo-news\/jattends-des-apprentis-quils-sinvestissent\/#breadcrumb","itemListElement":[{"@type":"ListItem","position":1,"name":"","item":"https:\/\/swissbaker.ch\/fr\/"},{"@type":"ListItem","position":2,"name":"Formation\/Rel\u00e8ve","item":"https:\/\/swissbaker.ch\/fr\/panissimo-news\/category\/formation-releve\/"},{"@type":"ListItem","position":3,"name":"\u00ab\u2009J\u2019attends des apprentis qu\u2019ils s\u2019investissent\u2009\u00bb"}]},{"@type":"WebSite","@id":"https:\/\/swissbaker.ch\/fr\/#website","url":"https:\/\/swissbaker.ch\/fr\/","name":"SBC","description":"","publisher":{"@id":"https:\/\/swissbaker.ch\/fr\/#organization"},"potentialAction":[{"@type":"SearchAction","target":{"@type":"EntryPoint","urlTemplate":"https:\/\/swissbaker.ch\/fr\/?s={search_term_string}"},"query-input":{"@type":"PropertyValueSpecification","valueRequired":true,"valueName":"search_term_string"}}],"inLanguage":"fr-FR"},{"@type":"Organization","@id":"https:\/\/swissbaker.ch\/fr\/#organization","name":"Schweizerischer B\u00e4cker-Confiseurmeister-Verband","url":"https:\/\/swissbaker.ch\/fr\/","logo":{"@type":"ImageObject","inLanguage":"fr-FR","@id":"https:\/\/swissbaker.ch\/fr\/#\/schema\/logo\/image\/","url":"https:\/\/swissbaker.ch\/wp-content\/uploads\/2022\/04\/sbc-logo-yoast.jpg","contentUrl":"https:\/\/swissbaker.ch\/wp-content\/uploads\/2022\/04\/sbc-logo-yoast.jpg","width":512,"height":512,"caption":"Schweizerischer B\u00e4cker-Confiseurmeister-Verband"},"image":{"@id":"https:\/\/swissbaker.ch\/fr\/#\/schema\/logo\/image\/"},"sameAs":["https:\/\/www.facebook.com\/swissbaker.ch","https:\/\/x.com\/ch_swissbaker"]},{"@type":"Person","@id":"https:\/\/swissbaker.ch\/fr\/#\/schema\/person\/058ac47619f7da53df62aba60f939b78","name":"azureart","image":{"@type":"ImageObject","inLanguage":"fr-FR","@id":"https:\/\/swissbaker.ch\/fr\/#\/schema\/person\/image\/","url":"https:\/\/secure.gravatar.com\/avatar\/be04dd3098fd612c83067af4f7a295384c93cb6a9112f51beb9d2f477d25da61?s=96&d=mm&r=g","contentUrl":"https:\/\/secure.gravatar.com\/avatar\/be04dd3098fd612c83067af4f7a295384c93cb6a9112f51beb9d2f477d25da61?s=96&d=mm&r=g","caption":"azureart"},"sameAs":["https:\/\/swissbaker.ch"],"url":"https:\/\/swissbaker.ch\/fr\/panissimo-news\/author\/pixel-ahoi\/"}]}},"_links":{"self":[{"href":"https:\/\/swissbaker.ch\/fr\/wp-json\/wp\/v2\/posts\/8514","targetHints":{"allow":["GET"]}}],"collection":[{"href":"https:\/\/swissbaker.ch\/fr\/wp-json\/wp\/v2\/posts"}],"about":[{"href":"https:\/\/swissbaker.ch\/fr\/wp-json\/wp\/v2\/types\/post"}],"author":[{"embeddable":true,"href":"https:\/\/swissbaker.ch\/fr\/wp-json\/wp\/v2\/users\/1"}],"replies":[{"embeddable":true,"href":"https:\/\/swissbaker.ch\/fr\/wp-json\/wp\/v2\/comments?post=8514"}],"version-history":[{"count":0,"href":"https:\/\/swissbaker.ch\/fr\/wp-json\/wp\/v2\/posts\/8514\/revisions"}],"wp:featuredmedia":[{"embeddable":true,"href":"https:\/\/swissbaker.ch\/fr\/wp-json\/wp\/v2\/media\/8515"}],"wp:attachment":[{"href":"https:\/\/swissbaker.ch\/fr\/wp-json\/wp\/v2\/media?parent=8514"}],"wp:term":[{"taxonomy":"category","embeddable":true,"href":"https:\/\/swissbaker.ch\/fr\/wp-json\/wp\/v2\/categories?post=8514"},{"taxonomy":"post_tag","embeddable":true,"href":"https:\/\/swissbaker.ch\/fr\/wp-json\/wp\/v2\/tags?post=8514"}],"curies":[{"name":"wp","href":"https:\/\/api.w.org\/{rel}","templated":true}]}}