{"id":8512,"date":"2017-08-24T17:03:00","date_gmt":"2017-08-24T15:03:00","guid":{"rendered":"https:\/\/swissbaker.ch\/?p=8512"},"modified":"2022-05-06T14:59:28","modified_gmt":"2022-05-06T12:59:28","slug":"inscrit-a-la-fete-du-chocolat","status":"publish","type":"post","link":"https:\/\/swissbaker.ch\/fr\/panissimo-news\/inscrit-a-la-fete-du-chocolat\/","title":{"rendered":"Inscrit \u00e0 la F\u00eate du chocolat"},"content":{"rendered":"\n<p><strong>La deuxi\u00e8me \u00e9dition de cette manifestation nationale aura lieu du 3 au 12 novembre. Elle constitue une sympathique image pour chaque entreprise et l\u2019ensemble de la branche.<\/strong><\/p>\n\n\n\n<p>Les boulangers-confiseurs donneront un signal en faveur de leur artisanat, de la qualit\u00e9, de l\u2019agr\u00e9ment et de la cr\u00e9ativit\u00e9, dans le cadre de la F\u00eate du chocolat. Ils emm\u00e8neront les clients \u00e0 travers leur d\u00e9licieux monde chocolat\u00e9.<\/p>\n\n\n\n<h2 class=\"wp-block-heading\" id=\"h-propres-activites\">Propres activit\u00e9s<\/h2>\n\n\n\n<p>Chaque entreprise est libre d\u2019organiser ses activit\u00e9s, et si elle souhaite les organiser tout au long de la semaine ou uniquement un seul jour.<\/p>\n\n\n\n<h2 class=\"wp-block-heading\">Exp\u00e9riences d\u2019achat<\/h2>\n\n\n\n<p>Les enseignes peuvent utiliser la F\u00eate du chocolat afin de mettre un coup de projecteur sur le produit chocolat, et proposer une exp\u00e9rience d\u2019achat \u00e0 leur client\u00e8le.<\/p>\n\n\n\n<h2 class=\"wp-block-heading\">Mat\u00e9riel publicitaire<\/h2>\n\n\n\n<p>Affiches gratuites A1 et A3, Inscriptions et commande : t\u00e9l. 031 388 14<a href=\"javascript:linkTo_UnCryptMailto('ocknvq,uctcj\\\/uvgvvngtBuykuudcmgt0ej');\"> 00, sarah-stettler(at)swissbaker.ch<\/a><\/p>\n\n\n\n<p>Informations : <a href=\"http:\/\/www.swissbaker.ch\/feteduchoc\">www.swissbaker.ch\/feteduchoc<\/a><\/p>\n\n\n\n<p><\/p>\n","protected":false},"excerpt":{"rendered":"<p>La deuxi\u00e8me \u00e9dition de cette manifestation nationale aura lieu du 3 au 12 novembre. Elle constitue une sympathique image pour chaque entreprise et l\u2019ensemble de la branche. Les boulangers-confiseurs donneront un signal en faveur de leur artisanat, de la qualit\u00e9, de l\u2019agr\u00e9ment et de la cr\u00e9ativit\u00e9, dans le cadre de la F\u00eate du chocolat. Ils emm\u00e8neront les clients \u00e0 travers [&hellip;]<\/p>\n","protected":false},"author":1,"featured_media":6081,"comment_status":"open","ping_status":"closed","sticky":false,"template":"","format":"standard","meta":{"_acf_changed":false,"footnotes":""},"categories":[46],"tags":[],"class_list":["post-8512","post","type-post","status-publish","format-standard","has-post-thumbnail","hentry","category-evenement"],"acf":[],"yoast_head":"<!-- This site is optimized with the Yoast SEO Premium plugin v26.8 (Yoast SEO v26.8) - https:\/\/yoast.com\/product\/yoast-seo-premium-wordpress\/ -->\n<title>Inscrit \u00e0 la F\u00eate du chocolat | SBC<\/title>\n<meta name=\"robots\" content=\"index, follow, max-snippet:-1, max-image-preview:large, max-video-preview:-1\" \/>\n<link rel=\"canonical\" href=\"https:\/\/swissbaker.ch\/fr\/panissimo-news\/inscrit-a-la-fete-du-chocolat\/\" \/>\n<meta property=\"og:locale\" content=\"fr_FR\" \/>\n<meta property=\"og:type\" content=\"article\" \/>\n<meta property=\"og:title\" content=\"Inscrit \u00e0 la F\u00eate du chocolat\" \/>\n<meta property=\"og:description\" content=\"La deuxi\u00e8me \u00e9dition de cette manifestation nationale aura lieu du 3 au 12 novembre. Elle constitue une sympathique image pour chaque entreprise et l\u2019ensemble de la branche. Les boulangers-confiseurs donneront un signal en faveur de leur artisanat, de la qualit\u00e9, de l\u2019agr\u00e9ment et de la cr\u00e9ativit\u00e9, dans le cadre de la F\u00eate du chocolat. Ils emm\u00e8neront les clients \u00e0 travers [&hellip;]\" \/>\n<meta property=\"og:url\" content=\"https:\/\/swissbaker.ch\/fr\/panissimo-news\/inscrit-a-la-fete-du-chocolat\/\" \/>\n<meta property=\"og:site_name\" content=\"SBC\" \/>\n<meta property=\"article:publisher\" content=\"https:\/\/www.facebook.com\/swissbaker.ch\" \/>\n<meta property=\"article:published_time\" content=\"2017-08-24T15:03:00+00:00\" \/>\n<meta property=\"article:modified_time\" content=\"2022-05-06T12:59:28+00:00\" \/>\n<meta property=\"og:image\" content=\"https:\/\/swissbaker.ch\/wp-content\/uploads\/2022\/03\/FDC-Plakat_2017_A4_D-1.jpg\" \/>\n\t<meta property=\"og:image:width\" content=\"438\" \/>\n\t<meta property=\"og:image:height\" content=\"600\" \/>\n\t<meta property=\"og:image:type\" content=\"image\/jpeg\" \/>\n<meta name=\"author\" content=\"azureart\" \/>\n<meta name=\"twitter:card\" content=\"summary_large_image\" \/>\n<meta name=\"twitter:creator\" content=\"@ch_swissbaker\" \/>\n<meta name=\"twitter:site\" content=\"@ch_swissbaker\" \/>\n<meta name=\"twitter:label1\" content=\"Written by\" \/>\n\t<meta name=\"twitter:data1\" content=\"azureart\" \/>\n\t<meta name=\"twitter:label2\" content=\"Est. reading time\" \/>\n\t<meta name=\"twitter:data2\" content=\"1 minute\" \/>\n<script type=\"application\/ld+json\" class=\"yoast-schema-graph\">{\"@context\":\"https:\/\/schema.org\",\"@graph\":[{\"@type\":\"Article\",\"@id\":\"https:\/\/swissbaker.ch\/fr\/panissimo-news\/inscrit-a-la-fete-du-chocolat\/#article\",\"isPartOf\":{\"@id\":\"https:\/\/swissbaker.ch\/fr\/panissimo-news\/inscrit-a-la-fete-du-chocolat\/\"},\"author\":{\"name\":\"azureart\",\"@id\":\"https:\/\/swissbaker.ch\/fr\/#\/schema\/person\/058ac47619f7da53df62aba60f939b78\"},\"headline\":\"Inscrit \u00e0 la F\u00eate du chocolat\",\"datePublished\":\"2017-08-24T15:03:00+00:00\",\"dateModified\":\"2022-05-06T12:59:28+00:00\",\"mainEntityOfPage\":{\"@id\":\"https:\/\/swissbaker.ch\/fr\/panissimo-news\/inscrit-a-la-fete-du-chocolat\/\"},\"wordCount\":160,\"commentCount\":0,\"publisher\":{\"@id\":\"https:\/\/swissbaker.ch\/fr\/#organization\"},\"image\":{\"@id\":\"https:\/\/swissbaker.ch\/fr\/panissimo-news\/inscrit-a-la-fete-du-chocolat\/#primaryimage\"},\"thumbnailUrl\":\"https:\/\/swissbaker.ch\/wp-content\/uploads\/2022\/03\/FDC-Plakat_2017_A4_D-1.jpg\",\"articleSection\":[\"Ev\u00e9nement\"],\"inLanguage\":\"fr-FR\",\"potentialAction\":[{\"@type\":\"CommentAction\",\"name\":\"Comment\",\"target\":[\"https:\/\/swissbaker.ch\/fr\/panissimo-news\/inscrit-a-la-fete-du-chocolat\/#respond\"]}]},{\"@type\":\"WebPage\",\"@id\":\"https:\/\/swissbaker.ch\/fr\/panissimo-news\/inscrit-a-la-fete-du-chocolat\/\",\"url\":\"https:\/\/swissbaker.ch\/fr\/panissimo-news\/inscrit-a-la-fete-du-chocolat\/\",\"name\":\"Inscrit \u00e0 la F\u00eate du chocolat | SBC\",\"isPartOf\":{\"@id\":\"https:\/\/swissbaker.ch\/fr\/#website\"},\"primaryImageOfPage\":{\"@id\":\"https:\/\/swissbaker.ch\/fr\/panissimo-news\/inscrit-a-la-fete-du-chocolat\/#primaryimage\"},\"image\":{\"@id\":\"https:\/\/swissbaker.ch\/fr\/panissimo-news\/inscrit-a-la-fete-du-chocolat\/#primaryimage\"},\"thumbnailUrl\":\"https:\/\/swissbaker.ch\/wp-content\/uploads\/2022\/03\/FDC-Plakat_2017_A4_D-1.jpg\",\"datePublished\":\"2017-08-24T15:03:00+00:00\",\"dateModified\":\"2022-05-06T12:59:28+00:00\",\"breadcrumb\":{\"@id\":\"https:\/\/swissbaker.ch\/fr\/panissimo-news\/inscrit-a-la-fete-du-chocolat\/#breadcrumb\"},\"inLanguage\":\"fr-FR\",\"potentialAction\":[{\"@type\":\"ReadAction\",\"target\":[\"https:\/\/swissbaker.ch\/fr\/panissimo-news\/inscrit-a-la-fete-du-chocolat\/\"]}]},{\"@type\":\"ImageObject\",\"inLanguage\":\"fr-FR\",\"@id\":\"https:\/\/swissbaker.ch\/fr\/panissimo-news\/inscrit-a-la-fete-du-chocolat\/#primaryimage\",\"url\":\"https:\/\/swissbaker.ch\/wp-content\/uploads\/2022\/03\/FDC-Plakat_2017_A4_D-1.jpg\",\"contentUrl\":\"https:\/\/swissbaker.ch\/wp-content\/uploads\/2022\/03\/FDC-Plakat_2017_A4_D-1.jpg\",\"width\":438,\"height\":600,\"caption\":\"Inscrit \u00e0 la F\u00eate du chocolat\"},{\"@type\":\"BreadcrumbList\",\"@id\":\"https:\/\/swissbaker.ch\/fr\/panissimo-news\/inscrit-a-la-fete-du-chocolat\/#breadcrumb\",\"itemListElement\":[{\"@type\":\"ListItem\",\"position\":1,\"name\":\"\",\"item\":\"https:\/\/swissbaker.ch\/fr\/\"},{\"@type\":\"ListItem\",\"position\":2,\"name\":\"Ev\u00e9nement\",\"item\":\"https:\/\/swissbaker.ch\/fr\/panissimo-news\/category\/evenement\/\"},{\"@type\":\"ListItem\",\"position\":3,\"name\":\"Inscrit \u00e0 la F\u00eate du chocolat\"}]},{\"@type\":\"WebSite\",\"@id\":\"https:\/\/swissbaker.ch\/fr\/#website\",\"url\":\"https:\/\/swissbaker.ch\/fr\/\",\"name\":\"SBC\",\"description\":\"\",\"publisher\":{\"@id\":\"https:\/\/swissbaker.ch\/fr\/#organization\"},\"potentialAction\":[{\"@type\":\"SearchAction\",\"target\":{\"@type\":\"EntryPoint\",\"urlTemplate\":\"https:\/\/swissbaker.ch\/fr\/?s={search_term_string}\"},\"query-input\":{\"@type\":\"PropertyValueSpecification\",\"valueRequired\":true,\"valueName\":\"search_term_string\"}}],\"inLanguage\":\"fr-FR\"},{\"@type\":\"Organization\",\"@id\":\"https:\/\/swissbaker.ch\/fr\/#organization\",\"name\":\"Schweizerischer B\u00e4cker-Confiseurmeister-Verband\",\"url\":\"https:\/\/swissbaker.ch\/fr\/\",\"logo\":{\"@type\":\"ImageObject\",\"inLanguage\":\"fr-FR\",\"@id\":\"https:\/\/swissbaker.ch\/fr\/#\/schema\/logo\/image\/\",\"url\":\"https:\/\/swissbaker.ch\/wp-content\/uploads\/2022\/04\/sbc-logo-yoast.jpg\",\"contentUrl\":\"https:\/\/swissbaker.ch\/wp-content\/uploads\/2022\/04\/sbc-logo-yoast.jpg\",\"width\":512,\"height\":512,\"caption\":\"Schweizerischer B\u00e4cker-Confiseurmeister-Verband\"},\"image\":{\"@id\":\"https:\/\/swissbaker.ch\/fr\/#\/schema\/logo\/image\/\"},\"sameAs\":[\"https:\/\/www.facebook.com\/swissbaker.ch\",\"https:\/\/x.com\/ch_swissbaker\"]},{\"@type\":\"Person\",\"@id\":\"https:\/\/swissbaker.ch\/fr\/#\/schema\/person\/058ac47619f7da53df62aba60f939b78\",\"name\":\"azureart\",\"image\":{\"@type\":\"ImageObject\",\"inLanguage\":\"fr-FR\",\"@id\":\"https:\/\/swissbaker.ch\/fr\/#\/schema\/person\/image\/\",\"url\":\"https:\/\/secure.gravatar.com\/avatar\/be04dd3098fd612c83067af4f7a295384c93cb6a9112f51beb9d2f477d25da61?s=96&d=mm&r=g\",\"contentUrl\":\"https:\/\/secure.gravatar.com\/avatar\/be04dd3098fd612c83067af4f7a295384c93cb6a9112f51beb9d2f477d25da61?s=96&d=mm&r=g\",\"caption\":\"azureart\"},\"sameAs\":[\"https:\/\/swissbaker.ch\"],\"url\":\"https:\/\/swissbaker.ch\/fr\/panissimo-news\/author\/pixel-ahoi\/\"}]}<\/script>\n<!-- \/ Yoast SEO Premium plugin. -->","yoast_head_json":{"title":"Inscrit \u00e0 la F\u00eate du chocolat | SBC","robots":{"index":"index","follow":"follow","max-snippet":"max-snippet:-1","max-image-preview":"max-image-preview:large","max-video-preview":"max-video-preview:-1"},"canonical":"https:\/\/swissbaker.ch\/fr\/panissimo-news\/inscrit-a-la-fete-du-chocolat\/","og_locale":"fr_FR","og_type":"article","og_title":"Inscrit \u00e0 la F\u00eate du chocolat","og_description":"La deuxi\u00e8me \u00e9dition de cette manifestation nationale aura lieu du 3 au 12 novembre. Elle constitue une sympathique image pour chaque entreprise et l\u2019ensemble de la branche. Les boulangers-confiseurs donneront un signal en faveur de leur artisanat, de la qualit\u00e9, de l\u2019agr\u00e9ment et de la cr\u00e9ativit\u00e9, dans le cadre de la F\u00eate du chocolat. Ils emm\u00e8neront les clients \u00e0 travers [&hellip;]","og_url":"https:\/\/swissbaker.ch\/fr\/panissimo-news\/inscrit-a-la-fete-du-chocolat\/","og_site_name":"SBC","article_publisher":"https:\/\/www.facebook.com\/swissbaker.ch","article_published_time":"2017-08-24T15:03:00+00:00","article_modified_time":"2022-05-06T12:59:28+00:00","og_image":[{"width":438,"height":600,"url":"https:\/\/swissbaker.ch\/wp-content\/uploads\/2022\/03\/FDC-Plakat_2017_A4_D-1.jpg","type":"image\/jpeg"}],"author":"azureart","twitter_card":"summary_large_image","twitter_creator":"@ch_swissbaker","twitter_site":"@ch_swissbaker","twitter_misc":{"Written by":"azureart","Est. reading time":"1 minute"},"schema":{"@context":"https:\/\/schema.org","@graph":[{"@type":"Article","@id":"https:\/\/swissbaker.ch\/fr\/panissimo-news\/inscrit-a-la-fete-du-chocolat\/#article","isPartOf":{"@id":"https:\/\/swissbaker.ch\/fr\/panissimo-news\/inscrit-a-la-fete-du-chocolat\/"},"author":{"name":"azureart","@id":"https:\/\/swissbaker.ch\/fr\/#\/schema\/person\/058ac47619f7da53df62aba60f939b78"},"headline":"Inscrit \u00e0 la F\u00eate du chocolat","datePublished":"2017-08-24T15:03:00+00:00","dateModified":"2022-05-06T12:59:28+00:00","mainEntityOfPage":{"@id":"https:\/\/swissbaker.ch\/fr\/panissimo-news\/inscrit-a-la-fete-du-chocolat\/"},"wordCount":160,"commentCount":0,"publisher":{"@id":"https:\/\/swissbaker.ch\/fr\/#organization"},"image":{"@id":"https:\/\/swissbaker.ch\/fr\/panissimo-news\/inscrit-a-la-fete-du-chocolat\/#primaryimage"},"thumbnailUrl":"https:\/\/swissbaker.ch\/wp-content\/uploads\/2022\/03\/FDC-Plakat_2017_A4_D-1.jpg","articleSection":["Ev\u00e9nement"],"inLanguage":"fr-FR","potentialAction":[{"@type":"CommentAction","name":"Comment","target":["https:\/\/swissbaker.ch\/fr\/panissimo-news\/inscrit-a-la-fete-du-chocolat\/#respond"]}]},{"@type":"WebPage","@id":"https:\/\/swissbaker.ch\/fr\/panissimo-news\/inscrit-a-la-fete-du-chocolat\/","url":"https:\/\/swissbaker.ch\/fr\/panissimo-news\/inscrit-a-la-fete-du-chocolat\/","name":"Inscrit \u00e0 la F\u00eate du chocolat | SBC","isPartOf":{"@id":"https:\/\/swissbaker.ch\/fr\/#website"},"primaryImageOfPage":{"@id":"https:\/\/swissbaker.ch\/fr\/panissimo-news\/inscrit-a-la-fete-du-chocolat\/#primaryimage"},"image":{"@id":"https:\/\/swissbaker.ch\/fr\/panissimo-news\/inscrit-a-la-fete-du-chocolat\/#primaryimage"},"thumbnailUrl":"https:\/\/swissbaker.ch\/wp-content\/uploads\/2022\/03\/FDC-Plakat_2017_A4_D-1.jpg","datePublished":"2017-08-24T15:03:00+00:00","dateModified":"2022-05-06T12:59:28+00:00","breadcrumb":{"@id":"https:\/\/swissbaker.ch\/fr\/panissimo-news\/inscrit-a-la-fete-du-chocolat\/#breadcrumb"},"inLanguage":"fr-FR","potentialAction":[{"@type":"ReadAction","target":["https:\/\/swissbaker.ch\/fr\/panissimo-news\/inscrit-a-la-fete-du-chocolat\/"]}]},{"@type":"ImageObject","inLanguage":"fr-FR","@id":"https:\/\/swissbaker.ch\/fr\/panissimo-news\/inscrit-a-la-fete-du-chocolat\/#primaryimage","url":"https:\/\/swissbaker.ch\/wp-content\/uploads\/2022\/03\/FDC-Plakat_2017_A4_D-1.jpg","contentUrl":"https:\/\/swissbaker.ch\/wp-content\/uploads\/2022\/03\/FDC-Plakat_2017_A4_D-1.jpg","width":438,"height":600,"caption":"Inscrit \u00e0 la F\u00eate du chocolat"},{"@type":"BreadcrumbList","@id":"https:\/\/swissbaker.ch\/fr\/panissimo-news\/inscrit-a-la-fete-du-chocolat\/#breadcrumb","itemListElement":[{"@type":"ListItem","position":1,"name":"","item":"https:\/\/swissbaker.ch\/fr\/"},{"@type":"ListItem","position":2,"name":"Ev\u00e9nement","item":"https:\/\/swissbaker.ch\/fr\/panissimo-news\/category\/evenement\/"},{"@type":"ListItem","position":3,"name":"Inscrit \u00e0 la F\u00eate du chocolat"}]},{"@type":"WebSite","@id":"https:\/\/swissbaker.ch\/fr\/#website","url":"https:\/\/swissbaker.ch\/fr\/","name":"SBC","description":"","publisher":{"@id":"https:\/\/swissbaker.ch\/fr\/#organization"},"potentialAction":[{"@type":"SearchAction","target":{"@type":"EntryPoint","urlTemplate":"https:\/\/swissbaker.ch\/fr\/?s={search_term_string}"},"query-input":{"@type":"PropertyValueSpecification","valueRequired":true,"valueName":"search_term_string"}}],"inLanguage":"fr-FR"},{"@type":"Organization","@id":"https:\/\/swissbaker.ch\/fr\/#organization","name":"Schweizerischer B\u00e4cker-Confiseurmeister-Verband","url":"https:\/\/swissbaker.ch\/fr\/","logo":{"@type":"ImageObject","inLanguage":"fr-FR","@id":"https:\/\/swissbaker.ch\/fr\/#\/schema\/logo\/image\/","url":"https:\/\/swissbaker.ch\/wp-content\/uploads\/2022\/04\/sbc-logo-yoast.jpg","contentUrl":"https:\/\/swissbaker.ch\/wp-content\/uploads\/2022\/04\/sbc-logo-yoast.jpg","width":512,"height":512,"caption":"Schweizerischer B\u00e4cker-Confiseurmeister-Verband"},"image":{"@id":"https:\/\/swissbaker.ch\/fr\/#\/schema\/logo\/image\/"},"sameAs":["https:\/\/www.facebook.com\/swissbaker.ch","https:\/\/x.com\/ch_swissbaker"]},{"@type":"Person","@id":"https:\/\/swissbaker.ch\/fr\/#\/schema\/person\/058ac47619f7da53df62aba60f939b78","name":"azureart","image":{"@type":"ImageObject","inLanguage":"fr-FR","@id":"https:\/\/swissbaker.ch\/fr\/#\/schema\/person\/image\/","url":"https:\/\/secure.gravatar.com\/avatar\/be04dd3098fd612c83067af4f7a295384c93cb6a9112f51beb9d2f477d25da61?s=96&d=mm&r=g","contentUrl":"https:\/\/secure.gravatar.com\/avatar\/be04dd3098fd612c83067af4f7a295384c93cb6a9112f51beb9d2f477d25da61?s=96&d=mm&r=g","caption":"azureart"},"sameAs":["https:\/\/swissbaker.ch"],"url":"https:\/\/swissbaker.ch\/fr\/panissimo-news\/author\/pixel-ahoi\/"}]}},"_links":{"self":[{"href":"https:\/\/swissbaker.ch\/fr\/wp-json\/wp\/v2\/posts\/8512","targetHints":{"allow":["GET"]}}],"collection":[{"href":"https:\/\/swissbaker.ch\/fr\/wp-json\/wp\/v2\/posts"}],"about":[{"href":"https:\/\/swissbaker.ch\/fr\/wp-json\/wp\/v2\/types\/post"}],"author":[{"embeddable":true,"href":"https:\/\/swissbaker.ch\/fr\/wp-json\/wp\/v2\/users\/1"}],"replies":[{"embeddable":true,"href":"https:\/\/swissbaker.ch\/fr\/wp-json\/wp\/v2\/comments?post=8512"}],"version-history":[{"count":0,"href":"https:\/\/swissbaker.ch\/fr\/wp-json\/wp\/v2\/posts\/8512\/revisions"}],"wp:featuredmedia":[{"embeddable":true,"href":"https:\/\/swissbaker.ch\/fr\/wp-json\/wp\/v2\/media\/6081"}],"wp:attachment":[{"href":"https:\/\/swissbaker.ch\/fr\/wp-json\/wp\/v2\/media?parent=8512"}],"wp:term":[{"taxonomy":"category","embeddable":true,"href":"https:\/\/swissbaker.ch\/fr\/wp-json\/wp\/v2\/categories?post=8512"},{"taxonomy":"post_tag","embeddable":true,"href":"https:\/\/swissbaker.ch\/fr\/wp-json\/wp\/v2\/tags?post=8512"}],"curies":[{"name":"wp","href":"https:\/\/api.w.org\/{rel}","templated":true}]}}