{"id":8505,"date":"2017-08-16T16:47:00","date_gmt":"2017-08-16T14:47:00","guid":{"rendered":"https:\/\/swissbaker.ch\/?p=8505"},"modified":"2022-05-06T14:43:53","modified_gmt":"2022-05-06T12:43:53","slug":"projet-interessant-pour-suters","status":"publish","type":"post","link":"https:\/\/swissbaker.ch\/fr\/panissimo-news\/projet-interessant-pour-suters\/","title":{"rendered":"Projet int\u00e9ressant pour Suter\u2019s"},"content":{"rendered":"\n<p><strong>A la fois patron boulanger, restaurateur, \u00ab\u2009rock\u2019n roller\u2009\u00bb et visionnaire, Willi Suter est un chef d\u2019entreprise prosp\u00e8re \u00e0 Lucerne, \u00e9galement pr\u00e9sident du conseil d\u2019administration de Pistor AG. \u00ab\u2009Lorsque l\u2019\u00e9nergie circule\u2009\u00bb, tel est le slogan de l\u2019un de ses projets actuels, Adunamus.<\/strong><\/p>\n\n\n\n<p>Adunamus, ce mot est tir\u00e9 du verbe latin adunare, qui signifie rassembler, fusionner, r\u00e9unir. \u00ab\u2009panissimo\u2009\u00bb s\u2019est entretenu avec le boulanger engag\u00e9 et passionn\u00e9 pour en apprendre davantage sur le sujet. Pour Willi Suter, Adunamus est synonyme d\u2019optimisation et non de maximisation, en vue de satisfaire toutes les parties prenantes. \u00ab\u2009La maximisation est en revanche une pure consid\u00e9ration mon\u00e9taire\u2009\u00bb, selon lui. Le projet veut faire mentir le vieil adage selon lequel la premi\u00e8re g\u00e9n\u00e9ration construit, la deuxi\u00e8me consolide et la troisi\u00e8me dilapide.<\/p>\n\n\n\n<h2 class=\"wp-block-heading\" id=\"h-lacher-prise\">L\u00e2cher prise<\/h2>\n\n\n\n<p>\u00ab\u2009Je dois beaucoup \u00e0 la branche, et je me sens redevable envers elle\u2009\u00bb, explique M. Suter d\u2019embl\u00e9e. \u00ab\u2009Avec Adunamus, je souhaite emprunter une voie permettant de transmettre une PME \u00e0 la prochaine g\u00e9n\u00e9ration avec enthousiasme, passion et raison.\u2009\u00bb De nombreuses PME sont confront\u00e9es \u00e0 ce d\u00e9fi en Suisse. \u00ab\u2009Nous sommes conscients du fait que des changements vont intervenir \u00e0 tous les niveaux\u2009\u00bb, aime \u00e0 dire Willi Suter. Certains d\u2019entre eux seront radicaux, et exigeront de lui et de son \u00e9pouse, Madeleine, qu\u2019ils soient pr\u00eats \u00e0 l\u00e2cher prise.<\/p>\n\n\n\n<h2 class=\"wp-block-heading\">Equilibre entre travail et vie priv\u00e9e<\/h2>\n\n\n\n<p>Le couple a engag\u00e9 ce processus depuis quelque temps. Son objectif est de r\u00e9duire consid\u00e9rablement son activit\u00e9 au sein de l\u2019entreprise apr\u00e8s 60 ans, et de ne plus travailler \u00e0 temps complet. Au-del\u00e0 d\u2019une vie professionnelle \u00e9quilibr\u00e9e, Willi Suter souhaite un \u00e9quilibre entre travail et vie priv\u00e9e\u2009: \u00ab\u2009A 62 ans, j\u2019aimerais faire des choses qui ne doivent pas forc\u00e9ment \u00eatre rentables, et que r\u00e8gne la joie\u2009! Coller de vieilles photos, lire tranquillement tous les journaux, mettre de l\u2019ordre dans ma cave, ou apprendre quelques tours de magie \u00e0 mon chien Meillie\u2026\u2009\u00bb Madeleine et Willi Suter sont conscients des risques inh\u00e9rents au projet Adunamus. Il est donc important qu\u2019il reste maniable, et que le frein d\u2019urgence puisse \u00eatre tir\u00e9 en cas de besoin.<\/p>\n\n\n\n<h2 class=\"wp-block-heading\">Une entreprise autonome<\/h2>\n\n\n\n<p>Petit retour en arri\u00e8re\u2009: il n\u2019y avait au d\u00e9part qu\u2019une image floue, une vision. Willi Suter a ensuite contact\u00e9 Bruno Christen, un \u00e9conomiste d\u2019entreprise et psychologue \u00e9conomique lucernois. C\u2019\u00e9tait en 2014. En dialoguant avec lui, il est arriv\u00e9 \u00e0 des conclusions claires\u2009: d\u00e9l\u00e9guer l\u2019op\u00e9rationnel, faire appel \u00e0 un coach pendant le processus, \u00e9tablir un contrat et d\u00e9battre des ressources internes et externes. Il \u00e9tait n\u00e9anmoins conscient du fait que l\u2019objectif ne pourrait \u00eatre atteint sans la volont\u00e9 de permettre des changements.<\/p>\n\n\n\n<p>Apr\u00e8s m\u00fbre r\u00e9flexion, Madeleine et Willi sont arriv\u00e9s \u00e0 la conclusion qu\u2019ils voulaient organiser l\u2019entreprise de mani\u00e8re autonome, en impliquant les collaborateurs et les membres de la famille. N\u00e9anmoins, tous deux savent bien que \u00ab\u2009la r\u00e9ussite d\u2019une PME d\u00e9pend \u00e0 10\u202f% de l\u2019inspiration, et \u00e0 90\u202f% de la transpiration, et que le credo selon lequel il faut lutter quotidiennement contre les co\u00fbts est bien r\u00e9el.\u2009\u00bb Tous deux croient pourtant en la p\u00e9rennit\u00e9 de leur entreprise, en mains \u00e9trang\u00e8res \u00e9galement. Ils savent toutefois que leur entreprise familiale traditionnelle a besoin d\u2019une nouvelle architecture. Dans ce contexte, il leur faut des collaborateurs souhaitant \u00eatre des co-entrepreneurs et privil\u00e9giant des id\u00e9es patronales.<\/p>\n\n\n\n<p>\u00ab\u2009Les personnes qui g\u00e8rent une entreprise selon des principes d\u2019\u00e9conomie d\u2019entreprise en souhaitant investir dans la culture d\u2019entreprise, en promouvant les collaborateurs en cons\u00e9quence pour pouvoir escompter un retour durable, en prenant au s\u00e9rieux la formation de la rel\u00e8ve, en pr\u00e9voyant des investissements et des amortissements, en ayant une vision qu\u2019elles poursuivent avec une strat\u00e9gie pratiquent uns sport d\u2019\u00e9lite\u2009\u00bb, selon Suter. Et c\u2019est n\u00e9cessaire pour trouver la voie vers l\u2019avenir\u2026<\/p>\n\n\n\n<p>\u2026 a suivre dans le \u00abpanissimo\u00bb N\u00b0 17 de cette semaine<\/p>\n\n\n\n<p><\/p>\n","protected":false},"excerpt":{"rendered":"<p>A la fois patron boulanger, restaurateur, \u00ab\u2009rock\u2019n roller\u2009\u00bb et visionnaire, Willi Suter est un chef d\u2019entreprise prosp\u00e8re \u00e0 Lucerne, \u00e9galement pr\u00e9sident du conseil d\u2019administration de Pistor AG. \u00ab\u2009Lorsque l\u2019\u00e9nergie circule\u2009\u00bb, tel est le slogan de l\u2019un de ses projets actuels, Adunamus. Adunamus, ce mot est tir\u00e9 du verbe latin adunare, qui signifie rassembler, fusionner, r\u00e9unir. \u00ab\u2009panissimo\u2009\u00bb s\u2019est entretenu avec le [&hellip;]<\/p>\n","protected":false},"author":1,"featured_media":6070,"comment_status":"open","ping_status":"closed","sticky":false,"template":"","format":"standard","meta":{"_acf_changed":false,"footnotes":""},"categories":[54],"tags":[],"class_list":["post-8505","post","type-post","status-publish","format-standard","has-post-thumbnail","hentry","category-conseils"],"acf":[],"yoast_head":"<!-- This site is optimized with the Yoast SEO Premium plugin v26.8 (Yoast SEO v26.8) - https:\/\/yoast.com\/product\/yoast-seo-premium-wordpress\/ -->\n<title>Projet int\u00e9ressant pour Suter\u2019s | SBC<\/title>\n<meta name=\"robots\" content=\"index, follow, max-snippet:-1, max-image-preview:large, max-video-preview:-1\" \/>\n<link rel=\"canonical\" href=\"https:\/\/swissbaker.ch\/fr\/panissimo-news\/projet-interessant-pour-suters\/\" \/>\n<meta property=\"og:locale\" content=\"fr_FR\" \/>\n<meta property=\"og:type\" content=\"article\" \/>\n<meta property=\"og:title\" content=\"Projet int\u00e9ressant pour Suter\u2019s\" \/>\n<meta property=\"og:description\" content=\"A la fois patron boulanger, restaurateur, \u00ab\u2009rock\u2019n roller\u2009\u00bb et visionnaire, Willi Suter est un chef d\u2019entreprise prosp\u00e8re \u00e0 Lucerne, \u00e9galement pr\u00e9sident du conseil d\u2019administration de Pistor AG. \u00ab\u2009Lorsque l\u2019\u00e9nergie circule\u2009\u00bb, tel est le slogan de l\u2019un de ses projets actuels, Adunamus. Adunamus, ce mot est tir\u00e9 du verbe latin adunare, qui signifie rassembler, fusionner, r\u00e9unir. \u00ab\u2009panissimo\u2009\u00bb s\u2019est entretenu avec le [&hellip;]\" \/>\n<meta property=\"og:url\" content=\"https:\/\/swissbaker.ch\/fr\/panissimo-news\/projet-interessant-pour-suters\/\" \/>\n<meta property=\"og:site_name\" content=\"SBC\" \/>\n<meta property=\"article:publisher\" content=\"https:\/\/www.facebook.com\/swissbaker.ch\" \/>\n<meta property=\"article:published_time\" content=\"2017-08-16T14:47:00+00:00\" \/>\n<meta property=\"article:modified_time\" content=\"2022-05-06T12:43:53+00:00\" \/>\n<meta property=\"og:image\" content=\"https:\/\/swissbaker.ch\/wp-content\/uploads\/2022\/03\/Willi_Suter_4703_c.jpg\" \/>\n\t<meta property=\"og:image:width\" content=\"600\" \/>\n\t<meta property=\"og:image:height\" content=\"600\" \/>\n\t<meta property=\"og:image:type\" content=\"image\/jpeg\" \/>\n<meta name=\"author\" content=\"azureart\" \/>\n<meta name=\"twitter:card\" content=\"summary_large_image\" \/>\n<meta name=\"twitter:creator\" content=\"@ch_swissbaker\" \/>\n<meta name=\"twitter:site\" content=\"@ch_swissbaker\" \/>\n<meta name=\"twitter:label1\" content=\"Written by\" \/>\n\t<meta name=\"twitter:data1\" content=\"azureart\" \/>\n\t<meta name=\"twitter:label2\" content=\"Est. reading time\" \/>\n\t<meta name=\"twitter:data2\" content=\"4 minutes\" \/>\n<script type=\"application\/ld+json\" class=\"yoast-schema-graph\">{\"@context\":\"https:\/\/schema.org\",\"@graph\":[{\"@type\":\"Article\",\"@id\":\"https:\/\/swissbaker.ch\/fr\/panissimo-news\/projet-interessant-pour-suters\/#article\",\"isPartOf\":{\"@id\":\"https:\/\/swissbaker.ch\/fr\/panissimo-news\/projet-interessant-pour-suters\/\"},\"author\":{\"name\":\"azureart\",\"@id\":\"https:\/\/swissbaker.ch\/fr\/#\/schema\/person\/058ac47619f7da53df62aba60f939b78\"},\"headline\":\"Projet int\u00e9ressant pour Suter\u2019s\",\"datePublished\":\"2017-08-16T14:47:00+00:00\",\"dateModified\":\"2022-05-06T12:43:53+00:00\",\"mainEntityOfPage\":{\"@id\":\"https:\/\/swissbaker.ch\/fr\/panissimo-news\/projet-interessant-pour-suters\/\"},\"wordCount\":687,\"commentCount\":0,\"publisher\":{\"@id\":\"https:\/\/swissbaker.ch\/fr\/#organization\"},\"image\":{\"@id\":\"https:\/\/swissbaker.ch\/fr\/panissimo-news\/projet-interessant-pour-suters\/#primaryimage\"},\"thumbnailUrl\":\"https:\/\/swissbaker.ch\/wp-content\/uploads\/2022\/03\/Willi_Suter_4703_c.jpg\",\"articleSection\":[\"Conseils\"],\"inLanguage\":\"fr-FR\",\"potentialAction\":[{\"@type\":\"CommentAction\",\"name\":\"Comment\",\"target\":[\"https:\/\/swissbaker.ch\/fr\/panissimo-news\/projet-interessant-pour-suters\/#respond\"]}]},{\"@type\":\"WebPage\",\"@id\":\"https:\/\/swissbaker.ch\/fr\/panissimo-news\/projet-interessant-pour-suters\/\",\"url\":\"https:\/\/swissbaker.ch\/fr\/panissimo-news\/projet-interessant-pour-suters\/\",\"name\":\"Projet int\u00e9ressant pour Suter\u2019s | SBC\",\"isPartOf\":{\"@id\":\"https:\/\/swissbaker.ch\/fr\/#website\"},\"primaryImageOfPage\":{\"@id\":\"https:\/\/swissbaker.ch\/fr\/panissimo-news\/projet-interessant-pour-suters\/#primaryimage\"},\"image\":{\"@id\":\"https:\/\/swissbaker.ch\/fr\/panissimo-news\/projet-interessant-pour-suters\/#primaryimage\"},\"thumbnailUrl\":\"https:\/\/swissbaker.ch\/wp-content\/uploads\/2022\/03\/Willi_Suter_4703_c.jpg\",\"datePublished\":\"2017-08-16T14:47:00+00:00\",\"dateModified\":\"2022-05-06T12:43:53+00:00\",\"breadcrumb\":{\"@id\":\"https:\/\/swissbaker.ch\/fr\/panissimo-news\/projet-interessant-pour-suters\/#breadcrumb\"},\"inLanguage\":\"fr-FR\",\"potentialAction\":[{\"@type\":\"ReadAction\",\"target\":[\"https:\/\/swissbaker.ch\/fr\/panissimo-news\/projet-interessant-pour-suters\/\"]}]},{\"@type\":\"ImageObject\",\"inLanguage\":\"fr-FR\",\"@id\":\"https:\/\/swissbaker.ch\/fr\/panissimo-news\/projet-interessant-pour-suters\/#primaryimage\",\"url\":\"https:\/\/swissbaker.ch\/wp-content\/uploads\/2022\/03\/Willi_Suter_4703_c.jpg\",\"contentUrl\":\"https:\/\/swissbaker.ch\/wp-content\/uploads\/2022\/03\/Willi_Suter_4703_c.jpg\",\"width\":600,\"height\":600,\"caption\":\"Projet int\u00e9ressant pour Suter\u2019s\"},{\"@type\":\"BreadcrumbList\",\"@id\":\"https:\/\/swissbaker.ch\/fr\/panissimo-news\/projet-interessant-pour-suters\/#breadcrumb\",\"itemListElement\":[{\"@type\":\"ListItem\",\"position\":1,\"name\":\"\",\"item\":\"https:\/\/swissbaker.ch\/fr\/\"},{\"@type\":\"ListItem\",\"position\":2,\"name\":\"Conseils\",\"item\":\"https:\/\/swissbaker.ch\/fr\/panissimo-news\/category\/conseils\/\"},{\"@type\":\"ListItem\",\"position\":3,\"name\":\"Projet int\u00e9ressant pour Suter\u2019s\"}]},{\"@type\":\"WebSite\",\"@id\":\"https:\/\/swissbaker.ch\/fr\/#website\",\"url\":\"https:\/\/swissbaker.ch\/fr\/\",\"name\":\"SBC\",\"description\":\"\",\"publisher\":{\"@id\":\"https:\/\/swissbaker.ch\/fr\/#organization\"},\"potentialAction\":[{\"@type\":\"SearchAction\",\"target\":{\"@type\":\"EntryPoint\",\"urlTemplate\":\"https:\/\/swissbaker.ch\/fr\/?s={search_term_string}\"},\"query-input\":{\"@type\":\"PropertyValueSpecification\",\"valueRequired\":true,\"valueName\":\"search_term_string\"}}],\"inLanguage\":\"fr-FR\"},{\"@type\":\"Organization\",\"@id\":\"https:\/\/swissbaker.ch\/fr\/#organization\",\"name\":\"Schweizerischer B\u00e4cker-Confiseurmeister-Verband\",\"url\":\"https:\/\/swissbaker.ch\/fr\/\",\"logo\":{\"@type\":\"ImageObject\",\"inLanguage\":\"fr-FR\",\"@id\":\"https:\/\/swissbaker.ch\/fr\/#\/schema\/logo\/image\/\",\"url\":\"https:\/\/swissbaker.ch\/wp-content\/uploads\/2022\/04\/sbc-logo-yoast.jpg\",\"contentUrl\":\"https:\/\/swissbaker.ch\/wp-content\/uploads\/2022\/04\/sbc-logo-yoast.jpg\",\"width\":512,\"height\":512,\"caption\":\"Schweizerischer B\u00e4cker-Confiseurmeister-Verband\"},\"image\":{\"@id\":\"https:\/\/swissbaker.ch\/fr\/#\/schema\/logo\/image\/\"},\"sameAs\":[\"https:\/\/www.facebook.com\/swissbaker.ch\",\"https:\/\/x.com\/ch_swissbaker\"]},{\"@type\":\"Person\",\"@id\":\"https:\/\/swissbaker.ch\/fr\/#\/schema\/person\/058ac47619f7da53df62aba60f939b78\",\"name\":\"azureart\",\"image\":{\"@type\":\"ImageObject\",\"inLanguage\":\"fr-FR\",\"@id\":\"https:\/\/swissbaker.ch\/fr\/#\/schema\/person\/image\/\",\"url\":\"https:\/\/secure.gravatar.com\/avatar\/be04dd3098fd612c83067af4f7a295384c93cb6a9112f51beb9d2f477d25da61?s=96&d=mm&r=g\",\"contentUrl\":\"https:\/\/secure.gravatar.com\/avatar\/be04dd3098fd612c83067af4f7a295384c93cb6a9112f51beb9d2f477d25da61?s=96&d=mm&r=g\",\"caption\":\"azureart\"},\"sameAs\":[\"https:\/\/swissbaker.ch\"],\"url\":\"https:\/\/swissbaker.ch\/fr\/panissimo-news\/author\/pixel-ahoi\/\"}]}<\/script>\n<!-- \/ Yoast SEO Premium plugin. -->","yoast_head_json":{"title":"Projet int\u00e9ressant pour Suter\u2019s | SBC","robots":{"index":"index","follow":"follow","max-snippet":"max-snippet:-1","max-image-preview":"max-image-preview:large","max-video-preview":"max-video-preview:-1"},"canonical":"https:\/\/swissbaker.ch\/fr\/panissimo-news\/projet-interessant-pour-suters\/","og_locale":"fr_FR","og_type":"article","og_title":"Projet int\u00e9ressant pour Suter\u2019s","og_description":"A la fois patron boulanger, restaurateur, \u00ab\u2009rock\u2019n roller\u2009\u00bb et visionnaire, Willi Suter est un chef d\u2019entreprise prosp\u00e8re \u00e0 Lucerne, \u00e9galement pr\u00e9sident du conseil d\u2019administration de Pistor AG. \u00ab\u2009Lorsque l\u2019\u00e9nergie circule\u2009\u00bb, tel est le slogan de l\u2019un de ses projets actuels, Adunamus. Adunamus, ce mot est tir\u00e9 du verbe latin adunare, qui signifie rassembler, fusionner, r\u00e9unir. \u00ab\u2009panissimo\u2009\u00bb s\u2019est entretenu avec le [&hellip;]","og_url":"https:\/\/swissbaker.ch\/fr\/panissimo-news\/projet-interessant-pour-suters\/","og_site_name":"SBC","article_publisher":"https:\/\/www.facebook.com\/swissbaker.ch","article_published_time":"2017-08-16T14:47:00+00:00","article_modified_time":"2022-05-06T12:43:53+00:00","og_image":[{"width":600,"height":600,"url":"https:\/\/swissbaker.ch\/wp-content\/uploads\/2022\/03\/Willi_Suter_4703_c.jpg","type":"image\/jpeg"}],"author":"azureart","twitter_card":"summary_large_image","twitter_creator":"@ch_swissbaker","twitter_site":"@ch_swissbaker","twitter_misc":{"Written by":"azureart","Est. reading time":"4 minutes"},"schema":{"@context":"https:\/\/schema.org","@graph":[{"@type":"Article","@id":"https:\/\/swissbaker.ch\/fr\/panissimo-news\/projet-interessant-pour-suters\/#article","isPartOf":{"@id":"https:\/\/swissbaker.ch\/fr\/panissimo-news\/projet-interessant-pour-suters\/"},"author":{"name":"azureart","@id":"https:\/\/swissbaker.ch\/fr\/#\/schema\/person\/058ac47619f7da53df62aba60f939b78"},"headline":"Projet int\u00e9ressant pour Suter\u2019s","datePublished":"2017-08-16T14:47:00+00:00","dateModified":"2022-05-06T12:43:53+00:00","mainEntityOfPage":{"@id":"https:\/\/swissbaker.ch\/fr\/panissimo-news\/projet-interessant-pour-suters\/"},"wordCount":687,"commentCount":0,"publisher":{"@id":"https:\/\/swissbaker.ch\/fr\/#organization"},"image":{"@id":"https:\/\/swissbaker.ch\/fr\/panissimo-news\/projet-interessant-pour-suters\/#primaryimage"},"thumbnailUrl":"https:\/\/swissbaker.ch\/wp-content\/uploads\/2022\/03\/Willi_Suter_4703_c.jpg","articleSection":["Conseils"],"inLanguage":"fr-FR","potentialAction":[{"@type":"CommentAction","name":"Comment","target":["https:\/\/swissbaker.ch\/fr\/panissimo-news\/projet-interessant-pour-suters\/#respond"]}]},{"@type":"WebPage","@id":"https:\/\/swissbaker.ch\/fr\/panissimo-news\/projet-interessant-pour-suters\/","url":"https:\/\/swissbaker.ch\/fr\/panissimo-news\/projet-interessant-pour-suters\/","name":"Projet int\u00e9ressant pour Suter\u2019s | SBC","isPartOf":{"@id":"https:\/\/swissbaker.ch\/fr\/#website"},"primaryImageOfPage":{"@id":"https:\/\/swissbaker.ch\/fr\/panissimo-news\/projet-interessant-pour-suters\/#primaryimage"},"image":{"@id":"https:\/\/swissbaker.ch\/fr\/panissimo-news\/projet-interessant-pour-suters\/#primaryimage"},"thumbnailUrl":"https:\/\/swissbaker.ch\/wp-content\/uploads\/2022\/03\/Willi_Suter_4703_c.jpg","datePublished":"2017-08-16T14:47:00+00:00","dateModified":"2022-05-06T12:43:53+00:00","breadcrumb":{"@id":"https:\/\/swissbaker.ch\/fr\/panissimo-news\/projet-interessant-pour-suters\/#breadcrumb"},"inLanguage":"fr-FR","potentialAction":[{"@type":"ReadAction","target":["https:\/\/swissbaker.ch\/fr\/panissimo-news\/projet-interessant-pour-suters\/"]}]},{"@type":"ImageObject","inLanguage":"fr-FR","@id":"https:\/\/swissbaker.ch\/fr\/panissimo-news\/projet-interessant-pour-suters\/#primaryimage","url":"https:\/\/swissbaker.ch\/wp-content\/uploads\/2022\/03\/Willi_Suter_4703_c.jpg","contentUrl":"https:\/\/swissbaker.ch\/wp-content\/uploads\/2022\/03\/Willi_Suter_4703_c.jpg","width":600,"height":600,"caption":"Projet int\u00e9ressant pour Suter\u2019s"},{"@type":"BreadcrumbList","@id":"https:\/\/swissbaker.ch\/fr\/panissimo-news\/projet-interessant-pour-suters\/#breadcrumb","itemListElement":[{"@type":"ListItem","position":1,"name":"","item":"https:\/\/swissbaker.ch\/fr\/"},{"@type":"ListItem","position":2,"name":"Conseils","item":"https:\/\/swissbaker.ch\/fr\/panissimo-news\/category\/conseils\/"},{"@type":"ListItem","position":3,"name":"Projet int\u00e9ressant pour Suter\u2019s"}]},{"@type":"WebSite","@id":"https:\/\/swissbaker.ch\/fr\/#website","url":"https:\/\/swissbaker.ch\/fr\/","name":"SBC","description":"","publisher":{"@id":"https:\/\/swissbaker.ch\/fr\/#organization"},"potentialAction":[{"@type":"SearchAction","target":{"@type":"EntryPoint","urlTemplate":"https:\/\/swissbaker.ch\/fr\/?s={search_term_string}"},"query-input":{"@type":"PropertyValueSpecification","valueRequired":true,"valueName":"search_term_string"}}],"inLanguage":"fr-FR"},{"@type":"Organization","@id":"https:\/\/swissbaker.ch\/fr\/#organization","name":"Schweizerischer B\u00e4cker-Confiseurmeister-Verband","url":"https:\/\/swissbaker.ch\/fr\/","logo":{"@type":"ImageObject","inLanguage":"fr-FR","@id":"https:\/\/swissbaker.ch\/fr\/#\/schema\/logo\/image\/","url":"https:\/\/swissbaker.ch\/wp-content\/uploads\/2022\/04\/sbc-logo-yoast.jpg","contentUrl":"https:\/\/swissbaker.ch\/wp-content\/uploads\/2022\/04\/sbc-logo-yoast.jpg","width":512,"height":512,"caption":"Schweizerischer B\u00e4cker-Confiseurmeister-Verband"},"image":{"@id":"https:\/\/swissbaker.ch\/fr\/#\/schema\/logo\/image\/"},"sameAs":["https:\/\/www.facebook.com\/swissbaker.ch","https:\/\/x.com\/ch_swissbaker"]},{"@type":"Person","@id":"https:\/\/swissbaker.ch\/fr\/#\/schema\/person\/058ac47619f7da53df62aba60f939b78","name":"azureart","image":{"@type":"ImageObject","inLanguage":"fr-FR","@id":"https:\/\/swissbaker.ch\/fr\/#\/schema\/person\/image\/","url":"https:\/\/secure.gravatar.com\/avatar\/be04dd3098fd612c83067af4f7a295384c93cb6a9112f51beb9d2f477d25da61?s=96&d=mm&r=g","contentUrl":"https:\/\/secure.gravatar.com\/avatar\/be04dd3098fd612c83067af4f7a295384c93cb6a9112f51beb9d2f477d25da61?s=96&d=mm&r=g","caption":"azureart"},"sameAs":["https:\/\/swissbaker.ch"],"url":"https:\/\/swissbaker.ch\/fr\/panissimo-news\/author\/pixel-ahoi\/"}]}},"_links":{"self":[{"href":"https:\/\/swissbaker.ch\/fr\/wp-json\/wp\/v2\/posts\/8505","targetHints":{"allow":["GET"]}}],"collection":[{"href":"https:\/\/swissbaker.ch\/fr\/wp-json\/wp\/v2\/posts"}],"about":[{"href":"https:\/\/swissbaker.ch\/fr\/wp-json\/wp\/v2\/types\/post"}],"author":[{"embeddable":true,"href":"https:\/\/swissbaker.ch\/fr\/wp-json\/wp\/v2\/users\/1"}],"replies":[{"embeddable":true,"href":"https:\/\/swissbaker.ch\/fr\/wp-json\/wp\/v2\/comments?post=8505"}],"version-history":[{"count":0,"href":"https:\/\/swissbaker.ch\/fr\/wp-json\/wp\/v2\/posts\/8505\/revisions"}],"wp:featuredmedia":[{"embeddable":true,"href":"https:\/\/swissbaker.ch\/fr\/wp-json\/wp\/v2\/media\/6070"}],"wp:attachment":[{"href":"https:\/\/swissbaker.ch\/fr\/wp-json\/wp\/v2\/media?parent=8505"}],"wp:term":[{"taxonomy":"category","embeddable":true,"href":"https:\/\/swissbaker.ch\/fr\/wp-json\/wp\/v2\/categories?post=8505"},{"taxonomy":"post_tag","embeddable":true,"href":"https:\/\/swissbaker.ch\/fr\/wp-json\/wp\/v2\/tags?post=8505"}],"curies":[{"name":"wp","href":"https:\/\/api.w.org\/{rel}","templated":true}]}}