{"id":84924,"date":"2024-10-24T07:54:29","date_gmt":"2024-10-24T05:54:29","guid":{"rendered":"https:\/\/swissbaker.ch\/?p=84924"},"modified":"2024-10-24T07:56:34","modified_gmt":"2024-10-24T05:56:34","slug":"une-action-avec-caractere","status":"publish","type":"post","link":"https:\/\/swissbaker.ch\/fr\/panissimo-news\/une-action-avec-caractere\/","title":{"rendered":"Une action avec caract\u00e8re"},"content":{"rendered":"\n<p><strong>La Maison Buet \u00e0 Lausanne a confectionn\u00e9 un \u00e9norme carac rose, pour l\u2019action Le carac rose. Le couple propri\u00e9taire, Laurent et Anita Buet, souhaite ainsi attirer l\u2019attention sur la pr\u00e9vention du cancer du sein.<\/strong><\/p>\n\n\n\n<p>Les passants qui se sont promen\u00e9s le 19\u202foctobre aux alentours de la Maison Buet \u00e0 Lausanne ont \u00e9t\u00e9 tr\u00e8s \u00e9tonn\u00e9s. Dans la vitrine de la boulangerie-confiserie, un \u00e9norme carac rose a attir\u00e9 les regards. La boulangerie-confiserie Buet a fabriqu\u00e9 une \u00ab\u2009tartelette\u2009\u00bb chocolat\u00e9e de pr\u00e8s de 24\u202fkg et de 70 centim\u00e8tres dans le cadre de <a href=\"https:\/\/lecaracrose.ch\/\" target=\"_blank\" rel=\"noreferrer noopener\">l\u2019action Le carac rose<\/a>, et l\u2019a distribu\u00e9 sur place \u00e0 quelque 450 personnes pr\u00e9sentes. \u00ab\u2009Une action fantastique\u2009\u00bb, r\u00e9sume Anita Buet, copropri\u00e9taire de la boulangerie-confiserie, apr\u00e8s que le carac soit presque termin\u00e9. \u00ab\u2009Nous avons pu sensibiliser de nombreuses personnes aux mesures de pr\u00e9vention du cancer du sein\u2009\u00bb.<\/p>\n\n\n\n<h2 class=\"wp-block-heading\" id=\"h-action-de-proximite\">Action de proximit\u00e9<\/h2>\n\n\n\n<p>\u00ab\u2009Je pense que nous avons tous dans notre entourage une personne touch\u00e9e par le cancer du sein\u2009\u00bb, explique Laurent Buet, second copropri\u00e9taire et pr\u00e9sident des Artisans boulangers-p\u00e2tissiers-confiseurs vaudois, qui justifie l\u2019engagement du couple de propri\u00e9taires.<\/p>\n\n\n\n<figure class=\"wp-block-image size-large\"><img decoding=\"async\" width=\"1024\" height=\"608\" src=\"https:\/\/swissbaker.ch\/wp-content\/uploads\/2024\/10\/20_1_carac_rose_xxl_schaufenster-1024x608.jpg\" alt=\"\" class=\"wp-image-84920\" srcset=\"https:\/\/swissbaker.ch\/wp-content\/uploads\/2024\/10\/20_1_carac_rose_xxl_schaufenster-1024x608.jpg 1024w, https:\/\/swissbaker.ch\/wp-content\/uploads\/2024\/10\/20_1_carac_rose_xxl_schaufenster-768x456.jpg 768w, https:\/\/swissbaker.ch\/wp-content\/uploads\/2024\/10\/20_1_carac_rose_xxl_schaufenster.jpg 1200w\" sizes=\"(max-width: 1024px) 100vw, 1024px\" \/><figcaption class=\"wp-element-caption\"><em>Dans la vitrine de la boulangerie-confiserie Buet, un \u00e9norme carac rose a attir\u00e9 les regards.<\/em><\/figcaption><\/figure>\n\n\n\n<p>Afin de susciter l\u2019int\u00e9r\u00eat d\u2019un maximum de personnes pour la campagne, un concours a \u00e9t\u00e9 organis\u00e9 en amont sur les r\u00e9seaux sociaux. Celui qui estimait le mieux le poids et le diam\u00e8tre de la p\u00e2tisserie pouvait gagner un abonnement annuel carac \u00e0 la boulangerie-confiserie. La mesure semble avoir eu de l\u2019effet, plusieurs m\u00e9dias de la r\u00e9gion ont couvert l\u2019\u00e9v\u00e9nement.<\/p>\n\n\n\n<h2 class=\"wp-block-heading\" id=\"h-quelque-250-filiales-participantes\">Quelque 250 filiales participantes<\/h2>\n\n\n\n<p>Durant octobre, les ligues contre le cancer sensibilisent la population au cancer du sein. Pour la troisi\u00e8me fois, les boulangeries-confiseries romandes participent \u00e0 l\u2019action (lire \u00ab\u2009Panissimo\u2009\u00bb n\u00b0\u202f19)\u2009: environ 250 filiales vendent les fameuses tartelettes roses, dont 50 centimes par pi\u00e8ce sont revers\u00e9s \u00e0 plusieurs organisations d\u2019aide aux personnes touch\u00e9es par le cancer.<\/p>\n\n\n\n<p class=\"has-text-align-right\"><em>Diego Schwerzmann<\/em><\/p>\n","protected":false},"excerpt":{"rendered":"<p>La Maison Buet \u00e0 Lausanne a confectionn\u00e9 un \u00e9norme carac rose, pour l\u2019action Le carac rose. Le couple propri\u00e9taire, Laurent et Anita Buet, souhaite ainsi attirer l\u2019attention sur la pr\u00e9vention du cancer du sein.<\/p>\n","protected":false},"author":5,"featured_media":84914,"comment_status":"closed","ping_status":"closed","sticky":true,"template":"","format":"standard","meta":{"_acf_changed":false,"footnotes":""},"categories":[40],"tags":[666,326,665],"class_list":["post-84924","post","type-post","status-publish","format-standard","has-post-thumbnail","hentry","category-des-cantons","tag-boulangerie-confiserie-2","tag-carac-rose","tag-maison-buet-2"],"acf":[],"yoast_head":"<!-- This site is optimized with the Yoast SEO Premium plugin v26.8 (Yoast SEO v26.8) - https:\/\/yoast.com\/product\/yoast-seo-premium-wordpress\/ -->\n<title>Une action avec caract\u00e8re | SBC<\/title>\n<meta name=\"description\" content=\"La Maison Buet \u00e0 Lausanne a confectionn\u00e9 un \u00e9norme carac rose, pour l\u2019action Le carac rose.\" \/>\n<meta name=\"robots\" content=\"index, follow, max-snippet:-1, max-image-preview:large, max-video-preview:-1\" \/>\n<link rel=\"canonical\" href=\"https:\/\/swissbaker.ch\/fr\/panissimo-news\/une-action-avec-caractere\/\" \/>\n<meta property=\"og:locale\" content=\"fr_FR\" \/>\n<meta property=\"og:type\" content=\"article\" \/>\n<meta property=\"og:title\" content=\"Une action avec caract\u00e8re\" \/>\n<meta property=\"og:description\" content=\"La Maison Buet \u00e0 Lausanne a confectionn\u00e9 un \u00e9norme carac rose, pour l\u2019action Le carac rose.\" \/>\n<meta property=\"og:url\" content=\"https:\/\/swissbaker.ch\/fr\/panissimo-news\/une-action-avec-caractere\/\" \/>\n<meta property=\"og:site_name\" content=\"SBC\" \/>\n<meta property=\"article:publisher\" content=\"https:\/\/www.facebook.com\/swissbaker.ch\" \/>\n<meta property=\"article:published_time\" content=\"2024-10-24T05:54:29+00:00\" \/>\n<meta property=\"article:modified_time\" content=\"2024-10-24T05:56:34+00:00\" \/>\n<meta property=\"og:image\" content=\"https:\/\/swissbaker.ch\/wp-content\/uploads\/2024\/10\/20_1_carac_rose_xxl.jpg\" \/>\n\t<meta property=\"og:image:width\" content=\"1200\" \/>\n\t<meta property=\"og:image:height\" content=\"712\" \/>\n\t<meta property=\"og:image:type\" content=\"image\/jpeg\" \/>\n<meta name=\"author\" content=\"Simon Nussbaum\" \/>\n<meta name=\"twitter:card\" content=\"summary_large_image\" \/>\n<meta name=\"twitter:creator\" content=\"@ch_swissbaker\" \/>\n<meta name=\"twitter:site\" content=\"@ch_swissbaker\" \/>\n<meta name=\"twitter:label1\" content=\"Written by\" \/>\n\t<meta name=\"twitter:data1\" content=\"Simon Nussbaum\" \/>\n\t<meta name=\"twitter:label2\" content=\"Est. reading time\" \/>\n\t<meta name=\"twitter:data2\" content=\"2 minutes\" \/>\n<script type=\"application\/ld+json\" class=\"yoast-schema-graph\">{\"@context\":\"https:\/\/schema.org\",\"@graph\":[{\"@type\":\"Article\",\"@id\":\"https:\/\/swissbaker.ch\/fr\/panissimo-news\/une-action-avec-caractere\/#article\",\"isPartOf\":{\"@id\":\"https:\/\/swissbaker.ch\/fr\/panissimo-news\/une-action-avec-caractere\/\"},\"author\":{\"name\":\"Simon Nussbaum\",\"@id\":\"https:\/\/swissbaker.ch\/fr\/#\/schema\/person\/74bd327b08c18ca6042c02ff6f0ed5e2\"},\"headline\":\"Une action avec caract\u00e8re\",\"datePublished\":\"2024-10-24T05:54:29+00:00\",\"dateModified\":\"2024-10-24T05:56:34+00:00\",\"mainEntityOfPage\":{\"@id\":\"https:\/\/swissbaker.ch\/fr\/panissimo-news\/une-action-avec-caractere\/\"},\"wordCount\":339,\"publisher\":{\"@id\":\"https:\/\/swissbaker.ch\/fr\/#organization\"},\"image\":{\"@id\":\"https:\/\/swissbaker.ch\/fr\/panissimo-news\/une-action-avec-caractere\/#primaryimage\"},\"thumbnailUrl\":\"https:\/\/swissbaker.ch\/wp-content\/uploads\/2024\/10\/20_1_carac_rose_xxl.jpg\",\"keywords\":[\"Boulangerie Confiserie\",\"Carac Rose\",\"Maison Buet\"],\"articleSection\":[\"Des cantons\"],\"inLanguage\":\"fr-FR\"},{\"@type\":\"WebPage\",\"@id\":\"https:\/\/swissbaker.ch\/fr\/panissimo-news\/une-action-avec-caractere\/\",\"url\":\"https:\/\/swissbaker.ch\/fr\/panissimo-news\/une-action-avec-caractere\/\",\"name\":\"Une action avec caract\u00e8re | SBC\",\"isPartOf\":{\"@id\":\"https:\/\/swissbaker.ch\/fr\/#website\"},\"primaryImageOfPage\":{\"@id\":\"https:\/\/swissbaker.ch\/fr\/panissimo-news\/une-action-avec-caractere\/#primaryimage\"},\"image\":{\"@id\":\"https:\/\/swissbaker.ch\/fr\/panissimo-news\/une-action-avec-caractere\/#primaryimage\"},\"thumbnailUrl\":\"https:\/\/swissbaker.ch\/wp-content\/uploads\/2024\/10\/20_1_carac_rose_xxl.jpg\",\"datePublished\":\"2024-10-24T05:54:29+00:00\",\"dateModified\":\"2024-10-24T05:56:34+00:00\",\"description\":\"La Maison Buet \u00e0 Lausanne a confectionn\u00e9 un \u00e9norme carac rose, pour l\u2019action Le carac rose.\",\"breadcrumb\":{\"@id\":\"https:\/\/swissbaker.ch\/fr\/panissimo-news\/une-action-avec-caractere\/#breadcrumb\"},\"inLanguage\":\"fr-FR\",\"potentialAction\":[{\"@type\":\"ReadAction\",\"target\":[\"https:\/\/swissbaker.ch\/fr\/panissimo-news\/une-action-avec-caractere\/\"]}]},{\"@type\":\"ImageObject\",\"inLanguage\":\"fr-FR\",\"@id\":\"https:\/\/swissbaker.ch\/fr\/panissimo-news\/une-action-avec-caractere\/#primaryimage\",\"url\":\"https:\/\/swissbaker.ch\/wp-content\/uploads\/2024\/10\/20_1_carac_rose_xxl.jpg\",\"contentUrl\":\"https:\/\/swissbaker.ch\/wp-content\/uploads\/2024\/10\/20_1_carac_rose_xxl.jpg\",\"width\":1200,\"height\":712},{\"@type\":\"BreadcrumbList\",\"@id\":\"https:\/\/swissbaker.ch\/fr\/panissimo-news\/une-action-avec-caractere\/#breadcrumb\",\"itemListElement\":[{\"@type\":\"ListItem\",\"position\":1,\"name\":\"\",\"item\":\"https:\/\/swissbaker.ch\/fr\/\"},{\"@type\":\"ListItem\",\"position\":2,\"name\":\"Des cantons\",\"item\":\"https:\/\/swissbaker.ch\/fr\/panissimo-news\/category\/des-cantons\/\"},{\"@type\":\"ListItem\",\"position\":3,\"name\":\"Une action avec caract\u00e8re\"}]},{\"@type\":\"WebSite\",\"@id\":\"https:\/\/swissbaker.ch\/fr\/#website\",\"url\":\"https:\/\/swissbaker.ch\/fr\/\",\"name\":\"SBC\",\"description\":\"\",\"publisher\":{\"@id\":\"https:\/\/swissbaker.ch\/fr\/#organization\"},\"potentialAction\":[{\"@type\":\"SearchAction\",\"target\":{\"@type\":\"EntryPoint\",\"urlTemplate\":\"https:\/\/swissbaker.ch\/fr\/?s={search_term_string}\"},\"query-input\":{\"@type\":\"PropertyValueSpecification\",\"valueRequired\":true,\"valueName\":\"search_term_string\"}}],\"inLanguage\":\"fr-FR\"},{\"@type\":\"Organization\",\"@id\":\"https:\/\/swissbaker.ch\/fr\/#organization\",\"name\":\"Schweizerischer B\u00e4cker-Confiseurmeister-Verband\",\"url\":\"https:\/\/swissbaker.ch\/fr\/\",\"logo\":{\"@type\":\"ImageObject\",\"inLanguage\":\"fr-FR\",\"@id\":\"https:\/\/swissbaker.ch\/fr\/#\/schema\/logo\/image\/\",\"url\":\"https:\/\/swissbaker.ch\/wp-content\/uploads\/2022\/04\/sbc-logo-yoast.jpg\",\"contentUrl\":\"https:\/\/swissbaker.ch\/wp-content\/uploads\/2022\/04\/sbc-logo-yoast.jpg\",\"width\":512,\"height\":512,\"caption\":\"Schweizerischer B\u00e4cker-Confiseurmeister-Verband\"},\"image\":{\"@id\":\"https:\/\/swissbaker.ch\/fr\/#\/schema\/logo\/image\/\"},\"sameAs\":[\"https:\/\/www.facebook.com\/swissbaker.ch\",\"https:\/\/x.com\/ch_swissbaker\"]},{\"@type\":\"Person\",\"@id\":\"https:\/\/swissbaker.ch\/fr\/#\/schema\/person\/74bd327b08c18ca6042c02ff6f0ed5e2\",\"name\":\"Simon Nussbaum\",\"image\":{\"@type\":\"ImageObject\",\"inLanguage\":\"fr-FR\",\"@id\":\"https:\/\/swissbaker.ch\/fr\/#\/schema\/person\/image\/\",\"url\":\"https:\/\/secure.gravatar.com\/avatar\/df0eced3bb556c806cb760cf503ade1ed1df25b4104d80d6fd28d93a9509aa12?s=96&d=mm&r=g\",\"contentUrl\":\"https:\/\/secure.gravatar.com\/avatar\/df0eced3bb556c806cb760cf503ade1ed1df25b4104d80d6fd28d93a9509aa12?s=96&d=mm&r=g\",\"caption\":\"Simon Nussbaum\"},\"url\":\"https:\/\/swissbaker.ch\/fr\/panissimo-news\/author\/simon-nussbaum\/\"}]}<\/script>\n<!-- \/ Yoast SEO Premium plugin. -->","yoast_head_json":{"title":"Une action avec caract\u00e8re | SBC","description":"La Maison Buet \u00e0 Lausanne a confectionn\u00e9 un \u00e9norme carac rose, pour l\u2019action Le carac rose.","robots":{"index":"index","follow":"follow","max-snippet":"max-snippet:-1","max-image-preview":"max-image-preview:large","max-video-preview":"max-video-preview:-1"},"canonical":"https:\/\/swissbaker.ch\/fr\/panissimo-news\/une-action-avec-caractere\/","og_locale":"fr_FR","og_type":"article","og_title":"Une action avec caract\u00e8re","og_description":"La Maison Buet \u00e0 Lausanne a confectionn\u00e9 un \u00e9norme carac rose, pour l\u2019action Le carac rose.","og_url":"https:\/\/swissbaker.ch\/fr\/panissimo-news\/une-action-avec-caractere\/","og_site_name":"SBC","article_publisher":"https:\/\/www.facebook.com\/swissbaker.ch","article_published_time":"2024-10-24T05:54:29+00:00","article_modified_time":"2024-10-24T05:56:34+00:00","og_image":[{"width":1200,"height":712,"url":"https:\/\/swissbaker.ch\/wp-content\/uploads\/2024\/10\/20_1_carac_rose_xxl.jpg","type":"image\/jpeg"}],"author":"Simon Nussbaum","twitter_card":"summary_large_image","twitter_creator":"@ch_swissbaker","twitter_site":"@ch_swissbaker","twitter_misc":{"Written by":"Simon Nussbaum","Est. reading time":"2 minutes"},"schema":{"@context":"https:\/\/schema.org","@graph":[{"@type":"Article","@id":"https:\/\/swissbaker.ch\/fr\/panissimo-news\/une-action-avec-caractere\/#article","isPartOf":{"@id":"https:\/\/swissbaker.ch\/fr\/panissimo-news\/une-action-avec-caractere\/"},"author":{"name":"Simon Nussbaum","@id":"https:\/\/swissbaker.ch\/fr\/#\/schema\/person\/74bd327b08c18ca6042c02ff6f0ed5e2"},"headline":"Une action avec caract\u00e8re","datePublished":"2024-10-24T05:54:29+00:00","dateModified":"2024-10-24T05:56:34+00:00","mainEntityOfPage":{"@id":"https:\/\/swissbaker.ch\/fr\/panissimo-news\/une-action-avec-caractere\/"},"wordCount":339,"publisher":{"@id":"https:\/\/swissbaker.ch\/fr\/#organization"},"image":{"@id":"https:\/\/swissbaker.ch\/fr\/panissimo-news\/une-action-avec-caractere\/#primaryimage"},"thumbnailUrl":"https:\/\/swissbaker.ch\/wp-content\/uploads\/2024\/10\/20_1_carac_rose_xxl.jpg","keywords":["Boulangerie Confiserie","Carac Rose","Maison Buet"],"articleSection":["Des cantons"],"inLanguage":"fr-FR"},{"@type":"WebPage","@id":"https:\/\/swissbaker.ch\/fr\/panissimo-news\/une-action-avec-caractere\/","url":"https:\/\/swissbaker.ch\/fr\/panissimo-news\/une-action-avec-caractere\/","name":"Une action avec caract\u00e8re | SBC","isPartOf":{"@id":"https:\/\/swissbaker.ch\/fr\/#website"},"primaryImageOfPage":{"@id":"https:\/\/swissbaker.ch\/fr\/panissimo-news\/une-action-avec-caractere\/#primaryimage"},"image":{"@id":"https:\/\/swissbaker.ch\/fr\/panissimo-news\/une-action-avec-caractere\/#primaryimage"},"thumbnailUrl":"https:\/\/swissbaker.ch\/wp-content\/uploads\/2024\/10\/20_1_carac_rose_xxl.jpg","datePublished":"2024-10-24T05:54:29+00:00","dateModified":"2024-10-24T05:56:34+00:00","description":"La Maison Buet \u00e0 Lausanne a confectionn\u00e9 un \u00e9norme carac rose, pour l\u2019action Le carac rose.","breadcrumb":{"@id":"https:\/\/swissbaker.ch\/fr\/panissimo-news\/une-action-avec-caractere\/#breadcrumb"},"inLanguage":"fr-FR","potentialAction":[{"@type":"ReadAction","target":["https:\/\/swissbaker.ch\/fr\/panissimo-news\/une-action-avec-caractere\/"]}]},{"@type":"ImageObject","inLanguage":"fr-FR","@id":"https:\/\/swissbaker.ch\/fr\/panissimo-news\/une-action-avec-caractere\/#primaryimage","url":"https:\/\/swissbaker.ch\/wp-content\/uploads\/2024\/10\/20_1_carac_rose_xxl.jpg","contentUrl":"https:\/\/swissbaker.ch\/wp-content\/uploads\/2024\/10\/20_1_carac_rose_xxl.jpg","width":1200,"height":712},{"@type":"BreadcrumbList","@id":"https:\/\/swissbaker.ch\/fr\/panissimo-news\/une-action-avec-caractere\/#breadcrumb","itemListElement":[{"@type":"ListItem","position":1,"name":"","item":"https:\/\/swissbaker.ch\/fr\/"},{"@type":"ListItem","position":2,"name":"Des cantons","item":"https:\/\/swissbaker.ch\/fr\/panissimo-news\/category\/des-cantons\/"},{"@type":"ListItem","position":3,"name":"Une action avec caract\u00e8re"}]},{"@type":"WebSite","@id":"https:\/\/swissbaker.ch\/fr\/#website","url":"https:\/\/swissbaker.ch\/fr\/","name":"SBC","description":"","publisher":{"@id":"https:\/\/swissbaker.ch\/fr\/#organization"},"potentialAction":[{"@type":"SearchAction","target":{"@type":"EntryPoint","urlTemplate":"https:\/\/swissbaker.ch\/fr\/?s={search_term_string}"},"query-input":{"@type":"PropertyValueSpecification","valueRequired":true,"valueName":"search_term_string"}}],"inLanguage":"fr-FR"},{"@type":"Organization","@id":"https:\/\/swissbaker.ch\/fr\/#organization","name":"Schweizerischer B\u00e4cker-Confiseurmeister-Verband","url":"https:\/\/swissbaker.ch\/fr\/","logo":{"@type":"ImageObject","inLanguage":"fr-FR","@id":"https:\/\/swissbaker.ch\/fr\/#\/schema\/logo\/image\/","url":"https:\/\/swissbaker.ch\/wp-content\/uploads\/2022\/04\/sbc-logo-yoast.jpg","contentUrl":"https:\/\/swissbaker.ch\/wp-content\/uploads\/2022\/04\/sbc-logo-yoast.jpg","width":512,"height":512,"caption":"Schweizerischer B\u00e4cker-Confiseurmeister-Verband"},"image":{"@id":"https:\/\/swissbaker.ch\/fr\/#\/schema\/logo\/image\/"},"sameAs":["https:\/\/www.facebook.com\/swissbaker.ch","https:\/\/x.com\/ch_swissbaker"]},{"@type":"Person","@id":"https:\/\/swissbaker.ch\/fr\/#\/schema\/person\/74bd327b08c18ca6042c02ff6f0ed5e2","name":"Simon Nussbaum","image":{"@type":"ImageObject","inLanguage":"fr-FR","@id":"https:\/\/swissbaker.ch\/fr\/#\/schema\/person\/image\/","url":"https:\/\/secure.gravatar.com\/avatar\/df0eced3bb556c806cb760cf503ade1ed1df25b4104d80d6fd28d93a9509aa12?s=96&d=mm&r=g","contentUrl":"https:\/\/secure.gravatar.com\/avatar\/df0eced3bb556c806cb760cf503ade1ed1df25b4104d80d6fd28d93a9509aa12?s=96&d=mm&r=g","caption":"Simon Nussbaum"},"url":"https:\/\/swissbaker.ch\/fr\/panissimo-news\/author\/simon-nussbaum\/"}]}},"_links":{"self":[{"href":"https:\/\/swissbaker.ch\/fr\/wp-json\/wp\/v2\/posts\/84924","targetHints":{"allow":["GET"]}}],"collection":[{"href":"https:\/\/swissbaker.ch\/fr\/wp-json\/wp\/v2\/posts"}],"about":[{"href":"https:\/\/swissbaker.ch\/fr\/wp-json\/wp\/v2\/types\/post"}],"author":[{"embeddable":true,"href":"https:\/\/swissbaker.ch\/fr\/wp-json\/wp\/v2\/users\/5"}],"replies":[{"embeddable":true,"href":"https:\/\/swissbaker.ch\/fr\/wp-json\/wp\/v2\/comments?post=84924"}],"version-history":[{"count":0,"href":"https:\/\/swissbaker.ch\/fr\/wp-json\/wp\/v2\/posts\/84924\/revisions"}],"wp:featuredmedia":[{"embeddable":true,"href":"https:\/\/swissbaker.ch\/fr\/wp-json\/wp\/v2\/media\/84914"}],"wp:attachment":[{"href":"https:\/\/swissbaker.ch\/fr\/wp-json\/wp\/v2\/media?parent=84924"}],"wp:term":[{"taxonomy":"category","embeddable":true,"href":"https:\/\/swissbaker.ch\/fr\/wp-json\/wp\/v2\/categories?post=84924"},{"taxonomy":"post_tag","embeddable":true,"href":"https:\/\/swissbaker.ch\/fr\/wp-json\/wp\/v2\/tags?post=84924"}],"curies":[{"name":"wp","href":"https:\/\/api.w.org\/{rel}","templated":true}]}}