{"id":84695,"date":"2024-10-16T13:55:05","date_gmt":"2024-10-16T11:55:05","guid":{"rendered":"https:\/\/swissbaker.ch\/?p=84695"},"modified":"2024-10-16T13:56:12","modified_gmt":"2024-10-16T11:56:12","slug":"feuilles-dans-le-vent-de-lautomne-citrouilles-et-chataignes","status":"publish","type":"post","link":"https:\/\/swissbaker.ch\/fr\/panissimo-news\/feuilles-dans-le-vent-de-lautomne-citrouilles-et-chataignes\/","title":{"rendered":"Feuilles dans le vent de l\u2019automne, citrouilles et ch\u00e2taignes"},"content":{"rendered":"\n<p>Sacr\u00e9 cocktail de l\u2019automne arrivant sur la port\u00e9e du temps et pas de quoi sombrer dans la morosit\u00e9. Les \u00e9v\u00e9nements se succ\u00e8dent et apr\u00e8s la fin des moissons, des vendanges et autres actions sur les produits de la terre, voil\u00e0 un nouveau temps celui de l\u2019automne.<\/p>\n\n\n\n<p>Il peut \u00eatre, pour nous aussi, celui de se mettre en mode changements li\u00e9s \u00e0 cette nouvelle saison qui disent saisons et temps peuvent se conjuguer avec opportunit\u00e9. Celles qui sont \u00e0 saisir et non \u00e0 subir et servent nos actions salutaires aux d\u00e9veloppements divers souhait\u00e9s pour nos entreprises. Alors soyons imaginatifs et cr\u00e9atifs et ressuscitons des recettes d\u2019antan et faisons la part \u00e0 celles qui fonctionnent et \u00e0 des nouvelles pour susciter les envies et chatouiller les papilles de nos clients bien aim\u00e9s.<\/p>\n\n\n\n<p>Les desserts en grosses pi\u00e8ces ou en pi\u00e8ces individuelles \u00e0 la ch\u00e2taigne sont incontournables. Mais il n\u2019y a pas que cela, bien au contraire et pourquoi pas faire la part belle dans nos tea-rooms \u00e0 la soupe \u00e0 la courge et finir par un dessert qui est issu des temps anciens comme le g\u00e2teau \u00e0 la courge, celui qui nous r\u00e9galait.<\/p>\n\n\n\n<p>C\u2019est aussi une p\u00e9riode de chasse, alors pourquoi ne pas faire un clin d\u2019\u0153il aux produits de cette derni\u00e8re par des p\u00e2t\u00e9s \u00e0 la viande de chasse ou des sandwichs chasseurs et m\u00eame pour les encas de midi une croustade \u00e0 la viande de chasse.<\/p>\n\n\n\n<p>Pourquoi pas un petit concours sur le th\u00e8me de l\u2019automne qui permettrait de gagner un pain \u00e0 la courge ou \u00e0 la ch\u00e2taigne\u2009? Il suffit de peu de choses pour animer nos commerces et gagner des parts de march\u00e9, souvenez-vous en Alors bel automne, chers amis, et \u00e0 vous de jouer\u2009!<\/p>\n\n\n\n<p class=\"has-text-align-right\"><em>Bernard Pignat, Chevalier d\u2019honneur<br>de la Confr\u00e9rie valaisanne des chevaliers du bon pain<\/em><\/p>\n","protected":false},"excerpt":{"rendered":"<p>Sacr\u00e9 cocktail de l\u2019automne arrivant sur la port\u00e9e du temps et pas de quoi sombrer dans la morosit\u00e9. Les \u00e9v\u00e9nements se succ\u00e8dent et apr\u00e8s la fin des moissons, des vendanges et autres actions sur les produits de la terre, voil\u00e0 un nouveau temps celui de l\u2019automne.<\/p>\n","protected":false},"author":5,"featured_media":78135,"comment_status":"closed","ping_status":"closed","sticky":false,"template":"","format":"standard","meta":{"_acf_changed":false,"footnotes":""},"categories":[39],"tags":[],"class_list":["post-84695","post","type-post","status-publish","format-standard","has-post-thumbnail","hentry","category-de-la-branche"],"acf":[],"yoast_head":"<!-- This site is optimized with the Yoast SEO Premium plugin v26.8 (Yoast SEO v26.8) - https:\/\/yoast.com\/product\/yoast-seo-premium-wordpress\/ -->\n<title>Feuilles dans le vent de l\u2019automne, citrouilles et ch\u00e2taignes | SBC<\/title>\n<meta name=\"robots\" content=\"index, follow, max-snippet:-1, max-image-preview:large, max-video-preview:-1\" \/>\n<link rel=\"canonical\" href=\"https:\/\/swissbaker.ch\/fr\/panissimo-news\/feuilles-dans-le-vent-de-lautomne-citrouilles-et-chataignes\/\" \/>\n<meta property=\"og:locale\" content=\"fr_FR\" \/>\n<meta property=\"og:type\" content=\"article\" \/>\n<meta property=\"og:title\" content=\"Feuilles dans le vent de l\u2019automne, citrouilles et ch\u00e2taignes\" \/>\n<meta property=\"og:description\" content=\"Sacr\u00e9 cocktail de l\u2019automne arrivant sur la port\u00e9e du temps et pas de quoi sombrer dans la morosit\u00e9. Les \u00e9v\u00e9nements se succ\u00e8dent et apr\u00e8s la fin des moissons, des vendanges et autres actions sur les produits de la terre, voil\u00e0 un nouveau temps celui de l\u2019automne.\" \/>\n<meta property=\"og:url\" content=\"https:\/\/swissbaker.ch\/fr\/panissimo-news\/feuilles-dans-le-vent-de-lautomne-citrouilles-et-chataignes\/\" \/>\n<meta property=\"og:site_name\" content=\"SBC\" \/>\n<meta property=\"article:publisher\" content=\"https:\/\/www.facebook.com\/swissbaker.ch\" \/>\n<meta property=\"article:published_time\" content=\"2024-10-16T11:55:05+00:00\" \/>\n<meta property=\"article:modified_time\" content=\"2024-10-16T11:56:12+00:00\" \/>\n<meta property=\"og:image\" content=\"https:\/\/swissbaker.ch\/wp-content\/uploads\/2023\/03\/bernard_pignat_2024.jpg\" \/>\n\t<meta property=\"og:image:width\" content=\"1200\" \/>\n\t<meta property=\"og:image:height\" content=\"712\" \/>\n\t<meta property=\"og:image:type\" content=\"image\/jpeg\" \/>\n<meta name=\"author\" content=\"Simon Nussbaum\" \/>\n<meta name=\"twitter:card\" content=\"summary_large_image\" \/>\n<meta name=\"twitter:creator\" content=\"@ch_swissbaker\" \/>\n<meta name=\"twitter:site\" content=\"@ch_swissbaker\" \/>\n<meta name=\"twitter:label1\" content=\"Written by\" \/>\n\t<meta name=\"twitter:data1\" content=\"Simon Nussbaum\" \/>\n\t<meta name=\"twitter:label2\" content=\"Est. reading time\" \/>\n\t<meta name=\"twitter:data2\" content=\"2 minutes\" \/>\n<script type=\"application\/ld+json\" class=\"yoast-schema-graph\">{\"@context\":\"https:\/\/schema.org\",\"@graph\":[{\"@type\":\"Article\",\"@id\":\"https:\/\/swissbaker.ch\/fr\/panissimo-news\/feuilles-dans-le-vent-de-lautomne-citrouilles-et-chataignes\/#article\",\"isPartOf\":{\"@id\":\"https:\/\/swissbaker.ch\/fr\/panissimo-news\/feuilles-dans-le-vent-de-lautomne-citrouilles-et-chataignes\/\"},\"author\":{\"name\":\"Simon Nussbaum\",\"@id\":\"https:\/\/swissbaker.ch\/fr\/#\/schema\/person\/74bd327b08c18ca6042c02ff6f0ed5e2\"},\"headline\":\"Feuilles dans le vent de l\u2019automne, citrouilles et ch\u00e2taignes\",\"datePublished\":\"2024-10-16T11:55:05+00:00\",\"dateModified\":\"2024-10-16T11:56:12+00:00\",\"mainEntityOfPage\":{\"@id\":\"https:\/\/swissbaker.ch\/fr\/panissimo-news\/feuilles-dans-le-vent-de-lautomne-citrouilles-et-chataignes\/\"},\"wordCount\":326,\"publisher\":{\"@id\":\"https:\/\/swissbaker.ch\/fr\/#organization\"},\"image\":{\"@id\":\"https:\/\/swissbaker.ch\/fr\/panissimo-news\/feuilles-dans-le-vent-de-lautomne-citrouilles-et-chataignes\/#primaryimage\"},\"thumbnailUrl\":\"https:\/\/swissbaker.ch\/wp-content\/uploads\/2023\/03\/bernard_pignat_2024.jpg\",\"articleSection\":[\"De la branche\"],\"inLanguage\":\"fr-FR\"},{\"@type\":\"WebPage\",\"@id\":\"https:\/\/swissbaker.ch\/fr\/panissimo-news\/feuilles-dans-le-vent-de-lautomne-citrouilles-et-chataignes\/\",\"url\":\"https:\/\/swissbaker.ch\/fr\/panissimo-news\/feuilles-dans-le-vent-de-lautomne-citrouilles-et-chataignes\/\",\"name\":\"Feuilles dans le vent de l\u2019automne, citrouilles et ch\u00e2taignes | SBC\",\"isPartOf\":{\"@id\":\"https:\/\/swissbaker.ch\/fr\/#website\"},\"primaryImageOfPage\":{\"@id\":\"https:\/\/swissbaker.ch\/fr\/panissimo-news\/feuilles-dans-le-vent-de-lautomne-citrouilles-et-chataignes\/#primaryimage\"},\"image\":{\"@id\":\"https:\/\/swissbaker.ch\/fr\/panissimo-news\/feuilles-dans-le-vent-de-lautomne-citrouilles-et-chataignes\/#primaryimage\"},\"thumbnailUrl\":\"https:\/\/swissbaker.ch\/wp-content\/uploads\/2023\/03\/bernard_pignat_2024.jpg\",\"datePublished\":\"2024-10-16T11:55:05+00:00\",\"dateModified\":\"2024-10-16T11:56:12+00:00\",\"breadcrumb\":{\"@id\":\"https:\/\/swissbaker.ch\/fr\/panissimo-news\/feuilles-dans-le-vent-de-lautomne-citrouilles-et-chataignes\/#breadcrumb\"},\"inLanguage\":\"fr-FR\",\"potentialAction\":[{\"@type\":\"ReadAction\",\"target\":[\"https:\/\/swissbaker.ch\/fr\/panissimo-news\/feuilles-dans-le-vent-de-lautomne-citrouilles-et-chataignes\/\"]}]},{\"@type\":\"ImageObject\",\"inLanguage\":\"fr-FR\",\"@id\":\"https:\/\/swissbaker.ch\/fr\/panissimo-news\/feuilles-dans-le-vent-de-lautomne-citrouilles-et-chataignes\/#primaryimage\",\"url\":\"https:\/\/swissbaker.ch\/wp-content\/uploads\/2023\/03\/bernard_pignat_2024.jpg\",\"contentUrl\":\"https:\/\/swissbaker.ch\/wp-content\/uploads\/2023\/03\/bernard_pignat_2024.jpg\",\"width\":1200,\"height\":712},{\"@type\":\"BreadcrumbList\",\"@id\":\"https:\/\/swissbaker.ch\/fr\/panissimo-news\/feuilles-dans-le-vent-de-lautomne-citrouilles-et-chataignes\/#breadcrumb\",\"itemListElement\":[{\"@type\":\"ListItem\",\"position\":1,\"name\":\"\",\"item\":\"https:\/\/swissbaker.ch\/fr\/\"},{\"@type\":\"ListItem\",\"position\":2,\"name\":\"De la branche\",\"item\":\"https:\/\/swissbaker.ch\/fr\/panissimo-news\/category\/de-la-branche\/\"},{\"@type\":\"ListItem\",\"position\":3,\"name\":\"Feuilles dans le vent de l\u2019automne, citrouilles et ch\u00e2taignes\"}]},{\"@type\":\"WebSite\",\"@id\":\"https:\/\/swissbaker.ch\/fr\/#website\",\"url\":\"https:\/\/swissbaker.ch\/fr\/\",\"name\":\"SBC\",\"description\":\"\",\"publisher\":{\"@id\":\"https:\/\/swissbaker.ch\/fr\/#organization\"},\"potentialAction\":[{\"@type\":\"SearchAction\",\"target\":{\"@type\":\"EntryPoint\",\"urlTemplate\":\"https:\/\/swissbaker.ch\/fr\/?s={search_term_string}\"},\"query-input\":{\"@type\":\"PropertyValueSpecification\",\"valueRequired\":true,\"valueName\":\"search_term_string\"}}],\"inLanguage\":\"fr-FR\"},{\"@type\":\"Organization\",\"@id\":\"https:\/\/swissbaker.ch\/fr\/#organization\",\"name\":\"Schweizerischer B\u00e4cker-Confiseurmeister-Verband\",\"url\":\"https:\/\/swissbaker.ch\/fr\/\",\"logo\":{\"@type\":\"ImageObject\",\"inLanguage\":\"fr-FR\",\"@id\":\"https:\/\/swissbaker.ch\/fr\/#\/schema\/logo\/image\/\",\"url\":\"https:\/\/swissbaker.ch\/wp-content\/uploads\/2022\/04\/sbc-logo-yoast.jpg\",\"contentUrl\":\"https:\/\/swissbaker.ch\/wp-content\/uploads\/2022\/04\/sbc-logo-yoast.jpg\",\"width\":512,\"height\":512,\"caption\":\"Schweizerischer B\u00e4cker-Confiseurmeister-Verband\"},\"image\":{\"@id\":\"https:\/\/swissbaker.ch\/fr\/#\/schema\/logo\/image\/\"},\"sameAs\":[\"https:\/\/www.facebook.com\/swissbaker.ch\",\"https:\/\/x.com\/ch_swissbaker\"]},{\"@type\":\"Person\",\"@id\":\"https:\/\/swissbaker.ch\/fr\/#\/schema\/person\/74bd327b08c18ca6042c02ff6f0ed5e2\",\"name\":\"Simon Nussbaum\",\"image\":{\"@type\":\"ImageObject\",\"inLanguage\":\"fr-FR\",\"@id\":\"https:\/\/swissbaker.ch\/fr\/#\/schema\/person\/image\/\",\"url\":\"https:\/\/secure.gravatar.com\/avatar\/df0eced3bb556c806cb760cf503ade1ed1df25b4104d80d6fd28d93a9509aa12?s=96&d=mm&r=g\",\"contentUrl\":\"https:\/\/secure.gravatar.com\/avatar\/df0eced3bb556c806cb760cf503ade1ed1df25b4104d80d6fd28d93a9509aa12?s=96&d=mm&r=g\",\"caption\":\"Simon Nussbaum\"},\"url\":\"https:\/\/swissbaker.ch\/fr\/panissimo-news\/author\/simon-nussbaum\/\"}]}<\/script>\n<!-- \/ Yoast SEO Premium plugin. -->","yoast_head_json":{"title":"Feuilles dans le vent de l\u2019automne, citrouilles et ch\u00e2taignes | SBC","robots":{"index":"index","follow":"follow","max-snippet":"max-snippet:-1","max-image-preview":"max-image-preview:large","max-video-preview":"max-video-preview:-1"},"canonical":"https:\/\/swissbaker.ch\/fr\/panissimo-news\/feuilles-dans-le-vent-de-lautomne-citrouilles-et-chataignes\/","og_locale":"fr_FR","og_type":"article","og_title":"Feuilles dans le vent de l\u2019automne, citrouilles et ch\u00e2taignes","og_description":"Sacr\u00e9 cocktail de l\u2019automne arrivant sur la port\u00e9e du temps et pas de quoi sombrer dans la morosit\u00e9. Les \u00e9v\u00e9nements se succ\u00e8dent et apr\u00e8s la fin des moissons, des vendanges et autres actions sur les produits de la terre, voil\u00e0 un nouveau temps celui de l\u2019automne.","og_url":"https:\/\/swissbaker.ch\/fr\/panissimo-news\/feuilles-dans-le-vent-de-lautomne-citrouilles-et-chataignes\/","og_site_name":"SBC","article_publisher":"https:\/\/www.facebook.com\/swissbaker.ch","article_published_time":"2024-10-16T11:55:05+00:00","article_modified_time":"2024-10-16T11:56:12+00:00","og_image":[{"width":1200,"height":712,"url":"https:\/\/swissbaker.ch\/wp-content\/uploads\/2023\/03\/bernard_pignat_2024.jpg","type":"image\/jpeg"}],"author":"Simon Nussbaum","twitter_card":"summary_large_image","twitter_creator":"@ch_swissbaker","twitter_site":"@ch_swissbaker","twitter_misc":{"Written by":"Simon Nussbaum","Est. reading time":"2 minutes"},"schema":{"@context":"https:\/\/schema.org","@graph":[{"@type":"Article","@id":"https:\/\/swissbaker.ch\/fr\/panissimo-news\/feuilles-dans-le-vent-de-lautomne-citrouilles-et-chataignes\/#article","isPartOf":{"@id":"https:\/\/swissbaker.ch\/fr\/panissimo-news\/feuilles-dans-le-vent-de-lautomne-citrouilles-et-chataignes\/"},"author":{"name":"Simon Nussbaum","@id":"https:\/\/swissbaker.ch\/fr\/#\/schema\/person\/74bd327b08c18ca6042c02ff6f0ed5e2"},"headline":"Feuilles dans le vent de l\u2019automne, citrouilles et ch\u00e2taignes","datePublished":"2024-10-16T11:55:05+00:00","dateModified":"2024-10-16T11:56:12+00:00","mainEntityOfPage":{"@id":"https:\/\/swissbaker.ch\/fr\/panissimo-news\/feuilles-dans-le-vent-de-lautomne-citrouilles-et-chataignes\/"},"wordCount":326,"publisher":{"@id":"https:\/\/swissbaker.ch\/fr\/#organization"},"image":{"@id":"https:\/\/swissbaker.ch\/fr\/panissimo-news\/feuilles-dans-le-vent-de-lautomne-citrouilles-et-chataignes\/#primaryimage"},"thumbnailUrl":"https:\/\/swissbaker.ch\/wp-content\/uploads\/2023\/03\/bernard_pignat_2024.jpg","articleSection":["De la branche"],"inLanguage":"fr-FR"},{"@type":"WebPage","@id":"https:\/\/swissbaker.ch\/fr\/panissimo-news\/feuilles-dans-le-vent-de-lautomne-citrouilles-et-chataignes\/","url":"https:\/\/swissbaker.ch\/fr\/panissimo-news\/feuilles-dans-le-vent-de-lautomne-citrouilles-et-chataignes\/","name":"Feuilles dans le vent de l\u2019automne, citrouilles et ch\u00e2taignes | SBC","isPartOf":{"@id":"https:\/\/swissbaker.ch\/fr\/#website"},"primaryImageOfPage":{"@id":"https:\/\/swissbaker.ch\/fr\/panissimo-news\/feuilles-dans-le-vent-de-lautomne-citrouilles-et-chataignes\/#primaryimage"},"image":{"@id":"https:\/\/swissbaker.ch\/fr\/panissimo-news\/feuilles-dans-le-vent-de-lautomne-citrouilles-et-chataignes\/#primaryimage"},"thumbnailUrl":"https:\/\/swissbaker.ch\/wp-content\/uploads\/2023\/03\/bernard_pignat_2024.jpg","datePublished":"2024-10-16T11:55:05+00:00","dateModified":"2024-10-16T11:56:12+00:00","breadcrumb":{"@id":"https:\/\/swissbaker.ch\/fr\/panissimo-news\/feuilles-dans-le-vent-de-lautomne-citrouilles-et-chataignes\/#breadcrumb"},"inLanguage":"fr-FR","potentialAction":[{"@type":"ReadAction","target":["https:\/\/swissbaker.ch\/fr\/panissimo-news\/feuilles-dans-le-vent-de-lautomne-citrouilles-et-chataignes\/"]}]},{"@type":"ImageObject","inLanguage":"fr-FR","@id":"https:\/\/swissbaker.ch\/fr\/panissimo-news\/feuilles-dans-le-vent-de-lautomne-citrouilles-et-chataignes\/#primaryimage","url":"https:\/\/swissbaker.ch\/wp-content\/uploads\/2023\/03\/bernard_pignat_2024.jpg","contentUrl":"https:\/\/swissbaker.ch\/wp-content\/uploads\/2023\/03\/bernard_pignat_2024.jpg","width":1200,"height":712},{"@type":"BreadcrumbList","@id":"https:\/\/swissbaker.ch\/fr\/panissimo-news\/feuilles-dans-le-vent-de-lautomne-citrouilles-et-chataignes\/#breadcrumb","itemListElement":[{"@type":"ListItem","position":1,"name":"","item":"https:\/\/swissbaker.ch\/fr\/"},{"@type":"ListItem","position":2,"name":"De la branche","item":"https:\/\/swissbaker.ch\/fr\/panissimo-news\/category\/de-la-branche\/"},{"@type":"ListItem","position":3,"name":"Feuilles dans le vent de l\u2019automne, citrouilles et ch\u00e2taignes"}]},{"@type":"WebSite","@id":"https:\/\/swissbaker.ch\/fr\/#website","url":"https:\/\/swissbaker.ch\/fr\/","name":"SBC","description":"","publisher":{"@id":"https:\/\/swissbaker.ch\/fr\/#organization"},"potentialAction":[{"@type":"SearchAction","target":{"@type":"EntryPoint","urlTemplate":"https:\/\/swissbaker.ch\/fr\/?s={search_term_string}"},"query-input":{"@type":"PropertyValueSpecification","valueRequired":true,"valueName":"search_term_string"}}],"inLanguage":"fr-FR"},{"@type":"Organization","@id":"https:\/\/swissbaker.ch\/fr\/#organization","name":"Schweizerischer B\u00e4cker-Confiseurmeister-Verband","url":"https:\/\/swissbaker.ch\/fr\/","logo":{"@type":"ImageObject","inLanguage":"fr-FR","@id":"https:\/\/swissbaker.ch\/fr\/#\/schema\/logo\/image\/","url":"https:\/\/swissbaker.ch\/wp-content\/uploads\/2022\/04\/sbc-logo-yoast.jpg","contentUrl":"https:\/\/swissbaker.ch\/wp-content\/uploads\/2022\/04\/sbc-logo-yoast.jpg","width":512,"height":512,"caption":"Schweizerischer B\u00e4cker-Confiseurmeister-Verband"},"image":{"@id":"https:\/\/swissbaker.ch\/fr\/#\/schema\/logo\/image\/"},"sameAs":["https:\/\/www.facebook.com\/swissbaker.ch","https:\/\/x.com\/ch_swissbaker"]},{"@type":"Person","@id":"https:\/\/swissbaker.ch\/fr\/#\/schema\/person\/74bd327b08c18ca6042c02ff6f0ed5e2","name":"Simon Nussbaum","image":{"@type":"ImageObject","inLanguage":"fr-FR","@id":"https:\/\/swissbaker.ch\/fr\/#\/schema\/person\/image\/","url":"https:\/\/secure.gravatar.com\/avatar\/df0eced3bb556c806cb760cf503ade1ed1df25b4104d80d6fd28d93a9509aa12?s=96&d=mm&r=g","contentUrl":"https:\/\/secure.gravatar.com\/avatar\/df0eced3bb556c806cb760cf503ade1ed1df25b4104d80d6fd28d93a9509aa12?s=96&d=mm&r=g","caption":"Simon Nussbaum"},"url":"https:\/\/swissbaker.ch\/fr\/panissimo-news\/author\/simon-nussbaum\/"}]}},"_links":{"self":[{"href":"https:\/\/swissbaker.ch\/fr\/wp-json\/wp\/v2\/posts\/84695","targetHints":{"allow":["GET"]}}],"collection":[{"href":"https:\/\/swissbaker.ch\/fr\/wp-json\/wp\/v2\/posts"}],"about":[{"href":"https:\/\/swissbaker.ch\/fr\/wp-json\/wp\/v2\/types\/post"}],"author":[{"embeddable":true,"href":"https:\/\/swissbaker.ch\/fr\/wp-json\/wp\/v2\/users\/5"}],"replies":[{"embeddable":true,"href":"https:\/\/swissbaker.ch\/fr\/wp-json\/wp\/v2\/comments?post=84695"}],"version-history":[{"count":0,"href":"https:\/\/swissbaker.ch\/fr\/wp-json\/wp\/v2\/posts\/84695\/revisions"}],"wp:featuredmedia":[{"embeddable":true,"href":"https:\/\/swissbaker.ch\/fr\/wp-json\/wp\/v2\/media\/78135"}],"wp:attachment":[{"href":"https:\/\/swissbaker.ch\/fr\/wp-json\/wp\/v2\/media?parent=84695"}],"wp:term":[{"taxonomy":"category","embeddable":true,"href":"https:\/\/swissbaker.ch\/fr\/wp-json\/wp\/v2\/categories?post=84695"},{"taxonomy":"post_tag","embeddable":true,"href":"https:\/\/swissbaker.ch\/fr\/wp-json\/wp\/v2\/tags?post=84695"}],"curies":[{"name":"wp","href":"https:\/\/api.w.org\/{rel}","templated":true}]}}