{"id":84680,"date":"2024-10-16T13:15:27","date_gmt":"2024-10-16T11:15:27","guid":{"rendered":"https:\/\/swissbaker.ch\/?p=84680"},"modified":"2024-10-16T13:20:01","modified_gmt":"2024-10-16T11:20:01","slug":"avec-des-signaux-de-fumee","status":"publish","type":"post","link":"https:\/\/swissbaker.ch\/fr\/panissimo-news\/avec-des-signaux-de-fumee\/","title":{"rendered":"Avec des signaux de fum\u00e9e\u2009?"},"content":{"rendered":"\n<p><strong>On dit qu\u2019autrefois, tout \u00e9tait tr\u00e8s simple\u2009; en mati\u00e8re de communication du moins. Imaginez qu\u2019aujourd\u2019hui encore, on envoie des newsletters avec des signaux de fum\u00e9e. Une petite fum\u00e9e \u00e0 l\u2019horizon suffirait \u00e0 informer tout le secteur. <\/strong><\/p>\n\n\n\n<p>Mais de nos jours, dans un monde o\u00f9 foisonnent les courriels et les m\u00e9dias num\u00e9riques, il semble souvent plus difficile que jamais de transmettre les bonnes informations aux bonnes personnes.<\/p>\n\n\n\n<p>Malgr\u00e9 la multitude de moyens de communication de qualit\u00e9, nous entendons r\u00e9guli\u00e8rement que les informations ne parviennent pas \u00e0 nos formateurs du commerce de d\u00e9tail. Nos articles dans \u00ab\u2009Panissimo\u2009\u00bb, la newsletter ou sur le site <a href=\"http:\/\/forme-ton-avenir.ch\" target=\"_blank\" rel=\"noreferrer noopener\">forme-ton-avenir.ch<\/a> restent bloqu\u00e9s quelque part entre le bureau et le comptoir de vente.<\/p>\n\n\n\n<p>Or il est essentiel pour notre secteur de pouvoir compter sur des formateurs inform\u00e9s et motiv\u00e9s en vue de la formation de la rel\u00e8ve.<\/p>\n\n\n\n<p>Petite astuce\u2009: toutes les informations sur la vente sont mises \u00e0 jour sur notre \u00ab\u2009cloud pour formateurs du commerce de d\u00e9tail\u2009\u00bb, soit par le lien <a href=\"http:\/\/bit.ly\/cloud-cdd-22\" target=\"_blank\" rel=\"noreferrer noopener\">bit.ly\/cloud-cdd-22<\/a>. Vous y trouverez toute la documentation et les nouveaut\u00e9s sur le sujet. J\u2019invite \u00e9galement les propri\u00e9taires d\u2019entreprise \u00e0 le consulter.<br>Et m\u00eame si les anciens signaux de fum\u00e9e ont disparu, ma flamme pour notre secteur est toujours aussi vive, certes souvent sous forme num\u00e9rique\u2009!<\/p>\n\n\n\n<p>Un dernier conseil\u2009: une fois sur le cloud, enregistrez la page Richemont sur votre t\u00e9l\u00e9phone portable via l\u2019application \u00ab\u2009Notes\u2009\u00bb.<\/p>\n\n\n\n<p>Je vous souhaite plein succ\u00e8s\u2009!<\/p>\n\n\n\n<p class=\"has-text-align-right\"><em>Lisa Frunz<br>Membre du CC, ressort commerce de d\u00e9tail<\/em><\/p>\n","protected":false},"excerpt":{"rendered":"<p>On dit qu\u2019autrefois, tout \u00e9tait tr\u00e8s simple\u2009; en mati\u00e8re de communication du moins. Imaginez qu\u2019aujourd\u2019hui encore, on envoie des newsletters avec des signaux de fum\u00e9e. Une petite fum\u00e9e \u00e0 l\u2019horizon suffirait \u00e0 informer tout le secteur. <\/p>\n","protected":false},"author":5,"featured_media":66395,"comment_status":"closed","ping_status":"closed","sticky":true,"template":"","format":"standard","meta":{"_acf_changed":false,"footnotes":""},"categories":[41,47],"tags":[],"class_list":["post-84680","post","type-post","status-publish","format-standard","has-post-thumbnail","hentry","category-association","category-formation-releve"],"acf":[],"yoast_head":"<!-- This site is optimized with the Yoast SEO Premium plugin v26.8 (Yoast SEO v26.8) - https:\/\/yoast.com\/product\/yoast-seo-premium-wordpress\/ -->\n<title>Avec des signaux de fum\u00e9e\u2009? | SBC<\/title>\n<meta name=\"robots\" content=\"index, follow, max-snippet:-1, max-image-preview:large, max-video-preview:-1\" \/>\n<link rel=\"canonical\" href=\"https:\/\/swissbaker.ch\/fr\/panissimo-news\/avec-des-signaux-de-fumee\/\" \/>\n<meta property=\"og:locale\" content=\"fr_FR\" \/>\n<meta property=\"og:type\" content=\"article\" \/>\n<meta property=\"og:title\" content=\"Avec des signaux de fum\u00e9e\u2009?\" \/>\n<meta property=\"og:description\" content=\"On dit qu\u2019autrefois, tout \u00e9tait tr\u00e8s simple\u2009; en mati\u00e8re de communication du moins. Imaginez qu\u2019aujourd\u2019hui encore, on envoie des newsletters avec des signaux de fum\u00e9e. Une petite fum\u00e9e \u00e0 l\u2019horizon suffirait \u00e0 informer tout le secteur.\" \/>\n<meta property=\"og:url\" content=\"https:\/\/swissbaker.ch\/fr\/panissimo-news\/avec-des-signaux-de-fumee\/\" \/>\n<meta property=\"og:site_name\" content=\"SBC\" \/>\n<meta property=\"article:publisher\" content=\"https:\/\/www.facebook.com\/swissbaker.ch\" \/>\n<meta property=\"article:published_time\" content=\"2024-10-16T11:15:27+00:00\" \/>\n<meta property=\"article:modified_time\" content=\"2024-10-16T11:20:01+00:00\" \/>\n<meta property=\"og:image\" content=\"https:\/\/swissbaker.ch\/wp-content\/uploads\/2023\/08\/lisa_frunz_2023.jpg\" \/>\n\t<meta property=\"og:image:width\" content=\"1200\" \/>\n\t<meta property=\"og:image:height\" content=\"712\" \/>\n\t<meta property=\"og:image:type\" content=\"image\/jpeg\" \/>\n<meta name=\"author\" content=\"Simon Nussbaum\" \/>\n<meta name=\"twitter:card\" content=\"summary_large_image\" \/>\n<meta name=\"twitter:creator\" content=\"@ch_swissbaker\" \/>\n<meta name=\"twitter:site\" content=\"@ch_swissbaker\" \/>\n<meta name=\"twitter:label1\" content=\"Written by\" \/>\n\t<meta name=\"twitter:data1\" content=\"Simon Nussbaum\" \/>\n\t<meta name=\"twitter:label2\" content=\"Est. reading time\" \/>\n\t<meta name=\"twitter:data2\" content=\"1 minute\" \/>\n<script type=\"application\/ld+json\" class=\"yoast-schema-graph\">{\"@context\":\"https:\/\/schema.org\",\"@graph\":[{\"@type\":\"Article\",\"@id\":\"https:\/\/swissbaker.ch\/fr\/panissimo-news\/avec-des-signaux-de-fumee\/#article\",\"isPartOf\":{\"@id\":\"https:\/\/swissbaker.ch\/fr\/panissimo-news\/avec-des-signaux-de-fumee\/\"},\"author\":{\"name\":\"Simon Nussbaum\",\"@id\":\"https:\/\/swissbaker.ch\/fr\/#\/schema\/person\/74bd327b08c18ca6042c02ff6f0ed5e2\"},\"headline\":\"Avec des signaux de fum\u00e9e\u2009?\",\"datePublished\":\"2024-10-16T11:15:27+00:00\",\"dateModified\":\"2024-10-16T11:20:01+00:00\",\"mainEntityOfPage\":{\"@id\":\"https:\/\/swissbaker.ch\/fr\/panissimo-news\/avec-des-signaux-de-fumee\/\"},\"wordCount\":274,\"publisher\":{\"@id\":\"https:\/\/swissbaker.ch\/fr\/#organization\"},\"image\":{\"@id\":\"https:\/\/swissbaker.ch\/fr\/panissimo-news\/avec-des-signaux-de-fumee\/#primaryimage\"},\"thumbnailUrl\":\"https:\/\/swissbaker.ch\/wp-content\/uploads\/2023\/08\/lisa_frunz_2023.jpg\",\"articleSection\":[\"Association\",\"Formation\/Rel\u00e8ve\"],\"inLanguage\":\"fr-FR\"},{\"@type\":\"WebPage\",\"@id\":\"https:\/\/swissbaker.ch\/fr\/panissimo-news\/avec-des-signaux-de-fumee\/\",\"url\":\"https:\/\/swissbaker.ch\/fr\/panissimo-news\/avec-des-signaux-de-fumee\/\",\"name\":\"Avec des signaux de fum\u00e9e\u2009? | SBC\",\"isPartOf\":{\"@id\":\"https:\/\/swissbaker.ch\/fr\/#website\"},\"primaryImageOfPage\":{\"@id\":\"https:\/\/swissbaker.ch\/fr\/panissimo-news\/avec-des-signaux-de-fumee\/#primaryimage\"},\"image\":{\"@id\":\"https:\/\/swissbaker.ch\/fr\/panissimo-news\/avec-des-signaux-de-fumee\/#primaryimage\"},\"thumbnailUrl\":\"https:\/\/swissbaker.ch\/wp-content\/uploads\/2023\/08\/lisa_frunz_2023.jpg\",\"datePublished\":\"2024-10-16T11:15:27+00:00\",\"dateModified\":\"2024-10-16T11:20:01+00:00\",\"breadcrumb\":{\"@id\":\"https:\/\/swissbaker.ch\/fr\/panissimo-news\/avec-des-signaux-de-fumee\/#breadcrumb\"},\"inLanguage\":\"fr-FR\",\"potentialAction\":[{\"@type\":\"ReadAction\",\"target\":[\"https:\/\/swissbaker.ch\/fr\/panissimo-news\/avec-des-signaux-de-fumee\/\"]}]},{\"@type\":\"ImageObject\",\"inLanguage\":\"fr-FR\",\"@id\":\"https:\/\/swissbaker.ch\/fr\/panissimo-news\/avec-des-signaux-de-fumee\/#primaryimage\",\"url\":\"https:\/\/swissbaker.ch\/wp-content\/uploads\/2023\/08\/lisa_frunz_2023.jpg\",\"contentUrl\":\"https:\/\/swissbaker.ch\/wp-content\/uploads\/2023\/08\/lisa_frunz_2023.jpg\",\"width\":1200,\"height\":712},{\"@type\":\"BreadcrumbList\",\"@id\":\"https:\/\/swissbaker.ch\/fr\/panissimo-news\/avec-des-signaux-de-fumee\/#breadcrumb\",\"itemListElement\":[{\"@type\":\"ListItem\",\"position\":1,\"name\":\"\",\"item\":\"https:\/\/swissbaker.ch\/fr\/\"},{\"@type\":\"ListItem\",\"position\":2,\"name\":\"Association\",\"item\":\"https:\/\/swissbaker.ch\/fr\/panissimo-news\/category\/association\/\"},{\"@type\":\"ListItem\",\"position\":3,\"name\":\"Avec des signaux de fum\u00e9e\u2009?\"}]},{\"@type\":\"WebSite\",\"@id\":\"https:\/\/swissbaker.ch\/fr\/#website\",\"url\":\"https:\/\/swissbaker.ch\/fr\/\",\"name\":\"SBC\",\"description\":\"\",\"publisher\":{\"@id\":\"https:\/\/swissbaker.ch\/fr\/#organization\"},\"potentialAction\":[{\"@type\":\"SearchAction\",\"target\":{\"@type\":\"EntryPoint\",\"urlTemplate\":\"https:\/\/swissbaker.ch\/fr\/?s={search_term_string}\"},\"query-input\":{\"@type\":\"PropertyValueSpecification\",\"valueRequired\":true,\"valueName\":\"search_term_string\"}}],\"inLanguage\":\"fr-FR\"},{\"@type\":\"Organization\",\"@id\":\"https:\/\/swissbaker.ch\/fr\/#organization\",\"name\":\"Schweizerischer B\u00e4cker-Confiseurmeister-Verband\",\"url\":\"https:\/\/swissbaker.ch\/fr\/\",\"logo\":{\"@type\":\"ImageObject\",\"inLanguage\":\"fr-FR\",\"@id\":\"https:\/\/swissbaker.ch\/fr\/#\/schema\/logo\/image\/\",\"url\":\"https:\/\/swissbaker.ch\/wp-content\/uploads\/2022\/04\/sbc-logo-yoast.jpg\",\"contentUrl\":\"https:\/\/swissbaker.ch\/wp-content\/uploads\/2022\/04\/sbc-logo-yoast.jpg\",\"width\":512,\"height\":512,\"caption\":\"Schweizerischer B\u00e4cker-Confiseurmeister-Verband\"},\"image\":{\"@id\":\"https:\/\/swissbaker.ch\/fr\/#\/schema\/logo\/image\/\"},\"sameAs\":[\"https:\/\/www.facebook.com\/swissbaker.ch\",\"https:\/\/x.com\/ch_swissbaker\"]},{\"@type\":\"Person\",\"@id\":\"https:\/\/swissbaker.ch\/fr\/#\/schema\/person\/74bd327b08c18ca6042c02ff6f0ed5e2\",\"name\":\"Simon Nussbaum\",\"image\":{\"@type\":\"ImageObject\",\"inLanguage\":\"fr-FR\",\"@id\":\"https:\/\/swissbaker.ch\/fr\/#\/schema\/person\/image\/\",\"url\":\"https:\/\/secure.gravatar.com\/avatar\/df0eced3bb556c806cb760cf503ade1ed1df25b4104d80d6fd28d93a9509aa12?s=96&d=mm&r=g\",\"contentUrl\":\"https:\/\/secure.gravatar.com\/avatar\/df0eced3bb556c806cb760cf503ade1ed1df25b4104d80d6fd28d93a9509aa12?s=96&d=mm&r=g\",\"caption\":\"Simon Nussbaum\"},\"url\":\"https:\/\/swissbaker.ch\/fr\/panissimo-news\/author\/simon-nussbaum\/\"}]}<\/script>\n<!-- \/ Yoast SEO Premium plugin. -->","yoast_head_json":{"title":"Avec des signaux de fum\u00e9e\u2009? | SBC","robots":{"index":"index","follow":"follow","max-snippet":"max-snippet:-1","max-image-preview":"max-image-preview:large","max-video-preview":"max-video-preview:-1"},"canonical":"https:\/\/swissbaker.ch\/fr\/panissimo-news\/avec-des-signaux-de-fumee\/","og_locale":"fr_FR","og_type":"article","og_title":"Avec des signaux de fum\u00e9e\u2009?","og_description":"On dit qu\u2019autrefois, tout \u00e9tait tr\u00e8s simple\u2009; en mati\u00e8re de communication du moins. Imaginez qu\u2019aujourd\u2019hui encore, on envoie des newsletters avec des signaux de fum\u00e9e. Une petite fum\u00e9e \u00e0 l\u2019horizon suffirait \u00e0 informer tout le secteur.","og_url":"https:\/\/swissbaker.ch\/fr\/panissimo-news\/avec-des-signaux-de-fumee\/","og_site_name":"SBC","article_publisher":"https:\/\/www.facebook.com\/swissbaker.ch","article_published_time":"2024-10-16T11:15:27+00:00","article_modified_time":"2024-10-16T11:20:01+00:00","og_image":[{"width":1200,"height":712,"url":"https:\/\/swissbaker.ch\/wp-content\/uploads\/2023\/08\/lisa_frunz_2023.jpg","type":"image\/jpeg"}],"author":"Simon Nussbaum","twitter_card":"summary_large_image","twitter_creator":"@ch_swissbaker","twitter_site":"@ch_swissbaker","twitter_misc":{"Written by":"Simon Nussbaum","Est. reading time":"1 minute"},"schema":{"@context":"https:\/\/schema.org","@graph":[{"@type":"Article","@id":"https:\/\/swissbaker.ch\/fr\/panissimo-news\/avec-des-signaux-de-fumee\/#article","isPartOf":{"@id":"https:\/\/swissbaker.ch\/fr\/panissimo-news\/avec-des-signaux-de-fumee\/"},"author":{"name":"Simon Nussbaum","@id":"https:\/\/swissbaker.ch\/fr\/#\/schema\/person\/74bd327b08c18ca6042c02ff6f0ed5e2"},"headline":"Avec des signaux de fum\u00e9e\u2009?","datePublished":"2024-10-16T11:15:27+00:00","dateModified":"2024-10-16T11:20:01+00:00","mainEntityOfPage":{"@id":"https:\/\/swissbaker.ch\/fr\/panissimo-news\/avec-des-signaux-de-fumee\/"},"wordCount":274,"publisher":{"@id":"https:\/\/swissbaker.ch\/fr\/#organization"},"image":{"@id":"https:\/\/swissbaker.ch\/fr\/panissimo-news\/avec-des-signaux-de-fumee\/#primaryimage"},"thumbnailUrl":"https:\/\/swissbaker.ch\/wp-content\/uploads\/2023\/08\/lisa_frunz_2023.jpg","articleSection":["Association","Formation\/Rel\u00e8ve"],"inLanguage":"fr-FR"},{"@type":"WebPage","@id":"https:\/\/swissbaker.ch\/fr\/panissimo-news\/avec-des-signaux-de-fumee\/","url":"https:\/\/swissbaker.ch\/fr\/panissimo-news\/avec-des-signaux-de-fumee\/","name":"Avec des signaux de fum\u00e9e\u2009? | SBC","isPartOf":{"@id":"https:\/\/swissbaker.ch\/fr\/#website"},"primaryImageOfPage":{"@id":"https:\/\/swissbaker.ch\/fr\/panissimo-news\/avec-des-signaux-de-fumee\/#primaryimage"},"image":{"@id":"https:\/\/swissbaker.ch\/fr\/panissimo-news\/avec-des-signaux-de-fumee\/#primaryimage"},"thumbnailUrl":"https:\/\/swissbaker.ch\/wp-content\/uploads\/2023\/08\/lisa_frunz_2023.jpg","datePublished":"2024-10-16T11:15:27+00:00","dateModified":"2024-10-16T11:20:01+00:00","breadcrumb":{"@id":"https:\/\/swissbaker.ch\/fr\/panissimo-news\/avec-des-signaux-de-fumee\/#breadcrumb"},"inLanguage":"fr-FR","potentialAction":[{"@type":"ReadAction","target":["https:\/\/swissbaker.ch\/fr\/panissimo-news\/avec-des-signaux-de-fumee\/"]}]},{"@type":"ImageObject","inLanguage":"fr-FR","@id":"https:\/\/swissbaker.ch\/fr\/panissimo-news\/avec-des-signaux-de-fumee\/#primaryimage","url":"https:\/\/swissbaker.ch\/wp-content\/uploads\/2023\/08\/lisa_frunz_2023.jpg","contentUrl":"https:\/\/swissbaker.ch\/wp-content\/uploads\/2023\/08\/lisa_frunz_2023.jpg","width":1200,"height":712},{"@type":"BreadcrumbList","@id":"https:\/\/swissbaker.ch\/fr\/panissimo-news\/avec-des-signaux-de-fumee\/#breadcrumb","itemListElement":[{"@type":"ListItem","position":1,"name":"","item":"https:\/\/swissbaker.ch\/fr\/"},{"@type":"ListItem","position":2,"name":"Association","item":"https:\/\/swissbaker.ch\/fr\/panissimo-news\/category\/association\/"},{"@type":"ListItem","position":3,"name":"Avec des signaux de fum\u00e9e\u2009?"}]},{"@type":"WebSite","@id":"https:\/\/swissbaker.ch\/fr\/#website","url":"https:\/\/swissbaker.ch\/fr\/","name":"SBC","description":"","publisher":{"@id":"https:\/\/swissbaker.ch\/fr\/#organization"},"potentialAction":[{"@type":"SearchAction","target":{"@type":"EntryPoint","urlTemplate":"https:\/\/swissbaker.ch\/fr\/?s={search_term_string}"},"query-input":{"@type":"PropertyValueSpecification","valueRequired":true,"valueName":"search_term_string"}}],"inLanguage":"fr-FR"},{"@type":"Organization","@id":"https:\/\/swissbaker.ch\/fr\/#organization","name":"Schweizerischer B\u00e4cker-Confiseurmeister-Verband","url":"https:\/\/swissbaker.ch\/fr\/","logo":{"@type":"ImageObject","inLanguage":"fr-FR","@id":"https:\/\/swissbaker.ch\/fr\/#\/schema\/logo\/image\/","url":"https:\/\/swissbaker.ch\/wp-content\/uploads\/2022\/04\/sbc-logo-yoast.jpg","contentUrl":"https:\/\/swissbaker.ch\/wp-content\/uploads\/2022\/04\/sbc-logo-yoast.jpg","width":512,"height":512,"caption":"Schweizerischer B\u00e4cker-Confiseurmeister-Verband"},"image":{"@id":"https:\/\/swissbaker.ch\/fr\/#\/schema\/logo\/image\/"},"sameAs":["https:\/\/www.facebook.com\/swissbaker.ch","https:\/\/x.com\/ch_swissbaker"]},{"@type":"Person","@id":"https:\/\/swissbaker.ch\/fr\/#\/schema\/person\/74bd327b08c18ca6042c02ff6f0ed5e2","name":"Simon Nussbaum","image":{"@type":"ImageObject","inLanguage":"fr-FR","@id":"https:\/\/swissbaker.ch\/fr\/#\/schema\/person\/image\/","url":"https:\/\/secure.gravatar.com\/avatar\/df0eced3bb556c806cb760cf503ade1ed1df25b4104d80d6fd28d93a9509aa12?s=96&d=mm&r=g","contentUrl":"https:\/\/secure.gravatar.com\/avatar\/df0eced3bb556c806cb760cf503ade1ed1df25b4104d80d6fd28d93a9509aa12?s=96&d=mm&r=g","caption":"Simon Nussbaum"},"url":"https:\/\/swissbaker.ch\/fr\/panissimo-news\/author\/simon-nussbaum\/"}]}},"_links":{"self":[{"href":"https:\/\/swissbaker.ch\/fr\/wp-json\/wp\/v2\/posts\/84680","targetHints":{"allow":["GET"]}}],"collection":[{"href":"https:\/\/swissbaker.ch\/fr\/wp-json\/wp\/v2\/posts"}],"about":[{"href":"https:\/\/swissbaker.ch\/fr\/wp-json\/wp\/v2\/types\/post"}],"author":[{"embeddable":true,"href":"https:\/\/swissbaker.ch\/fr\/wp-json\/wp\/v2\/users\/5"}],"replies":[{"embeddable":true,"href":"https:\/\/swissbaker.ch\/fr\/wp-json\/wp\/v2\/comments?post=84680"}],"version-history":[{"count":0,"href":"https:\/\/swissbaker.ch\/fr\/wp-json\/wp\/v2\/posts\/84680\/revisions"}],"wp:featuredmedia":[{"embeddable":true,"href":"https:\/\/swissbaker.ch\/fr\/wp-json\/wp\/v2\/media\/66395"}],"wp:attachment":[{"href":"https:\/\/swissbaker.ch\/fr\/wp-json\/wp\/v2\/media?parent=84680"}],"wp:term":[{"taxonomy":"category","embeddable":true,"href":"https:\/\/swissbaker.ch\/fr\/wp-json\/wp\/v2\/categories?post=84680"},{"taxonomy":"post_tag","embeddable":true,"href":"https:\/\/swissbaker.ch\/fr\/wp-json\/wp\/v2\/tags?post=84680"}],"curies":[{"name":"wp","href":"https:\/\/api.w.org\/{rel}","templated":true}]}}