{"id":84158,"date":"2024-10-03T13:08:22","date_gmt":"2024-10-03T11:08:22","guid":{"rendered":"https:\/\/swissbaker.ch\/?p=84158"},"modified":"2024-10-03T17:32:01","modified_gmt":"2024-10-03T15:32:01","slug":"deuxieme-sacre-pour-un-grandsonnais","status":"publish","type":"post","link":"https:\/\/swissbaker.ch\/fr\/panissimo-news\/deuxieme-sacre-pour-un-grandsonnais\/","title":{"rendered":"Deuxi\u00e8me sacre pour un Grandsonnais\u00a0"},"content":{"rendered":"\n<p><strong>Le 27e chapitre de la Confr\u00e9rie vaudoise des Chevaliers du bon Pain s\u2019est d\u00e9roul\u00e9 \u00e0 Yverdon-les-Bains, fin septembre.<\/strong>&nbsp;<\/p>\n\n\n\n<p>Au march\u00e9 d\u2019Yverdon-les-Bains (VD), les Chevaliers du bon pain vaudois ont remis le Pain d\u2019or 2024-2026 \u00e0 Ackermann Artisan Boulanger S\u00e0rl, le 28 septembre. Christophe Ackermann a obtenu la meilleure moyenne lors des derni\u00e8res taxations du pain. A souligner qu\u2019il s\u2019agit du deuxi\u00e8me sacre de la boulangerie des Tuileries-de-Grandson (VD), titulaire de ce dernier en 2019-2021.&nbsp;&nbsp;<\/p>\n\n\n\n<p>Trois nouveaux Chevaliers du bon pain ont \u00e9t\u00e9 appel\u00e9s \u00e0 recevoir leur titre en r\u00e9compense de la qualit\u00e9 de leur production boulang\u00e8re. Il s\u2019agit de :- S\u00e9verin Gerber (Boulangerie-Chocolaterie Gerber Wyss S\u00e0rl, Yverdon-les-Bains), Fabrice Letourneur &#8211; Boulangerie-P\u00e2tisserie Ravaz \/ Letourneur, Savigny) et &#8211; Luca Cossettini (Chez S\u00e9verine et Luca S\u00e0rl, Lausanne)&nbsp;<\/p>\n\n\n\n<p>La confr\u00e9rie a aussi confirm\u00e9 vingt artisans boulangers en leur remettant une \u00e9toile, signe de la r\u00e9gularit\u00e9 de leur travail au fil des ann\u00e9es.&nbsp;<\/p>\n\n\n\n<p>En reconnaissance pour leur soutien \u00e0 la branche, Jacques Nicolet, conseiller national, et Jacques-Fr\u00e9d\u00e9ric Siegler, directeur de l\u2019Ecole professionnelle de Montreux, ont \u00e9t\u00e9 \u00e9lev\u00e9es au titre de compagnon. Quant Paloma Chapuis Martinez, dame boulang\u00e8re, et Janina Desvaux, dame boulang\u00e8re, elles sont devenues Compagnons du pain. <\/p>\n\n\n\n<h2 class=\"wp-block-heading\" id=\"h-les-etoiles-nbsp\"><strong>Les \u00e9toil\u00e9s<\/strong>&nbsp;<\/h2>\n\n\n\n<ul class=\"wp-block-list\">\n<li><strong>1\u00e8re \u00e9toile : <\/strong><br>Ronny Andr\u00e9, M\u00e9zi\u00e8res (VD); Christophe Bal-Blanc, Bercher; Marius Kirsch, Givrins; Nicolas Noz, Lausanne.\u00a0<\/li>\n\n\n\n<li><strong>2e \u00e9toile : <\/strong><br>Christophe Ackermann, Grandson; S\u00e9bastien Godineau, Penthalaz; St\u00e9phane Jacquat, Echandens.\u00a0<\/li>\n\n\n\n<li><strong>3e \u00e9toile: <\/strong><br>Pascal Cl\u00e9ment, Daillens\/Senarclens; Laurent Dubois, Leysin; Pascal Dubois, Payerne; Eric Vuissoz, Sainte-Croix.\u00a0<\/li>\n\n\n\n<li><strong>4e \u00e9toile: <\/strong><br>Yanick Bigler, Combremont-le-Grand; Pedro Brasil, Payerne; Pascal Etienne, Etagni\u00e8res.\u00a0<\/li>\n\n\n\n<li><strong>5e \u00e9toile :<\/strong> <br>Simon Nicod, Lucens; G\u00e9rard Fornerod, Morges.\u00a0<\/li>\n\n\n\n<li><strong>6e \u00e9toile :<\/strong> <br>Laurent Buet, Lausanne.\u00a0<\/li>\n\n\n\n<li><strong>7e \u00e9toile:<\/strong> Jean-Marc Ducrot, Payerne.\u00a0<\/li>\n\n\n\n<li><strong>8e \u00e9toile :<\/strong> Yves Compondu, Blonay.\u00a0<\/li>\n<\/ul>\n\n\n\n<p><a href=\"http:\/\/abpcv.ch\/chevaliers-du-bon-pain\/#chapitres-dintronisation\" target=\"_blank\" rel=\"noreferrer noopener\">Photos &#8230;\u00bb<\/a><\/p>\n\n\n\n<p class=\"has-text-align-right\"><em>com\/j<\/em><\/p>\n","protected":false},"excerpt":{"rendered":"<p>Le 27e chapitre de la Confr\u00e9rie vaudoise des Chevaliers du bon Pain s\u2019est d\u00e9roul\u00e9 \u00e0 Yverdon-les-Bains, fin septembre.\u00a0<\/p>\n","protected":false},"author":5,"featured_media":84190,"comment_status":"closed","ping_status":"closed","sticky":true,"template":"","format":"standard","meta":{"_acf_changed":false,"footnotes":""},"categories":[40],"tags":[],"class_list":["post-84158","post","type-post","status-publish","format-standard","has-post-thumbnail","hentry","category-des-cantons"],"acf":[],"yoast_head":"<!-- This site is optimized with the Yoast SEO Premium plugin v26.8 (Yoast SEO v26.8) - https:\/\/yoast.com\/product\/yoast-seo-premium-wordpress\/ -->\n<title>Deuxi\u00e8me sacre pour un Grandsonnais\u00a0 | SBC<\/title>\n<meta name=\"robots\" content=\"index, follow, max-snippet:-1, max-image-preview:large, max-video-preview:-1\" \/>\n<link rel=\"canonical\" href=\"https:\/\/swissbaker.ch\/fr\/panissimo-news\/deuxieme-sacre-pour-un-grandsonnais\/\" \/>\n<meta property=\"og:locale\" content=\"fr_FR\" \/>\n<meta property=\"og:type\" content=\"article\" \/>\n<meta property=\"og:title\" content=\"Deuxi\u00e8me sacre pour un Grandsonnais\u00a0\" \/>\n<meta property=\"og:description\" content=\"Le 27e chapitre de la Confr\u00e9rie vaudoise des Chevaliers du bon Pain s\u2019est d\u00e9roul\u00e9 \u00e0 Yverdon-les-Bains, fin septembre.\u00a0\" \/>\n<meta property=\"og:url\" content=\"https:\/\/swissbaker.ch\/fr\/panissimo-news\/deuxieme-sacre-pour-un-grandsonnais\/\" \/>\n<meta property=\"og:site_name\" content=\"SBC\" \/>\n<meta property=\"article:publisher\" content=\"https:\/\/www.facebook.com\/swissbaker.ch\" \/>\n<meta property=\"article:published_time\" content=\"2024-10-03T11:08:22+00:00\" \/>\n<meta property=\"article:modified_time\" content=\"2024-10-03T15:32:01+00:00\" \/>\n<meta property=\"og:image\" content=\"https:\/\/swissbaker.ch\/wp-content\/uploads\/2024\/10\/18_chevaliers_vaudoises.jpg\" \/>\n\t<meta property=\"og:image:width\" content=\"1200\" \/>\n\t<meta property=\"og:image:height\" content=\"712\" \/>\n\t<meta property=\"og:image:type\" content=\"image\/jpeg\" \/>\n<meta name=\"author\" content=\"Simon Nussbaum\" \/>\n<meta name=\"twitter:card\" content=\"summary_large_image\" \/>\n<meta name=\"twitter:creator\" content=\"@ch_swissbaker\" \/>\n<meta name=\"twitter:site\" content=\"@ch_swissbaker\" \/>\n<meta name=\"twitter:label1\" content=\"Written by\" \/>\n\t<meta name=\"twitter:data1\" content=\"Simon Nussbaum\" \/>\n\t<meta name=\"twitter:label2\" content=\"Est. reading time\" \/>\n\t<meta name=\"twitter:data2\" content=\"2 minutes\" \/>\n<script type=\"application\/ld+json\" class=\"yoast-schema-graph\">{\"@context\":\"https:\/\/schema.org\",\"@graph\":[{\"@type\":\"Article\",\"@id\":\"https:\/\/swissbaker.ch\/fr\/panissimo-news\/deuxieme-sacre-pour-un-grandsonnais\/#article\",\"isPartOf\":{\"@id\":\"https:\/\/swissbaker.ch\/fr\/panissimo-news\/deuxieme-sacre-pour-un-grandsonnais\/\"},\"author\":{\"name\":\"Simon Nussbaum\",\"@id\":\"https:\/\/swissbaker.ch\/fr\/#\/schema\/person\/74bd327b08c18ca6042c02ff6f0ed5e2\"},\"headline\":\"Deuxi\u00e8me sacre pour un Grandsonnais\u00a0\",\"datePublished\":\"2024-10-03T11:08:22+00:00\",\"dateModified\":\"2024-10-03T15:32:01+00:00\",\"mainEntityOfPage\":{\"@id\":\"https:\/\/swissbaker.ch\/fr\/panissimo-news\/deuxieme-sacre-pour-un-grandsonnais\/\"},\"wordCount\":316,\"publisher\":{\"@id\":\"https:\/\/swissbaker.ch\/fr\/#organization\"},\"image\":{\"@id\":\"https:\/\/swissbaker.ch\/fr\/panissimo-news\/deuxieme-sacre-pour-un-grandsonnais\/#primaryimage\"},\"thumbnailUrl\":\"https:\/\/swissbaker.ch\/wp-content\/uploads\/2024\/10\/18_chevaliers_vaudoises.jpg\",\"articleSection\":[\"Des cantons\"],\"inLanguage\":\"fr-FR\"},{\"@type\":\"WebPage\",\"@id\":\"https:\/\/swissbaker.ch\/fr\/panissimo-news\/deuxieme-sacre-pour-un-grandsonnais\/\",\"url\":\"https:\/\/swissbaker.ch\/fr\/panissimo-news\/deuxieme-sacre-pour-un-grandsonnais\/\",\"name\":\"Deuxi\u00e8me sacre pour un Grandsonnais\u00a0 | SBC\",\"isPartOf\":{\"@id\":\"https:\/\/swissbaker.ch\/fr\/#website\"},\"primaryImageOfPage\":{\"@id\":\"https:\/\/swissbaker.ch\/fr\/panissimo-news\/deuxieme-sacre-pour-un-grandsonnais\/#primaryimage\"},\"image\":{\"@id\":\"https:\/\/swissbaker.ch\/fr\/panissimo-news\/deuxieme-sacre-pour-un-grandsonnais\/#primaryimage\"},\"thumbnailUrl\":\"https:\/\/swissbaker.ch\/wp-content\/uploads\/2024\/10\/18_chevaliers_vaudoises.jpg\",\"datePublished\":\"2024-10-03T11:08:22+00:00\",\"dateModified\":\"2024-10-03T15:32:01+00:00\",\"breadcrumb\":{\"@id\":\"https:\/\/swissbaker.ch\/fr\/panissimo-news\/deuxieme-sacre-pour-un-grandsonnais\/#breadcrumb\"},\"inLanguage\":\"fr-FR\",\"potentialAction\":[{\"@type\":\"ReadAction\",\"target\":[\"https:\/\/swissbaker.ch\/fr\/panissimo-news\/deuxieme-sacre-pour-un-grandsonnais\/\"]}]},{\"@type\":\"ImageObject\",\"inLanguage\":\"fr-FR\",\"@id\":\"https:\/\/swissbaker.ch\/fr\/panissimo-news\/deuxieme-sacre-pour-un-grandsonnais\/#primaryimage\",\"url\":\"https:\/\/swissbaker.ch\/wp-content\/uploads\/2024\/10\/18_chevaliers_vaudoises.jpg\",\"contentUrl\":\"https:\/\/swissbaker.ch\/wp-content\/uploads\/2024\/10\/18_chevaliers_vaudoises.jpg\",\"width\":1200,\"height\":712},{\"@type\":\"BreadcrumbList\",\"@id\":\"https:\/\/swissbaker.ch\/fr\/panissimo-news\/deuxieme-sacre-pour-un-grandsonnais\/#breadcrumb\",\"itemListElement\":[{\"@type\":\"ListItem\",\"position\":1,\"name\":\"\",\"item\":\"https:\/\/swissbaker.ch\/fr\/\"},{\"@type\":\"ListItem\",\"position\":2,\"name\":\"Des cantons\",\"item\":\"https:\/\/swissbaker.ch\/fr\/panissimo-news\/category\/des-cantons\/\"},{\"@type\":\"ListItem\",\"position\":3,\"name\":\"Deuxi\u00e8me sacre pour un Grandsonnais\u00a0\"}]},{\"@type\":\"WebSite\",\"@id\":\"https:\/\/swissbaker.ch\/fr\/#website\",\"url\":\"https:\/\/swissbaker.ch\/fr\/\",\"name\":\"SBC\",\"description\":\"\",\"publisher\":{\"@id\":\"https:\/\/swissbaker.ch\/fr\/#organization\"},\"potentialAction\":[{\"@type\":\"SearchAction\",\"target\":{\"@type\":\"EntryPoint\",\"urlTemplate\":\"https:\/\/swissbaker.ch\/fr\/?s={search_term_string}\"},\"query-input\":{\"@type\":\"PropertyValueSpecification\",\"valueRequired\":true,\"valueName\":\"search_term_string\"}}],\"inLanguage\":\"fr-FR\"},{\"@type\":\"Organization\",\"@id\":\"https:\/\/swissbaker.ch\/fr\/#organization\",\"name\":\"Schweizerischer B\u00e4cker-Confiseurmeister-Verband\",\"url\":\"https:\/\/swissbaker.ch\/fr\/\",\"logo\":{\"@type\":\"ImageObject\",\"inLanguage\":\"fr-FR\",\"@id\":\"https:\/\/swissbaker.ch\/fr\/#\/schema\/logo\/image\/\",\"url\":\"https:\/\/swissbaker.ch\/wp-content\/uploads\/2022\/04\/sbc-logo-yoast.jpg\",\"contentUrl\":\"https:\/\/swissbaker.ch\/wp-content\/uploads\/2022\/04\/sbc-logo-yoast.jpg\",\"width\":512,\"height\":512,\"caption\":\"Schweizerischer B\u00e4cker-Confiseurmeister-Verband\"},\"image\":{\"@id\":\"https:\/\/swissbaker.ch\/fr\/#\/schema\/logo\/image\/\"},\"sameAs\":[\"https:\/\/www.facebook.com\/swissbaker.ch\",\"https:\/\/x.com\/ch_swissbaker\"]},{\"@type\":\"Person\",\"@id\":\"https:\/\/swissbaker.ch\/fr\/#\/schema\/person\/74bd327b08c18ca6042c02ff6f0ed5e2\",\"name\":\"Simon Nussbaum\",\"image\":{\"@type\":\"ImageObject\",\"inLanguage\":\"fr-FR\",\"@id\":\"https:\/\/swissbaker.ch\/fr\/#\/schema\/person\/image\/\",\"url\":\"https:\/\/secure.gravatar.com\/avatar\/df0eced3bb556c806cb760cf503ade1ed1df25b4104d80d6fd28d93a9509aa12?s=96&d=mm&r=g\",\"contentUrl\":\"https:\/\/secure.gravatar.com\/avatar\/df0eced3bb556c806cb760cf503ade1ed1df25b4104d80d6fd28d93a9509aa12?s=96&d=mm&r=g\",\"caption\":\"Simon Nussbaum\"},\"url\":\"https:\/\/swissbaker.ch\/fr\/panissimo-news\/author\/simon-nussbaum\/\"}]}<\/script>\n<!-- \/ Yoast SEO Premium plugin. -->","yoast_head_json":{"title":"Deuxi\u00e8me sacre pour un Grandsonnais\u00a0 | SBC","robots":{"index":"index","follow":"follow","max-snippet":"max-snippet:-1","max-image-preview":"max-image-preview:large","max-video-preview":"max-video-preview:-1"},"canonical":"https:\/\/swissbaker.ch\/fr\/panissimo-news\/deuxieme-sacre-pour-un-grandsonnais\/","og_locale":"fr_FR","og_type":"article","og_title":"Deuxi\u00e8me sacre pour un Grandsonnais\u00a0","og_description":"Le 27e chapitre de la Confr\u00e9rie vaudoise des Chevaliers du bon Pain s\u2019est d\u00e9roul\u00e9 \u00e0 Yverdon-les-Bains, fin septembre.\u00a0","og_url":"https:\/\/swissbaker.ch\/fr\/panissimo-news\/deuxieme-sacre-pour-un-grandsonnais\/","og_site_name":"SBC","article_publisher":"https:\/\/www.facebook.com\/swissbaker.ch","article_published_time":"2024-10-03T11:08:22+00:00","article_modified_time":"2024-10-03T15:32:01+00:00","og_image":[{"width":1200,"height":712,"url":"https:\/\/swissbaker.ch\/wp-content\/uploads\/2024\/10\/18_chevaliers_vaudoises.jpg","type":"image\/jpeg"}],"author":"Simon Nussbaum","twitter_card":"summary_large_image","twitter_creator":"@ch_swissbaker","twitter_site":"@ch_swissbaker","twitter_misc":{"Written by":"Simon Nussbaum","Est. reading time":"2 minutes"},"schema":{"@context":"https:\/\/schema.org","@graph":[{"@type":"Article","@id":"https:\/\/swissbaker.ch\/fr\/panissimo-news\/deuxieme-sacre-pour-un-grandsonnais\/#article","isPartOf":{"@id":"https:\/\/swissbaker.ch\/fr\/panissimo-news\/deuxieme-sacre-pour-un-grandsonnais\/"},"author":{"name":"Simon Nussbaum","@id":"https:\/\/swissbaker.ch\/fr\/#\/schema\/person\/74bd327b08c18ca6042c02ff6f0ed5e2"},"headline":"Deuxi\u00e8me sacre pour un Grandsonnais\u00a0","datePublished":"2024-10-03T11:08:22+00:00","dateModified":"2024-10-03T15:32:01+00:00","mainEntityOfPage":{"@id":"https:\/\/swissbaker.ch\/fr\/panissimo-news\/deuxieme-sacre-pour-un-grandsonnais\/"},"wordCount":316,"publisher":{"@id":"https:\/\/swissbaker.ch\/fr\/#organization"},"image":{"@id":"https:\/\/swissbaker.ch\/fr\/panissimo-news\/deuxieme-sacre-pour-un-grandsonnais\/#primaryimage"},"thumbnailUrl":"https:\/\/swissbaker.ch\/wp-content\/uploads\/2024\/10\/18_chevaliers_vaudoises.jpg","articleSection":["Des cantons"],"inLanguage":"fr-FR"},{"@type":"WebPage","@id":"https:\/\/swissbaker.ch\/fr\/panissimo-news\/deuxieme-sacre-pour-un-grandsonnais\/","url":"https:\/\/swissbaker.ch\/fr\/panissimo-news\/deuxieme-sacre-pour-un-grandsonnais\/","name":"Deuxi\u00e8me sacre pour un Grandsonnais\u00a0 | SBC","isPartOf":{"@id":"https:\/\/swissbaker.ch\/fr\/#website"},"primaryImageOfPage":{"@id":"https:\/\/swissbaker.ch\/fr\/panissimo-news\/deuxieme-sacre-pour-un-grandsonnais\/#primaryimage"},"image":{"@id":"https:\/\/swissbaker.ch\/fr\/panissimo-news\/deuxieme-sacre-pour-un-grandsonnais\/#primaryimage"},"thumbnailUrl":"https:\/\/swissbaker.ch\/wp-content\/uploads\/2024\/10\/18_chevaliers_vaudoises.jpg","datePublished":"2024-10-03T11:08:22+00:00","dateModified":"2024-10-03T15:32:01+00:00","breadcrumb":{"@id":"https:\/\/swissbaker.ch\/fr\/panissimo-news\/deuxieme-sacre-pour-un-grandsonnais\/#breadcrumb"},"inLanguage":"fr-FR","potentialAction":[{"@type":"ReadAction","target":["https:\/\/swissbaker.ch\/fr\/panissimo-news\/deuxieme-sacre-pour-un-grandsonnais\/"]}]},{"@type":"ImageObject","inLanguage":"fr-FR","@id":"https:\/\/swissbaker.ch\/fr\/panissimo-news\/deuxieme-sacre-pour-un-grandsonnais\/#primaryimage","url":"https:\/\/swissbaker.ch\/wp-content\/uploads\/2024\/10\/18_chevaliers_vaudoises.jpg","contentUrl":"https:\/\/swissbaker.ch\/wp-content\/uploads\/2024\/10\/18_chevaliers_vaudoises.jpg","width":1200,"height":712},{"@type":"BreadcrumbList","@id":"https:\/\/swissbaker.ch\/fr\/panissimo-news\/deuxieme-sacre-pour-un-grandsonnais\/#breadcrumb","itemListElement":[{"@type":"ListItem","position":1,"name":"","item":"https:\/\/swissbaker.ch\/fr\/"},{"@type":"ListItem","position":2,"name":"Des cantons","item":"https:\/\/swissbaker.ch\/fr\/panissimo-news\/category\/des-cantons\/"},{"@type":"ListItem","position":3,"name":"Deuxi\u00e8me sacre pour un Grandsonnais\u00a0"}]},{"@type":"WebSite","@id":"https:\/\/swissbaker.ch\/fr\/#website","url":"https:\/\/swissbaker.ch\/fr\/","name":"SBC","description":"","publisher":{"@id":"https:\/\/swissbaker.ch\/fr\/#organization"},"potentialAction":[{"@type":"SearchAction","target":{"@type":"EntryPoint","urlTemplate":"https:\/\/swissbaker.ch\/fr\/?s={search_term_string}"},"query-input":{"@type":"PropertyValueSpecification","valueRequired":true,"valueName":"search_term_string"}}],"inLanguage":"fr-FR"},{"@type":"Organization","@id":"https:\/\/swissbaker.ch\/fr\/#organization","name":"Schweizerischer B\u00e4cker-Confiseurmeister-Verband","url":"https:\/\/swissbaker.ch\/fr\/","logo":{"@type":"ImageObject","inLanguage":"fr-FR","@id":"https:\/\/swissbaker.ch\/fr\/#\/schema\/logo\/image\/","url":"https:\/\/swissbaker.ch\/wp-content\/uploads\/2022\/04\/sbc-logo-yoast.jpg","contentUrl":"https:\/\/swissbaker.ch\/wp-content\/uploads\/2022\/04\/sbc-logo-yoast.jpg","width":512,"height":512,"caption":"Schweizerischer B\u00e4cker-Confiseurmeister-Verband"},"image":{"@id":"https:\/\/swissbaker.ch\/fr\/#\/schema\/logo\/image\/"},"sameAs":["https:\/\/www.facebook.com\/swissbaker.ch","https:\/\/x.com\/ch_swissbaker"]},{"@type":"Person","@id":"https:\/\/swissbaker.ch\/fr\/#\/schema\/person\/74bd327b08c18ca6042c02ff6f0ed5e2","name":"Simon Nussbaum","image":{"@type":"ImageObject","inLanguage":"fr-FR","@id":"https:\/\/swissbaker.ch\/fr\/#\/schema\/person\/image\/","url":"https:\/\/secure.gravatar.com\/avatar\/df0eced3bb556c806cb760cf503ade1ed1df25b4104d80d6fd28d93a9509aa12?s=96&d=mm&r=g","contentUrl":"https:\/\/secure.gravatar.com\/avatar\/df0eced3bb556c806cb760cf503ade1ed1df25b4104d80d6fd28d93a9509aa12?s=96&d=mm&r=g","caption":"Simon Nussbaum"},"url":"https:\/\/swissbaker.ch\/fr\/panissimo-news\/author\/simon-nussbaum\/"}]}},"_links":{"self":[{"href":"https:\/\/swissbaker.ch\/fr\/wp-json\/wp\/v2\/posts\/84158","targetHints":{"allow":["GET"]}}],"collection":[{"href":"https:\/\/swissbaker.ch\/fr\/wp-json\/wp\/v2\/posts"}],"about":[{"href":"https:\/\/swissbaker.ch\/fr\/wp-json\/wp\/v2\/types\/post"}],"author":[{"embeddable":true,"href":"https:\/\/swissbaker.ch\/fr\/wp-json\/wp\/v2\/users\/5"}],"replies":[{"embeddable":true,"href":"https:\/\/swissbaker.ch\/fr\/wp-json\/wp\/v2\/comments?post=84158"}],"version-history":[{"count":0,"href":"https:\/\/swissbaker.ch\/fr\/wp-json\/wp\/v2\/posts\/84158\/revisions"}],"wp:featuredmedia":[{"embeddable":true,"href":"https:\/\/swissbaker.ch\/fr\/wp-json\/wp\/v2\/media\/84190"}],"wp:attachment":[{"href":"https:\/\/swissbaker.ch\/fr\/wp-json\/wp\/v2\/media?parent=84158"}],"wp:term":[{"taxonomy":"category","embeddable":true,"href":"https:\/\/swissbaker.ch\/fr\/wp-json\/wp\/v2\/categories?post=84158"},{"taxonomy":"post_tag","embeddable":true,"href":"https:\/\/swissbaker.ch\/fr\/wp-json\/wp\/v2\/tags?post=84158"}],"curies":[{"name":"wp","href":"https:\/\/api.w.org\/{rel}","templated":true}]}}