{"id":84117,"date":"2024-10-02T15:38:09","date_gmt":"2024-10-02T13:38:09","guid":{"rendered":"https:\/\/swissbaker.ch\/?p=84117"},"modified":"2024-10-02T16:03:49","modified_gmt":"2024-10-02T14:03:49","slug":"un-lieu-de-rencontre-intergenerationnel","status":"publish","type":"post","link":"https:\/\/swissbaker.ch\/fr\/panissimo-news\/un-lieu-de-rencontre-intergenerationnel\/","title":{"rendered":"un lieu de rencontre interg\u00e9n\u00e9rationnel"},"content":{"rendered":"\n<p><strong>Dans son nouvel emplacement au centre de Schaan (FL), la boulangerie-p\u00e2tisserie-confiserie Wanger est le point de rencontre des jeunes et des moins jeunes. Avec ses larges baies vitr\u00e9es, son jeu de couleurs harmonieux et l\u2019une de ses particularit\u00e9s, \u00e0 savoir ses trois lustres, l\u2019\u00e9tablissement construit dans le style d\u2019un caf\u00e9 d\u00e9gage une atmosph\u00e8re accueillante et coh\u00e9rente.<\/strong><\/p>\n\n\n\n<p>Depuis pr\u00e8s d\u2019un an, le caf\u00e9 Wanger se trouve au rez-de-chauss\u00e9e du nouveau lotissement \u00ab\u2009Im Zentrum\u2009\u00bb \u00e0 Schaan (FL) qui, outre des appartements pour personnes \u00e2g\u00e9es, comprend \u00e9galement des locaux commerciaux, des petits commerces et une filiale d\u2019une cha\u00eene de droguerie. Le nouveau caf\u00e9 avec boulangerie-confiserie est un lieu pour tous, des artisans aux familles, en passant par les hommes d\u2019affaires, les seniors et les jeunes, se r\u00e9jouissent les propri\u00e9taires Clarissa et Richard Wanger.<\/p>\n\n\n\n<figure class=\"wp-block-image size-full\"><img decoding=\"async\" width=\"948\" height=\"712\" src=\"https:\/\/swissbaker.ch\/wp-content\/uploads\/2024\/10\/18_2_wanger_tearoom.jpg\" alt=\"\" class=\"wp-image-84113\" srcset=\"https:\/\/swissbaker.ch\/wp-content\/uploads\/2024\/10\/18_2_wanger_tearoom.jpg 948w, https:\/\/swissbaker.ch\/wp-content\/uploads\/2024\/10\/18_2_wanger_tearoom-768x577.jpg 768w\" sizes=\"(max-width: 948px) 100vw, 948px\" \/><\/figure>\n\n\n\n<h2 class=\"wp-block-heading\" id=\"h-la-clientele-se-cachait-par-le-passe\">La client\u00e8le \u00ab\u2009se cachait\u2009\u00bb par le pass\u00e9<\/h2>\n\n\n\n<p>Il y a environ 50 ans, les parents de Richard Wanger, Monika et Reinold Wanger, ont ouvert leur premier caf\u00e9 \u00e0 quelques m\u00e8tres du nouvel emplacement. Il \u00e9tait construit dans le style des ann\u00e9es septante, avec beaucoup de bois sombre et des niches o\u00f9 les clients pouvaient \u00ab\u2009se cacher\u2009\u00bb. \u00ab\u2009Autrefois, il n\u2019\u00e9tait pas bien vu qu\u2019une femme au foyer prenne un caf\u00e9 dans un restaurant pendant la journ\u00e9e\u2009\u00bb, se souvient Monika Wanger. C\u2019est pourquoi, \u00e0 l\u2019\u00e9poque, un certain scepticisme entourait ce caf\u00e9-chocolaterie dans le secteur. Mais le succ\u00e8s leur a donn\u00e9 raison. Depuis, les temps ont chang\u00e9\u2009: aujourd\u2019hui, les gens veulent se voir et \u00eatre vus. La robuste senior se sent bien dans le nouveau caf\u00e9. Il est beaucoup plus lumineux que l\u2019ancien, se r\u00e9jouit-elle avec son mari Reinold Wanger. Elle passe tous les jours pour saluer le personnel et la client\u00e8le.<\/p>\n\n\n\n<h2 class=\"wp-block-heading\" id=\"h-automne-2023-une-nouvelle-etape\">Automne 2023\u2009: une nouvelle \u00e9tape<\/h2>\n\n\n\n<p>Leur fils Richard Wanger et son \u00e9pouse Clarissa ont repris l\u2019entreprise en 2005. Deux ans plus tard, ils ouvraient d\u00e9j\u00e0 un caf\u00e9-boulangerie \u00e0 Buchs (SG). Une nouvelle \u00e9tape a \u00e9t\u00e9 franchie \u00e0 l\u2019automne 2023 \u00e0 Schaan. Apr\u00e8s 50 ans pass\u00e9s \u00e0 l\u2019ancien emplacement, ils ont d\u00e9m\u00e9nag\u00e9 dans le nouveau complexe immobilier du centre.<\/p>\n\n\n\n<figure class=\"wp-block-image size-large\"><img decoding=\"async\" width=\"1024\" height=\"608\" src=\"https:\/\/swissbaker.ch\/wp-content\/uploads\/2024\/10\/18_2_wanger_1-1024x608.jpg\" alt=\"\" class=\"wp-image-84101\" srcset=\"https:\/\/swissbaker.ch\/wp-content\/uploads\/2024\/10\/18_2_wanger_1-1024x608.jpg 1024w, https:\/\/swissbaker.ch\/wp-content\/uploads\/2024\/10\/18_2_wanger_1-768x456.jpg 768w, https:\/\/swissbaker.ch\/wp-content\/uploads\/2024\/10\/18_2_wanger_1.jpg 1200w\" sizes=\"(max-width: 1024px) 100vw, 1024px\" \/><figcaption class=\"wp-element-caption\"><em>Clarissa et Richard Wanger<\/em><\/figcaption><\/figure>\n\n\n\n<div style=\"height:18px\" aria-hidden=\"true\" class=\"wp-block-spacer\"><\/div>\n\n\n\n<blockquote class=\"wp-block-quote\">\n<p style=\"font-size:22px;font-style:italic;font-weight:600\">\u00ab\u2009C\u2019\u00e9tait notre objectif que de cibler une client\u00e8le tr\u00e8s diversifi\u00e9e.\u2009\u00bb<\/p>\n\n\n\n<p>Clarissa Wanger<\/p>\n<\/blockquote>\n\n\n\n<div style=\"height:22px\" aria-hidden=\"true\" class=\"wp-block-spacer\"><\/div>\n\n\n\n<p>Lors de la planification, le couple de propri\u00e9taires a notamment veill\u00e9 \u00e0 ce que la ligne Wanger reste clairement reconnaissable\u2009: il a privil\u00e9gi\u00e9 des mat\u00e9riaux de haute qualit\u00e9 durables. Certaines nuances et le style du caf\u00e9 de Buchs ont par ailleurs \u00e9t\u00e9 repris. De grandes baies vitr\u00e9es invitent \u00e0 regarder tant \u00e0 l\u2019ext\u00e9rieur qu\u2019\u00e0 l\u2019int\u00e9rieur. Le regard est attir\u00e9 par les lustres au plafond, souhait\u00e9s par Richard Wanger. Le concept des couleurs a \u00e9galement \u00e9t\u00e9 soign\u00e9. &#8230;<\/p>\n\n\n\n<p>&#8230;<em>Lisez l&#8217;article complet dans \u00abPanissimo\u00bb du 27 septembre 2024<\/em><\/p>\n\n\n\n<p><strong><a href=\"https:\/\/www.wangerag.com\/\" target=\"_blank\" rel=\"noreferrer noopener\">B\u00e4ckerei-Konditorei-Confiserie Wanger<\/a><\/strong><\/p>\n\n\n\n<p class=\"has-text-align-right\"><em>Claudia Vernocchi<\/em><\/p>\n","protected":false},"excerpt":{"rendered":"<p>Dans son nouvel emplacement au centre de Schaan (FL), la boulangerie-p\u00e2tisserie-confiserie Wanger est le point de rencontre des jeunes et des moins jeunes. Avec ses larges baies vitr\u00e9es, son jeu de couleurs harmonieux et l\u2019une de ses particularit\u00e9s, \u00e0 savoir ses trois lustres, l\u2019\u00e9tablissement construit dans le style d\u2019un caf\u00e9 d\u00e9gage une atmosph\u00e8re accueillante et coh\u00e9rente.<\/p>\n","protected":false},"author":5,"featured_media":84099,"comment_status":"closed","ping_status":"closed","sticky":true,"template":"","format":"standard","meta":{"_acf_changed":false,"footnotes":""},"categories":[42],"tags":[],"class_list":["post-84117","post","type-post","status-publish","format-standard","has-post-thumbnail","hentry","category-boulangeries-confiseries"],"acf":[],"yoast_head":"<!-- This site is optimized with the Yoast SEO Premium plugin v26.8 (Yoast SEO v26.8) - https:\/\/yoast.com\/product\/yoast-seo-premium-wordpress\/ -->\n<title>un lieu de rencontre interg\u00e9n\u00e9rationnel | SBC<\/title>\n<meta name=\"description\" content=\"Dans son nouvel emplacement au centre de Schaan (FL), la boulangerie-p\u00e2tisserie-confiserie Wanger est le point de rencontre des jeunes et des moins jeunes.\" \/>\n<meta name=\"robots\" content=\"index, follow, max-snippet:-1, max-image-preview:large, max-video-preview:-1\" \/>\n<link rel=\"canonical\" href=\"https:\/\/swissbaker.ch\/fr\/panissimo-news\/un-lieu-de-rencontre-intergenerationnel\/\" \/>\n<meta property=\"og:locale\" content=\"fr_FR\" \/>\n<meta property=\"og:type\" content=\"article\" \/>\n<meta property=\"og:title\" content=\"un lieu de rencontre interg\u00e9n\u00e9rationnel\" \/>\n<meta property=\"og:description\" content=\"Dans son nouvel emplacement au centre de Schaan (FL), la boulangerie-p\u00e2tisserie-confiserie Wanger est le point de rencontre des jeunes et des moins jeunes.\" \/>\n<meta property=\"og:url\" content=\"https:\/\/swissbaker.ch\/fr\/panissimo-news\/un-lieu-de-rencontre-intergenerationnel\/\" \/>\n<meta property=\"og:site_name\" content=\"SBC\" \/>\n<meta property=\"article:publisher\" content=\"https:\/\/www.facebook.com\/swissbaker.ch\" \/>\n<meta property=\"article:published_time\" content=\"2024-10-02T13:38:09+00:00\" \/>\n<meta property=\"article:modified_time\" content=\"2024-10-02T14:03:49+00:00\" \/>\n<meta property=\"og:image\" content=\"https:\/\/swissbaker.ch\/wp-content\/uploads\/2024\/10\/18_2_wanger_2.jpg\" \/>\n\t<meta property=\"og:image:width\" content=\"1200\" \/>\n\t<meta property=\"og:image:height\" content=\"712\" \/>\n\t<meta property=\"og:image:type\" content=\"image\/jpeg\" \/>\n<meta name=\"author\" content=\"Simon Nussbaum\" \/>\n<meta name=\"twitter:card\" content=\"summary_large_image\" \/>\n<meta name=\"twitter:creator\" content=\"@ch_swissbaker\" \/>\n<meta name=\"twitter:site\" content=\"@ch_swissbaker\" \/>\n<meta name=\"twitter:label1\" content=\"Written by\" \/>\n\t<meta name=\"twitter:data1\" content=\"Simon Nussbaum\" \/>\n\t<meta name=\"twitter:label2\" content=\"Est. reading time\" \/>\n\t<meta name=\"twitter:data2\" content=\"2 minutes\" \/>\n<script type=\"application\/ld+json\" class=\"yoast-schema-graph\">{\"@context\":\"https:\/\/schema.org\",\"@graph\":[{\"@type\":\"Article\",\"@id\":\"https:\/\/swissbaker.ch\/fr\/panissimo-news\/un-lieu-de-rencontre-intergenerationnel\/#article\",\"isPartOf\":{\"@id\":\"https:\/\/swissbaker.ch\/fr\/panissimo-news\/un-lieu-de-rencontre-intergenerationnel\/\"},\"author\":{\"name\":\"Simon Nussbaum\",\"@id\":\"https:\/\/swissbaker.ch\/fr\/#\/schema\/person\/74bd327b08c18ca6042c02ff6f0ed5e2\"},\"headline\":\"un lieu de rencontre interg\u00e9n\u00e9rationnel\",\"datePublished\":\"2024-10-02T13:38:09+00:00\",\"dateModified\":\"2024-10-02T14:03:49+00:00\",\"mainEntityOfPage\":{\"@id\":\"https:\/\/swissbaker.ch\/fr\/panissimo-news\/un-lieu-de-rencontre-intergenerationnel\/\"},\"wordCount\":487,\"publisher\":{\"@id\":\"https:\/\/swissbaker.ch\/fr\/#organization\"},\"image\":{\"@id\":\"https:\/\/swissbaker.ch\/fr\/panissimo-news\/un-lieu-de-rencontre-intergenerationnel\/#primaryimage\"},\"thumbnailUrl\":\"https:\/\/swissbaker.ch\/wp-content\/uploads\/2024\/10\/18_2_wanger_2.jpg\",\"articleSection\":[\"Boulangeries\/Confiseries\"],\"inLanguage\":\"fr-FR\"},{\"@type\":\"WebPage\",\"@id\":\"https:\/\/swissbaker.ch\/fr\/panissimo-news\/un-lieu-de-rencontre-intergenerationnel\/\",\"url\":\"https:\/\/swissbaker.ch\/fr\/panissimo-news\/un-lieu-de-rencontre-intergenerationnel\/\",\"name\":\"un lieu de rencontre interg\u00e9n\u00e9rationnel | SBC\",\"isPartOf\":{\"@id\":\"https:\/\/swissbaker.ch\/fr\/#website\"},\"primaryImageOfPage\":{\"@id\":\"https:\/\/swissbaker.ch\/fr\/panissimo-news\/un-lieu-de-rencontre-intergenerationnel\/#primaryimage\"},\"image\":{\"@id\":\"https:\/\/swissbaker.ch\/fr\/panissimo-news\/un-lieu-de-rencontre-intergenerationnel\/#primaryimage\"},\"thumbnailUrl\":\"https:\/\/swissbaker.ch\/wp-content\/uploads\/2024\/10\/18_2_wanger_2.jpg\",\"datePublished\":\"2024-10-02T13:38:09+00:00\",\"dateModified\":\"2024-10-02T14:03:49+00:00\",\"description\":\"Dans son nouvel emplacement au centre de Schaan (FL), la boulangerie-p\u00e2tisserie-confiserie Wanger est le point de rencontre des jeunes et des moins jeunes.\",\"breadcrumb\":{\"@id\":\"https:\/\/swissbaker.ch\/fr\/panissimo-news\/un-lieu-de-rencontre-intergenerationnel\/#breadcrumb\"},\"inLanguage\":\"fr-FR\",\"potentialAction\":[{\"@type\":\"ReadAction\",\"target\":[\"https:\/\/swissbaker.ch\/fr\/panissimo-news\/un-lieu-de-rencontre-intergenerationnel\/\"]}]},{\"@type\":\"ImageObject\",\"inLanguage\":\"fr-FR\",\"@id\":\"https:\/\/swissbaker.ch\/fr\/panissimo-news\/un-lieu-de-rencontre-intergenerationnel\/#primaryimage\",\"url\":\"https:\/\/swissbaker.ch\/wp-content\/uploads\/2024\/10\/18_2_wanger_2.jpg\",\"contentUrl\":\"https:\/\/swissbaker.ch\/wp-content\/uploads\/2024\/10\/18_2_wanger_2.jpg\",\"width\":1200,\"height\":712},{\"@type\":\"BreadcrumbList\",\"@id\":\"https:\/\/swissbaker.ch\/fr\/panissimo-news\/un-lieu-de-rencontre-intergenerationnel\/#breadcrumb\",\"itemListElement\":[{\"@type\":\"ListItem\",\"position\":1,\"name\":\"\",\"item\":\"https:\/\/swissbaker.ch\/fr\/\"},{\"@type\":\"ListItem\",\"position\":2,\"name\":\"Boulangeries\/Confiseries\",\"item\":\"https:\/\/swissbaker.ch\/fr\/panissimo-news\/category\/boulangeries-confiseries\/\"},{\"@type\":\"ListItem\",\"position\":3,\"name\":\"un lieu de rencontre interg\u00e9n\u00e9rationnel\"}]},{\"@type\":\"WebSite\",\"@id\":\"https:\/\/swissbaker.ch\/fr\/#website\",\"url\":\"https:\/\/swissbaker.ch\/fr\/\",\"name\":\"SBC\",\"description\":\"\",\"publisher\":{\"@id\":\"https:\/\/swissbaker.ch\/fr\/#organization\"},\"potentialAction\":[{\"@type\":\"SearchAction\",\"target\":{\"@type\":\"EntryPoint\",\"urlTemplate\":\"https:\/\/swissbaker.ch\/fr\/?s={search_term_string}\"},\"query-input\":{\"@type\":\"PropertyValueSpecification\",\"valueRequired\":true,\"valueName\":\"search_term_string\"}}],\"inLanguage\":\"fr-FR\"},{\"@type\":\"Organization\",\"@id\":\"https:\/\/swissbaker.ch\/fr\/#organization\",\"name\":\"Schweizerischer B\u00e4cker-Confiseurmeister-Verband\",\"url\":\"https:\/\/swissbaker.ch\/fr\/\",\"logo\":{\"@type\":\"ImageObject\",\"inLanguage\":\"fr-FR\",\"@id\":\"https:\/\/swissbaker.ch\/fr\/#\/schema\/logo\/image\/\",\"url\":\"https:\/\/swissbaker.ch\/wp-content\/uploads\/2022\/04\/sbc-logo-yoast.jpg\",\"contentUrl\":\"https:\/\/swissbaker.ch\/wp-content\/uploads\/2022\/04\/sbc-logo-yoast.jpg\",\"width\":512,\"height\":512,\"caption\":\"Schweizerischer B\u00e4cker-Confiseurmeister-Verband\"},\"image\":{\"@id\":\"https:\/\/swissbaker.ch\/fr\/#\/schema\/logo\/image\/\"},\"sameAs\":[\"https:\/\/www.facebook.com\/swissbaker.ch\",\"https:\/\/x.com\/ch_swissbaker\"]},{\"@type\":\"Person\",\"@id\":\"https:\/\/swissbaker.ch\/fr\/#\/schema\/person\/74bd327b08c18ca6042c02ff6f0ed5e2\",\"name\":\"Simon Nussbaum\",\"image\":{\"@type\":\"ImageObject\",\"inLanguage\":\"fr-FR\",\"@id\":\"https:\/\/swissbaker.ch\/fr\/#\/schema\/person\/image\/\",\"url\":\"https:\/\/secure.gravatar.com\/avatar\/df0eced3bb556c806cb760cf503ade1ed1df25b4104d80d6fd28d93a9509aa12?s=96&d=mm&r=g\",\"contentUrl\":\"https:\/\/secure.gravatar.com\/avatar\/df0eced3bb556c806cb760cf503ade1ed1df25b4104d80d6fd28d93a9509aa12?s=96&d=mm&r=g\",\"caption\":\"Simon Nussbaum\"},\"url\":\"https:\/\/swissbaker.ch\/fr\/panissimo-news\/author\/simon-nussbaum\/\"}]}<\/script>\n<!-- \/ Yoast SEO Premium plugin. -->","yoast_head_json":{"title":"un lieu de rencontre interg\u00e9n\u00e9rationnel | SBC","description":"Dans son nouvel emplacement au centre de Schaan (FL), la boulangerie-p\u00e2tisserie-confiserie Wanger est le point de rencontre des jeunes et des moins jeunes.","robots":{"index":"index","follow":"follow","max-snippet":"max-snippet:-1","max-image-preview":"max-image-preview:large","max-video-preview":"max-video-preview:-1"},"canonical":"https:\/\/swissbaker.ch\/fr\/panissimo-news\/un-lieu-de-rencontre-intergenerationnel\/","og_locale":"fr_FR","og_type":"article","og_title":"un lieu de rencontre interg\u00e9n\u00e9rationnel","og_description":"Dans son nouvel emplacement au centre de Schaan (FL), la boulangerie-p\u00e2tisserie-confiserie Wanger est le point de rencontre des jeunes et des moins jeunes.","og_url":"https:\/\/swissbaker.ch\/fr\/panissimo-news\/un-lieu-de-rencontre-intergenerationnel\/","og_site_name":"SBC","article_publisher":"https:\/\/www.facebook.com\/swissbaker.ch","article_published_time":"2024-10-02T13:38:09+00:00","article_modified_time":"2024-10-02T14:03:49+00:00","og_image":[{"width":1200,"height":712,"url":"https:\/\/swissbaker.ch\/wp-content\/uploads\/2024\/10\/18_2_wanger_2.jpg","type":"image\/jpeg"}],"author":"Simon Nussbaum","twitter_card":"summary_large_image","twitter_creator":"@ch_swissbaker","twitter_site":"@ch_swissbaker","twitter_misc":{"Written by":"Simon Nussbaum","Est. reading time":"2 minutes"},"schema":{"@context":"https:\/\/schema.org","@graph":[{"@type":"Article","@id":"https:\/\/swissbaker.ch\/fr\/panissimo-news\/un-lieu-de-rencontre-intergenerationnel\/#article","isPartOf":{"@id":"https:\/\/swissbaker.ch\/fr\/panissimo-news\/un-lieu-de-rencontre-intergenerationnel\/"},"author":{"name":"Simon Nussbaum","@id":"https:\/\/swissbaker.ch\/fr\/#\/schema\/person\/74bd327b08c18ca6042c02ff6f0ed5e2"},"headline":"un lieu de rencontre interg\u00e9n\u00e9rationnel","datePublished":"2024-10-02T13:38:09+00:00","dateModified":"2024-10-02T14:03:49+00:00","mainEntityOfPage":{"@id":"https:\/\/swissbaker.ch\/fr\/panissimo-news\/un-lieu-de-rencontre-intergenerationnel\/"},"wordCount":487,"publisher":{"@id":"https:\/\/swissbaker.ch\/fr\/#organization"},"image":{"@id":"https:\/\/swissbaker.ch\/fr\/panissimo-news\/un-lieu-de-rencontre-intergenerationnel\/#primaryimage"},"thumbnailUrl":"https:\/\/swissbaker.ch\/wp-content\/uploads\/2024\/10\/18_2_wanger_2.jpg","articleSection":["Boulangeries\/Confiseries"],"inLanguage":"fr-FR"},{"@type":"WebPage","@id":"https:\/\/swissbaker.ch\/fr\/panissimo-news\/un-lieu-de-rencontre-intergenerationnel\/","url":"https:\/\/swissbaker.ch\/fr\/panissimo-news\/un-lieu-de-rencontre-intergenerationnel\/","name":"un lieu de rencontre interg\u00e9n\u00e9rationnel | SBC","isPartOf":{"@id":"https:\/\/swissbaker.ch\/fr\/#website"},"primaryImageOfPage":{"@id":"https:\/\/swissbaker.ch\/fr\/panissimo-news\/un-lieu-de-rencontre-intergenerationnel\/#primaryimage"},"image":{"@id":"https:\/\/swissbaker.ch\/fr\/panissimo-news\/un-lieu-de-rencontre-intergenerationnel\/#primaryimage"},"thumbnailUrl":"https:\/\/swissbaker.ch\/wp-content\/uploads\/2024\/10\/18_2_wanger_2.jpg","datePublished":"2024-10-02T13:38:09+00:00","dateModified":"2024-10-02T14:03:49+00:00","description":"Dans son nouvel emplacement au centre de Schaan (FL), la boulangerie-p\u00e2tisserie-confiserie Wanger est le point de rencontre des jeunes et des moins jeunes.","breadcrumb":{"@id":"https:\/\/swissbaker.ch\/fr\/panissimo-news\/un-lieu-de-rencontre-intergenerationnel\/#breadcrumb"},"inLanguage":"fr-FR","potentialAction":[{"@type":"ReadAction","target":["https:\/\/swissbaker.ch\/fr\/panissimo-news\/un-lieu-de-rencontre-intergenerationnel\/"]}]},{"@type":"ImageObject","inLanguage":"fr-FR","@id":"https:\/\/swissbaker.ch\/fr\/panissimo-news\/un-lieu-de-rencontre-intergenerationnel\/#primaryimage","url":"https:\/\/swissbaker.ch\/wp-content\/uploads\/2024\/10\/18_2_wanger_2.jpg","contentUrl":"https:\/\/swissbaker.ch\/wp-content\/uploads\/2024\/10\/18_2_wanger_2.jpg","width":1200,"height":712},{"@type":"BreadcrumbList","@id":"https:\/\/swissbaker.ch\/fr\/panissimo-news\/un-lieu-de-rencontre-intergenerationnel\/#breadcrumb","itemListElement":[{"@type":"ListItem","position":1,"name":"","item":"https:\/\/swissbaker.ch\/fr\/"},{"@type":"ListItem","position":2,"name":"Boulangeries\/Confiseries","item":"https:\/\/swissbaker.ch\/fr\/panissimo-news\/category\/boulangeries-confiseries\/"},{"@type":"ListItem","position":3,"name":"un lieu de rencontre interg\u00e9n\u00e9rationnel"}]},{"@type":"WebSite","@id":"https:\/\/swissbaker.ch\/fr\/#website","url":"https:\/\/swissbaker.ch\/fr\/","name":"SBC","description":"","publisher":{"@id":"https:\/\/swissbaker.ch\/fr\/#organization"},"potentialAction":[{"@type":"SearchAction","target":{"@type":"EntryPoint","urlTemplate":"https:\/\/swissbaker.ch\/fr\/?s={search_term_string}"},"query-input":{"@type":"PropertyValueSpecification","valueRequired":true,"valueName":"search_term_string"}}],"inLanguage":"fr-FR"},{"@type":"Organization","@id":"https:\/\/swissbaker.ch\/fr\/#organization","name":"Schweizerischer B\u00e4cker-Confiseurmeister-Verband","url":"https:\/\/swissbaker.ch\/fr\/","logo":{"@type":"ImageObject","inLanguage":"fr-FR","@id":"https:\/\/swissbaker.ch\/fr\/#\/schema\/logo\/image\/","url":"https:\/\/swissbaker.ch\/wp-content\/uploads\/2022\/04\/sbc-logo-yoast.jpg","contentUrl":"https:\/\/swissbaker.ch\/wp-content\/uploads\/2022\/04\/sbc-logo-yoast.jpg","width":512,"height":512,"caption":"Schweizerischer B\u00e4cker-Confiseurmeister-Verband"},"image":{"@id":"https:\/\/swissbaker.ch\/fr\/#\/schema\/logo\/image\/"},"sameAs":["https:\/\/www.facebook.com\/swissbaker.ch","https:\/\/x.com\/ch_swissbaker"]},{"@type":"Person","@id":"https:\/\/swissbaker.ch\/fr\/#\/schema\/person\/74bd327b08c18ca6042c02ff6f0ed5e2","name":"Simon Nussbaum","image":{"@type":"ImageObject","inLanguage":"fr-FR","@id":"https:\/\/swissbaker.ch\/fr\/#\/schema\/person\/image\/","url":"https:\/\/secure.gravatar.com\/avatar\/df0eced3bb556c806cb760cf503ade1ed1df25b4104d80d6fd28d93a9509aa12?s=96&d=mm&r=g","contentUrl":"https:\/\/secure.gravatar.com\/avatar\/df0eced3bb556c806cb760cf503ade1ed1df25b4104d80d6fd28d93a9509aa12?s=96&d=mm&r=g","caption":"Simon Nussbaum"},"url":"https:\/\/swissbaker.ch\/fr\/panissimo-news\/author\/simon-nussbaum\/"}]}},"_links":{"self":[{"href":"https:\/\/swissbaker.ch\/fr\/wp-json\/wp\/v2\/posts\/84117","targetHints":{"allow":["GET"]}}],"collection":[{"href":"https:\/\/swissbaker.ch\/fr\/wp-json\/wp\/v2\/posts"}],"about":[{"href":"https:\/\/swissbaker.ch\/fr\/wp-json\/wp\/v2\/types\/post"}],"author":[{"embeddable":true,"href":"https:\/\/swissbaker.ch\/fr\/wp-json\/wp\/v2\/users\/5"}],"replies":[{"embeddable":true,"href":"https:\/\/swissbaker.ch\/fr\/wp-json\/wp\/v2\/comments?post=84117"}],"version-history":[{"count":0,"href":"https:\/\/swissbaker.ch\/fr\/wp-json\/wp\/v2\/posts\/84117\/revisions"}],"wp:featuredmedia":[{"embeddable":true,"href":"https:\/\/swissbaker.ch\/fr\/wp-json\/wp\/v2\/media\/84099"}],"wp:attachment":[{"href":"https:\/\/swissbaker.ch\/fr\/wp-json\/wp\/v2\/media?parent=84117"}],"wp:term":[{"taxonomy":"category","embeddable":true,"href":"https:\/\/swissbaker.ch\/fr\/wp-json\/wp\/v2\/categories?post=84117"},{"taxonomy":"post_tag","embeddable":true,"href":"https:\/\/swissbaker.ch\/fr\/wp-json\/wp\/v2\/tags?post=84117"}],"curies":[{"name":"wp","href":"https:\/\/api.w.org\/{rel}","templated":true}]}}