{"id":83542,"date":"2024-09-16T09:19:04","date_gmt":"2024-09-16T07:19:04","guid":{"rendered":"https:\/\/swissbaker.ch\/?p=83542"},"modified":"2024-09-16T09:19:42","modified_gmt":"2024-09-16T07:19:42","slug":"cure-de-jouvence","status":"publish","type":"post","link":"https:\/\/swissbaker.ch\/fr\/panissimo-news\/cure-de-jouvence\/","title":{"rendered":"Cure de jouvence\u2026"},"content":{"rendered":"\n<p>Il est parfois utile de trouver les ingr\u00e9dients et les personnes n\u00e9cessaires \u00e0 une cure de jouvence. Cette derni\u00e8re ne doit pas servir qu\u2019\u00e0 la r\u00e9g\u00e9n\u00e9ration du corps mais aussi de l\u2019esprit. <\/p>\n\n\n\n<p>Qui dit cure de jouvence dit jeunesse pas celle \u00e9ternelle promise par les prospectus et les bonimenteurs plus prompts \u00e0 tromper qu\u2019\u00e0 parler de r\u00e9alit\u00e9. Nos commerces n\u2019\u00e9chappent pas \u00e0 cela avec une pr\u00e9paration minutieuse \u00e0 mettre en place lors d\u2019une cessation d\u2019activit\u00e9 pour amener les personnes id\u00e9ales aux meilleures places afin de pouvoir p\u00e9renniser nos enseignes. Eviter les aventures n\u00e9gatives demande de bien v\u00e9rifier les comp\u00e9tences professionnelles y compris celle de gestion si importante de nos jours et bien s\u00fbr l\u2019enveloppe financi\u00e8re disponible qui permettra une reprise sereine pour le vendeur ou loueur et le repreneur.<\/p>\n\n\n\n<p>Mais la cure de jouvence ne s\u2019arr\u00eate pas qu\u2019au niveau des enseignes et entreprises, il en va de m\u00eame pour les associations professionnelles o\u00f9 la n\u00e9cessit\u00e9 d\u2019amener du sang frais est imp\u00e9rative car qui dit jeunesse, dit nouvelle dynamique et nouvelles id\u00e9es. Il est en revanche imp\u00e9ratif parfois de d\u00e9poussi\u00e9rer des statuts et des structures et les mettre sur la port\u00e9e du temps et en ad\u00e9quation avec ce dernier. <\/p>\n\n\n\n<p>La cure de jouvence n\u2019est pas une \u00e9limination de ceux qui ont servi et qui servent encore mais de garder ces derniers comme soutien et appoint en cas de besoin, il faut l\u2019esp\u00e9rer et la sagesse dont ils font preuve. Ceci est une chose s\u00fbre car il faut se rappeler qu\u2019il est impossible d\u2019\u00eatre apr\u00e8s avoir \u00e9t\u00e9 et cela para\u00eet facile \u00e0 comprendre. Ceux d\u2019hier doivent soutenir ceux d\u2019aujourd\u2019hui et surtout travailler pour promouvoir ceux de demain qui sont la rel\u00e8ve si importante pour gagner les d\u00e9fis du futur.<\/p>\n\n\n\n<p>Alors, ne faisons pas que de r\u00eaver mais mettons en avant ceux qui seront notre fiert\u00e9 et les fers de lance pour construire et gagner demain.<br><\/p>\n\n\n\n<p class=\"has-text-align-right\"><em>Bernard Pignat, Chevalier d\u2019honneur<br>de la Confr\u00e9rie valaisanne des chevaliers du bon pain<\/em><\/p>\n","protected":false},"excerpt":{"rendered":"<p>Il est parfois utile de trouver les ingr\u00e9dients et les personnes n\u00e9cessaires \u00e0 une cure de jouvence. Cette derni\u00e8re ne doit pas servir qu\u2019\u00e0 la r\u00e9g\u00e9n\u00e9ration du corps mais aussi de l\u2019esprit. <\/p>\n","protected":false},"author":5,"featured_media":78135,"comment_status":"closed","ping_status":"closed","sticky":false,"template":"","format":"standard","meta":{"_acf_changed":false,"footnotes":""},"categories":[41,39],"tags":[],"class_list":["post-83542","post","type-post","status-publish","format-standard","has-post-thumbnail","hentry","category-association","category-de-la-branche"],"acf":[],"yoast_head":"<!-- This site is optimized with the Yoast SEO Premium plugin v26.8 (Yoast SEO v26.8) - https:\/\/yoast.com\/product\/yoast-seo-premium-wordpress\/ -->\n<title>Cure de jouvence\u2026 | SBC<\/title>\n<meta name=\"robots\" content=\"index, follow, max-snippet:-1, max-image-preview:large, max-video-preview:-1\" \/>\n<link rel=\"canonical\" href=\"https:\/\/swissbaker.ch\/fr\/panissimo-news\/cure-de-jouvence\/\" \/>\n<meta property=\"og:locale\" content=\"fr_FR\" \/>\n<meta property=\"og:type\" content=\"article\" \/>\n<meta property=\"og:title\" content=\"Cure de jouvence\u2026\" \/>\n<meta property=\"og:description\" content=\"Il est parfois utile de trouver les ingr\u00e9dients et les personnes n\u00e9cessaires \u00e0 une cure de jouvence. Cette derni\u00e8re ne doit pas servir qu\u2019\u00e0 la r\u00e9g\u00e9n\u00e9ration du corps mais aussi de l\u2019esprit.\" \/>\n<meta property=\"og:url\" content=\"https:\/\/swissbaker.ch\/fr\/panissimo-news\/cure-de-jouvence\/\" \/>\n<meta property=\"og:site_name\" content=\"SBC\" \/>\n<meta property=\"article:publisher\" content=\"https:\/\/www.facebook.com\/swissbaker.ch\" \/>\n<meta property=\"article:published_time\" content=\"2024-09-16T07:19:04+00:00\" \/>\n<meta property=\"article:modified_time\" content=\"2024-09-16T07:19:42+00:00\" \/>\n<meta property=\"og:image\" content=\"https:\/\/swissbaker.ch\/wp-content\/uploads\/2023\/03\/bernard_pignat_2024.jpg\" \/>\n\t<meta property=\"og:image:width\" content=\"1200\" \/>\n\t<meta property=\"og:image:height\" content=\"712\" \/>\n\t<meta property=\"og:image:type\" content=\"image\/jpeg\" \/>\n<meta name=\"author\" content=\"Simon Nussbaum\" \/>\n<meta name=\"twitter:card\" content=\"summary_large_image\" \/>\n<meta name=\"twitter:creator\" content=\"@ch_swissbaker\" \/>\n<meta name=\"twitter:site\" content=\"@ch_swissbaker\" \/>\n<meta name=\"twitter:label1\" content=\"Written by\" \/>\n\t<meta name=\"twitter:data1\" content=\"Simon Nussbaum\" \/>\n\t<meta name=\"twitter:label2\" content=\"Est. reading time\" \/>\n\t<meta name=\"twitter:data2\" content=\"2 minutes\" \/>\n<script type=\"application\/ld+json\" class=\"yoast-schema-graph\">{\"@context\":\"https:\/\/schema.org\",\"@graph\":[{\"@type\":\"Article\",\"@id\":\"https:\/\/swissbaker.ch\/fr\/panissimo-news\/cure-de-jouvence\/#article\",\"isPartOf\":{\"@id\":\"https:\/\/swissbaker.ch\/fr\/panissimo-news\/cure-de-jouvence\/\"},\"author\":{\"name\":\"Simon Nussbaum\",\"@id\":\"https:\/\/swissbaker.ch\/fr\/#\/schema\/person\/74bd327b08c18ca6042c02ff6f0ed5e2\"},\"headline\":\"Cure de jouvence\u2026\",\"datePublished\":\"2024-09-16T07:19:04+00:00\",\"dateModified\":\"2024-09-16T07:19:42+00:00\",\"mainEntityOfPage\":{\"@id\":\"https:\/\/swissbaker.ch\/fr\/panissimo-news\/cure-de-jouvence\/\"},\"wordCount\":372,\"publisher\":{\"@id\":\"https:\/\/swissbaker.ch\/fr\/#organization\"},\"image\":{\"@id\":\"https:\/\/swissbaker.ch\/fr\/panissimo-news\/cure-de-jouvence\/#primaryimage\"},\"thumbnailUrl\":\"https:\/\/swissbaker.ch\/wp-content\/uploads\/2023\/03\/bernard_pignat_2024.jpg\",\"articleSection\":[\"Association\",\"De la branche\"],\"inLanguage\":\"fr-FR\"},{\"@type\":\"WebPage\",\"@id\":\"https:\/\/swissbaker.ch\/fr\/panissimo-news\/cure-de-jouvence\/\",\"url\":\"https:\/\/swissbaker.ch\/fr\/panissimo-news\/cure-de-jouvence\/\",\"name\":\"Cure de jouvence\u2026 | SBC\",\"isPartOf\":{\"@id\":\"https:\/\/swissbaker.ch\/fr\/#website\"},\"primaryImageOfPage\":{\"@id\":\"https:\/\/swissbaker.ch\/fr\/panissimo-news\/cure-de-jouvence\/#primaryimage\"},\"image\":{\"@id\":\"https:\/\/swissbaker.ch\/fr\/panissimo-news\/cure-de-jouvence\/#primaryimage\"},\"thumbnailUrl\":\"https:\/\/swissbaker.ch\/wp-content\/uploads\/2023\/03\/bernard_pignat_2024.jpg\",\"datePublished\":\"2024-09-16T07:19:04+00:00\",\"dateModified\":\"2024-09-16T07:19:42+00:00\",\"breadcrumb\":{\"@id\":\"https:\/\/swissbaker.ch\/fr\/panissimo-news\/cure-de-jouvence\/#breadcrumb\"},\"inLanguage\":\"fr-FR\",\"potentialAction\":[{\"@type\":\"ReadAction\",\"target\":[\"https:\/\/swissbaker.ch\/fr\/panissimo-news\/cure-de-jouvence\/\"]}]},{\"@type\":\"ImageObject\",\"inLanguage\":\"fr-FR\",\"@id\":\"https:\/\/swissbaker.ch\/fr\/panissimo-news\/cure-de-jouvence\/#primaryimage\",\"url\":\"https:\/\/swissbaker.ch\/wp-content\/uploads\/2023\/03\/bernard_pignat_2024.jpg\",\"contentUrl\":\"https:\/\/swissbaker.ch\/wp-content\/uploads\/2023\/03\/bernard_pignat_2024.jpg\",\"width\":1200,\"height\":712},{\"@type\":\"BreadcrumbList\",\"@id\":\"https:\/\/swissbaker.ch\/fr\/panissimo-news\/cure-de-jouvence\/#breadcrumb\",\"itemListElement\":[{\"@type\":\"ListItem\",\"position\":1,\"name\":\"\",\"item\":\"https:\/\/swissbaker.ch\/fr\/\"},{\"@type\":\"ListItem\",\"position\":2,\"name\":\"De la branche\",\"item\":\"https:\/\/swissbaker.ch\/fr\/panissimo-news\/category\/de-la-branche\/\"},{\"@type\":\"ListItem\",\"position\":3,\"name\":\"Cure de jouvence\u2026\"}]},{\"@type\":\"WebSite\",\"@id\":\"https:\/\/swissbaker.ch\/fr\/#website\",\"url\":\"https:\/\/swissbaker.ch\/fr\/\",\"name\":\"SBC\",\"description\":\"\",\"publisher\":{\"@id\":\"https:\/\/swissbaker.ch\/fr\/#organization\"},\"potentialAction\":[{\"@type\":\"SearchAction\",\"target\":{\"@type\":\"EntryPoint\",\"urlTemplate\":\"https:\/\/swissbaker.ch\/fr\/?s={search_term_string}\"},\"query-input\":{\"@type\":\"PropertyValueSpecification\",\"valueRequired\":true,\"valueName\":\"search_term_string\"}}],\"inLanguage\":\"fr-FR\"},{\"@type\":\"Organization\",\"@id\":\"https:\/\/swissbaker.ch\/fr\/#organization\",\"name\":\"Schweizerischer B\u00e4cker-Confiseurmeister-Verband\",\"url\":\"https:\/\/swissbaker.ch\/fr\/\",\"logo\":{\"@type\":\"ImageObject\",\"inLanguage\":\"fr-FR\",\"@id\":\"https:\/\/swissbaker.ch\/fr\/#\/schema\/logo\/image\/\",\"url\":\"https:\/\/swissbaker.ch\/wp-content\/uploads\/2022\/04\/sbc-logo-yoast.jpg\",\"contentUrl\":\"https:\/\/swissbaker.ch\/wp-content\/uploads\/2022\/04\/sbc-logo-yoast.jpg\",\"width\":512,\"height\":512,\"caption\":\"Schweizerischer B\u00e4cker-Confiseurmeister-Verband\"},\"image\":{\"@id\":\"https:\/\/swissbaker.ch\/fr\/#\/schema\/logo\/image\/\"},\"sameAs\":[\"https:\/\/www.facebook.com\/swissbaker.ch\",\"https:\/\/x.com\/ch_swissbaker\"]},{\"@type\":\"Person\",\"@id\":\"https:\/\/swissbaker.ch\/fr\/#\/schema\/person\/74bd327b08c18ca6042c02ff6f0ed5e2\",\"name\":\"Simon Nussbaum\",\"image\":{\"@type\":\"ImageObject\",\"inLanguage\":\"fr-FR\",\"@id\":\"https:\/\/swissbaker.ch\/fr\/#\/schema\/person\/image\/\",\"url\":\"https:\/\/secure.gravatar.com\/avatar\/df0eced3bb556c806cb760cf503ade1ed1df25b4104d80d6fd28d93a9509aa12?s=96&d=mm&r=g\",\"contentUrl\":\"https:\/\/secure.gravatar.com\/avatar\/df0eced3bb556c806cb760cf503ade1ed1df25b4104d80d6fd28d93a9509aa12?s=96&d=mm&r=g\",\"caption\":\"Simon Nussbaum\"},\"url\":\"https:\/\/swissbaker.ch\/fr\/panissimo-news\/author\/simon-nussbaum\/\"}]}<\/script>\n<!-- \/ Yoast SEO Premium plugin. -->","yoast_head_json":{"title":"Cure de jouvence\u2026 | SBC","robots":{"index":"index","follow":"follow","max-snippet":"max-snippet:-1","max-image-preview":"max-image-preview:large","max-video-preview":"max-video-preview:-1"},"canonical":"https:\/\/swissbaker.ch\/fr\/panissimo-news\/cure-de-jouvence\/","og_locale":"fr_FR","og_type":"article","og_title":"Cure de jouvence\u2026","og_description":"Il est parfois utile de trouver les ingr\u00e9dients et les personnes n\u00e9cessaires \u00e0 une cure de jouvence. Cette derni\u00e8re ne doit pas servir qu\u2019\u00e0 la r\u00e9g\u00e9n\u00e9ration du corps mais aussi de l\u2019esprit.","og_url":"https:\/\/swissbaker.ch\/fr\/panissimo-news\/cure-de-jouvence\/","og_site_name":"SBC","article_publisher":"https:\/\/www.facebook.com\/swissbaker.ch","article_published_time":"2024-09-16T07:19:04+00:00","article_modified_time":"2024-09-16T07:19:42+00:00","og_image":[{"width":1200,"height":712,"url":"https:\/\/swissbaker.ch\/wp-content\/uploads\/2023\/03\/bernard_pignat_2024.jpg","type":"image\/jpeg"}],"author":"Simon Nussbaum","twitter_card":"summary_large_image","twitter_creator":"@ch_swissbaker","twitter_site":"@ch_swissbaker","twitter_misc":{"Written by":"Simon Nussbaum","Est. reading time":"2 minutes"},"schema":{"@context":"https:\/\/schema.org","@graph":[{"@type":"Article","@id":"https:\/\/swissbaker.ch\/fr\/panissimo-news\/cure-de-jouvence\/#article","isPartOf":{"@id":"https:\/\/swissbaker.ch\/fr\/panissimo-news\/cure-de-jouvence\/"},"author":{"name":"Simon Nussbaum","@id":"https:\/\/swissbaker.ch\/fr\/#\/schema\/person\/74bd327b08c18ca6042c02ff6f0ed5e2"},"headline":"Cure de jouvence\u2026","datePublished":"2024-09-16T07:19:04+00:00","dateModified":"2024-09-16T07:19:42+00:00","mainEntityOfPage":{"@id":"https:\/\/swissbaker.ch\/fr\/panissimo-news\/cure-de-jouvence\/"},"wordCount":372,"publisher":{"@id":"https:\/\/swissbaker.ch\/fr\/#organization"},"image":{"@id":"https:\/\/swissbaker.ch\/fr\/panissimo-news\/cure-de-jouvence\/#primaryimage"},"thumbnailUrl":"https:\/\/swissbaker.ch\/wp-content\/uploads\/2023\/03\/bernard_pignat_2024.jpg","articleSection":["Association","De la branche"],"inLanguage":"fr-FR"},{"@type":"WebPage","@id":"https:\/\/swissbaker.ch\/fr\/panissimo-news\/cure-de-jouvence\/","url":"https:\/\/swissbaker.ch\/fr\/panissimo-news\/cure-de-jouvence\/","name":"Cure de jouvence\u2026 | SBC","isPartOf":{"@id":"https:\/\/swissbaker.ch\/fr\/#website"},"primaryImageOfPage":{"@id":"https:\/\/swissbaker.ch\/fr\/panissimo-news\/cure-de-jouvence\/#primaryimage"},"image":{"@id":"https:\/\/swissbaker.ch\/fr\/panissimo-news\/cure-de-jouvence\/#primaryimage"},"thumbnailUrl":"https:\/\/swissbaker.ch\/wp-content\/uploads\/2023\/03\/bernard_pignat_2024.jpg","datePublished":"2024-09-16T07:19:04+00:00","dateModified":"2024-09-16T07:19:42+00:00","breadcrumb":{"@id":"https:\/\/swissbaker.ch\/fr\/panissimo-news\/cure-de-jouvence\/#breadcrumb"},"inLanguage":"fr-FR","potentialAction":[{"@type":"ReadAction","target":["https:\/\/swissbaker.ch\/fr\/panissimo-news\/cure-de-jouvence\/"]}]},{"@type":"ImageObject","inLanguage":"fr-FR","@id":"https:\/\/swissbaker.ch\/fr\/panissimo-news\/cure-de-jouvence\/#primaryimage","url":"https:\/\/swissbaker.ch\/wp-content\/uploads\/2023\/03\/bernard_pignat_2024.jpg","contentUrl":"https:\/\/swissbaker.ch\/wp-content\/uploads\/2023\/03\/bernard_pignat_2024.jpg","width":1200,"height":712},{"@type":"BreadcrumbList","@id":"https:\/\/swissbaker.ch\/fr\/panissimo-news\/cure-de-jouvence\/#breadcrumb","itemListElement":[{"@type":"ListItem","position":1,"name":"","item":"https:\/\/swissbaker.ch\/fr\/"},{"@type":"ListItem","position":2,"name":"De la branche","item":"https:\/\/swissbaker.ch\/fr\/panissimo-news\/category\/de-la-branche\/"},{"@type":"ListItem","position":3,"name":"Cure de jouvence\u2026"}]},{"@type":"WebSite","@id":"https:\/\/swissbaker.ch\/fr\/#website","url":"https:\/\/swissbaker.ch\/fr\/","name":"SBC","description":"","publisher":{"@id":"https:\/\/swissbaker.ch\/fr\/#organization"},"potentialAction":[{"@type":"SearchAction","target":{"@type":"EntryPoint","urlTemplate":"https:\/\/swissbaker.ch\/fr\/?s={search_term_string}"},"query-input":{"@type":"PropertyValueSpecification","valueRequired":true,"valueName":"search_term_string"}}],"inLanguage":"fr-FR"},{"@type":"Organization","@id":"https:\/\/swissbaker.ch\/fr\/#organization","name":"Schweizerischer B\u00e4cker-Confiseurmeister-Verband","url":"https:\/\/swissbaker.ch\/fr\/","logo":{"@type":"ImageObject","inLanguage":"fr-FR","@id":"https:\/\/swissbaker.ch\/fr\/#\/schema\/logo\/image\/","url":"https:\/\/swissbaker.ch\/wp-content\/uploads\/2022\/04\/sbc-logo-yoast.jpg","contentUrl":"https:\/\/swissbaker.ch\/wp-content\/uploads\/2022\/04\/sbc-logo-yoast.jpg","width":512,"height":512,"caption":"Schweizerischer B\u00e4cker-Confiseurmeister-Verband"},"image":{"@id":"https:\/\/swissbaker.ch\/fr\/#\/schema\/logo\/image\/"},"sameAs":["https:\/\/www.facebook.com\/swissbaker.ch","https:\/\/x.com\/ch_swissbaker"]},{"@type":"Person","@id":"https:\/\/swissbaker.ch\/fr\/#\/schema\/person\/74bd327b08c18ca6042c02ff6f0ed5e2","name":"Simon Nussbaum","image":{"@type":"ImageObject","inLanguage":"fr-FR","@id":"https:\/\/swissbaker.ch\/fr\/#\/schema\/person\/image\/","url":"https:\/\/secure.gravatar.com\/avatar\/df0eced3bb556c806cb760cf503ade1ed1df25b4104d80d6fd28d93a9509aa12?s=96&d=mm&r=g","contentUrl":"https:\/\/secure.gravatar.com\/avatar\/df0eced3bb556c806cb760cf503ade1ed1df25b4104d80d6fd28d93a9509aa12?s=96&d=mm&r=g","caption":"Simon Nussbaum"},"url":"https:\/\/swissbaker.ch\/fr\/panissimo-news\/author\/simon-nussbaum\/"}]}},"_links":{"self":[{"href":"https:\/\/swissbaker.ch\/fr\/wp-json\/wp\/v2\/posts\/83542","targetHints":{"allow":["GET"]}}],"collection":[{"href":"https:\/\/swissbaker.ch\/fr\/wp-json\/wp\/v2\/posts"}],"about":[{"href":"https:\/\/swissbaker.ch\/fr\/wp-json\/wp\/v2\/types\/post"}],"author":[{"embeddable":true,"href":"https:\/\/swissbaker.ch\/fr\/wp-json\/wp\/v2\/users\/5"}],"replies":[{"embeddable":true,"href":"https:\/\/swissbaker.ch\/fr\/wp-json\/wp\/v2\/comments?post=83542"}],"version-history":[{"count":0,"href":"https:\/\/swissbaker.ch\/fr\/wp-json\/wp\/v2\/posts\/83542\/revisions"}],"wp:featuredmedia":[{"embeddable":true,"href":"https:\/\/swissbaker.ch\/fr\/wp-json\/wp\/v2\/media\/78135"}],"wp:attachment":[{"href":"https:\/\/swissbaker.ch\/fr\/wp-json\/wp\/v2\/media?parent=83542"}],"wp:term":[{"taxonomy":"category","embeddable":true,"href":"https:\/\/swissbaker.ch\/fr\/wp-json\/wp\/v2\/categories?post=83542"},{"taxonomy":"post_tag","embeddable":true,"href":"https:\/\/swissbaker.ch\/fr\/wp-json\/wp\/v2\/tags?post=83542"}],"curies":[{"name":"wp","href":"https:\/\/api.w.org\/{rel}","templated":true}]}}