{"id":83193,"date":"2024-09-12T10:14:26","date_gmt":"2024-09-12T08:14:26","guid":{"rendered":"https:\/\/swissbaker.ch\/?p=83193"},"modified":"2024-09-12T15:37:47","modified_gmt":"2024-09-12T13:37:47","slug":"une-finale-de-chateau","status":"publish","type":"post","link":"https:\/\/swissbaker.ch\/fr\/panissimo-news\/une-finale-de-chateau\/","title":{"rendered":"Une finale de ch\u00e2teau"},"content":{"rendered":"\n<p><strong>Dans un peu plus d\u2019une semaine, le Championnat vaudois des apprentis boulangers-confiseurs conna\u00eetra son d\u00e9nouement \u00e0 Aigle (VD). Le concours met en avant la formation de la profession et le m\u00e9tier lui-m\u00eame. L\u2019\u00e9dition 2024 se d\u00e9roulera autour de trois axes\u2009: finale, march\u00e9, brunch.<\/strong><\/p>\n\n\n\n<p>Le 22\u202fseptembre, les cinq apprentis boulangers-p\u00e2tissiers et cinq p\u00e2tissiers-confiseurs finalistes s\u2019affronteront dans l\u2019enceinte du Ch\u00e2teau d\u2019Aigle. Leur mission consistera \u00e0 pr\u00e9parer un brunch pour 300 convives, \u00e0 base de produits compos\u00e9s en entreprise et sur place\u2009: mini-canap\u00e9s, bruschettas, verrines, p\u00e2t\u00e9s \u00e0 la viande, mignardises sucr\u00e9es, p\u00e2tisseries, minicakes\u2026 \u00ab\u2009Chaque candidat r\u00e9alisera six grands plateaux sal\u00e9s et six autres sucr\u00e9s\u2009\u00bb, ajoute Justine Froidevaux, vice-directrice de l\u2019Association boulangerie et confiserie formation Vaud. Un p\u00f4le d\u2019experts \u00e9valuera leurs cr\u00e9ations. Sur les coups de 14\u2009h\u200930, la remise des prix cl\u00f4turera cette \u00e9dition, commenc\u00e9e l\u2019ann\u00e9e derni\u00e8re. Le concours vaudois court de la 2e ann\u00e9e \u00e0 la 3<sup>e<\/sup> ann\u00e9e et Au fil des mois, des s\u00e9lections \u00e9grainent le nombre de participants. D\u2019une cinquantaine, ils passent \u00e0 dix.<\/p>\n\n\n\n<p>L\u2019\u00e9v\u00e9nement servira aussi d\u2019outil promotionnel \u00e0 la formation et \u00e0 la profession. Le comit\u00e9 du concours a mis sur pied un march\u00e9 des artisans.<\/p>\n\n\n\n<p><a href=\"http:\/\/bit.ly\/3MLaQrj\">Inscription au brunch&#8230;\u00bb <\/a><\/p>\n\n\n\n<h2 class=\"wp-block-heading\" id=\"h-les-10-finalistes\"><strong>Les 10 finalistes<\/strong><\/h2>\n\n\n\n<p>Boulangerie&nbsp;: <strong>Catharina Christ Mendes Silva<\/strong> (Centre d&#8217;orientation et de formation professionnelles, Lausanne), <strong>Justine Lamon<\/strong> (Ackermann Artisan Boulanger S\u00e0rl, Grandson), <strong>Lucas Christopher Heinz Liotta<\/strong> (Boulangerie-Chocolaterie Gerber Wyss S\u00e0rl, Yverdon-les-Bains), <strong>Joey Oudart<\/strong> (Cofop, Lausanne), <strong>Thomas Lucien Andr\u00e9 Mazaurin<\/strong> (P\u00e2tisserie &#8211; Boulangerie Andr\u00e9 Ronny, M\u00e9zi\u00e8res).<\/p>\n\n\n\n<p>Confiserie&nbsp;: <strong>Clara K\u00e4sermann<\/strong> (Association boulangerie &amp; confiserie formation Vaud, Pully), <strong>Chlo\u00e9 Mauroux<\/strong> (Gilles S\u00e0rl, Ch\u00e2tel-St-Denis), <strong>Aniko Charlotte Mestrallet<\/strong> (Confiserie Laurent Buet S\u00e0rl, Lausanne), <strong>Oph\u00e9lie Marine Rossire<\/strong> (Confiserie Z\u00fcrcher SA, Montreux), <strong>Lauriane Julie Stalder<\/strong> (Boulangerie Stalder SA, Aubonne).<\/p>\n\n\n\n<p class=\"has-text-align-right\"><em>Johann Ruppen<\/em><\/p>\n","protected":false},"excerpt":{"rendered":"<p>Dans un peu plus d\u2019une semaine, le Championnat vaudois des apprentis boulangers-confiseurs conna\u00eetra son d\u00e9nouement \u00e0 Aigle (VD). Le concours met en avant la formation de la profession et le m\u00e9tier lui-m\u00eame. L\u2019\u00e9dition 2024 se d\u00e9roulera autour de trois axes\u2009: finale, march\u00e9, brunch.<\/p>\n","protected":false},"author":5,"featured_media":83195,"comment_status":"closed","ping_status":"closed","sticky":true,"template":"","format":"standard","meta":{"_acf_changed":false,"footnotes":""},"categories":[40],"tags":[],"class_list":["post-83193","post","type-post","status-publish","format-standard","has-post-thumbnail","hentry","category-des-cantons"],"acf":[],"yoast_head":"<!-- This site is optimized with the Yoast SEO Premium plugin v26.8 (Yoast SEO v26.8) - https:\/\/yoast.com\/product\/yoast-seo-premium-wordpress\/ -->\n<title>Une finale de ch\u00e2teau | SBC<\/title>\n<meta name=\"robots\" content=\"index, follow, max-snippet:-1, max-image-preview:large, max-video-preview:-1\" \/>\n<link rel=\"canonical\" href=\"https:\/\/swissbaker.ch\/fr\/panissimo-news\/une-finale-de-chateau\/\" \/>\n<meta property=\"og:locale\" content=\"fr_FR\" \/>\n<meta property=\"og:type\" content=\"article\" \/>\n<meta property=\"og:title\" content=\"Une finale de ch\u00e2teau\" \/>\n<meta property=\"og:description\" content=\"Dans un peu plus d\u2019une semaine, le Championnat vaudois des apprentis boulangers-confiseurs conna\u00eetra son d\u00e9nouement \u00e0 Aigle (VD). Le concours met en avant la formation de la profession et le m\u00e9tier lui-m\u00eame. L\u2019\u00e9dition 2024 se d\u00e9roulera autour de trois axes\u2009: finale, march\u00e9, brunch.\" \/>\n<meta property=\"og:url\" content=\"https:\/\/swissbaker.ch\/fr\/panissimo-news\/une-finale-de-chateau\/\" \/>\n<meta property=\"og:site_name\" content=\"SBC\" \/>\n<meta property=\"article:publisher\" content=\"https:\/\/www.facebook.com\/swissbaker.ch\" \/>\n<meta property=\"article:published_time\" content=\"2024-09-12T08:14:26+00:00\" \/>\n<meta property=\"article:modified_time\" content=\"2024-09-12T13:37:47+00:00\" \/>\n<meta property=\"og:image\" content=\"https:\/\/swissbaker.ch\/wp-content\/uploads\/2024\/09\/finale_vaudois.jpg\" \/>\n\t<meta property=\"og:image:width\" content=\"1200\" \/>\n\t<meta property=\"og:image:height\" content=\"712\" \/>\n\t<meta property=\"og:image:type\" content=\"image\/jpeg\" \/>\n<meta name=\"author\" content=\"Simon Nussbaum\" \/>\n<meta name=\"twitter:card\" content=\"summary_large_image\" \/>\n<meta name=\"twitter:creator\" content=\"@ch_swissbaker\" \/>\n<meta name=\"twitter:site\" content=\"@ch_swissbaker\" \/>\n<meta name=\"twitter:label1\" content=\"Written by\" \/>\n\t<meta name=\"twitter:data1\" content=\"Simon Nussbaum\" \/>\n\t<meta name=\"twitter:label2\" content=\"Est. reading time\" \/>\n\t<meta name=\"twitter:data2\" content=\"2 minutes\" \/>\n<script type=\"application\/ld+json\" class=\"yoast-schema-graph\">{\"@context\":\"https:\/\/schema.org\",\"@graph\":[{\"@type\":\"Article\",\"@id\":\"https:\/\/swissbaker.ch\/fr\/panissimo-news\/une-finale-de-chateau\/#article\",\"isPartOf\":{\"@id\":\"https:\/\/swissbaker.ch\/fr\/panissimo-news\/une-finale-de-chateau\/\"},\"author\":{\"name\":\"Simon Nussbaum\",\"@id\":\"https:\/\/swissbaker.ch\/fr\/#\/schema\/person\/74bd327b08c18ca6042c02ff6f0ed5e2\"},\"headline\":\"Une finale de ch\u00e2teau\",\"datePublished\":\"2024-09-12T08:14:26+00:00\",\"dateModified\":\"2024-09-12T13:37:47+00:00\",\"mainEntityOfPage\":{\"@id\":\"https:\/\/swissbaker.ch\/fr\/panissimo-news\/une-finale-de-chateau\/\"},\"wordCount\":321,\"publisher\":{\"@id\":\"https:\/\/swissbaker.ch\/fr\/#organization\"},\"image\":{\"@id\":\"https:\/\/swissbaker.ch\/fr\/panissimo-news\/une-finale-de-chateau\/#primaryimage\"},\"thumbnailUrl\":\"https:\/\/swissbaker.ch\/wp-content\/uploads\/2024\/09\/finale_vaudois.jpg\",\"articleSection\":[\"Des cantons\"],\"inLanguage\":\"fr-FR\"},{\"@type\":\"WebPage\",\"@id\":\"https:\/\/swissbaker.ch\/fr\/panissimo-news\/une-finale-de-chateau\/\",\"url\":\"https:\/\/swissbaker.ch\/fr\/panissimo-news\/une-finale-de-chateau\/\",\"name\":\"Une finale de ch\u00e2teau | SBC\",\"isPartOf\":{\"@id\":\"https:\/\/swissbaker.ch\/fr\/#website\"},\"primaryImageOfPage\":{\"@id\":\"https:\/\/swissbaker.ch\/fr\/panissimo-news\/une-finale-de-chateau\/#primaryimage\"},\"image\":{\"@id\":\"https:\/\/swissbaker.ch\/fr\/panissimo-news\/une-finale-de-chateau\/#primaryimage\"},\"thumbnailUrl\":\"https:\/\/swissbaker.ch\/wp-content\/uploads\/2024\/09\/finale_vaudois.jpg\",\"datePublished\":\"2024-09-12T08:14:26+00:00\",\"dateModified\":\"2024-09-12T13:37:47+00:00\",\"breadcrumb\":{\"@id\":\"https:\/\/swissbaker.ch\/fr\/panissimo-news\/une-finale-de-chateau\/#breadcrumb\"},\"inLanguage\":\"fr-FR\",\"potentialAction\":[{\"@type\":\"ReadAction\",\"target\":[\"https:\/\/swissbaker.ch\/fr\/panissimo-news\/une-finale-de-chateau\/\"]}]},{\"@type\":\"ImageObject\",\"inLanguage\":\"fr-FR\",\"@id\":\"https:\/\/swissbaker.ch\/fr\/panissimo-news\/une-finale-de-chateau\/#primaryimage\",\"url\":\"https:\/\/swissbaker.ch\/wp-content\/uploads\/2024\/09\/finale_vaudois.jpg\",\"contentUrl\":\"https:\/\/swissbaker.ch\/wp-content\/uploads\/2024\/09\/finale_vaudois.jpg\",\"width\":1200,\"height\":712},{\"@type\":\"BreadcrumbList\",\"@id\":\"https:\/\/swissbaker.ch\/fr\/panissimo-news\/une-finale-de-chateau\/#breadcrumb\",\"itemListElement\":[{\"@type\":\"ListItem\",\"position\":1,\"name\":\"\",\"item\":\"https:\/\/swissbaker.ch\/fr\/\"},{\"@type\":\"ListItem\",\"position\":2,\"name\":\"Des cantons\",\"item\":\"https:\/\/swissbaker.ch\/fr\/panissimo-news\/category\/des-cantons\/\"},{\"@type\":\"ListItem\",\"position\":3,\"name\":\"Une finale de ch\u00e2teau\"}]},{\"@type\":\"WebSite\",\"@id\":\"https:\/\/swissbaker.ch\/fr\/#website\",\"url\":\"https:\/\/swissbaker.ch\/fr\/\",\"name\":\"SBC\",\"description\":\"\",\"publisher\":{\"@id\":\"https:\/\/swissbaker.ch\/fr\/#organization\"},\"potentialAction\":[{\"@type\":\"SearchAction\",\"target\":{\"@type\":\"EntryPoint\",\"urlTemplate\":\"https:\/\/swissbaker.ch\/fr\/?s={search_term_string}\"},\"query-input\":{\"@type\":\"PropertyValueSpecification\",\"valueRequired\":true,\"valueName\":\"search_term_string\"}}],\"inLanguage\":\"fr-FR\"},{\"@type\":\"Organization\",\"@id\":\"https:\/\/swissbaker.ch\/fr\/#organization\",\"name\":\"Schweizerischer B\u00e4cker-Confiseurmeister-Verband\",\"url\":\"https:\/\/swissbaker.ch\/fr\/\",\"logo\":{\"@type\":\"ImageObject\",\"inLanguage\":\"fr-FR\",\"@id\":\"https:\/\/swissbaker.ch\/fr\/#\/schema\/logo\/image\/\",\"url\":\"https:\/\/swissbaker.ch\/wp-content\/uploads\/2022\/04\/sbc-logo-yoast.jpg\",\"contentUrl\":\"https:\/\/swissbaker.ch\/wp-content\/uploads\/2022\/04\/sbc-logo-yoast.jpg\",\"width\":512,\"height\":512,\"caption\":\"Schweizerischer B\u00e4cker-Confiseurmeister-Verband\"},\"image\":{\"@id\":\"https:\/\/swissbaker.ch\/fr\/#\/schema\/logo\/image\/\"},\"sameAs\":[\"https:\/\/www.facebook.com\/swissbaker.ch\",\"https:\/\/x.com\/ch_swissbaker\"]},{\"@type\":\"Person\",\"@id\":\"https:\/\/swissbaker.ch\/fr\/#\/schema\/person\/74bd327b08c18ca6042c02ff6f0ed5e2\",\"name\":\"Simon Nussbaum\",\"image\":{\"@type\":\"ImageObject\",\"inLanguage\":\"fr-FR\",\"@id\":\"https:\/\/swissbaker.ch\/fr\/#\/schema\/person\/image\/\",\"url\":\"https:\/\/secure.gravatar.com\/avatar\/df0eced3bb556c806cb760cf503ade1ed1df25b4104d80d6fd28d93a9509aa12?s=96&d=mm&r=g\",\"contentUrl\":\"https:\/\/secure.gravatar.com\/avatar\/df0eced3bb556c806cb760cf503ade1ed1df25b4104d80d6fd28d93a9509aa12?s=96&d=mm&r=g\",\"caption\":\"Simon Nussbaum\"},\"url\":\"https:\/\/swissbaker.ch\/fr\/panissimo-news\/author\/simon-nussbaum\/\"}]}<\/script>\n<!-- \/ Yoast SEO Premium plugin. -->","yoast_head_json":{"title":"Une finale de ch\u00e2teau | SBC","robots":{"index":"index","follow":"follow","max-snippet":"max-snippet:-1","max-image-preview":"max-image-preview:large","max-video-preview":"max-video-preview:-1"},"canonical":"https:\/\/swissbaker.ch\/fr\/panissimo-news\/une-finale-de-chateau\/","og_locale":"fr_FR","og_type":"article","og_title":"Une finale de ch\u00e2teau","og_description":"Dans un peu plus d\u2019une semaine, le Championnat vaudois des apprentis boulangers-confiseurs conna\u00eetra son d\u00e9nouement \u00e0 Aigle (VD). Le concours met en avant la formation de la profession et le m\u00e9tier lui-m\u00eame. L\u2019\u00e9dition 2024 se d\u00e9roulera autour de trois axes\u2009: finale, march\u00e9, brunch.","og_url":"https:\/\/swissbaker.ch\/fr\/panissimo-news\/une-finale-de-chateau\/","og_site_name":"SBC","article_publisher":"https:\/\/www.facebook.com\/swissbaker.ch","article_published_time":"2024-09-12T08:14:26+00:00","article_modified_time":"2024-09-12T13:37:47+00:00","og_image":[{"width":1200,"height":712,"url":"https:\/\/swissbaker.ch\/wp-content\/uploads\/2024\/09\/finale_vaudois.jpg","type":"image\/jpeg"}],"author":"Simon Nussbaum","twitter_card":"summary_large_image","twitter_creator":"@ch_swissbaker","twitter_site":"@ch_swissbaker","twitter_misc":{"Written by":"Simon Nussbaum","Est. reading time":"2 minutes"},"schema":{"@context":"https:\/\/schema.org","@graph":[{"@type":"Article","@id":"https:\/\/swissbaker.ch\/fr\/panissimo-news\/une-finale-de-chateau\/#article","isPartOf":{"@id":"https:\/\/swissbaker.ch\/fr\/panissimo-news\/une-finale-de-chateau\/"},"author":{"name":"Simon Nussbaum","@id":"https:\/\/swissbaker.ch\/fr\/#\/schema\/person\/74bd327b08c18ca6042c02ff6f0ed5e2"},"headline":"Une finale de ch\u00e2teau","datePublished":"2024-09-12T08:14:26+00:00","dateModified":"2024-09-12T13:37:47+00:00","mainEntityOfPage":{"@id":"https:\/\/swissbaker.ch\/fr\/panissimo-news\/une-finale-de-chateau\/"},"wordCount":321,"publisher":{"@id":"https:\/\/swissbaker.ch\/fr\/#organization"},"image":{"@id":"https:\/\/swissbaker.ch\/fr\/panissimo-news\/une-finale-de-chateau\/#primaryimage"},"thumbnailUrl":"https:\/\/swissbaker.ch\/wp-content\/uploads\/2024\/09\/finale_vaudois.jpg","articleSection":["Des cantons"],"inLanguage":"fr-FR"},{"@type":"WebPage","@id":"https:\/\/swissbaker.ch\/fr\/panissimo-news\/une-finale-de-chateau\/","url":"https:\/\/swissbaker.ch\/fr\/panissimo-news\/une-finale-de-chateau\/","name":"Une finale de ch\u00e2teau | SBC","isPartOf":{"@id":"https:\/\/swissbaker.ch\/fr\/#website"},"primaryImageOfPage":{"@id":"https:\/\/swissbaker.ch\/fr\/panissimo-news\/une-finale-de-chateau\/#primaryimage"},"image":{"@id":"https:\/\/swissbaker.ch\/fr\/panissimo-news\/une-finale-de-chateau\/#primaryimage"},"thumbnailUrl":"https:\/\/swissbaker.ch\/wp-content\/uploads\/2024\/09\/finale_vaudois.jpg","datePublished":"2024-09-12T08:14:26+00:00","dateModified":"2024-09-12T13:37:47+00:00","breadcrumb":{"@id":"https:\/\/swissbaker.ch\/fr\/panissimo-news\/une-finale-de-chateau\/#breadcrumb"},"inLanguage":"fr-FR","potentialAction":[{"@type":"ReadAction","target":["https:\/\/swissbaker.ch\/fr\/panissimo-news\/une-finale-de-chateau\/"]}]},{"@type":"ImageObject","inLanguage":"fr-FR","@id":"https:\/\/swissbaker.ch\/fr\/panissimo-news\/une-finale-de-chateau\/#primaryimage","url":"https:\/\/swissbaker.ch\/wp-content\/uploads\/2024\/09\/finale_vaudois.jpg","contentUrl":"https:\/\/swissbaker.ch\/wp-content\/uploads\/2024\/09\/finale_vaudois.jpg","width":1200,"height":712},{"@type":"BreadcrumbList","@id":"https:\/\/swissbaker.ch\/fr\/panissimo-news\/une-finale-de-chateau\/#breadcrumb","itemListElement":[{"@type":"ListItem","position":1,"name":"","item":"https:\/\/swissbaker.ch\/fr\/"},{"@type":"ListItem","position":2,"name":"Des cantons","item":"https:\/\/swissbaker.ch\/fr\/panissimo-news\/category\/des-cantons\/"},{"@type":"ListItem","position":3,"name":"Une finale de ch\u00e2teau"}]},{"@type":"WebSite","@id":"https:\/\/swissbaker.ch\/fr\/#website","url":"https:\/\/swissbaker.ch\/fr\/","name":"SBC","description":"","publisher":{"@id":"https:\/\/swissbaker.ch\/fr\/#organization"},"potentialAction":[{"@type":"SearchAction","target":{"@type":"EntryPoint","urlTemplate":"https:\/\/swissbaker.ch\/fr\/?s={search_term_string}"},"query-input":{"@type":"PropertyValueSpecification","valueRequired":true,"valueName":"search_term_string"}}],"inLanguage":"fr-FR"},{"@type":"Organization","@id":"https:\/\/swissbaker.ch\/fr\/#organization","name":"Schweizerischer B\u00e4cker-Confiseurmeister-Verband","url":"https:\/\/swissbaker.ch\/fr\/","logo":{"@type":"ImageObject","inLanguage":"fr-FR","@id":"https:\/\/swissbaker.ch\/fr\/#\/schema\/logo\/image\/","url":"https:\/\/swissbaker.ch\/wp-content\/uploads\/2022\/04\/sbc-logo-yoast.jpg","contentUrl":"https:\/\/swissbaker.ch\/wp-content\/uploads\/2022\/04\/sbc-logo-yoast.jpg","width":512,"height":512,"caption":"Schweizerischer B\u00e4cker-Confiseurmeister-Verband"},"image":{"@id":"https:\/\/swissbaker.ch\/fr\/#\/schema\/logo\/image\/"},"sameAs":["https:\/\/www.facebook.com\/swissbaker.ch","https:\/\/x.com\/ch_swissbaker"]},{"@type":"Person","@id":"https:\/\/swissbaker.ch\/fr\/#\/schema\/person\/74bd327b08c18ca6042c02ff6f0ed5e2","name":"Simon Nussbaum","image":{"@type":"ImageObject","inLanguage":"fr-FR","@id":"https:\/\/swissbaker.ch\/fr\/#\/schema\/person\/image\/","url":"https:\/\/secure.gravatar.com\/avatar\/df0eced3bb556c806cb760cf503ade1ed1df25b4104d80d6fd28d93a9509aa12?s=96&d=mm&r=g","contentUrl":"https:\/\/secure.gravatar.com\/avatar\/df0eced3bb556c806cb760cf503ade1ed1df25b4104d80d6fd28d93a9509aa12?s=96&d=mm&r=g","caption":"Simon Nussbaum"},"url":"https:\/\/swissbaker.ch\/fr\/panissimo-news\/author\/simon-nussbaum\/"}]}},"_links":{"self":[{"href":"https:\/\/swissbaker.ch\/fr\/wp-json\/wp\/v2\/posts\/83193","targetHints":{"allow":["GET"]}}],"collection":[{"href":"https:\/\/swissbaker.ch\/fr\/wp-json\/wp\/v2\/posts"}],"about":[{"href":"https:\/\/swissbaker.ch\/fr\/wp-json\/wp\/v2\/types\/post"}],"author":[{"embeddable":true,"href":"https:\/\/swissbaker.ch\/fr\/wp-json\/wp\/v2\/users\/5"}],"replies":[{"embeddable":true,"href":"https:\/\/swissbaker.ch\/fr\/wp-json\/wp\/v2\/comments?post=83193"}],"version-history":[{"count":0,"href":"https:\/\/swissbaker.ch\/fr\/wp-json\/wp\/v2\/posts\/83193\/revisions"}],"wp:featuredmedia":[{"embeddable":true,"href":"https:\/\/swissbaker.ch\/fr\/wp-json\/wp\/v2\/media\/83195"}],"wp:attachment":[{"href":"https:\/\/swissbaker.ch\/fr\/wp-json\/wp\/v2\/media?parent=83193"}],"wp:term":[{"taxonomy":"category","embeddable":true,"href":"https:\/\/swissbaker.ch\/fr\/wp-json\/wp\/v2\/categories?post=83193"},{"taxonomy":"post_tag","embeddable":true,"href":"https:\/\/swissbaker.ch\/fr\/wp-json\/wp\/v2\/tags?post=83193"}],"curies":[{"name":"wp","href":"https:\/\/api.w.org\/{rel}","templated":true}]}}