{"id":8296,"date":"2021-05-31T13:32:00","date_gmt":"2021-05-31T11:32:00","guid":{"rendered":"https:\/\/swissbaker.ch\/?p=8296"},"modified":"2022-05-05T16:31:02","modified_gmt":"2022-05-05T14:31:02","slug":"lapprovisionnement-du-pays-serait-menace","status":"publish","type":"post","link":"https:\/\/swissbaker.ch\/fr\/panissimo-news\/lapprovisionnement-du-pays-serait-menace\/","title":{"rendered":"L\u2019approvisionnement du pays serait menac\u00e9"},"content":{"rendered":"\n<p><strong>Les deux initiatives, sur les pesticides et l\u2019eau potable, menacent l\u2019approvisionnement du pays, selon une \u00e9tude de l\u2019Universit\u00e9 de Saint-Gall. Le tourisme d\u2019achat s\u2019en trouverait par ailleurs encourag\u00e9.<\/strong><\/p>\n\n\n\n<p>prononceront sur les deux initiatives \u00ab\u2009anti-pesticides\u2009\u00bb et \u00ab\u2009eau potable\u2009\u00bb, qui visent toutes deux une interdiction totale des pesticides de synth\u00e8se. L\u2019acceptation de ces textes aurait de graves cons\u00e9quences pour l\u2019agriculture suisse, l\u2019industrie alimentaire et les consommatrices et consommateurs. On leur pr\u00e9f\u00e9rera une proposition du Parlement, qui r\u00e9duirait significativement l\u2019utilisation de pesticides sans l\u2019interdire totalement (voir aussi panissimo n\u00b0 9 + 10). L\u2019initiative parlementaire \u00ab\u2009R\u00e9duire le risque de l\u2019utilisation de pesticides\u2009\u00bb a pour objectif de r\u00e9duire de 50\u202f% d\u2019ici 2027 les risques li\u00e9s \u00e0 l\u2019utilisation de produits phytosanitaires auxquels sont expos\u00e9s les eaux de surface, les habitats proches de l\u2019\u00e9tat naturel et les eaux souterraines utilis\u00e9es comme eau potable. Le Parlement a presque termin\u00e9 ses d\u00e9lib\u00e9rations sur cet objet.<\/p>\n\n\n\n<p>Selon une \u00e9tude de l\u2019Universit\u00e9 de Saint-Gall, l\u2019interdiction des pesticides de synth\u00e8se entra\u00eenerait en outre une baisse massive du rendement des cultures, qui induirait une diminution du taux d\u2019autoapprovisionnement de la Suisse de 58\u202f% \u00e0 42\u202f%. La s\u00e9curit\u00e9 de l\u2019approvisionnement du pays s\u2019en trouverait donc menac\u00e9e.<\/p>\n\n\n\n<h2 class=\"wp-block-heading\" id=\"h-douloureuses-pertes-de-chiffres-d-affaires\">Douloureuses pertes de chiffres d\u2019affaires<\/h2>\n\n\n\n<p>Comparativement aux autres pays europ\u00e9ens, la Suisse conna\u00eet d\u00e9j\u00e0 les prix les plus \u00e9lev\u00e9s en mati\u00e8re de denr\u00e9es alimentaires, soit environ 70\u202f% de plus que la moyenne de l\u2019Union europ\u00e9enne. En cas d\u2019acceptation de l\u2019initiative, ces derniers pourraient, \u00e0 long terme, augmenter de plus de 50\u202f%, avec pour cons\u00e9quence une p\u00e9nalisation des consommateurs, l\u2019encouragement du tourisme d\u2019achat et de douloureuses pertes de chiffres d\u2019affaires pour le commerce de d\u00e9tail. Il est \u00e0 noter enfin que les exigences des initiants entrent en conflit avec nos engagements envers l\u2019OMS et l\u2019Union europ\u00e9enne, ainsi qu\u2019avec d\u2019autres accords de libre-\u00e9change.<\/p>\n\n\n\n<h2 class=\"wp-block-heading\" id=\"h-reduire-plutot-qu-interdire\">R\u00e9duire plut\u00f4t qu\u2019interdire<\/h2>\n\n\n\n<p>La question des pesticides pr\u00e9occupe la population. D\u00e8s lors, s\u2019il faut combattre les deux initiatives \u00e9voqu\u00e9es, qui sont excessives et impropres \u00e0 atteindre leurs objectifs, il est aussi n\u00e9cessaire de proposer des solutions de rechange r\u00e9pondant \u00e0 ces pr\u00e9occupations.<br>De nombreux efforts ont d\u00e9j\u00e0 \u00e9t\u00e9 d\u00e9ploy\u00e9s au cours des derni\u00e8res ann\u00e9es pour r\u00e9duire l\u2019utilisation des produits phytosanitaires. On peut citer \u00e0 cet \u00e9gard le plan Produits phytosanitaires, ainsi que de la Strat\u00e9gie Antibior\u00e9sistance Suisse, adopt\u00e9s par le Conseil f\u00e9d\u00e9ral. Le premier entend diviser les risques par deux et encourager les solutions non chimiques en mati\u00e8re de protection phytosanitaire. A c\u00f4t\u00e9 de cela, des initiatives parlementaires visant la r\u00e9duction du recours aux pesticides sont pendantes devant les Chambres f\u00e9d\u00e9rales.<\/p>\n","protected":false},"excerpt":{"rendered":"<p>Les deux initiatives, sur les pesticides et l\u2019eau potable, menacent l\u2019approvisionnement du pays, selon une \u00e9tude de l\u2019Universit\u00e9 de Saint-Gall. Le tourisme d\u2019achat s\u2019en trouverait par ailleurs encourag\u00e9. prononceront sur les deux initiatives \u00ab\u2009anti-pesticides\u2009\u00bb et \u00ab\u2009eau potable\u2009\u00bb, qui visent toutes deux une interdiction totale des pesticides de synth\u00e8se. L\u2019acceptation de ces textes aurait de graves cons\u00e9quences pour l\u2019agriculture suisse, l\u2019industrie [&hellip;]<\/p>\n","protected":false},"author":1,"featured_media":5290,"comment_status":"open","ping_status":"closed","sticky":false,"template":"","format":"standard","meta":{"_acf_changed":false,"footnotes":""},"categories":[44],"tags":[],"class_list":["post-8296","post","type-post","status-publish","format-standard","has-post-thumbnail","hentry","category-droit-politique"],"acf":[],"yoast_head":"<!-- This site is optimized with the Yoast SEO Premium plugin v26.8 (Yoast SEO v26.8) - https:\/\/yoast.com\/product\/yoast-seo-premium-wordpress\/ -->\n<title>L\u2019approvisionnement du pays serait menac\u00e9 | SBC<\/title>\n<meta name=\"robots\" content=\"index, follow, max-snippet:-1, max-image-preview:large, max-video-preview:-1\" \/>\n<link rel=\"canonical\" href=\"https:\/\/swissbaker.ch\/fr\/panissimo-news\/lapprovisionnement-du-pays-serait-menace\/\" \/>\n<meta property=\"og:locale\" content=\"fr_FR\" \/>\n<meta property=\"og:type\" content=\"article\" \/>\n<meta property=\"og:title\" content=\"L\u2019approvisionnement du pays serait menac\u00e9\" \/>\n<meta property=\"og:description\" content=\"Les deux initiatives, sur les pesticides et l\u2019eau potable, menacent l\u2019approvisionnement du pays, selon une \u00e9tude de l\u2019Universit\u00e9 de Saint-Gall. Le tourisme d\u2019achat s\u2019en trouverait par ailleurs encourag\u00e9. prononceront sur les deux initiatives \u00ab\u2009anti-pesticides\u2009\u00bb et \u00ab\u2009eau potable\u2009\u00bb, qui visent toutes deux une interdiction totale des pesticides de synth\u00e8se. L\u2019acceptation de ces textes aurait de graves cons\u00e9quences pour l\u2019agriculture suisse, l\u2019industrie [&hellip;]\" \/>\n<meta property=\"og:url\" content=\"https:\/\/swissbaker.ch\/fr\/panissimo-news\/lapprovisionnement-du-pays-serait-menace\/\" \/>\n<meta property=\"og:site_name\" content=\"SBC\" \/>\n<meta property=\"article:publisher\" content=\"https:\/\/www.facebook.com\/swissbaker.ch\" \/>\n<meta property=\"article:published_time\" content=\"2021-05-31T11:32:00+00:00\" \/>\n<meta property=\"article:modified_time\" content=\"2022-05-05T14:31:02+00:00\" \/>\n<meta property=\"og:image\" content=\"https:\/\/swissbaker.ch\/wp-content\/uploads\/2022\/03\/11_2_agrarinitiativen.jpeg\" \/>\n\t<meta property=\"og:image:width\" content=\"800\" \/>\n\t<meta property=\"og:image:height\" content=\"474\" \/>\n\t<meta property=\"og:image:type\" content=\"image\/jpeg\" \/>\n<meta name=\"author\" content=\"azureart\" \/>\n<meta name=\"twitter:card\" content=\"summary_large_image\" \/>\n<meta name=\"twitter:creator\" content=\"@ch_swissbaker\" \/>\n<meta name=\"twitter:site\" content=\"@ch_swissbaker\" \/>\n<meta name=\"twitter:label1\" content=\"Written by\" \/>\n\t<meta name=\"twitter:data1\" content=\"azureart\" \/>\n\t<meta name=\"twitter:label2\" content=\"Est. reading time\" \/>\n\t<meta name=\"twitter:data2\" content=\"3 minutes\" \/>\n<script type=\"application\/ld+json\" class=\"yoast-schema-graph\">{\"@context\":\"https:\/\/schema.org\",\"@graph\":[{\"@type\":\"Article\",\"@id\":\"https:\/\/swissbaker.ch\/fr\/panissimo-news\/lapprovisionnement-du-pays-serait-menace\/#article\",\"isPartOf\":{\"@id\":\"https:\/\/swissbaker.ch\/fr\/panissimo-news\/lapprovisionnement-du-pays-serait-menace\/\"},\"author\":{\"name\":\"azureart\",\"@id\":\"https:\/\/swissbaker.ch\/fr\/#\/schema\/person\/058ac47619f7da53df62aba60f939b78\"},\"headline\":\"L\u2019approvisionnement du pays serait menac\u00e9\",\"datePublished\":\"2021-05-31T11:32:00+00:00\",\"dateModified\":\"2022-05-05T14:31:02+00:00\",\"mainEntityOfPage\":{\"@id\":\"https:\/\/swissbaker.ch\/fr\/panissimo-news\/lapprovisionnement-du-pays-serait-menace\/\"},\"wordCount\":490,\"commentCount\":0,\"publisher\":{\"@id\":\"https:\/\/swissbaker.ch\/fr\/#organization\"},\"image\":{\"@id\":\"https:\/\/swissbaker.ch\/fr\/panissimo-news\/lapprovisionnement-du-pays-serait-menace\/#primaryimage\"},\"thumbnailUrl\":\"https:\/\/swissbaker.ch\/wp-content\/uploads\/2022\/03\/11_2_agrarinitiativen.jpeg\",\"articleSection\":[\"Droit &amp; politique\"],\"inLanguage\":\"fr-FR\",\"potentialAction\":[{\"@type\":\"CommentAction\",\"name\":\"Comment\",\"target\":[\"https:\/\/swissbaker.ch\/fr\/panissimo-news\/lapprovisionnement-du-pays-serait-menace\/#respond\"]}]},{\"@type\":\"WebPage\",\"@id\":\"https:\/\/swissbaker.ch\/fr\/panissimo-news\/lapprovisionnement-du-pays-serait-menace\/\",\"url\":\"https:\/\/swissbaker.ch\/fr\/panissimo-news\/lapprovisionnement-du-pays-serait-menace\/\",\"name\":\"L\u2019approvisionnement du pays serait menac\u00e9 | SBC\",\"isPartOf\":{\"@id\":\"https:\/\/swissbaker.ch\/fr\/#website\"},\"primaryImageOfPage\":{\"@id\":\"https:\/\/swissbaker.ch\/fr\/panissimo-news\/lapprovisionnement-du-pays-serait-menace\/#primaryimage\"},\"image\":{\"@id\":\"https:\/\/swissbaker.ch\/fr\/panissimo-news\/lapprovisionnement-du-pays-serait-menace\/#primaryimage\"},\"thumbnailUrl\":\"https:\/\/swissbaker.ch\/wp-content\/uploads\/2022\/03\/11_2_agrarinitiativen.jpeg\",\"datePublished\":\"2021-05-31T11:32:00+00:00\",\"dateModified\":\"2022-05-05T14:31:02+00:00\",\"breadcrumb\":{\"@id\":\"https:\/\/swissbaker.ch\/fr\/panissimo-news\/lapprovisionnement-du-pays-serait-menace\/#breadcrumb\"},\"inLanguage\":\"fr-FR\",\"potentialAction\":[{\"@type\":\"ReadAction\",\"target\":[\"https:\/\/swissbaker.ch\/fr\/panissimo-news\/lapprovisionnement-du-pays-serait-menace\/\"]}]},{\"@type\":\"ImageObject\",\"inLanguage\":\"fr-FR\",\"@id\":\"https:\/\/swissbaker.ch\/fr\/panissimo-news\/lapprovisionnement-du-pays-serait-menace\/#primaryimage\",\"url\":\"https:\/\/swissbaker.ch\/wp-content\/uploads\/2022\/03\/11_2_agrarinitiativen.jpeg\",\"contentUrl\":\"https:\/\/swissbaker.ch\/wp-content\/uploads\/2022\/03\/11_2_agrarinitiativen.jpeg\",\"width\":800,\"height\":474,\"caption\":\"L\u2019approvisionnement du pays serait menac\u00e9\"},{\"@type\":\"BreadcrumbList\",\"@id\":\"https:\/\/swissbaker.ch\/fr\/panissimo-news\/lapprovisionnement-du-pays-serait-menace\/#breadcrumb\",\"itemListElement\":[{\"@type\":\"ListItem\",\"position\":1,\"name\":\"\",\"item\":\"https:\/\/swissbaker.ch\/fr\/\"},{\"@type\":\"ListItem\",\"position\":2,\"name\":\"Droit &amp; politique\",\"item\":\"https:\/\/swissbaker.ch\/fr\/panissimo-news\/category\/droit-politique\/\"},{\"@type\":\"ListItem\",\"position\":3,\"name\":\"L\u2019approvisionnement du pays serait menac\u00e9\"}]},{\"@type\":\"WebSite\",\"@id\":\"https:\/\/swissbaker.ch\/fr\/#website\",\"url\":\"https:\/\/swissbaker.ch\/fr\/\",\"name\":\"SBC\",\"description\":\"\",\"publisher\":{\"@id\":\"https:\/\/swissbaker.ch\/fr\/#organization\"},\"potentialAction\":[{\"@type\":\"SearchAction\",\"target\":{\"@type\":\"EntryPoint\",\"urlTemplate\":\"https:\/\/swissbaker.ch\/fr\/?s={search_term_string}\"},\"query-input\":{\"@type\":\"PropertyValueSpecification\",\"valueRequired\":true,\"valueName\":\"search_term_string\"}}],\"inLanguage\":\"fr-FR\"},{\"@type\":\"Organization\",\"@id\":\"https:\/\/swissbaker.ch\/fr\/#organization\",\"name\":\"Schweizerischer B\u00e4cker-Confiseurmeister-Verband\",\"url\":\"https:\/\/swissbaker.ch\/fr\/\",\"logo\":{\"@type\":\"ImageObject\",\"inLanguage\":\"fr-FR\",\"@id\":\"https:\/\/swissbaker.ch\/fr\/#\/schema\/logo\/image\/\",\"url\":\"https:\/\/swissbaker.ch\/wp-content\/uploads\/2022\/04\/sbc-logo-yoast.jpg\",\"contentUrl\":\"https:\/\/swissbaker.ch\/wp-content\/uploads\/2022\/04\/sbc-logo-yoast.jpg\",\"width\":512,\"height\":512,\"caption\":\"Schweizerischer B\u00e4cker-Confiseurmeister-Verband\"},\"image\":{\"@id\":\"https:\/\/swissbaker.ch\/fr\/#\/schema\/logo\/image\/\"},\"sameAs\":[\"https:\/\/www.facebook.com\/swissbaker.ch\",\"https:\/\/x.com\/ch_swissbaker\"]},{\"@type\":\"Person\",\"@id\":\"https:\/\/swissbaker.ch\/fr\/#\/schema\/person\/058ac47619f7da53df62aba60f939b78\",\"name\":\"azureart\",\"image\":{\"@type\":\"ImageObject\",\"inLanguage\":\"fr-FR\",\"@id\":\"https:\/\/swissbaker.ch\/fr\/#\/schema\/person\/image\/\",\"url\":\"https:\/\/secure.gravatar.com\/avatar\/be04dd3098fd612c83067af4f7a295384c93cb6a9112f51beb9d2f477d25da61?s=96&d=mm&r=g\",\"contentUrl\":\"https:\/\/secure.gravatar.com\/avatar\/be04dd3098fd612c83067af4f7a295384c93cb6a9112f51beb9d2f477d25da61?s=96&d=mm&r=g\",\"caption\":\"azureart\"},\"sameAs\":[\"https:\/\/swissbaker.ch\"],\"url\":\"https:\/\/swissbaker.ch\/fr\/panissimo-news\/author\/pixel-ahoi\/\"}]}<\/script>\n<!-- \/ Yoast SEO Premium plugin. -->","yoast_head_json":{"title":"L\u2019approvisionnement du pays serait menac\u00e9 | SBC","robots":{"index":"index","follow":"follow","max-snippet":"max-snippet:-1","max-image-preview":"max-image-preview:large","max-video-preview":"max-video-preview:-1"},"canonical":"https:\/\/swissbaker.ch\/fr\/panissimo-news\/lapprovisionnement-du-pays-serait-menace\/","og_locale":"fr_FR","og_type":"article","og_title":"L\u2019approvisionnement du pays serait menac\u00e9","og_description":"Les deux initiatives, sur les pesticides et l\u2019eau potable, menacent l\u2019approvisionnement du pays, selon une \u00e9tude de l\u2019Universit\u00e9 de Saint-Gall. Le tourisme d\u2019achat s\u2019en trouverait par ailleurs encourag\u00e9. prononceront sur les deux initiatives \u00ab\u2009anti-pesticides\u2009\u00bb et \u00ab\u2009eau potable\u2009\u00bb, qui visent toutes deux une interdiction totale des pesticides de synth\u00e8se. L\u2019acceptation de ces textes aurait de graves cons\u00e9quences pour l\u2019agriculture suisse, l\u2019industrie [&hellip;]","og_url":"https:\/\/swissbaker.ch\/fr\/panissimo-news\/lapprovisionnement-du-pays-serait-menace\/","og_site_name":"SBC","article_publisher":"https:\/\/www.facebook.com\/swissbaker.ch","article_published_time":"2021-05-31T11:32:00+00:00","article_modified_time":"2022-05-05T14:31:02+00:00","og_image":[{"width":800,"height":474,"url":"https:\/\/swissbaker.ch\/wp-content\/uploads\/2022\/03\/11_2_agrarinitiativen.jpeg","type":"image\/jpeg"}],"author":"azureart","twitter_card":"summary_large_image","twitter_creator":"@ch_swissbaker","twitter_site":"@ch_swissbaker","twitter_misc":{"Written by":"azureart","Est. reading time":"3 minutes"},"schema":{"@context":"https:\/\/schema.org","@graph":[{"@type":"Article","@id":"https:\/\/swissbaker.ch\/fr\/panissimo-news\/lapprovisionnement-du-pays-serait-menace\/#article","isPartOf":{"@id":"https:\/\/swissbaker.ch\/fr\/panissimo-news\/lapprovisionnement-du-pays-serait-menace\/"},"author":{"name":"azureart","@id":"https:\/\/swissbaker.ch\/fr\/#\/schema\/person\/058ac47619f7da53df62aba60f939b78"},"headline":"L\u2019approvisionnement du pays serait menac\u00e9","datePublished":"2021-05-31T11:32:00+00:00","dateModified":"2022-05-05T14:31:02+00:00","mainEntityOfPage":{"@id":"https:\/\/swissbaker.ch\/fr\/panissimo-news\/lapprovisionnement-du-pays-serait-menace\/"},"wordCount":490,"commentCount":0,"publisher":{"@id":"https:\/\/swissbaker.ch\/fr\/#organization"},"image":{"@id":"https:\/\/swissbaker.ch\/fr\/panissimo-news\/lapprovisionnement-du-pays-serait-menace\/#primaryimage"},"thumbnailUrl":"https:\/\/swissbaker.ch\/wp-content\/uploads\/2022\/03\/11_2_agrarinitiativen.jpeg","articleSection":["Droit &amp; politique"],"inLanguage":"fr-FR","potentialAction":[{"@type":"CommentAction","name":"Comment","target":["https:\/\/swissbaker.ch\/fr\/panissimo-news\/lapprovisionnement-du-pays-serait-menace\/#respond"]}]},{"@type":"WebPage","@id":"https:\/\/swissbaker.ch\/fr\/panissimo-news\/lapprovisionnement-du-pays-serait-menace\/","url":"https:\/\/swissbaker.ch\/fr\/panissimo-news\/lapprovisionnement-du-pays-serait-menace\/","name":"L\u2019approvisionnement du pays serait menac\u00e9 | SBC","isPartOf":{"@id":"https:\/\/swissbaker.ch\/fr\/#website"},"primaryImageOfPage":{"@id":"https:\/\/swissbaker.ch\/fr\/panissimo-news\/lapprovisionnement-du-pays-serait-menace\/#primaryimage"},"image":{"@id":"https:\/\/swissbaker.ch\/fr\/panissimo-news\/lapprovisionnement-du-pays-serait-menace\/#primaryimage"},"thumbnailUrl":"https:\/\/swissbaker.ch\/wp-content\/uploads\/2022\/03\/11_2_agrarinitiativen.jpeg","datePublished":"2021-05-31T11:32:00+00:00","dateModified":"2022-05-05T14:31:02+00:00","breadcrumb":{"@id":"https:\/\/swissbaker.ch\/fr\/panissimo-news\/lapprovisionnement-du-pays-serait-menace\/#breadcrumb"},"inLanguage":"fr-FR","potentialAction":[{"@type":"ReadAction","target":["https:\/\/swissbaker.ch\/fr\/panissimo-news\/lapprovisionnement-du-pays-serait-menace\/"]}]},{"@type":"ImageObject","inLanguage":"fr-FR","@id":"https:\/\/swissbaker.ch\/fr\/panissimo-news\/lapprovisionnement-du-pays-serait-menace\/#primaryimage","url":"https:\/\/swissbaker.ch\/wp-content\/uploads\/2022\/03\/11_2_agrarinitiativen.jpeg","contentUrl":"https:\/\/swissbaker.ch\/wp-content\/uploads\/2022\/03\/11_2_agrarinitiativen.jpeg","width":800,"height":474,"caption":"L\u2019approvisionnement du pays serait menac\u00e9"},{"@type":"BreadcrumbList","@id":"https:\/\/swissbaker.ch\/fr\/panissimo-news\/lapprovisionnement-du-pays-serait-menace\/#breadcrumb","itemListElement":[{"@type":"ListItem","position":1,"name":"","item":"https:\/\/swissbaker.ch\/fr\/"},{"@type":"ListItem","position":2,"name":"Droit &amp; politique","item":"https:\/\/swissbaker.ch\/fr\/panissimo-news\/category\/droit-politique\/"},{"@type":"ListItem","position":3,"name":"L\u2019approvisionnement du pays serait menac\u00e9"}]},{"@type":"WebSite","@id":"https:\/\/swissbaker.ch\/fr\/#website","url":"https:\/\/swissbaker.ch\/fr\/","name":"SBC","description":"","publisher":{"@id":"https:\/\/swissbaker.ch\/fr\/#organization"},"potentialAction":[{"@type":"SearchAction","target":{"@type":"EntryPoint","urlTemplate":"https:\/\/swissbaker.ch\/fr\/?s={search_term_string}"},"query-input":{"@type":"PropertyValueSpecification","valueRequired":true,"valueName":"search_term_string"}}],"inLanguage":"fr-FR"},{"@type":"Organization","@id":"https:\/\/swissbaker.ch\/fr\/#organization","name":"Schweizerischer B\u00e4cker-Confiseurmeister-Verband","url":"https:\/\/swissbaker.ch\/fr\/","logo":{"@type":"ImageObject","inLanguage":"fr-FR","@id":"https:\/\/swissbaker.ch\/fr\/#\/schema\/logo\/image\/","url":"https:\/\/swissbaker.ch\/wp-content\/uploads\/2022\/04\/sbc-logo-yoast.jpg","contentUrl":"https:\/\/swissbaker.ch\/wp-content\/uploads\/2022\/04\/sbc-logo-yoast.jpg","width":512,"height":512,"caption":"Schweizerischer B\u00e4cker-Confiseurmeister-Verband"},"image":{"@id":"https:\/\/swissbaker.ch\/fr\/#\/schema\/logo\/image\/"},"sameAs":["https:\/\/www.facebook.com\/swissbaker.ch","https:\/\/x.com\/ch_swissbaker"]},{"@type":"Person","@id":"https:\/\/swissbaker.ch\/fr\/#\/schema\/person\/058ac47619f7da53df62aba60f939b78","name":"azureart","image":{"@type":"ImageObject","inLanguage":"fr-FR","@id":"https:\/\/swissbaker.ch\/fr\/#\/schema\/person\/image\/","url":"https:\/\/secure.gravatar.com\/avatar\/be04dd3098fd612c83067af4f7a295384c93cb6a9112f51beb9d2f477d25da61?s=96&d=mm&r=g","contentUrl":"https:\/\/secure.gravatar.com\/avatar\/be04dd3098fd612c83067af4f7a295384c93cb6a9112f51beb9d2f477d25da61?s=96&d=mm&r=g","caption":"azureart"},"sameAs":["https:\/\/swissbaker.ch"],"url":"https:\/\/swissbaker.ch\/fr\/panissimo-news\/author\/pixel-ahoi\/"}]}},"_links":{"self":[{"href":"https:\/\/swissbaker.ch\/fr\/wp-json\/wp\/v2\/posts\/8296","targetHints":{"allow":["GET"]}}],"collection":[{"href":"https:\/\/swissbaker.ch\/fr\/wp-json\/wp\/v2\/posts"}],"about":[{"href":"https:\/\/swissbaker.ch\/fr\/wp-json\/wp\/v2\/types\/post"}],"author":[{"embeddable":true,"href":"https:\/\/swissbaker.ch\/fr\/wp-json\/wp\/v2\/users\/1"}],"replies":[{"embeddable":true,"href":"https:\/\/swissbaker.ch\/fr\/wp-json\/wp\/v2\/comments?post=8296"}],"version-history":[{"count":0,"href":"https:\/\/swissbaker.ch\/fr\/wp-json\/wp\/v2\/posts\/8296\/revisions"}],"wp:featuredmedia":[{"embeddable":true,"href":"https:\/\/swissbaker.ch\/fr\/wp-json\/wp\/v2\/media\/5290"}],"wp:attachment":[{"href":"https:\/\/swissbaker.ch\/fr\/wp-json\/wp\/v2\/media?parent=8296"}],"wp:term":[{"taxonomy":"category","embeddable":true,"href":"https:\/\/swissbaker.ch\/fr\/wp-json\/wp\/v2\/categories?post=8296"},{"taxonomy":"post_tag","embeddable":true,"href":"https:\/\/swissbaker.ch\/fr\/wp-json\/wp\/v2\/tags?post=8296"}],"curies":[{"name":"wp","href":"https:\/\/api.w.org\/{rel}","templated":true}]}}