{"id":82812,"date":"2024-09-03T10:37:33","date_gmt":"2024-09-03T08:37:33","guid":{"rendered":"https:\/\/swissbaker.ch\/?p=82812"},"modified":"2024-09-03T11:23:42","modified_gmt":"2024-09-03T09:23:42","slug":"premiere-participation-au-swiss-bakery-trophy","status":"publish","type":"post","link":"https:\/\/swissbaker.ch\/fr\/panissimo-news\/premiere-participation-au-swiss-bakery-trophy\/","title":{"rendered":"Premi\u00e8re participation au Swiss Bakery Trophy"},"content":{"rendered":"\n<p><strong>Olliviane Maire et Lionel Tavernier ont ouvert la Boulangerie de Colombier fin 2023. Ambitieux et passionn\u00e9s, ils mettent tout leur c\u0153ur \u00e0 l\u2019ouvrage et le flot de clients qui ach\u00e8tent leurs produits en est la preuve. Ils tenteront leur chance pour la premi\u00e8re fois au Swiss Bakery Trophy cet automne \u00e0 Bulle (FR).<\/strong><\/p>\n\n\n\n<p>C\u2019est \u00e0 la Tarterie du Littoral \u00e0 Neuch\u00e2tel qu\u2019Olliviane Maire et Lionel Tavernier se sont rencontr\u00e9s lorsqu\u2019ils y \u00e9taient tous deux employ\u00e9s. En couple depuis quatre ans, ils se sont lanc\u00e9s comme ind\u00e9pendants en ouvrant leur propre boulangerie \u00e0 Colombier (NE). \u00ab\u2009La maman d\u2019un copain nous a dit que les anciens propri\u00e9taires recherchaient quelqu\u2019un pour reprendre les lieux, nous avons d\u00e9pos\u00e9 notre dossier puis tout est all\u00e9 tr\u00e8s vite\u2009\u00bb, racontent-ils. <\/p>\n\n\n\n<p>Apr\u00e8s quelques mois de travaux, ils ont ouvert en novembre\u202f2023. \u00ab\u2009Le roulement a \u00e9t\u00e9 le plus dur \u00e0 mettre en place. Etre ind\u00e9pendants demande de nombreux sacrifices. Avoir plus de 24\u202fheures dans une journ\u00e9e serait id\u00e9al\u2009\u00bb, disent-ils avec le sourire. Un jour, un repr\u00e9sentant a dit \u00e0 M. Tavernier\u2009: \u00ab\u2009Vous ne faites pas une course, vous faites un marathon\u2009\u00bb. Cette phrase l\u2019a beaucoup marqu\u00e9 et il la garde toujours dans un coin de sa t\u00eate en cas de coup de stress.<\/p>\n\n\n\n<h2 class=\"wp-block-heading\" id=\"h-le-gout-de-l-enfance\">Le go\u00fbt de l\u2019enfance<\/h2>\n\n\n\n<p>Les multiples commentaires positifs des clients les touchent et les font tenir\u2009: \u00ab\u2009Un jour nous avons re\u00e7u un message audio de la maman d\u2019un ami. Elle disait, pleine d\u2019\u00e9motion, que son papa avait eu les larmes aux yeux en go\u00fbtant notre pain et qu\u2019il lui avait dit qu\u2019il avait enfin retrouv\u00e9 le go\u00fbt du pain de son enfance. C\u2019\u00e9tait tellement puissant d\u2019entendre cela que nous avons eu, nous aussi, les yeux tout embu\u00e9s.\u2009\u00bb Il faut dire que le couple aime le contact avec la client\u00e8le. Il met un point d\u2019honneur \u00e0 \u00eatre pr\u00e9sent \u00e0 la vente de temps \u00e0 autre\u2009: \u00ab\u2009C\u2019est principalement dans ces moments-l\u00e0 que nous avons les retours des clients. Nous aimons avoir cette proximit\u00e9 avec eux.\u2009\u00bb<\/p>\n\n\n\n<figure class=\"wp-block-image size-large\"><img decoding=\"async\" width=\"1024\" height=\"608\" src=\"https:\/\/swissbaker.ch\/wp-content\/uploads\/2024\/09\/16_2_boul_colombier_1-1024x608.jpg\" alt=\"\" class=\"wp-image-82800\" srcset=\"https:\/\/swissbaker.ch\/wp-content\/uploads\/2024\/09\/16_2_boul_colombier_1-1024x608.jpg 1024w, https:\/\/swissbaker.ch\/wp-content\/uploads\/2024\/09\/16_2_boul_colombier_1-768x456.jpg 768w, https:\/\/swissbaker.ch\/wp-content\/uploads\/2024\/09\/16_2_boul_colombier_1.jpg 1200w\" sizes=\"(max-width: 1024px) 100vw, 1024px\" \/><figcaption class=\"wp-element-caption\"><em>Les apprentis Aelys et Ethan aux c\u00f4t\u00e9s de leurs formateurs.<\/em><\/figcaption><\/figure>\n\n\n\n<p>Les proches du couple leur sont aussi d\u2019un grand soutien. Ils se sont beaucoup impliqu\u00e9s pendant les travaux et les aident encore actuellement pour certains aspects li\u00e9s \u00e0 la gestion administrative de la boulangerie ou dans la vente. L\u2019Ecole professionnelle Richemont et Proback leur ont \u00e9galement apport\u00e9 de nombreux conseils \u00e0 leurs d\u00e9buts.<\/p>\n\n\n\n<div style=\"height:28px\" aria-hidden=\"true\" class=\"wp-block-spacer\"><\/div>\n\n\n\n<blockquote class=\"wp-block-quote\">\n<p style=\"font-size:22px;font-style:italic;font-weight:700\">\u00ab\u2009Avec tous les retours positifs de nos clients, nous nous sommes dit que tester nos produits et nous mesurer aux autres \u00e9tait une bonne id\u00e9e. \u00bb<\/p>\n\n\n\n<p><strong>Lionel Tavernier<\/strong><\/p>\n<\/blockquote>\n\n\n\n<div style=\"height:28px\" aria-hidden=\"true\" class=\"wp-block-spacer\"><\/div>\n\n\n\n<p>Plein d\u2019ambition et de cr\u00e9ativit\u00e9, le jeune couple s\u2019est inscrit au Swiss Bakery Trophy\u2009: \u00ab\u2009Avec tous les retours positifs de nos clients, nous nous sommes dit que tester nos produits et nous mesurer aux autres \u00e9tait une bonne id\u00e9e. En plus, c\u2019est un concours qui peut nous offrir une belle vitrine en cas de victoire.\u2009\u00bb Lionel Tavernier est impliqu\u00e9 dans la vie associative de la profession puisqu\u2019il a rejoint ce printemps la commission Soutien aux membres de l\u2019Association romande des artisans boulangers-p\u00e2tissiers-confiseurs. Un lieu id\u00e9al pour r\u00e9seauter et partager ses exp\u00e9riences avec les autres dit-il.<\/p>\n\n\n\n<div style=\"height:24px\" aria-hidden=\"true\" class=\"wp-block-spacer\"><\/div>\n\n\n\n<hr class=\"wp-block-separator has-alpha-channel-opacity\"\/>\n\n\n<div class=\"wp-block-image\">\n<figure class=\"aligncenter size-large is-resized\"><img decoding=\"async\" width=\"1024\" height=\"767\" src=\"https:\/\/swissbaker.ch\/wp-content\/uploads\/2024\/09\/sbt_2024-1024x767.jpg\" alt=\"\" class=\"wp-image-82803\" style=\"width:167px;height:auto\" srcset=\"https:\/\/swissbaker.ch\/wp-content\/uploads\/2024\/09\/sbt_2024-1024x767.jpg 1024w, https:\/\/swissbaker.ch\/wp-content\/uploads\/2024\/09\/sbt_2024-768x575.jpg 768w, https:\/\/swissbaker.ch\/wp-content\/uploads\/2024\/09\/sbt_2024-1000x750.jpg 1000w, https:\/\/swissbaker.ch\/wp-content\/uploads\/2024\/09\/sbt_2024.jpg 1380w\" sizes=\"(max-width: 1024px) 100vw, 1024px\" \/><\/figure>\n<\/div>\n\n\n<div style=\"height:23px\" aria-hidden=\"true\" class=\"wp-block-spacer\"><\/div>\n\n\n\n<p class=\"has-text-align-center has-text-color has-link-color wp-elements-99197e7a47e90ba39015079ee656e75e\" style=\"color:#cc9933\">Du 30\u202foctobre au 3\u202fnovembre, le Salon suisse des go\u00fbts et terroirs \u00e0 Bulle (FR) accueillera la 10e\u202f\u00e9dition du Swiss Bakery Trophy. Lors de cette taxation nationale, les boulangers-confiseurs ont une occasion unique de soumettre leurs sp\u00e9cialit\u00e9s \u00e0 un jury de professionnels et d\u2019experts. Les meilleurs produits se verront attribuer une m\u00e9daille d\u2019or, d\u2019argent ou de bronze. Les jur\u00e9s d\u00e9signeront \u00e9galement le meilleur artisan de Suisse et de chaque canton. Les inscriptions sont ouvertes jusqu\u2019au 30\u202fseptembre.<\/p>\n\n\n\n<p class=\"has-text-align-center has-text-color has-link-color wp-elements-33647a91f9f8956c7d1f0169f6f09103\" style=\"color:#cc9933\"><a href=\"http:\/\/swissbakerytrophy.ch\" target=\"_blank\" rel=\"noreferrer noopener\"><strong>swissbakerytrophy.ch<\/strong><\/a><\/p>\n\n\n\n<hr class=\"wp-block-separator has-alpha-channel-opacity\"\/>\n\n\n\n<div style=\"height:22px\" aria-hidden=\"true\" class=\"wp-block-spacer\"><\/div>\n\n\n\n<h2 class=\"wp-block-heading\" id=\"h-transmettre-leur-passion\">Transmettre leur passion<\/h2>\n\n\n\n<p>A tout juste 30 ans pour lui et 28 ans pour elle, le couple fait partie de la nouvelle g\u00e9n\u00e9ration de la profession. Ce n\u2019est pas pour autant qu\u2019ils ne pensent pas d\u00e9j\u00e0 \u00e0 la g\u00e9n\u00e9ration future\u2009: \u00ab\u2009Nous avons toujours eu pour objectif de former des apprentis. Au d\u00e9part, nous nous \u00e9tions donn\u00e9 un ou deux ans avant d\u2019en engager. Finalement, nous avons accept\u00e9 de reprendre deux apprentis en cours de route, Ethan et Aelys.\u2009\u00bb Ethan a \u00e9t\u00e9 contraint de changer d\u2019entreprise \u00e0 deux mois de ses examens et a ainsi d\u00fb refaire son classeur de recettes, travail qui se fait normalement sur les trois ans d\u2019apprentissage. Il a r\u00e9ussi ses examens avec brio. Le couple est heureux de pouvoir compter sur sa collaboration pour la suite de son avenir professionnel. Aelys commence sa troisi\u00e8me ann\u00e9e d\u2019apprentissage et un nouvel apprenti vient tout juste de rejoindre l\u2019\u00e9quipe.<\/p>\n\n\n\n<p>Que pr\u00e9pare cette jeune \u00e9quipe pour le Swiss Bakery Trophy\u2009? Rendez-vous \u00e0 Bulle cet automne pour le d\u00e9couvrir. <\/p>\n\n\n\n<p class=\"has-text-align-right\"><em>Ana\u00eblle Deschenaux<\/em><\/p>\n","protected":false},"excerpt":{"rendered":"<p>Olliviane Maire et Lionel Tavernier ont ouvert la Boulangerie de Colombier fin 2023. Ambitieux et passionn\u00e9s, ils mettent tout leur c\u0153ur \u00e0 l\u2019ouvrage et le flot de clients qui ach\u00e8tent leurs produits en est la preuve. Ils tenteront leur chance pour la premi\u00e8re fois au Swiss Bakery Trophy cet automne \u00e0 Bulle (FR).<\/p>\n","protected":false},"author":5,"featured_media":82814,"comment_status":"closed","ping_status":"closed","sticky":true,"template":"","format":"standard","meta":{"_acf_changed":false,"footnotes":""},"categories":[42,40],"tags":[534,535,536,471],"class_list":["post-82812","post","type-post","status-publish","format-standard","has-post-thumbnail","hentry","category-boulangeries-confiseries","category-des-cantons","tag-boulangerie-de-colombier","tag-lionel-tavernier","tag-olliviane-maire","tag-swiss-bakery-trophy-2024-2"],"acf":[],"yoast_head":"<!-- This site is optimized with the Yoast SEO Premium plugin v26.8 (Yoast SEO v26.8) - https:\/\/yoast.com\/product\/yoast-seo-premium-wordpress\/ -->\n<title>Premi\u00e8re participation au Swiss Bakery Trophy | SBC<\/title>\n<meta name=\"description\" content=\"Olliviane Maire et Lionel Tavernier ont ouvert la Boulangerie de Colombier fin 2023. Ambitieux et passionn\u00e9s, ils mettent tout leur c\u0153ur \u00e0 l\u2019ouvrage et le flot de clients qui ach\u00e8tent leurs produits en est la preuve.\" \/>\n<meta name=\"robots\" content=\"index, follow, max-snippet:-1, max-image-preview:large, max-video-preview:-1\" \/>\n<link rel=\"canonical\" href=\"https:\/\/swissbaker.ch\/fr\/panissimo-news\/premiere-participation-au-swiss-bakery-trophy\/\" \/>\n<meta property=\"og:locale\" content=\"fr_FR\" \/>\n<meta property=\"og:type\" content=\"article\" \/>\n<meta property=\"og:title\" content=\"Premi\u00e8re participation au Swiss Bakery Trophy\" \/>\n<meta property=\"og:description\" content=\"Olliviane Maire et Lionel Tavernier ont ouvert la Boulangerie de Colombier fin 2023. Ambitieux et passionn\u00e9s, ils mettent tout leur c\u0153ur \u00e0 l\u2019ouvrage et le flot de clients qui ach\u00e8tent leurs produits en est la preuve.\" \/>\n<meta property=\"og:url\" content=\"https:\/\/swissbaker.ch\/fr\/panissimo-news\/premiere-participation-au-swiss-bakery-trophy\/\" \/>\n<meta property=\"og:site_name\" content=\"SBC\" \/>\n<meta property=\"article:publisher\" content=\"https:\/\/www.facebook.com\/swissbaker.ch\" \/>\n<meta property=\"article:published_time\" content=\"2024-09-03T08:37:33+00:00\" \/>\n<meta property=\"article:modified_time\" content=\"2024-09-03T09:23:42+00:00\" \/>\n<meta property=\"og:image\" content=\"https:\/\/swissbaker.ch\/wp-content\/uploads\/2024\/09\/16_2_boul_colombier.jpg\" \/>\n\t<meta property=\"og:image:width\" content=\"1200\" \/>\n\t<meta property=\"og:image:height\" content=\"712\" \/>\n\t<meta property=\"og:image:type\" content=\"image\/jpeg\" \/>\n<meta name=\"author\" content=\"Simon Nussbaum\" \/>\n<meta name=\"twitter:card\" content=\"summary_large_image\" \/>\n<meta name=\"twitter:creator\" content=\"@ch_swissbaker\" \/>\n<meta name=\"twitter:site\" content=\"@ch_swissbaker\" \/>\n<meta name=\"twitter:label1\" content=\"Written by\" \/>\n\t<meta name=\"twitter:data1\" content=\"Simon Nussbaum\" \/>\n\t<meta name=\"twitter:label2\" content=\"Est. reading time\" \/>\n\t<meta name=\"twitter:data2\" content=\"4 minutes\" \/>\n<script type=\"application\/ld+json\" class=\"yoast-schema-graph\">{\"@context\":\"https:\/\/schema.org\",\"@graph\":[{\"@type\":\"Article\",\"@id\":\"https:\/\/swissbaker.ch\/fr\/panissimo-news\/premiere-participation-au-swiss-bakery-trophy\/#article\",\"isPartOf\":{\"@id\":\"https:\/\/swissbaker.ch\/fr\/panissimo-news\/premiere-participation-au-swiss-bakery-trophy\/\"},\"author\":{\"name\":\"Simon Nussbaum\",\"@id\":\"https:\/\/swissbaker.ch\/fr\/#\/schema\/person\/74bd327b08c18ca6042c02ff6f0ed5e2\"},\"headline\":\"Premi\u00e8re participation au Swiss Bakery Trophy\",\"datePublished\":\"2024-09-03T08:37:33+00:00\",\"dateModified\":\"2024-09-03T09:23:42+00:00\",\"mainEntityOfPage\":{\"@id\":\"https:\/\/swissbaker.ch\/fr\/panissimo-news\/premiere-participation-au-swiss-bakery-trophy\/\"},\"wordCount\":836,\"publisher\":{\"@id\":\"https:\/\/swissbaker.ch\/fr\/#organization\"},\"image\":{\"@id\":\"https:\/\/swissbaker.ch\/fr\/panissimo-news\/premiere-participation-au-swiss-bakery-trophy\/#primaryimage\"},\"thumbnailUrl\":\"https:\/\/swissbaker.ch\/wp-content\/uploads\/2024\/09\/16_2_boul_colombier.jpg\",\"keywords\":[\"Boulangerie de Colombier\",\"Lionel Tavernier\",\"Olliviane Maire\",\"Swiss Bakery Trophy 2024\"],\"articleSection\":[\"Boulangeries\/Confiseries\",\"Des cantons\"],\"inLanguage\":\"fr-FR\"},{\"@type\":\"WebPage\",\"@id\":\"https:\/\/swissbaker.ch\/fr\/panissimo-news\/premiere-participation-au-swiss-bakery-trophy\/\",\"url\":\"https:\/\/swissbaker.ch\/fr\/panissimo-news\/premiere-participation-au-swiss-bakery-trophy\/\",\"name\":\"Premi\u00e8re participation au Swiss Bakery Trophy | SBC\",\"isPartOf\":{\"@id\":\"https:\/\/swissbaker.ch\/fr\/#website\"},\"primaryImageOfPage\":{\"@id\":\"https:\/\/swissbaker.ch\/fr\/panissimo-news\/premiere-participation-au-swiss-bakery-trophy\/#primaryimage\"},\"image\":{\"@id\":\"https:\/\/swissbaker.ch\/fr\/panissimo-news\/premiere-participation-au-swiss-bakery-trophy\/#primaryimage\"},\"thumbnailUrl\":\"https:\/\/swissbaker.ch\/wp-content\/uploads\/2024\/09\/16_2_boul_colombier.jpg\",\"datePublished\":\"2024-09-03T08:37:33+00:00\",\"dateModified\":\"2024-09-03T09:23:42+00:00\",\"description\":\"Olliviane Maire et Lionel Tavernier ont ouvert la Boulangerie de Colombier fin 2023. Ambitieux et passionn\u00e9s, ils mettent tout leur c\u0153ur \u00e0 l\u2019ouvrage et le flot de clients qui ach\u00e8tent leurs produits en est la preuve.\",\"breadcrumb\":{\"@id\":\"https:\/\/swissbaker.ch\/fr\/panissimo-news\/premiere-participation-au-swiss-bakery-trophy\/#breadcrumb\"},\"inLanguage\":\"fr-FR\",\"potentialAction\":[{\"@type\":\"ReadAction\",\"target\":[\"https:\/\/swissbaker.ch\/fr\/panissimo-news\/premiere-participation-au-swiss-bakery-trophy\/\"]}]},{\"@type\":\"ImageObject\",\"inLanguage\":\"fr-FR\",\"@id\":\"https:\/\/swissbaker.ch\/fr\/panissimo-news\/premiere-participation-au-swiss-bakery-trophy\/#primaryimage\",\"url\":\"https:\/\/swissbaker.ch\/wp-content\/uploads\/2024\/09\/16_2_boul_colombier.jpg\",\"contentUrl\":\"https:\/\/swissbaker.ch\/wp-content\/uploads\/2024\/09\/16_2_boul_colombier.jpg\",\"width\":1200,\"height\":712},{\"@type\":\"BreadcrumbList\",\"@id\":\"https:\/\/swissbaker.ch\/fr\/panissimo-news\/premiere-participation-au-swiss-bakery-trophy\/#breadcrumb\",\"itemListElement\":[{\"@type\":\"ListItem\",\"position\":1,\"name\":\"\",\"item\":\"https:\/\/swissbaker.ch\/fr\/\"},{\"@type\":\"ListItem\",\"position\":2,\"name\":\"Des cantons\",\"item\":\"https:\/\/swissbaker.ch\/fr\/panissimo-news\/category\/des-cantons\/\"},{\"@type\":\"ListItem\",\"position\":3,\"name\":\"Premi\u00e8re participation au Swiss Bakery Trophy\"}]},{\"@type\":\"WebSite\",\"@id\":\"https:\/\/swissbaker.ch\/fr\/#website\",\"url\":\"https:\/\/swissbaker.ch\/fr\/\",\"name\":\"SBC\",\"description\":\"\",\"publisher\":{\"@id\":\"https:\/\/swissbaker.ch\/fr\/#organization\"},\"potentialAction\":[{\"@type\":\"SearchAction\",\"target\":{\"@type\":\"EntryPoint\",\"urlTemplate\":\"https:\/\/swissbaker.ch\/fr\/?s={search_term_string}\"},\"query-input\":{\"@type\":\"PropertyValueSpecification\",\"valueRequired\":true,\"valueName\":\"search_term_string\"}}],\"inLanguage\":\"fr-FR\"},{\"@type\":\"Organization\",\"@id\":\"https:\/\/swissbaker.ch\/fr\/#organization\",\"name\":\"Schweizerischer B\u00e4cker-Confiseurmeister-Verband\",\"url\":\"https:\/\/swissbaker.ch\/fr\/\",\"logo\":{\"@type\":\"ImageObject\",\"inLanguage\":\"fr-FR\",\"@id\":\"https:\/\/swissbaker.ch\/fr\/#\/schema\/logo\/image\/\",\"url\":\"https:\/\/swissbaker.ch\/wp-content\/uploads\/2022\/04\/sbc-logo-yoast.jpg\",\"contentUrl\":\"https:\/\/swissbaker.ch\/wp-content\/uploads\/2022\/04\/sbc-logo-yoast.jpg\",\"width\":512,\"height\":512,\"caption\":\"Schweizerischer B\u00e4cker-Confiseurmeister-Verband\"},\"image\":{\"@id\":\"https:\/\/swissbaker.ch\/fr\/#\/schema\/logo\/image\/\"},\"sameAs\":[\"https:\/\/www.facebook.com\/swissbaker.ch\",\"https:\/\/x.com\/ch_swissbaker\"]},{\"@type\":\"Person\",\"@id\":\"https:\/\/swissbaker.ch\/fr\/#\/schema\/person\/74bd327b08c18ca6042c02ff6f0ed5e2\",\"name\":\"Simon Nussbaum\",\"image\":{\"@type\":\"ImageObject\",\"inLanguage\":\"fr-FR\",\"@id\":\"https:\/\/swissbaker.ch\/fr\/#\/schema\/person\/image\/\",\"url\":\"https:\/\/secure.gravatar.com\/avatar\/df0eced3bb556c806cb760cf503ade1ed1df25b4104d80d6fd28d93a9509aa12?s=96&d=mm&r=g\",\"contentUrl\":\"https:\/\/secure.gravatar.com\/avatar\/df0eced3bb556c806cb760cf503ade1ed1df25b4104d80d6fd28d93a9509aa12?s=96&d=mm&r=g\",\"caption\":\"Simon Nussbaum\"},\"url\":\"https:\/\/swissbaker.ch\/fr\/panissimo-news\/author\/simon-nussbaum\/\"}]}<\/script>\n<!-- \/ Yoast SEO Premium plugin. -->","yoast_head_json":{"title":"Premi\u00e8re participation au Swiss Bakery Trophy | SBC","description":"Olliviane Maire et Lionel Tavernier ont ouvert la Boulangerie de Colombier fin 2023. Ambitieux et passionn\u00e9s, ils mettent tout leur c\u0153ur \u00e0 l\u2019ouvrage et le flot de clients qui ach\u00e8tent leurs produits en est la preuve.","robots":{"index":"index","follow":"follow","max-snippet":"max-snippet:-1","max-image-preview":"max-image-preview:large","max-video-preview":"max-video-preview:-1"},"canonical":"https:\/\/swissbaker.ch\/fr\/panissimo-news\/premiere-participation-au-swiss-bakery-trophy\/","og_locale":"fr_FR","og_type":"article","og_title":"Premi\u00e8re participation au Swiss Bakery Trophy","og_description":"Olliviane Maire et Lionel Tavernier ont ouvert la Boulangerie de Colombier fin 2023. Ambitieux et passionn\u00e9s, ils mettent tout leur c\u0153ur \u00e0 l\u2019ouvrage et le flot de clients qui ach\u00e8tent leurs produits en est la preuve.","og_url":"https:\/\/swissbaker.ch\/fr\/panissimo-news\/premiere-participation-au-swiss-bakery-trophy\/","og_site_name":"SBC","article_publisher":"https:\/\/www.facebook.com\/swissbaker.ch","article_published_time":"2024-09-03T08:37:33+00:00","article_modified_time":"2024-09-03T09:23:42+00:00","og_image":[{"width":1200,"height":712,"url":"https:\/\/swissbaker.ch\/wp-content\/uploads\/2024\/09\/16_2_boul_colombier.jpg","type":"image\/jpeg"}],"author":"Simon Nussbaum","twitter_card":"summary_large_image","twitter_creator":"@ch_swissbaker","twitter_site":"@ch_swissbaker","twitter_misc":{"Written by":"Simon Nussbaum","Est. reading time":"4 minutes"},"schema":{"@context":"https:\/\/schema.org","@graph":[{"@type":"Article","@id":"https:\/\/swissbaker.ch\/fr\/panissimo-news\/premiere-participation-au-swiss-bakery-trophy\/#article","isPartOf":{"@id":"https:\/\/swissbaker.ch\/fr\/panissimo-news\/premiere-participation-au-swiss-bakery-trophy\/"},"author":{"name":"Simon Nussbaum","@id":"https:\/\/swissbaker.ch\/fr\/#\/schema\/person\/74bd327b08c18ca6042c02ff6f0ed5e2"},"headline":"Premi\u00e8re participation au Swiss Bakery Trophy","datePublished":"2024-09-03T08:37:33+00:00","dateModified":"2024-09-03T09:23:42+00:00","mainEntityOfPage":{"@id":"https:\/\/swissbaker.ch\/fr\/panissimo-news\/premiere-participation-au-swiss-bakery-trophy\/"},"wordCount":836,"publisher":{"@id":"https:\/\/swissbaker.ch\/fr\/#organization"},"image":{"@id":"https:\/\/swissbaker.ch\/fr\/panissimo-news\/premiere-participation-au-swiss-bakery-trophy\/#primaryimage"},"thumbnailUrl":"https:\/\/swissbaker.ch\/wp-content\/uploads\/2024\/09\/16_2_boul_colombier.jpg","keywords":["Boulangerie de Colombier","Lionel Tavernier","Olliviane Maire","Swiss Bakery Trophy 2024"],"articleSection":["Boulangeries\/Confiseries","Des cantons"],"inLanguage":"fr-FR"},{"@type":"WebPage","@id":"https:\/\/swissbaker.ch\/fr\/panissimo-news\/premiere-participation-au-swiss-bakery-trophy\/","url":"https:\/\/swissbaker.ch\/fr\/panissimo-news\/premiere-participation-au-swiss-bakery-trophy\/","name":"Premi\u00e8re participation au Swiss Bakery Trophy | SBC","isPartOf":{"@id":"https:\/\/swissbaker.ch\/fr\/#website"},"primaryImageOfPage":{"@id":"https:\/\/swissbaker.ch\/fr\/panissimo-news\/premiere-participation-au-swiss-bakery-trophy\/#primaryimage"},"image":{"@id":"https:\/\/swissbaker.ch\/fr\/panissimo-news\/premiere-participation-au-swiss-bakery-trophy\/#primaryimage"},"thumbnailUrl":"https:\/\/swissbaker.ch\/wp-content\/uploads\/2024\/09\/16_2_boul_colombier.jpg","datePublished":"2024-09-03T08:37:33+00:00","dateModified":"2024-09-03T09:23:42+00:00","description":"Olliviane Maire et Lionel Tavernier ont ouvert la Boulangerie de Colombier fin 2023. Ambitieux et passionn\u00e9s, ils mettent tout leur c\u0153ur \u00e0 l\u2019ouvrage et le flot de clients qui ach\u00e8tent leurs produits en est la preuve.","breadcrumb":{"@id":"https:\/\/swissbaker.ch\/fr\/panissimo-news\/premiere-participation-au-swiss-bakery-trophy\/#breadcrumb"},"inLanguage":"fr-FR","potentialAction":[{"@type":"ReadAction","target":["https:\/\/swissbaker.ch\/fr\/panissimo-news\/premiere-participation-au-swiss-bakery-trophy\/"]}]},{"@type":"ImageObject","inLanguage":"fr-FR","@id":"https:\/\/swissbaker.ch\/fr\/panissimo-news\/premiere-participation-au-swiss-bakery-trophy\/#primaryimage","url":"https:\/\/swissbaker.ch\/wp-content\/uploads\/2024\/09\/16_2_boul_colombier.jpg","contentUrl":"https:\/\/swissbaker.ch\/wp-content\/uploads\/2024\/09\/16_2_boul_colombier.jpg","width":1200,"height":712},{"@type":"BreadcrumbList","@id":"https:\/\/swissbaker.ch\/fr\/panissimo-news\/premiere-participation-au-swiss-bakery-trophy\/#breadcrumb","itemListElement":[{"@type":"ListItem","position":1,"name":"","item":"https:\/\/swissbaker.ch\/fr\/"},{"@type":"ListItem","position":2,"name":"Des cantons","item":"https:\/\/swissbaker.ch\/fr\/panissimo-news\/category\/des-cantons\/"},{"@type":"ListItem","position":3,"name":"Premi\u00e8re participation au Swiss Bakery Trophy"}]},{"@type":"WebSite","@id":"https:\/\/swissbaker.ch\/fr\/#website","url":"https:\/\/swissbaker.ch\/fr\/","name":"SBC","description":"","publisher":{"@id":"https:\/\/swissbaker.ch\/fr\/#organization"},"potentialAction":[{"@type":"SearchAction","target":{"@type":"EntryPoint","urlTemplate":"https:\/\/swissbaker.ch\/fr\/?s={search_term_string}"},"query-input":{"@type":"PropertyValueSpecification","valueRequired":true,"valueName":"search_term_string"}}],"inLanguage":"fr-FR"},{"@type":"Organization","@id":"https:\/\/swissbaker.ch\/fr\/#organization","name":"Schweizerischer B\u00e4cker-Confiseurmeister-Verband","url":"https:\/\/swissbaker.ch\/fr\/","logo":{"@type":"ImageObject","inLanguage":"fr-FR","@id":"https:\/\/swissbaker.ch\/fr\/#\/schema\/logo\/image\/","url":"https:\/\/swissbaker.ch\/wp-content\/uploads\/2022\/04\/sbc-logo-yoast.jpg","contentUrl":"https:\/\/swissbaker.ch\/wp-content\/uploads\/2022\/04\/sbc-logo-yoast.jpg","width":512,"height":512,"caption":"Schweizerischer B\u00e4cker-Confiseurmeister-Verband"},"image":{"@id":"https:\/\/swissbaker.ch\/fr\/#\/schema\/logo\/image\/"},"sameAs":["https:\/\/www.facebook.com\/swissbaker.ch","https:\/\/x.com\/ch_swissbaker"]},{"@type":"Person","@id":"https:\/\/swissbaker.ch\/fr\/#\/schema\/person\/74bd327b08c18ca6042c02ff6f0ed5e2","name":"Simon Nussbaum","image":{"@type":"ImageObject","inLanguage":"fr-FR","@id":"https:\/\/swissbaker.ch\/fr\/#\/schema\/person\/image\/","url":"https:\/\/secure.gravatar.com\/avatar\/df0eced3bb556c806cb760cf503ade1ed1df25b4104d80d6fd28d93a9509aa12?s=96&d=mm&r=g","contentUrl":"https:\/\/secure.gravatar.com\/avatar\/df0eced3bb556c806cb760cf503ade1ed1df25b4104d80d6fd28d93a9509aa12?s=96&d=mm&r=g","caption":"Simon Nussbaum"},"url":"https:\/\/swissbaker.ch\/fr\/panissimo-news\/author\/simon-nussbaum\/"}]}},"_links":{"self":[{"href":"https:\/\/swissbaker.ch\/fr\/wp-json\/wp\/v2\/posts\/82812","targetHints":{"allow":["GET"]}}],"collection":[{"href":"https:\/\/swissbaker.ch\/fr\/wp-json\/wp\/v2\/posts"}],"about":[{"href":"https:\/\/swissbaker.ch\/fr\/wp-json\/wp\/v2\/types\/post"}],"author":[{"embeddable":true,"href":"https:\/\/swissbaker.ch\/fr\/wp-json\/wp\/v2\/users\/5"}],"replies":[{"embeddable":true,"href":"https:\/\/swissbaker.ch\/fr\/wp-json\/wp\/v2\/comments?post=82812"}],"version-history":[{"count":0,"href":"https:\/\/swissbaker.ch\/fr\/wp-json\/wp\/v2\/posts\/82812\/revisions"}],"wp:featuredmedia":[{"embeddable":true,"href":"https:\/\/swissbaker.ch\/fr\/wp-json\/wp\/v2\/media\/82814"}],"wp:attachment":[{"href":"https:\/\/swissbaker.ch\/fr\/wp-json\/wp\/v2\/media?parent=82812"}],"wp:term":[{"taxonomy":"category","embeddable":true,"href":"https:\/\/swissbaker.ch\/fr\/wp-json\/wp\/v2\/categories?post=82812"},{"taxonomy":"post_tag","embeddable":true,"href":"https:\/\/swissbaker.ch\/fr\/wp-json\/wp\/v2\/tags?post=82812"}],"curies":[{"name":"wp","href":"https:\/\/api.w.org\/{rel}","templated":true}]}}