{"id":82493,"date":"2024-08-29T07:58:37","date_gmt":"2024-08-29T05:58:37","guid":{"rendered":"https:\/\/swissbaker.ch\/?p=82493"},"modified":"2024-08-29T11:28:39","modified_gmt":"2024-08-29T09:28:39","slug":"la-ou-le-coeur-des-gourmets-bat-plus-fort","status":"publish","type":"post","link":"https:\/\/swissbaker.ch\/fr\/panissimo-news\/la-ou-le-coeur-des-gourmets-bat-plus-fort\/","title":{"rendered":"L\u00e0 o\u00f9 le c\u0153ur des gourmets bat plus fort"},"content":{"rendered":"\n<p><strong>Fra\u00eechement r\u00e9nov\u00e9e et dot\u00e9e d\u2019un petit caf\u00e9 harmonieux, la boulangerie Zuckerkuss d\u2019Islikon (TG) a le vent en poupe. Patricia Bellia-Str\u00e4ssle, jeune entrepreneuse cr\u00e9ative, et son \u00e9quipe font battre le c\u0153ur de plus d\u2019un gourmet avec leurs g\u00e2teaux en b\u00e2tonnets, rouleaux \u00e0 la cannelle et autres d\u00e9licatesses artisanales innovantes.<\/strong><\/p>\n\n\n\n<p>D\u00e9but 2023, Patrica Bellia-Str\u00e4ssle a repris la boulangerie du village d\u2019Islikon (TG), jusque-l\u00e0 aux mains de Mario Rigazzi. Bien connue dans la r\u00e9gion, la professionnelle a grandi \u00e0 Frauenfeld (TG) et effectu\u00e9 son apprentissage de boulang\u00e8re-p\u00e2tissi\u00e8re \u00e0 la boulangerie St\u00e4hli, avant de travailler dans diff\u00e9rentes entreprises. Le hasard l\u2019a amen\u00e9e dans la boulangerie-p\u00e2tisserie Rigazzi en 2010. \u00ab\u2009Je me suis beaucoup plu ici\u2009\u00bb, se souvient-elle. Elle a particuli\u00e8rement appr\u00e9ci\u00e9 le travail au sein de la petite \u00e9quipe.<\/p>\n\n\n\n<h2 class=\"wp-block-heading\" id=\"h-travail-jour-et-nuit\">Travail jour et nuit<\/h2>\n\n\n\n<p>La boulangerie Rigazzi vendait principalement du pain et des produits de boulangerie, et tr\u00e8s peu de produits de p\u00e2tisserie et de confiserie. \u00ab\u2009Le sucr\u00e9 me manquait\u2009\u00bb, aime \u00e0 dire la propri\u00e9taire de l\u2019entreprise \u00e2g\u00e9e de 37 ans. C\u2019est ainsi qu\u2019elle a commenc\u00e9 en 2013 \u00e0 cr\u00e9er et \u00e0 proposer accessoirement des g\u00e2teaux de mariage et d\u2019anniversaire, ainsi que d\u2019autres sp\u00e9cialit\u00e9s sucr\u00e9es pour des \u00e9v\u00e9nements, estampill\u00e9s Zuckerkuss. Son id\u00e9e commerciale a fait l\u2019effet d\u2019une bombe\u2009: Zuckerkuss ayant connu un succ\u00e8s fou d\u00e8s la premi\u00e8re ann\u00e9e, elle s\u2019est rapidement retrouv\u00e9e \u00e0 travailler le jour pour sa propre entreprise et la nuit pour la boulangerie Rigazzi.<\/p>\n\n\n\n<figure class=\"wp-block-image size-large\"><img decoding=\"async\" width=\"1024\" height=\"608\" src=\"https:\/\/swissbaker.ch\/wp-content\/uploads\/2024\/08\/16_1_zuckerguss_kuchen_am_stiel-1024x608.jpg\" alt=\"\" class=\"wp-image-82489\" srcset=\"https:\/\/swissbaker.ch\/wp-content\/uploads\/2024\/08\/16_1_zuckerguss_kuchen_am_stiel-1024x608.jpg 1024w, https:\/\/swissbaker.ch\/wp-content\/uploads\/2024\/08\/16_1_zuckerguss_kuchen_am_stiel-768x456.jpg 768w, https:\/\/swissbaker.ch\/wp-content\/uploads\/2024\/08\/16_1_zuckerguss_kuchen_am_stiel.jpg 1200w\" sizes=\"(max-width: 1024px) 100vw, 1024px\" \/><figcaption class=\"wp-element-caption\"><em>Une des sp\u00e9cialit\u00e9s de Zuckerkuss: g\u00e2teaux en b\u00e2tonnets<\/em><\/figcaption><\/figure>\n\n\n\n<p>Elle a mont\u00e9 son propre atelier de p\u00e2tisserie \u00e0 Frauenfeld en 2016, puis progressivement r\u00e9duit son temps de travail chez son employeur \u00e0 Islikon, pour finalement d\u00e9missionner en 2018 et se consacrer exclusivement \u00e0 Zuckerkuss. Deux ans plus tard est venu le temps d\u2019engager pour la premi\u00e8re fois une collaboratrice \u00e0 40\u202f%.<\/p>\n\n\n\n<h2 class=\"wp-block-heading\" id=\"h-retour-a-islikon\">Retour \u00e0 Islikon<\/h2>\n\n\n\n<p>L\u2019envie de proposer un assortiment plus diversifi\u00e9 sans plus se borner \u00e0 une production d\u00e9di\u00e9e \u00e0 l\u2019\u00e9v\u00e8nementiel lui est venue pendant la pand\u00e9mie de coronavirus. Des locaux plus grands s\u2019imposant \u00e0 cet effet Patricia Bellia-Str\u00e4ssle s\u2019est mise en qu\u00eate de la perle rare au moment m\u00eame o\u00f9 un coup dur frappait son ancien employeur, Mario Rigazzi\u2009: Patricia Bellia-Str\u00e4ssle et lui \u00e9taient toujours rest\u00e9s en contact, la jeune femme faisant office de joker en cas de probl\u00e8me au sein de la boulangerie. \u00ab\u2009Mario est venu me voir pour me demander si je voulais reprendre l\u2019entreprise\u2009\u00bb, a confi\u00e9 la femme d\u2019affaires engag\u00e9e lors de la visite de \u00ab\u2009Panissimo\u2009\u00bb.<\/p>\n\n\n\n<p>C\u2019\u00e9tait d\u00e9but 2022. Le passage de t\u00e9moin a eu lieu \u00e0 la fin de l\u2019ann\u00e9e. Patricia Bellia-Str\u00e4ssle a repeint de ses propres mains les murs du local de vente entre No\u00ebl et Nouvel An, \u00ab\u2009pour qu\u2019il ait l\u2019air un peu diff\u00e9rent d\u2019avant\u2009\u00bb. Il n\u2019y avait pas de temps \u00e0 perdre. De f\u00e9vrier \u00e0 avril, l\u2019ancien entrep\u00f4t du sous-sol a \u00e9t\u00e9 r\u00e9nov\u00e9 et pr\u00e9par\u00e9 pour la future production de p\u00e2tisseries. Les appareils ont \u00e9t\u00e9 transport\u00e9s de Frauenfeld \u00e0 Islikon en mai, et achemin\u00e9s au rez-de-chauss\u00e9e par une trappe assez \u00e9troite dans le plafond. Baign\u00e9 de lumi\u00e8re, le fournil sis au rez-de-chauss\u00e9e \u00e0 c\u00f4t\u00e9 de l\u2019espace de vente a \u00e9t\u00e9 transform\u00e9 il y a environ 25 ans. Il n\u2019a pas chang\u00e9 pour l\u2019heure \u2013 seules de nouvelles lampes ayant remplac\u00e9 les anciennes. Le personnel de la production travaille devant une grande baie vitr\u00e9e avec vue sur le parking et la rue. \u00ab\u2009Nous avons d\u00e9j\u00e0 assist\u00e9 \u00e0 de nombreux levers de soleil spectaculaires\u2009\u00bb, s\u2019enthousiasme Patricia Bellia-Str\u00e4ssle.<\/p>\n\n\n\n<h2 class=\"wp-block-heading\" id=\"h-la-deuxieme-transformation\">La deuxi\u00e8me transformation<\/h2>\n\n\n\n<p>Une nouvelle \u00e9tape importante a \u00e9t\u00e9 franchie en \u00e9t\u00e9\u2009: un espace suppl\u00e9mentaire a pu \u00eatre lou\u00e9 \u00e0 l\u2019arri\u00e8re du magasin. Le local de vente et le caf\u00e9 ont \u00e9t\u00e9 agrandis et enti\u00e8rement r\u00e9nov\u00e9s<\/p>\n\n\n\n<figure class=\"wp-block-image size-large\"><img decoding=\"async\" width=\"1024\" height=\"683\" src=\"https:\/\/swissbaker.ch\/wp-content\/uploads\/2024\/08\/16_1_zuckerguss_cafe-1024x683.jpg\" alt=\"\" class=\"wp-image-82487\" srcset=\"https:\/\/swissbaker.ch\/wp-content\/uploads\/2024\/08\/16_1_zuckerguss_cafe-1024x683.jpg 1024w, https:\/\/swissbaker.ch\/wp-content\/uploads\/2024\/08\/16_1_zuckerguss_cafe-768x512.jpg 768w, https:\/\/swissbaker.ch\/wp-content\/uploads\/2024\/08\/16_1_zuckerguss_cafe.jpg 1200w\" sizes=\"(max-width: 1024px) 100vw, 1024px\" \/><figcaption class=\"wp-element-caption\"><em>Le style de Patricia Bellia-Str\u00e4ssle est reconnaissable dans la boulangerie-caf\u00e9.<\/em><\/figcaption><\/figure>\n\n\n\n<ul class=\"wp-block-list\">\n<li><a href=\"https:\/\/swissbaker.ch\/panissimo-news\/fotogalerie\/baeckerei-zuckerkuss-in-islikon\/\">Galerie de photos&#8230;\u00bb<\/a><\/li>\n\n\n\n<li><a href=\"https:\/\/zuckerkuss.ch\" rel=\"sponsored nofollow\">zuckerkuss.ch<\/a><\/li>\n<\/ul>\n\n\n\n<p><em>&#8230;Lisez l&#8217;article complet dans \u00ab Panissimo \u00bb du 30 ao\u00fbt 2024.<\/em><\/p>\n\n\n\n<p class=\"has-text-align-right\"><em>Claudia Vernocchi<\/em><\/p>\n","protected":false},"excerpt":{"rendered":"<p>Fra\u00eechement r\u00e9nov\u00e9e et dot\u00e9e d\u2019un petit caf\u00e9 harmonieux, la boulangerie Zuckerkuss d\u2019Islikon (TG) a le vent en poupe. Patricia Bellia-Str\u00e4ssle, jeune entrepreneuse cr\u00e9ative, et son \u00e9quipe font battre le c\u0153ur de plus d\u2019un gourmet avec leurs g\u00e2teaux en b\u00e2tonnets, rouleaux \u00e0 la cannelle et autres d\u00e9licatesses artisanales innovantes.<\/p>\n","protected":false},"author":5,"featured_media":82485,"comment_status":"closed","ping_status":"closed","sticky":true,"template":"","format":"standard","meta":{"_acf_changed":false,"footnotes":""},"categories":[42],"tags":[507,509,511,508,510],"class_list":["post-82493","post","type-post","status-publish","format-standard","has-post-thumbnail","hentry","category-boulangeries-confiseries","tag-boulangerie-zuckerkuss","tag-boulangerie-patisserie-rigazzi","tag-gateaux-en-batonnets","tag-islikon-2","tag-patricia-bellia-strassle"],"acf":[],"yoast_head":"<!-- This site is optimized with the Yoast SEO Premium plugin v26.8 (Yoast SEO v26.8) - https:\/\/yoast.com\/product\/yoast-seo-premium-wordpress\/ -->\n<title>L\u00e0 o\u00f9 le c\u0153ur des gourmets bat plus fort | SBC<\/title>\n<meta name=\"description\" content=\"Fra\u00eechement r\u00e9nov\u00e9e et dot\u00e9e d\u2019un petit caf\u00e9 harmonieux, la boulangerie Zuckerkuss d\u2019Islikon (TG) a le vent en poupe.\" \/>\n<meta name=\"robots\" content=\"index, follow, max-snippet:-1, max-image-preview:large, max-video-preview:-1\" \/>\n<link rel=\"canonical\" href=\"https:\/\/swissbaker.ch\/fr\/panissimo-news\/la-ou-le-coeur-des-gourmets-bat-plus-fort\/\" \/>\n<meta property=\"og:locale\" content=\"fr_FR\" \/>\n<meta property=\"og:type\" content=\"article\" \/>\n<meta property=\"og:title\" content=\"L\u00e0 o\u00f9 le c\u0153ur des gourmets bat plus fort\" \/>\n<meta property=\"og:description\" content=\"Fra\u00eechement r\u00e9nov\u00e9e et dot\u00e9e d\u2019un petit caf\u00e9 harmonieux, la boulangerie Zuckerkuss d\u2019Islikon (TG) a le vent en poupe.\" \/>\n<meta property=\"og:url\" content=\"https:\/\/swissbaker.ch\/fr\/panissimo-news\/la-ou-le-coeur-des-gourmets-bat-plus-fort\/\" \/>\n<meta property=\"og:site_name\" content=\"SBC\" \/>\n<meta property=\"article:publisher\" content=\"https:\/\/www.facebook.com\/swissbaker.ch\" \/>\n<meta property=\"article:published_time\" content=\"2024-08-29T05:58:37+00:00\" \/>\n<meta property=\"article:modified_time\" content=\"2024-08-29T09:28:39+00:00\" \/>\n<meta property=\"og:image\" content=\"https:\/\/swissbaker.ch\/wp-content\/uploads\/2024\/08\/16_1_zuckerguss_1.jpg\" \/>\n\t<meta property=\"og:image:width\" content=\"1200\" \/>\n\t<meta property=\"og:image:height\" content=\"712\" \/>\n\t<meta property=\"og:image:type\" content=\"image\/jpeg\" \/>\n<meta name=\"author\" content=\"Simon Nussbaum\" \/>\n<meta name=\"twitter:card\" content=\"summary_large_image\" \/>\n<meta name=\"twitter:creator\" content=\"@ch_swissbaker\" \/>\n<meta name=\"twitter:site\" content=\"@ch_swissbaker\" \/>\n<meta name=\"twitter:label1\" content=\"Written by\" \/>\n\t<meta name=\"twitter:data1\" content=\"Simon Nussbaum\" \/>\n\t<meta name=\"twitter:label2\" content=\"Est. reading time\" \/>\n\t<meta name=\"twitter:data2\" content=\"4 minutes\" \/>\n<script type=\"application\/ld+json\" class=\"yoast-schema-graph\">{\"@context\":\"https:\/\/schema.org\",\"@graph\":[{\"@type\":\"Article\",\"@id\":\"https:\/\/swissbaker.ch\/fr\/panissimo-news\/la-ou-le-coeur-des-gourmets-bat-plus-fort\/#article\",\"isPartOf\":{\"@id\":\"https:\/\/swissbaker.ch\/fr\/panissimo-news\/la-ou-le-coeur-des-gourmets-bat-plus-fort\/\"},\"author\":{\"name\":\"Simon Nussbaum\",\"@id\":\"https:\/\/swissbaker.ch\/fr\/#\/schema\/person\/74bd327b08c18ca6042c02ff6f0ed5e2\"},\"headline\":\"L\u00e0 o\u00f9 le c\u0153ur des gourmets bat plus fort\",\"datePublished\":\"2024-08-29T05:58:37+00:00\",\"dateModified\":\"2024-08-29T09:28:39+00:00\",\"mainEntityOfPage\":{\"@id\":\"https:\/\/swissbaker.ch\/fr\/panissimo-news\/la-ou-le-coeur-des-gourmets-bat-plus-fort\/\"},\"wordCount\":720,\"publisher\":{\"@id\":\"https:\/\/swissbaker.ch\/fr\/#organization\"},\"image\":{\"@id\":\"https:\/\/swissbaker.ch\/fr\/panissimo-news\/la-ou-le-coeur-des-gourmets-bat-plus-fort\/#primaryimage\"},\"thumbnailUrl\":\"https:\/\/swissbaker.ch\/wp-content\/uploads\/2024\/08\/16_1_zuckerguss_1.jpg\",\"keywords\":[\"Boulangerie Zuckerkuss\",\"Boulangerie-p\u00e2tisserie Rigazzi\",\"G\u00e2teaux en b\u00e2tonnets\",\"Islikon\",\"Patricia Bellia-Str\u00e4ssle\"],\"articleSection\":[\"Boulangeries\/Confiseries\"],\"inLanguage\":\"fr-FR\"},{\"@type\":\"WebPage\",\"@id\":\"https:\/\/swissbaker.ch\/fr\/panissimo-news\/la-ou-le-coeur-des-gourmets-bat-plus-fort\/\",\"url\":\"https:\/\/swissbaker.ch\/fr\/panissimo-news\/la-ou-le-coeur-des-gourmets-bat-plus-fort\/\",\"name\":\"L\u00e0 o\u00f9 le c\u0153ur des gourmets bat plus fort | SBC\",\"isPartOf\":{\"@id\":\"https:\/\/swissbaker.ch\/fr\/#website\"},\"primaryImageOfPage\":{\"@id\":\"https:\/\/swissbaker.ch\/fr\/panissimo-news\/la-ou-le-coeur-des-gourmets-bat-plus-fort\/#primaryimage\"},\"image\":{\"@id\":\"https:\/\/swissbaker.ch\/fr\/panissimo-news\/la-ou-le-coeur-des-gourmets-bat-plus-fort\/#primaryimage\"},\"thumbnailUrl\":\"https:\/\/swissbaker.ch\/wp-content\/uploads\/2024\/08\/16_1_zuckerguss_1.jpg\",\"datePublished\":\"2024-08-29T05:58:37+00:00\",\"dateModified\":\"2024-08-29T09:28:39+00:00\",\"description\":\"Fra\u00eechement r\u00e9nov\u00e9e et dot\u00e9e d\u2019un petit caf\u00e9 harmonieux, la boulangerie Zuckerkuss d\u2019Islikon (TG) a le vent en poupe.\",\"breadcrumb\":{\"@id\":\"https:\/\/swissbaker.ch\/fr\/panissimo-news\/la-ou-le-coeur-des-gourmets-bat-plus-fort\/#breadcrumb\"},\"inLanguage\":\"fr-FR\",\"potentialAction\":[{\"@type\":\"ReadAction\",\"target\":[\"https:\/\/swissbaker.ch\/fr\/panissimo-news\/la-ou-le-coeur-des-gourmets-bat-plus-fort\/\"]}]},{\"@type\":\"ImageObject\",\"inLanguage\":\"fr-FR\",\"@id\":\"https:\/\/swissbaker.ch\/fr\/panissimo-news\/la-ou-le-coeur-des-gourmets-bat-plus-fort\/#primaryimage\",\"url\":\"https:\/\/swissbaker.ch\/wp-content\/uploads\/2024\/08\/16_1_zuckerguss_1.jpg\",\"contentUrl\":\"https:\/\/swissbaker.ch\/wp-content\/uploads\/2024\/08\/16_1_zuckerguss_1.jpg\",\"width\":1200,\"height\":712},{\"@type\":\"BreadcrumbList\",\"@id\":\"https:\/\/swissbaker.ch\/fr\/panissimo-news\/la-ou-le-coeur-des-gourmets-bat-plus-fort\/#breadcrumb\",\"itemListElement\":[{\"@type\":\"ListItem\",\"position\":1,\"name\":\"\",\"item\":\"https:\/\/swissbaker.ch\/fr\/\"},{\"@type\":\"ListItem\",\"position\":2,\"name\":\"Boulangeries\/Confiseries\",\"item\":\"https:\/\/swissbaker.ch\/fr\/panissimo-news\/category\/boulangeries-confiseries\/\"},{\"@type\":\"ListItem\",\"position\":3,\"name\":\"L\u00e0 o\u00f9 le c\u0153ur des gourmets bat plus fort\"}]},{\"@type\":\"WebSite\",\"@id\":\"https:\/\/swissbaker.ch\/fr\/#website\",\"url\":\"https:\/\/swissbaker.ch\/fr\/\",\"name\":\"SBC\",\"description\":\"\",\"publisher\":{\"@id\":\"https:\/\/swissbaker.ch\/fr\/#organization\"},\"potentialAction\":[{\"@type\":\"SearchAction\",\"target\":{\"@type\":\"EntryPoint\",\"urlTemplate\":\"https:\/\/swissbaker.ch\/fr\/?s={search_term_string}\"},\"query-input\":{\"@type\":\"PropertyValueSpecification\",\"valueRequired\":true,\"valueName\":\"search_term_string\"}}],\"inLanguage\":\"fr-FR\"},{\"@type\":\"Organization\",\"@id\":\"https:\/\/swissbaker.ch\/fr\/#organization\",\"name\":\"Schweizerischer B\u00e4cker-Confiseurmeister-Verband\",\"url\":\"https:\/\/swissbaker.ch\/fr\/\",\"logo\":{\"@type\":\"ImageObject\",\"inLanguage\":\"fr-FR\",\"@id\":\"https:\/\/swissbaker.ch\/fr\/#\/schema\/logo\/image\/\",\"url\":\"https:\/\/swissbaker.ch\/wp-content\/uploads\/2022\/04\/sbc-logo-yoast.jpg\",\"contentUrl\":\"https:\/\/swissbaker.ch\/wp-content\/uploads\/2022\/04\/sbc-logo-yoast.jpg\",\"width\":512,\"height\":512,\"caption\":\"Schweizerischer B\u00e4cker-Confiseurmeister-Verband\"},\"image\":{\"@id\":\"https:\/\/swissbaker.ch\/fr\/#\/schema\/logo\/image\/\"},\"sameAs\":[\"https:\/\/www.facebook.com\/swissbaker.ch\",\"https:\/\/x.com\/ch_swissbaker\"]},{\"@type\":\"Person\",\"@id\":\"https:\/\/swissbaker.ch\/fr\/#\/schema\/person\/74bd327b08c18ca6042c02ff6f0ed5e2\",\"name\":\"Simon Nussbaum\",\"image\":{\"@type\":\"ImageObject\",\"inLanguage\":\"fr-FR\",\"@id\":\"https:\/\/swissbaker.ch\/fr\/#\/schema\/person\/image\/\",\"url\":\"https:\/\/secure.gravatar.com\/avatar\/df0eced3bb556c806cb760cf503ade1ed1df25b4104d80d6fd28d93a9509aa12?s=96&d=mm&r=g\",\"contentUrl\":\"https:\/\/secure.gravatar.com\/avatar\/df0eced3bb556c806cb760cf503ade1ed1df25b4104d80d6fd28d93a9509aa12?s=96&d=mm&r=g\",\"caption\":\"Simon Nussbaum\"},\"url\":\"https:\/\/swissbaker.ch\/fr\/panissimo-news\/author\/simon-nussbaum\/\"}]}<\/script>\n<!-- \/ Yoast SEO Premium plugin. -->","yoast_head_json":{"title":"L\u00e0 o\u00f9 le c\u0153ur des gourmets bat plus fort | SBC","description":"Fra\u00eechement r\u00e9nov\u00e9e et dot\u00e9e d\u2019un petit caf\u00e9 harmonieux, la boulangerie Zuckerkuss d\u2019Islikon (TG) a le vent en poupe.","robots":{"index":"index","follow":"follow","max-snippet":"max-snippet:-1","max-image-preview":"max-image-preview:large","max-video-preview":"max-video-preview:-1"},"canonical":"https:\/\/swissbaker.ch\/fr\/panissimo-news\/la-ou-le-coeur-des-gourmets-bat-plus-fort\/","og_locale":"fr_FR","og_type":"article","og_title":"L\u00e0 o\u00f9 le c\u0153ur des gourmets bat plus fort","og_description":"Fra\u00eechement r\u00e9nov\u00e9e et dot\u00e9e d\u2019un petit caf\u00e9 harmonieux, la boulangerie Zuckerkuss d\u2019Islikon (TG) a le vent en poupe.","og_url":"https:\/\/swissbaker.ch\/fr\/panissimo-news\/la-ou-le-coeur-des-gourmets-bat-plus-fort\/","og_site_name":"SBC","article_publisher":"https:\/\/www.facebook.com\/swissbaker.ch","article_published_time":"2024-08-29T05:58:37+00:00","article_modified_time":"2024-08-29T09:28:39+00:00","og_image":[{"width":1200,"height":712,"url":"https:\/\/swissbaker.ch\/wp-content\/uploads\/2024\/08\/16_1_zuckerguss_1.jpg","type":"image\/jpeg"}],"author":"Simon Nussbaum","twitter_card":"summary_large_image","twitter_creator":"@ch_swissbaker","twitter_site":"@ch_swissbaker","twitter_misc":{"Written by":"Simon Nussbaum","Est. reading time":"4 minutes"},"schema":{"@context":"https:\/\/schema.org","@graph":[{"@type":"Article","@id":"https:\/\/swissbaker.ch\/fr\/panissimo-news\/la-ou-le-coeur-des-gourmets-bat-plus-fort\/#article","isPartOf":{"@id":"https:\/\/swissbaker.ch\/fr\/panissimo-news\/la-ou-le-coeur-des-gourmets-bat-plus-fort\/"},"author":{"name":"Simon Nussbaum","@id":"https:\/\/swissbaker.ch\/fr\/#\/schema\/person\/74bd327b08c18ca6042c02ff6f0ed5e2"},"headline":"L\u00e0 o\u00f9 le c\u0153ur des gourmets bat plus fort","datePublished":"2024-08-29T05:58:37+00:00","dateModified":"2024-08-29T09:28:39+00:00","mainEntityOfPage":{"@id":"https:\/\/swissbaker.ch\/fr\/panissimo-news\/la-ou-le-coeur-des-gourmets-bat-plus-fort\/"},"wordCount":720,"publisher":{"@id":"https:\/\/swissbaker.ch\/fr\/#organization"},"image":{"@id":"https:\/\/swissbaker.ch\/fr\/panissimo-news\/la-ou-le-coeur-des-gourmets-bat-plus-fort\/#primaryimage"},"thumbnailUrl":"https:\/\/swissbaker.ch\/wp-content\/uploads\/2024\/08\/16_1_zuckerguss_1.jpg","keywords":["Boulangerie Zuckerkuss","Boulangerie-p\u00e2tisserie Rigazzi","G\u00e2teaux en b\u00e2tonnets","Islikon","Patricia Bellia-Str\u00e4ssle"],"articleSection":["Boulangeries\/Confiseries"],"inLanguage":"fr-FR"},{"@type":"WebPage","@id":"https:\/\/swissbaker.ch\/fr\/panissimo-news\/la-ou-le-coeur-des-gourmets-bat-plus-fort\/","url":"https:\/\/swissbaker.ch\/fr\/panissimo-news\/la-ou-le-coeur-des-gourmets-bat-plus-fort\/","name":"L\u00e0 o\u00f9 le c\u0153ur des gourmets bat plus fort | SBC","isPartOf":{"@id":"https:\/\/swissbaker.ch\/fr\/#website"},"primaryImageOfPage":{"@id":"https:\/\/swissbaker.ch\/fr\/panissimo-news\/la-ou-le-coeur-des-gourmets-bat-plus-fort\/#primaryimage"},"image":{"@id":"https:\/\/swissbaker.ch\/fr\/panissimo-news\/la-ou-le-coeur-des-gourmets-bat-plus-fort\/#primaryimage"},"thumbnailUrl":"https:\/\/swissbaker.ch\/wp-content\/uploads\/2024\/08\/16_1_zuckerguss_1.jpg","datePublished":"2024-08-29T05:58:37+00:00","dateModified":"2024-08-29T09:28:39+00:00","description":"Fra\u00eechement r\u00e9nov\u00e9e et dot\u00e9e d\u2019un petit caf\u00e9 harmonieux, la boulangerie Zuckerkuss d\u2019Islikon (TG) a le vent en poupe.","breadcrumb":{"@id":"https:\/\/swissbaker.ch\/fr\/panissimo-news\/la-ou-le-coeur-des-gourmets-bat-plus-fort\/#breadcrumb"},"inLanguage":"fr-FR","potentialAction":[{"@type":"ReadAction","target":["https:\/\/swissbaker.ch\/fr\/panissimo-news\/la-ou-le-coeur-des-gourmets-bat-plus-fort\/"]}]},{"@type":"ImageObject","inLanguage":"fr-FR","@id":"https:\/\/swissbaker.ch\/fr\/panissimo-news\/la-ou-le-coeur-des-gourmets-bat-plus-fort\/#primaryimage","url":"https:\/\/swissbaker.ch\/wp-content\/uploads\/2024\/08\/16_1_zuckerguss_1.jpg","contentUrl":"https:\/\/swissbaker.ch\/wp-content\/uploads\/2024\/08\/16_1_zuckerguss_1.jpg","width":1200,"height":712},{"@type":"BreadcrumbList","@id":"https:\/\/swissbaker.ch\/fr\/panissimo-news\/la-ou-le-coeur-des-gourmets-bat-plus-fort\/#breadcrumb","itemListElement":[{"@type":"ListItem","position":1,"name":"","item":"https:\/\/swissbaker.ch\/fr\/"},{"@type":"ListItem","position":2,"name":"Boulangeries\/Confiseries","item":"https:\/\/swissbaker.ch\/fr\/panissimo-news\/category\/boulangeries-confiseries\/"},{"@type":"ListItem","position":3,"name":"L\u00e0 o\u00f9 le c\u0153ur des gourmets bat plus fort"}]},{"@type":"WebSite","@id":"https:\/\/swissbaker.ch\/fr\/#website","url":"https:\/\/swissbaker.ch\/fr\/","name":"SBC","description":"","publisher":{"@id":"https:\/\/swissbaker.ch\/fr\/#organization"},"potentialAction":[{"@type":"SearchAction","target":{"@type":"EntryPoint","urlTemplate":"https:\/\/swissbaker.ch\/fr\/?s={search_term_string}"},"query-input":{"@type":"PropertyValueSpecification","valueRequired":true,"valueName":"search_term_string"}}],"inLanguage":"fr-FR"},{"@type":"Organization","@id":"https:\/\/swissbaker.ch\/fr\/#organization","name":"Schweizerischer B\u00e4cker-Confiseurmeister-Verband","url":"https:\/\/swissbaker.ch\/fr\/","logo":{"@type":"ImageObject","inLanguage":"fr-FR","@id":"https:\/\/swissbaker.ch\/fr\/#\/schema\/logo\/image\/","url":"https:\/\/swissbaker.ch\/wp-content\/uploads\/2022\/04\/sbc-logo-yoast.jpg","contentUrl":"https:\/\/swissbaker.ch\/wp-content\/uploads\/2022\/04\/sbc-logo-yoast.jpg","width":512,"height":512,"caption":"Schweizerischer B\u00e4cker-Confiseurmeister-Verband"},"image":{"@id":"https:\/\/swissbaker.ch\/fr\/#\/schema\/logo\/image\/"},"sameAs":["https:\/\/www.facebook.com\/swissbaker.ch","https:\/\/x.com\/ch_swissbaker"]},{"@type":"Person","@id":"https:\/\/swissbaker.ch\/fr\/#\/schema\/person\/74bd327b08c18ca6042c02ff6f0ed5e2","name":"Simon Nussbaum","image":{"@type":"ImageObject","inLanguage":"fr-FR","@id":"https:\/\/swissbaker.ch\/fr\/#\/schema\/person\/image\/","url":"https:\/\/secure.gravatar.com\/avatar\/df0eced3bb556c806cb760cf503ade1ed1df25b4104d80d6fd28d93a9509aa12?s=96&d=mm&r=g","contentUrl":"https:\/\/secure.gravatar.com\/avatar\/df0eced3bb556c806cb760cf503ade1ed1df25b4104d80d6fd28d93a9509aa12?s=96&d=mm&r=g","caption":"Simon Nussbaum"},"url":"https:\/\/swissbaker.ch\/fr\/panissimo-news\/author\/simon-nussbaum\/"}]}},"_links":{"self":[{"href":"https:\/\/swissbaker.ch\/fr\/wp-json\/wp\/v2\/posts\/82493","targetHints":{"allow":["GET"]}}],"collection":[{"href":"https:\/\/swissbaker.ch\/fr\/wp-json\/wp\/v2\/posts"}],"about":[{"href":"https:\/\/swissbaker.ch\/fr\/wp-json\/wp\/v2\/types\/post"}],"author":[{"embeddable":true,"href":"https:\/\/swissbaker.ch\/fr\/wp-json\/wp\/v2\/users\/5"}],"replies":[{"embeddable":true,"href":"https:\/\/swissbaker.ch\/fr\/wp-json\/wp\/v2\/comments?post=82493"}],"version-history":[{"count":0,"href":"https:\/\/swissbaker.ch\/fr\/wp-json\/wp\/v2\/posts\/82493\/revisions"}],"wp:featuredmedia":[{"embeddable":true,"href":"https:\/\/swissbaker.ch\/fr\/wp-json\/wp\/v2\/media\/82485"}],"wp:attachment":[{"href":"https:\/\/swissbaker.ch\/fr\/wp-json\/wp\/v2\/media?parent=82493"}],"wp:term":[{"taxonomy":"category","embeddable":true,"href":"https:\/\/swissbaker.ch\/fr\/wp-json\/wp\/v2\/categories?post=82493"},{"taxonomy":"post_tag","embeddable":true,"href":"https:\/\/swissbaker.ch\/fr\/wp-json\/wp\/v2\/tags?post=82493"}],"curies":[{"name":"wp","href":"https:\/\/api.w.org\/{rel}","templated":true}]}}