{"id":8228,"date":"2021-06-29T15:06:00","date_gmt":"2021-06-29T13:06:00","guid":{"rendered":"https:\/\/swissbaker.ch\/?p=8228"},"modified":"2022-05-05T15:07:56","modified_gmt":"2022-05-05T13:07:56","slug":"la-chevalerie-boulangere-ou-la-marche-vers-le-graal-de-lexcellence","status":"publish","type":"post","link":"https:\/\/swissbaker.ch\/fr\/panissimo-news\/la-chevalerie-boulangere-ou-la-marche-vers-le-graal-de-lexcellence\/","title":{"rendered":"La Chevalerie boulang\u00e8re ou la marche vers le Graal de l\u2019excellence\u2009?"},"content":{"rendered":"\n<p><strong>Alors que la valse des labels ou des pseudos labels et des utilisations abusives voire mensong\u00e8res fleurissent dans l\u2019univers non prot\u00e9g\u00e9 du domaine de la boulangerie-p\u00e2tisserie confiserie-chocolaterie et que les sans-g\u00eane ne s\u2019en privent pas, il est temps de penser valeur et reconnaissance de la qualit\u00e9 et de la r\u00e9gularit\u00e9 que repr\u00e9sentent L\u2019Ordre et les Confr\u00e9ries des chevaliers du bon pain.<\/strong><\/p>\n\n\n\n<p>Ce ne sont pas des collectionneurs de m\u00e9dailles et des cingl\u00e9s des titres pour faire bien sachons-le mais des artisans ardents d\u00e9fenseurs de notre artisanat et de nos produits.<\/p>\n\n\n\n<p>Oui ce n\u2019est pas une chevalerie d\u2019apparat o\u00f9 les titres et les \u00e9toiles se donnent par copinage loin s\u2019en faut. Comme le furent les chevaliers des temps anciens ce sont des d\u00e9fenseurs d\u2019une cause et qui se battent pour cette derni\u00e8re. La promesse que fait un chevalier n\u2019est pas une promesse en l\u2019air mais bien un serment et un engagement qui sont faits sur son honneur qu\u2019il ne devra pas trahir. Le chemin n\u2019est pas facile mais la cause est si belle et le devenir n\u2019est pas qu\u2019une reconnaissance mais bien un devoir sacr\u00e9.<\/p>\n\n\n\n<p>Alors, vous qui \u00eates des artisans de la qualit\u00e9, du bon, de beau et du go\u00fbt et des passeurs de l\u2019amour de votre m\u00e9tier \u00e0 travers vos produits que votre marche soit belle vers l\u2019obtention du titre qui vous fera \u00eatre adoub\u00e9s par vos pairs. Mais surtout, lorsque vous le serez, soyez les maillons actifs de cette Chevalerie que vous devrez servir pour ne pas tomber sur le b\u00fbcher de la suffisance qui risquerait de consumer votre titre. Les Chevaliers du Bons Pains seront les bras arm\u00e9s des valeurs pour marcher sur les pas de nos anc\u00eatres qui portaient haut les couleurs de la boulangerie artisanale d\u2019hier et de la qualit\u00e9 pour gagner les combats de demain. Le Graal n\u2019est pas un leurre, alors Chevaliers un pour tous et tous pour chacun.<\/p>\n","protected":false},"excerpt":{"rendered":"<p>Alors que la valse des labels ou des pseudos labels et des utilisations abusives voire mensong\u00e8res fleurissent dans l\u2019univers non prot\u00e9g\u00e9 du domaine de la boulangerie-p\u00e2tisserie confiserie-chocolaterie et que les sans-g\u00eane ne s\u2019en privent pas, il est temps de penser valeur et reconnaissance de la qualit\u00e9 et de la r\u00e9gularit\u00e9 que repr\u00e9sentent L\u2019Ordre et les Confr\u00e9ries des chevaliers du bon [&hellip;]<\/p>\n","protected":false},"author":1,"featured_media":8229,"comment_status":"open","ping_status":"closed","sticky":false,"template":"","format":"standard","meta":{"_acf_changed":false,"footnotes":""},"categories":[41],"tags":[],"class_list":["post-8228","post","type-post","status-publish","format-standard","has-post-thumbnail","hentry","category-association"],"acf":[],"yoast_head":"<!-- This site is optimized with the Yoast SEO Premium plugin v26.8 (Yoast SEO v26.8) - https:\/\/yoast.com\/product\/yoast-seo-premium-wordpress\/ -->\n<title>La Chevalerie boulang\u00e8re ou la marche vers le Graal de l\u2019excellence\u2009? | SBC<\/title>\n<meta name=\"robots\" content=\"index, follow, max-snippet:-1, max-image-preview:large, max-video-preview:-1\" \/>\n<link rel=\"canonical\" href=\"https:\/\/swissbaker.ch\/fr\/panissimo-news\/la-chevalerie-boulangere-ou-la-marche-vers-le-graal-de-lexcellence\/\" \/>\n<meta property=\"og:locale\" content=\"fr_FR\" \/>\n<meta property=\"og:type\" content=\"article\" \/>\n<meta property=\"og:title\" content=\"La Chevalerie boulang\u00e8re ou la marche vers le Graal de l\u2019excellence\u2009?\" \/>\n<meta property=\"og:description\" content=\"Alors que la valse des labels ou des pseudos labels et des utilisations abusives voire mensong\u00e8res fleurissent dans l\u2019univers non prot\u00e9g\u00e9 du domaine de la boulangerie-p\u00e2tisserie confiserie-chocolaterie et que les sans-g\u00eane ne s\u2019en privent pas, il est temps de penser valeur et reconnaissance de la qualit\u00e9 et de la r\u00e9gularit\u00e9 que repr\u00e9sentent L\u2019Ordre et les Confr\u00e9ries des chevaliers du bon [&hellip;]\" \/>\n<meta property=\"og:url\" content=\"https:\/\/swissbaker.ch\/fr\/panissimo-news\/la-chevalerie-boulangere-ou-la-marche-vers-le-graal-de-lexcellence\/\" \/>\n<meta property=\"og:site_name\" content=\"SBC\" \/>\n<meta property=\"article:publisher\" content=\"https:\/\/www.facebook.com\/swissbaker.ch\" \/>\n<meta property=\"article:published_time\" content=\"2021-06-29T13:06:00+00:00\" \/>\n<meta property=\"article:modified_time\" content=\"2022-05-05T13:07:56+00:00\" \/>\n<meta property=\"og:image\" content=\"https:\/\/swissbaker.ch\/wp-content\/uploads\/2022\/05\/bernard-pignat-1.jpeg\" \/>\n\t<meta property=\"og:image:width\" content=\"800\" \/>\n\t<meta property=\"og:image:height\" content=\"474\" \/>\n\t<meta property=\"og:image:type\" content=\"image\/jpeg\" \/>\n<meta name=\"author\" content=\"azureart\" \/>\n<meta name=\"twitter:card\" content=\"summary_large_image\" \/>\n<meta name=\"twitter:creator\" content=\"@ch_swissbaker\" \/>\n<meta name=\"twitter:site\" content=\"@ch_swissbaker\" \/>\n<meta name=\"twitter:label1\" content=\"Written by\" \/>\n\t<meta name=\"twitter:data1\" content=\"azureart\" \/>\n\t<meta name=\"twitter:label2\" content=\"Est. reading time\" \/>\n\t<meta name=\"twitter:data2\" content=\"2 minutes\" \/>\n<script type=\"application\/ld+json\" class=\"yoast-schema-graph\">{\"@context\":\"https:\/\/schema.org\",\"@graph\":[{\"@type\":\"Article\",\"@id\":\"https:\/\/swissbaker.ch\/fr\/panissimo-news\/la-chevalerie-boulangere-ou-la-marche-vers-le-graal-de-lexcellence\/#article\",\"isPartOf\":{\"@id\":\"https:\/\/swissbaker.ch\/fr\/panissimo-news\/la-chevalerie-boulangere-ou-la-marche-vers-le-graal-de-lexcellence\/\"},\"author\":{\"name\":\"azureart\",\"@id\":\"https:\/\/swissbaker.ch\/fr\/#\/schema\/person\/058ac47619f7da53df62aba60f939b78\"},\"headline\":\"La Chevalerie boulang\u00e8re ou la marche vers le Graal de l\u2019excellence\u2009?\",\"datePublished\":\"2021-06-29T13:06:00+00:00\",\"dateModified\":\"2022-05-05T13:07:56+00:00\",\"mainEntityOfPage\":{\"@id\":\"https:\/\/swissbaker.ch\/fr\/panissimo-news\/la-chevalerie-boulangere-ou-la-marche-vers-le-graal-de-lexcellence\/\"},\"wordCount\":363,\"commentCount\":0,\"publisher\":{\"@id\":\"https:\/\/swissbaker.ch\/fr\/#organization\"},\"image\":{\"@id\":\"https:\/\/swissbaker.ch\/fr\/panissimo-news\/la-chevalerie-boulangere-ou-la-marche-vers-le-graal-de-lexcellence\/#primaryimage\"},\"thumbnailUrl\":\"https:\/\/swissbaker.ch\/wp-content\/uploads\/2022\/05\/bernard-pignat-1.jpeg\",\"articleSection\":[\"Association\"],\"inLanguage\":\"fr-FR\",\"potentialAction\":[{\"@type\":\"CommentAction\",\"name\":\"Comment\",\"target\":[\"https:\/\/swissbaker.ch\/fr\/panissimo-news\/la-chevalerie-boulangere-ou-la-marche-vers-le-graal-de-lexcellence\/#respond\"]}]},{\"@type\":\"WebPage\",\"@id\":\"https:\/\/swissbaker.ch\/fr\/panissimo-news\/la-chevalerie-boulangere-ou-la-marche-vers-le-graal-de-lexcellence\/\",\"url\":\"https:\/\/swissbaker.ch\/fr\/panissimo-news\/la-chevalerie-boulangere-ou-la-marche-vers-le-graal-de-lexcellence\/\",\"name\":\"La Chevalerie boulang\u00e8re ou la marche vers le Graal de l\u2019excellence\u2009? | SBC\",\"isPartOf\":{\"@id\":\"https:\/\/swissbaker.ch\/fr\/#website\"},\"primaryImageOfPage\":{\"@id\":\"https:\/\/swissbaker.ch\/fr\/panissimo-news\/la-chevalerie-boulangere-ou-la-marche-vers-le-graal-de-lexcellence\/#primaryimage\"},\"image\":{\"@id\":\"https:\/\/swissbaker.ch\/fr\/panissimo-news\/la-chevalerie-boulangere-ou-la-marche-vers-le-graal-de-lexcellence\/#primaryimage\"},\"thumbnailUrl\":\"https:\/\/swissbaker.ch\/wp-content\/uploads\/2022\/05\/bernard-pignat-1.jpeg\",\"datePublished\":\"2021-06-29T13:06:00+00:00\",\"dateModified\":\"2022-05-05T13:07:56+00:00\",\"breadcrumb\":{\"@id\":\"https:\/\/swissbaker.ch\/fr\/panissimo-news\/la-chevalerie-boulangere-ou-la-marche-vers-le-graal-de-lexcellence\/#breadcrumb\"},\"inLanguage\":\"fr-FR\",\"potentialAction\":[{\"@type\":\"ReadAction\",\"target\":[\"https:\/\/swissbaker.ch\/fr\/panissimo-news\/la-chevalerie-boulangere-ou-la-marche-vers-le-graal-de-lexcellence\/\"]}]},{\"@type\":\"ImageObject\",\"inLanguage\":\"fr-FR\",\"@id\":\"https:\/\/swissbaker.ch\/fr\/panissimo-news\/la-chevalerie-boulangere-ou-la-marche-vers-le-graal-de-lexcellence\/#primaryimage\",\"url\":\"https:\/\/swissbaker.ch\/wp-content\/uploads\/2022\/05\/bernard-pignat-1.jpeg\",\"contentUrl\":\"https:\/\/swissbaker.ch\/wp-content\/uploads\/2022\/05\/bernard-pignat-1.jpeg\",\"width\":800,\"height\":474,\"caption\":\"La Chevalerie boulang\u00e8re ou la marche vers le Graal de l\u2019excellence\u2009?\"},{\"@type\":\"BreadcrumbList\",\"@id\":\"https:\/\/swissbaker.ch\/fr\/panissimo-news\/la-chevalerie-boulangere-ou-la-marche-vers-le-graal-de-lexcellence\/#breadcrumb\",\"itemListElement\":[{\"@type\":\"ListItem\",\"position\":1,\"name\":\"\",\"item\":\"https:\/\/swissbaker.ch\/fr\/\"},{\"@type\":\"ListItem\",\"position\":2,\"name\":\"Association\",\"item\":\"https:\/\/swissbaker.ch\/fr\/panissimo-news\/category\/association\/\"},{\"@type\":\"ListItem\",\"position\":3,\"name\":\"La Chevalerie boulang\u00e8re ou la marche vers le Graal de l\u2019excellence\u2009?\"}]},{\"@type\":\"WebSite\",\"@id\":\"https:\/\/swissbaker.ch\/fr\/#website\",\"url\":\"https:\/\/swissbaker.ch\/fr\/\",\"name\":\"SBC\",\"description\":\"\",\"publisher\":{\"@id\":\"https:\/\/swissbaker.ch\/fr\/#organization\"},\"potentialAction\":[{\"@type\":\"SearchAction\",\"target\":{\"@type\":\"EntryPoint\",\"urlTemplate\":\"https:\/\/swissbaker.ch\/fr\/?s={search_term_string}\"},\"query-input\":{\"@type\":\"PropertyValueSpecification\",\"valueRequired\":true,\"valueName\":\"search_term_string\"}}],\"inLanguage\":\"fr-FR\"},{\"@type\":\"Organization\",\"@id\":\"https:\/\/swissbaker.ch\/fr\/#organization\",\"name\":\"Schweizerischer B\u00e4cker-Confiseurmeister-Verband\",\"url\":\"https:\/\/swissbaker.ch\/fr\/\",\"logo\":{\"@type\":\"ImageObject\",\"inLanguage\":\"fr-FR\",\"@id\":\"https:\/\/swissbaker.ch\/fr\/#\/schema\/logo\/image\/\",\"url\":\"https:\/\/swissbaker.ch\/wp-content\/uploads\/2022\/04\/sbc-logo-yoast.jpg\",\"contentUrl\":\"https:\/\/swissbaker.ch\/wp-content\/uploads\/2022\/04\/sbc-logo-yoast.jpg\",\"width\":512,\"height\":512,\"caption\":\"Schweizerischer B\u00e4cker-Confiseurmeister-Verband\"},\"image\":{\"@id\":\"https:\/\/swissbaker.ch\/fr\/#\/schema\/logo\/image\/\"},\"sameAs\":[\"https:\/\/www.facebook.com\/swissbaker.ch\",\"https:\/\/x.com\/ch_swissbaker\"]},{\"@type\":\"Person\",\"@id\":\"https:\/\/swissbaker.ch\/fr\/#\/schema\/person\/058ac47619f7da53df62aba60f939b78\",\"name\":\"azureart\",\"image\":{\"@type\":\"ImageObject\",\"inLanguage\":\"fr-FR\",\"@id\":\"https:\/\/swissbaker.ch\/fr\/#\/schema\/person\/image\/\",\"url\":\"https:\/\/secure.gravatar.com\/avatar\/be04dd3098fd612c83067af4f7a295384c93cb6a9112f51beb9d2f477d25da61?s=96&d=mm&r=g\",\"contentUrl\":\"https:\/\/secure.gravatar.com\/avatar\/be04dd3098fd612c83067af4f7a295384c93cb6a9112f51beb9d2f477d25da61?s=96&d=mm&r=g\",\"caption\":\"azureart\"},\"sameAs\":[\"https:\/\/swissbaker.ch\"],\"url\":\"https:\/\/swissbaker.ch\/fr\/panissimo-news\/author\/pixel-ahoi\/\"}]}<\/script>\n<!-- \/ Yoast SEO Premium plugin. -->","yoast_head_json":{"title":"La Chevalerie boulang\u00e8re ou la marche vers le Graal de l\u2019excellence\u2009? | SBC","robots":{"index":"index","follow":"follow","max-snippet":"max-snippet:-1","max-image-preview":"max-image-preview:large","max-video-preview":"max-video-preview:-1"},"canonical":"https:\/\/swissbaker.ch\/fr\/panissimo-news\/la-chevalerie-boulangere-ou-la-marche-vers-le-graal-de-lexcellence\/","og_locale":"fr_FR","og_type":"article","og_title":"La Chevalerie boulang\u00e8re ou la marche vers le Graal de l\u2019excellence\u2009?","og_description":"Alors que la valse des labels ou des pseudos labels et des utilisations abusives voire mensong\u00e8res fleurissent dans l\u2019univers non prot\u00e9g\u00e9 du domaine de la boulangerie-p\u00e2tisserie confiserie-chocolaterie et que les sans-g\u00eane ne s\u2019en privent pas, il est temps de penser valeur et reconnaissance de la qualit\u00e9 et de la r\u00e9gularit\u00e9 que repr\u00e9sentent L\u2019Ordre et les Confr\u00e9ries des chevaliers du bon [&hellip;]","og_url":"https:\/\/swissbaker.ch\/fr\/panissimo-news\/la-chevalerie-boulangere-ou-la-marche-vers-le-graal-de-lexcellence\/","og_site_name":"SBC","article_publisher":"https:\/\/www.facebook.com\/swissbaker.ch","article_published_time":"2021-06-29T13:06:00+00:00","article_modified_time":"2022-05-05T13:07:56+00:00","og_image":[{"width":800,"height":474,"url":"https:\/\/swissbaker.ch\/wp-content\/uploads\/2022\/05\/bernard-pignat-1.jpeg","type":"image\/jpeg"}],"author":"azureart","twitter_card":"summary_large_image","twitter_creator":"@ch_swissbaker","twitter_site":"@ch_swissbaker","twitter_misc":{"Written by":"azureart","Est. reading time":"2 minutes"},"schema":{"@context":"https:\/\/schema.org","@graph":[{"@type":"Article","@id":"https:\/\/swissbaker.ch\/fr\/panissimo-news\/la-chevalerie-boulangere-ou-la-marche-vers-le-graal-de-lexcellence\/#article","isPartOf":{"@id":"https:\/\/swissbaker.ch\/fr\/panissimo-news\/la-chevalerie-boulangere-ou-la-marche-vers-le-graal-de-lexcellence\/"},"author":{"name":"azureart","@id":"https:\/\/swissbaker.ch\/fr\/#\/schema\/person\/058ac47619f7da53df62aba60f939b78"},"headline":"La Chevalerie boulang\u00e8re ou la marche vers le Graal de l\u2019excellence\u2009?","datePublished":"2021-06-29T13:06:00+00:00","dateModified":"2022-05-05T13:07:56+00:00","mainEntityOfPage":{"@id":"https:\/\/swissbaker.ch\/fr\/panissimo-news\/la-chevalerie-boulangere-ou-la-marche-vers-le-graal-de-lexcellence\/"},"wordCount":363,"commentCount":0,"publisher":{"@id":"https:\/\/swissbaker.ch\/fr\/#organization"},"image":{"@id":"https:\/\/swissbaker.ch\/fr\/panissimo-news\/la-chevalerie-boulangere-ou-la-marche-vers-le-graal-de-lexcellence\/#primaryimage"},"thumbnailUrl":"https:\/\/swissbaker.ch\/wp-content\/uploads\/2022\/05\/bernard-pignat-1.jpeg","articleSection":["Association"],"inLanguage":"fr-FR","potentialAction":[{"@type":"CommentAction","name":"Comment","target":["https:\/\/swissbaker.ch\/fr\/panissimo-news\/la-chevalerie-boulangere-ou-la-marche-vers-le-graal-de-lexcellence\/#respond"]}]},{"@type":"WebPage","@id":"https:\/\/swissbaker.ch\/fr\/panissimo-news\/la-chevalerie-boulangere-ou-la-marche-vers-le-graal-de-lexcellence\/","url":"https:\/\/swissbaker.ch\/fr\/panissimo-news\/la-chevalerie-boulangere-ou-la-marche-vers-le-graal-de-lexcellence\/","name":"La Chevalerie boulang\u00e8re ou la marche vers le Graal de l\u2019excellence\u2009? | SBC","isPartOf":{"@id":"https:\/\/swissbaker.ch\/fr\/#website"},"primaryImageOfPage":{"@id":"https:\/\/swissbaker.ch\/fr\/panissimo-news\/la-chevalerie-boulangere-ou-la-marche-vers-le-graal-de-lexcellence\/#primaryimage"},"image":{"@id":"https:\/\/swissbaker.ch\/fr\/panissimo-news\/la-chevalerie-boulangere-ou-la-marche-vers-le-graal-de-lexcellence\/#primaryimage"},"thumbnailUrl":"https:\/\/swissbaker.ch\/wp-content\/uploads\/2022\/05\/bernard-pignat-1.jpeg","datePublished":"2021-06-29T13:06:00+00:00","dateModified":"2022-05-05T13:07:56+00:00","breadcrumb":{"@id":"https:\/\/swissbaker.ch\/fr\/panissimo-news\/la-chevalerie-boulangere-ou-la-marche-vers-le-graal-de-lexcellence\/#breadcrumb"},"inLanguage":"fr-FR","potentialAction":[{"@type":"ReadAction","target":["https:\/\/swissbaker.ch\/fr\/panissimo-news\/la-chevalerie-boulangere-ou-la-marche-vers-le-graal-de-lexcellence\/"]}]},{"@type":"ImageObject","inLanguage":"fr-FR","@id":"https:\/\/swissbaker.ch\/fr\/panissimo-news\/la-chevalerie-boulangere-ou-la-marche-vers-le-graal-de-lexcellence\/#primaryimage","url":"https:\/\/swissbaker.ch\/wp-content\/uploads\/2022\/05\/bernard-pignat-1.jpeg","contentUrl":"https:\/\/swissbaker.ch\/wp-content\/uploads\/2022\/05\/bernard-pignat-1.jpeg","width":800,"height":474,"caption":"La Chevalerie boulang\u00e8re ou la marche vers le Graal de l\u2019excellence\u2009?"},{"@type":"BreadcrumbList","@id":"https:\/\/swissbaker.ch\/fr\/panissimo-news\/la-chevalerie-boulangere-ou-la-marche-vers-le-graal-de-lexcellence\/#breadcrumb","itemListElement":[{"@type":"ListItem","position":1,"name":"","item":"https:\/\/swissbaker.ch\/fr\/"},{"@type":"ListItem","position":2,"name":"Association","item":"https:\/\/swissbaker.ch\/fr\/panissimo-news\/category\/association\/"},{"@type":"ListItem","position":3,"name":"La Chevalerie boulang\u00e8re ou la marche vers le Graal de l\u2019excellence\u2009?"}]},{"@type":"WebSite","@id":"https:\/\/swissbaker.ch\/fr\/#website","url":"https:\/\/swissbaker.ch\/fr\/","name":"SBC","description":"","publisher":{"@id":"https:\/\/swissbaker.ch\/fr\/#organization"},"potentialAction":[{"@type":"SearchAction","target":{"@type":"EntryPoint","urlTemplate":"https:\/\/swissbaker.ch\/fr\/?s={search_term_string}"},"query-input":{"@type":"PropertyValueSpecification","valueRequired":true,"valueName":"search_term_string"}}],"inLanguage":"fr-FR"},{"@type":"Organization","@id":"https:\/\/swissbaker.ch\/fr\/#organization","name":"Schweizerischer B\u00e4cker-Confiseurmeister-Verband","url":"https:\/\/swissbaker.ch\/fr\/","logo":{"@type":"ImageObject","inLanguage":"fr-FR","@id":"https:\/\/swissbaker.ch\/fr\/#\/schema\/logo\/image\/","url":"https:\/\/swissbaker.ch\/wp-content\/uploads\/2022\/04\/sbc-logo-yoast.jpg","contentUrl":"https:\/\/swissbaker.ch\/wp-content\/uploads\/2022\/04\/sbc-logo-yoast.jpg","width":512,"height":512,"caption":"Schweizerischer B\u00e4cker-Confiseurmeister-Verband"},"image":{"@id":"https:\/\/swissbaker.ch\/fr\/#\/schema\/logo\/image\/"},"sameAs":["https:\/\/www.facebook.com\/swissbaker.ch","https:\/\/x.com\/ch_swissbaker"]},{"@type":"Person","@id":"https:\/\/swissbaker.ch\/fr\/#\/schema\/person\/058ac47619f7da53df62aba60f939b78","name":"azureart","image":{"@type":"ImageObject","inLanguage":"fr-FR","@id":"https:\/\/swissbaker.ch\/fr\/#\/schema\/person\/image\/","url":"https:\/\/secure.gravatar.com\/avatar\/be04dd3098fd612c83067af4f7a295384c93cb6a9112f51beb9d2f477d25da61?s=96&d=mm&r=g","contentUrl":"https:\/\/secure.gravatar.com\/avatar\/be04dd3098fd612c83067af4f7a295384c93cb6a9112f51beb9d2f477d25da61?s=96&d=mm&r=g","caption":"azureart"},"sameAs":["https:\/\/swissbaker.ch"],"url":"https:\/\/swissbaker.ch\/fr\/panissimo-news\/author\/pixel-ahoi\/"}]}},"_links":{"self":[{"href":"https:\/\/swissbaker.ch\/fr\/wp-json\/wp\/v2\/posts\/8228","targetHints":{"allow":["GET"]}}],"collection":[{"href":"https:\/\/swissbaker.ch\/fr\/wp-json\/wp\/v2\/posts"}],"about":[{"href":"https:\/\/swissbaker.ch\/fr\/wp-json\/wp\/v2\/types\/post"}],"author":[{"embeddable":true,"href":"https:\/\/swissbaker.ch\/fr\/wp-json\/wp\/v2\/users\/1"}],"replies":[{"embeddable":true,"href":"https:\/\/swissbaker.ch\/fr\/wp-json\/wp\/v2\/comments?post=8228"}],"version-history":[{"count":0,"href":"https:\/\/swissbaker.ch\/fr\/wp-json\/wp\/v2\/posts\/8228\/revisions"}],"wp:featuredmedia":[{"embeddable":true,"href":"https:\/\/swissbaker.ch\/fr\/wp-json\/wp\/v2\/media\/8229"}],"wp:attachment":[{"href":"https:\/\/swissbaker.ch\/fr\/wp-json\/wp\/v2\/media?parent=8228"}],"wp:term":[{"taxonomy":"category","embeddable":true,"href":"https:\/\/swissbaker.ch\/fr\/wp-json\/wp\/v2\/categories?post=8228"},{"taxonomy":"post_tag","embeddable":true,"href":"https:\/\/swissbaker.ch\/fr\/wp-json\/wp\/v2\/tags?post=8228"}],"curies":[{"name":"wp","href":"https:\/\/api.w.org\/{rel}","templated":true}]}}