{"id":82248,"date":"2024-08-22T10:20:58","date_gmt":"2024-08-22T08:20:58","guid":{"rendered":"https:\/\/swissbaker.ch\/?p=82248"},"modified":"2024-08-22T10:21:19","modified_gmt":"2024-08-22T08:21:19","slug":"lete-passe-a-une-vitesse-folle-et-pourtant","status":"publish","type":"post","link":"https:\/\/swissbaker.ch\/fr\/panissimo-news\/lete-passe-a-une-vitesse-folle-et-pourtant\/","title":{"rendered":"L\u2019\u00e9t\u00e9 passe \u00e0 une vitesse folle et pourtant\u2009!"},"content":{"rendered":"\n<p>L\u2019\u00e9t\u00e9 est-il vraiment l\u2019\u00e9t\u00e9 ou presque un fait divers voire d\u2019hiver selon les temp\u00e9ratures, les pluies et orages et un climat plus que pourri. Alors, esp\u00e9rance dans le soleil et le repos ne doivent pas faire oublier cette saison de transition entre farniente, plage, piscine, soleil, montagne, mer et autres activit\u00e9s. Rester en \u00e9veil et \u00e9viter la somnolence coupable ce n\u2019est pas enlever du plaisir m\u00e9rit\u00e9 mais pr\u00e9parer demain. Nous voyons les nouvelles g\u00e9n\u00e9rations d\u00e9serter et oublier le bonheur du petit-d\u00e9jeuner et nos \u00e9coli\u00e8res et \u00e9coliers oublier que le plein d\u2019\u00e9nergie se fait \u00e0 ce moment-l\u00e0. La branche de la boulangerie-p\u00e2tisserie pourrait \u00eatre \u00e0 la pointe de ce moment si important pour l\u2019\u00e9quilibre nutritionnel et \u00e9nerg\u00e9tique.<\/p>\n\n\n\n<p>Alors, mettre au centre le petit-d\u00e9jeuner sous une forme de promotion sant\u00e9 et \u00e9quilibre pourquoi pas\u2009? Profiter de mettre en harmonie produits sains et plaisirs car un repas doit aussi \u00eatre un moment de plaisir et de partage. Faire des offres de petits-d\u00e9jeuners \u00e0 prendre sur place ou \u00e0 emporter peut devenir des arguments pour capter des clients et non les pr\u00e9cipiter vers les fast-foods ou les offres des grands distributeurs. Alors cr\u00e9er une offre qui comporte des composantes fruit\u00e9es, lact\u00e9es, charcuti\u00e8res et mise en harmonie avec nos divers produits peut-\u00eatre de bon aloi. Et par extension proposer le brunch du samedi ou du dimanche pris\u00e9 par certains afin de se donner des instants de libert\u00e9s et de plaisirs partag\u00e9s dans nos tea-rooms et salons de th\u00e9.<\/p>\n\n\n\n<p>Chacun \u00e0 sa mesure et en fonction de son commerce de son implantation et de sa situation g\u00e9ographique peut proposer des offres attractives en la mati\u00e8re. Voil\u00e0 ce qu\u2019est l\u2019\u00e9t\u00e9 en pente douce pour peut-\u00eatre mieux marcher sur les chemins de la rentr\u00e9e, cette rentr\u00e9e sous le signe des meilleurs matins avec la proposition d\u2019un bon petit-d\u00e9jeuner pour une journ\u00e9e tonique. Le temps d\u2019y penser, alors \u00e0 vous de jouer pour \u00eatre les acteurs de la table du matin de tous et de chacun.<\/p>\n\n\n\n<p class=\"has-text-align-right\"><em>Bernard Pignat, Chevalier d\u2019honneur<br>de la Confr\u00e9rie valaisanne des chevaliers du bon pain<\/em><\/p>\n","protected":false},"excerpt":{"rendered":"<p>L\u2019\u00e9t\u00e9 est-il vraiment l\u2019\u00e9t\u00e9 ou presque un fait divers voire d\u2019hiver selon les temp\u00e9ratures, les pluies et orages et un climat plus que pourri. Alors, esp\u00e9rance dans le soleil et le repos ne doivent pas faire oublier cette saison de transition entre farniente, plage, piscine, soleil, montagne, mer et autres activit\u00e9s.<\/p>\n","protected":false},"author":5,"featured_media":78135,"comment_status":"closed","ping_status":"closed","sticky":false,"template":"","format":"standard","meta":{"_acf_changed":false,"footnotes":""},"categories":[39,25],"tags":[],"class_list":["post-82248","post","type-post","status-publish","format-standard","has-post-thumbnail","hentry","category-de-la-branche","category-non-classifiee"],"acf":[],"yoast_head":"<!-- This site is optimized with the Yoast SEO Premium plugin v26.8 (Yoast SEO v26.8) - https:\/\/yoast.com\/product\/yoast-seo-premium-wordpress\/ -->\n<title>L\u2019\u00e9t\u00e9 passe \u00e0 une vitesse folle et pourtant\u2009! | SBC<\/title>\n<meta name=\"robots\" content=\"index, follow, max-snippet:-1, max-image-preview:large, max-video-preview:-1\" \/>\n<link rel=\"canonical\" href=\"https:\/\/swissbaker.ch\/fr\/panissimo-news\/lete-passe-a-une-vitesse-folle-et-pourtant\/\" \/>\n<meta property=\"og:locale\" content=\"fr_FR\" \/>\n<meta property=\"og:type\" content=\"article\" \/>\n<meta property=\"og:title\" content=\"L\u2019\u00e9t\u00e9 passe \u00e0 une vitesse folle et pourtant\u2009!\" \/>\n<meta property=\"og:description\" content=\"L\u2019\u00e9t\u00e9 est-il vraiment l\u2019\u00e9t\u00e9 ou presque un fait divers voire d\u2019hiver selon les temp\u00e9ratures, les pluies et orages et un climat plus que pourri. Alors, esp\u00e9rance dans le soleil et le repos ne doivent pas faire oublier cette saison de transition entre farniente, plage, piscine, soleil, montagne, mer et autres activit\u00e9s.\" \/>\n<meta property=\"og:url\" content=\"https:\/\/swissbaker.ch\/fr\/panissimo-news\/lete-passe-a-une-vitesse-folle-et-pourtant\/\" \/>\n<meta property=\"og:site_name\" content=\"SBC\" \/>\n<meta property=\"article:publisher\" content=\"https:\/\/www.facebook.com\/swissbaker.ch\" \/>\n<meta property=\"article:published_time\" content=\"2024-08-22T08:20:58+00:00\" \/>\n<meta property=\"article:modified_time\" content=\"2024-08-22T08:21:19+00:00\" \/>\n<meta property=\"og:image\" content=\"https:\/\/swissbaker.ch\/wp-content\/uploads\/2023\/03\/bernard_pignat_2024.jpg\" \/>\n\t<meta property=\"og:image:width\" content=\"1200\" \/>\n\t<meta property=\"og:image:height\" content=\"712\" \/>\n\t<meta property=\"og:image:type\" content=\"image\/jpeg\" \/>\n<meta name=\"author\" content=\"Simon Nussbaum\" \/>\n<meta name=\"twitter:card\" content=\"summary_large_image\" \/>\n<meta name=\"twitter:creator\" content=\"@ch_swissbaker\" \/>\n<meta name=\"twitter:site\" content=\"@ch_swissbaker\" \/>\n<meta name=\"twitter:label1\" content=\"Written by\" \/>\n\t<meta name=\"twitter:data1\" content=\"Simon Nussbaum\" \/>\n\t<meta name=\"twitter:label2\" content=\"Est. reading time\" \/>\n\t<meta name=\"twitter:data2\" content=\"2 minutes\" \/>\n<script type=\"application\/ld+json\" class=\"yoast-schema-graph\">{\"@context\":\"https:\/\/schema.org\",\"@graph\":[{\"@type\":\"Article\",\"@id\":\"https:\/\/swissbaker.ch\/fr\/panissimo-news\/lete-passe-a-une-vitesse-folle-et-pourtant\/#article\",\"isPartOf\":{\"@id\":\"https:\/\/swissbaker.ch\/fr\/panissimo-news\/lete-passe-a-une-vitesse-folle-et-pourtant\/\"},\"author\":{\"name\":\"Simon Nussbaum\",\"@id\":\"https:\/\/swissbaker.ch\/fr\/#\/schema\/person\/74bd327b08c18ca6042c02ff6f0ed5e2\"},\"headline\":\"L\u2019\u00e9t\u00e9 passe \u00e0 une vitesse folle et pourtant\u2009!\",\"datePublished\":\"2024-08-22T08:20:58+00:00\",\"dateModified\":\"2024-08-22T08:21:19+00:00\",\"mainEntityOfPage\":{\"@id\":\"https:\/\/swissbaker.ch\/fr\/panissimo-news\/lete-passe-a-une-vitesse-folle-et-pourtant\/\"},\"wordCount\":382,\"publisher\":{\"@id\":\"https:\/\/swissbaker.ch\/fr\/#organization\"},\"image\":{\"@id\":\"https:\/\/swissbaker.ch\/fr\/panissimo-news\/lete-passe-a-une-vitesse-folle-et-pourtant\/#primaryimage\"},\"thumbnailUrl\":\"https:\/\/swissbaker.ch\/wp-content\/uploads\/2023\/03\/bernard_pignat_2024.jpg\",\"articleSection\":[\"De la branche\",\"Non classifi\u00e9(e)\"],\"inLanguage\":\"fr-FR\"},{\"@type\":\"WebPage\",\"@id\":\"https:\/\/swissbaker.ch\/fr\/panissimo-news\/lete-passe-a-une-vitesse-folle-et-pourtant\/\",\"url\":\"https:\/\/swissbaker.ch\/fr\/panissimo-news\/lete-passe-a-une-vitesse-folle-et-pourtant\/\",\"name\":\"L\u2019\u00e9t\u00e9 passe \u00e0 une vitesse folle et pourtant\u2009! | SBC\",\"isPartOf\":{\"@id\":\"https:\/\/swissbaker.ch\/fr\/#website\"},\"primaryImageOfPage\":{\"@id\":\"https:\/\/swissbaker.ch\/fr\/panissimo-news\/lete-passe-a-une-vitesse-folle-et-pourtant\/#primaryimage\"},\"image\":{\"@id\":\"https:\/\/swissbaker.ch\/fr\/panissimo-news\/lete-passe-a-une-vitesse-folle-et-pourtant\/#primaryimage\"},\"thumbnailUrl\":\"https:\/\/swissbaker.ch\/wp-content\/uploads\/2023\/03\/bernard_pignat_2024.jpg\",\"datePublished\":\"2024-08-22T08:20:58+00:00\",\"dateModified\":\"2024-08-22T08:21:19+00:00\",\"breadcrumb\":{\"@id\":\"https:\/\/swissbaker.ch\/fr\/panissimo-news\/lete-passe-a-une-vitesse-folle-et-pourtant\/#breadcrumb\"},\"inLanguage\":\"fr-FR\",\"potentialAction\":[{\"@type\":\"ReadAction\",\"target\":[\"https:\/\/swissbaker.ch\/fr\/panissimo-news\/lete-passe-a-une-vitesse-folle-et-pourtant\/\"]}]},{\"@type\":\"ImageObject\",\"inLanguage\":\"fr-FR\",\"@id\":\"https:\/\/swissbaker.ch\/fr\/panissimo-news\/lete-passe-a-une-vitesse-folle-et-pourtant\/#primaryimage\",\"url\":\"https:\/\/swissbaker.ch\/wp-content\/uploads\/2023\/03\/bernard_pignat_2024.jpg\",\"contentUrl\":\"https:\/\/swissbaker.ch\/wp-content\/uploads\/2023\/03\/bernard_pignat_2024.jpg\",\"width\":1200,\"height\":712},{\"@type\":\"BreadcrumbList\",\"@id\":\"https:\/\/swissbaker.ch\/fr\/panissimo-news\/lete-passe-a-une-vitesse-folle-et-pourtant\/#breadcrumb\",\"itemListElement\":[{\"@type\":\"ListItem\",\"position\":1,\"name\":\"\",\"item\":\"https:\/\/swissbaker.ch\/fr\/\"},{\"@type\":\"ListItem\",\"position\":2,\"name\":\"Non classifi\u00e9(e)\",\"item\":\"https:\/\/swissbaker.ch\/fr\/panissimo-news\/category\/non-classifiee\/\"},{\"@type\":\"ListItem\",\"position\":3,\"name\":\"L\u2019\u00e9t\u00e9 passe \u00e0 une vitesse folle et pourtant\u2009!\"}]},{\"@type\":\"WebSite\",\"@id\":\"https:\/\/swissbaker.ch\/fr\/#website\",\"url\":\"https:\/\/swissbaker.ch\/fr\/\",\"name\":\"SBC\",\"description\":\"\",\"publisher\":{\"@id\":\"https:\/\/swissbaker.ch\/fr\/#organization\"},\"potentialAction\":[{\"@type\":\"SearchAction\",\"target\":{\"@type\":\"EntryPoint\",\"urlTemplate\":\"https:\/\/swissbaker.ch\/fr\/?s={search_term_string}\"},\"query-input\":{\"@type\":\"PropertyValueSpecification\",\"valueRequired\":true,\"valueName\":\"search_term_string\"}}],\"inLanguage\":\"fr-FR\"},{\"@type\":\"Organization\",\"@id\":\"https:\/\/swissbaker.ch\/fr\/#organization\",\"name\":\"Schweizerischer B\u00e4cker-Confiseurmeister-Verband\",\"url\":\"https:\/\/swissbaker.ch\/fr\/\",\"logo\":{\"@type\":\"ImageObject\",\"inLanguage\":\"fr-FR\",\"@id\":\"https:\/\/swissbaker.ch\/fr\/#\/schema\/logo\/image\/\",\"url\":\"https:\/\/swissbaker.ch\/wp-content\/uploads\/2022\/04\/sbc-logo-yoast.jpg\",\"contentUrl\":\"https:\/\/swissbaker.ch\/wp-content\/uploads\/2022\/04\/sbc-logo-yoast.jpg\",\"width\":512,\"height\":512,\"caption\":\"Schweizerischer B\u00e4cker-Confiseurmeister-Verband\"},\"image\":{\"@id\":\"https:\/\/swissbaker.ch\/fr\/#\/schema\/logo\/image\/\"},\"sameAs\":[\"https:\/\/www.facebook.com\/swissbaker.ch\",\"https:\/\/x.com\/ch_swissbaker\"]},{\"@type\":\"Person\",\"@id\":\"https:\/\/swissbaker.ch\/fr\/#\/schema\/person\/74bd327b08c18ca6042c02ff6f0ed5e2\",\"name\":\"Simon Nussbaum\",\"image\":{\"@type\":\"ImageObject\",\"inLanguage\":\"fr-FR\",\"@id\":\"https:\/\/swissbaker.ch\/fr\/#\/schema\/person\/image\/\",\"url\":\"https:\/\/secure.gravatar.com\/avatar\/df0eced3bb556c806cb760cf503ade1ed1df25b4104d80d6fd28d93a9509aa12?s=96&d=mm&r=g\",\"contentUrl\":\"https:\/\/secure.gravatar.com\/avatar\/df0eced3bb556c806cb760cf503ade1ed1df25b4104d80d6fd28d93a9509aa12?s=96&d=mm&r=g\",\"caption\":\"Simon Nussbaum\"},\"url\":\"https:\/\/swissbaker.ch\/fr\/panissimo-news\/author\/simon-nussbaum\/\"}]}<\/script>\n<!-- \/ Yoast SEO Premium plugin. -->","yoast_head_json":{"title":"L\u2019\u00e9t\u00e9 passe \u00e0 une vitesse folle et pourtant\u2009! | SBC","robots":{"index":"index","follow":"follow","max-snippet":"max-snippet:-1","max-image-preview":"max-image-preview:large","max-video-preview":"max-video-preview:-1"},"canonical":"https:\/\/swissbaker.ch\/fr\/panissimo-news\/lete-passe-a-une-vitesse-folle-et-pourtant\/","og_locale":"fr_FR","og_type":"article","og_title":"L\u2019\u00e9t\u00e9 passe \u00e0 une vitesse folle et pourtant\u2009!","og_description":"L\u2019\u00e9t\u00e9 est-il vraiment l\u2019\u00e9t\u00e9 ou presque un fait divers voire d\u2019hiver selon les temp\u00e9ratures, les pluies et orages et un climat plus que pourri. Alors, esp\u00e9rance dans le soleil et le repos ne doivent pas faire oublier cette saison de transition entre farniente, plage, piscine, soleil, montagne, mer et autres activit\u00e9s.","og_url":"https:\/\/swissbaker.ch\/fr\/panissimo-news\/lete-passe-a-une-vitesse-folle-et-pourtant\/","og_site_name":"SBC","article_publisher":"https:\/\/www.facebook.com\/swissbaker.ch","article_published_time":"2024-08-22T08:20:58+00:00","article_modified_time":"2024-08-22T08:21:19+00:00","og_image":[{"width":1200,"height":712,"url":"https:\/\/swissbaker.ch\/wp-content\/uploads\/2023\/03\/bernard_pignat_2024.jpg","type":"image\/jpeg"}],"author":"Simon Nussbaum","twitter_card":"summary_large_image","twitter_creator":"@ch_swissbaker","twitter_site":"@ch_swissbaker","twitter_misc":{"Written by":"Simon Nussbaum","Est. reading time":"2 minutes"},"schema":{"@context":"https:\/\/schema.org","@graph":[{"@type":"Article","@id":"https:\/\/swissbaker.ch\/fr\/panissimo-news\/lete-passe-a-une-vitesse-folle-et-pourtant\/#article","isPartOf":{"@id":"https:\/\/swissbaker.ch\/fr\/panissimo-news\/lete-passe-a-une-vitesse-folle-et-pourtant\/"},"author":{"name":"Simon Nussbaum","@id":"https:\/\/swissbaker.ch\/fr\/#\/schema\/person\/74bd327b08c18ca6042c02ff6f0ed5e2"},"headline":"L\u2019\u00e9t\u00e9 passe \u00e0 une vitesse folle et pourtant\u2009!","datePublished":"2024-08-22T08:20:58+00:00","dateModified":"2024-08-22T08:21:19+00:00","mainEntityOfPage":{"@id":"https:\/\/swissbaker.ch\/fr\/panissimo-news\/lete-passe-a-une-vitesse-folle-et-pourtant\/"},"wordCount":382,"publisher":{"@id":"https:\/\/swissbaker.ch\/fr\/#organization"},"image":{"@id":"https:\/\/swissbaker.ch\/fr\/panissimo-news\/lete-passe-a-une-vitesse-folle-et-pourtant\/#primaryimage"},"thumbnailUrl":"https:\/\/swissbaker.ch\/wp-content\/uploads\/2023\/03\/bernard_pignat_2024.jpg","articleSection":["De la branche","Non classifi\u00e9(e)"],"inLanguage":"fr-FR"},{"@type":"WebPage","@id":"https:\/\/swissbaker.ch\/fr\/panissimo-news\/lete-passe-a-une-vitesse-folle-et-pourtant\/","url":"https:\/\/swissbaker.ch\/fr\/panissimo-news\/lete-passe-a-une-vitesse-folle-et-pourtant\/","name":"L\u2019\u00e9t\u00e9 passe \u00e0 une vitesse folle et pourtant\u2009! | SBC","isPartOf":{"@id":"https:\/\/swissbaker.ch\/fr\/#website"},"primaryImageOfPage":{"@id":"https:\/\/swissbaker.ch\/fr\/panissimo-news\/lete-passe-a-une-vitesse-folle-et-pourtant\/#primaryimage"},"image":{"@id":"https:\/\/swissbaker.ch\/fr\/panissimo-news\/lete-passe-a-une-vitesse-folle-et-pourtant\/#primaryimage"},"thumbnailUrl":"https:\/\/swissbaker.ch\/wp-content\/uploads\/2023\/03\/bernard_pignat_2024.jpg","datePublished":"2024-08-22T08:20:58+00:00","dateModified":"2024-08-22T08:21:19+00:00","breadcrumb":{"@id":"https:\/\/swissbaker.ch\/fr\/panissimo-news\/lete-passe-a-une-vitesse-folle-et-pourtant\/#breadcrumb"},"inLanguage":"fr-FR","potentialAction":[{"@type":"ReadAction","target":["https:\/\/swissbaker.ch\/fr\/panissimo-news\/lete-passe-a-une-vitesse-folle-et-pourtant\/"]}]},{"@type":"ImageObject","inLanguage":"fr-FR","@id":"https:\/\/swissbaker.ch\/fr\/panissimo-news\/lete-passe-a-une-vitesse-folle-et-pourtant\/#primaryimage","url":"https:\/\/swissbaker.ch\/wp-content\/uploads\/2023\/03\/bernard_pignat_2024.jpg","contentUrl":"https:\/\/swissbaker.ch\/wp-content\/uploads\/2023\/03\/bernard_pignat_2024.jpg","width":1200,"height":712},{"@type":"BreadcrumbList","@id":"https:\/\/swissbaker.ch\/fr\/panissimo-news\/lete-passe-a-une-vitesse-folle-et-pourtant\/#breadcrumb","itemListElement":[{"@type":"ListItem","position":1,"name":"","item":"https:\/\/swissbaker.ch\/fr\/"},{"@type":"ListItem","position":2,"name":"Non classifi\u00e9(e)","item":"https:\/\/swissbaker.ch\/fr\/panissimo-news\/category\/non-classifiee\/"},{"@type":"ListItem","position":3,"name":"L\u2019\u00e9t\u00e9 passe \u00e0 une vitesse folle et pourtant\u2009!"}]},{"@type":"WebSite","@id":"https:\/\/swissbaker.ch\/fr\/#website","url":"https:\/\/swissbaker.ch\/fr\/","name":"SBC","description":"","publisher":{"@id":"https:\/\/swissbaker.ch\/fr\/#organization"},"potentialAction":[{"@type":"SearchAction","target":{"@type":"EntryPoint","urlTemplate":"https:\/\/swissbaker.ch\/fr\/?s={search_term_string}"},"query-input":{"@type":"PropertyValueSpecification","valueRequired":true,"valueName":"search_term_string"}}],"inLanguage":"fr-FR"},{"@type":"Organization","@id":"https:\/\/swissbaker.ch\/fr\/#organization","name":"Schweizerischer B\u00e4cker-Confiseurmeister-Verband","url":"https:\/\/swissbaker.ch\/fr\/","logo":{"@type":"ImageObject","inLanguage":"fr-FR","@id":"https:\/\/swissbaker.ch\/fr\/#\/schema\/logo\/image\/","url":"https:\/\/swissbaker.ch\/wp-content\/uploads\/2022\/04\/sbc-logo-yoast.jpg","contentUrl":"https:\/\/swissbaker.ch\/wp-content\/uploads\/2022\/04\/sbc-logo-yoast.jpg","width":512,"height":512,"caption":"Schweizerischer B\u00e4cker-Confiseurmeister-Verband"},"image":{"@id":"https:\/\/swissbaker.ch\/fr\/#\/schema\/logo\/image\/"},"sameAs":["https:\/\/www.facebook.com\/swissbaker.ch","https:\/\/x.com\/ch_swissbaker"]},{"@type":"Person","@id":"https:\/\/swissbaker.ch\/fr\/#\/schema\/person\/74bd327b08c18ca6042c02ff6f0ed5e2","name":"Simon Nussbaum","image":{"@type":"ImageObject","inLanguage":"fr-FR","@id":"https:\/\/swissbaker.ch\/fr\/#\/schema\/person\/image\/","url":"https:\/\/secure.gravatar.com\/avatar\/df0eced3bb556c806cb760cf503ade1ed1df25b4104d80d6fd28d93a9509aa12?s=96&d=mm&r=g","contentUrl":"https:\/\/secure.gravatar.com\/avatar\/df0eced3bb556c806cb760cf503ade1ed1df25b4104d80d6fd28d93a9509aa12?s=96&d=mm&r=g","caption":"Simon Nussbaum"},"url":"https:\/\/swissbaker.ch\/fr\/panissimo-news\/author\/simon-nussbaum\/"}]}},"_links":{"self":[{"href":"https:\/\/swissbaker.ch\/fr\/wp-json\/wp\/v2\/posts\/82248","targetHints":{"allow":["GET"]}}],"collection":[{"href":"https:\/\/swissbaker.ch\/fr\/wp-json\/wp\/v2\/posts"}],"about":[{"href":"https:\/\/swissbaker.ch\/fr\/wp-json\/wp\/v2\/types\/post"}],"author":[{"embeddable":true,"href":"https:\/\/swissbaker.ch\/fr\/wp-json\/wp\/v2\/users\/5"}],"replies":[{"embeddable":true,"href":"https:\/\/swissbaker.ch\/fr\/wp-json\/wp\/v2\/comments?post=82248"}],"version-history":[{"count":0,"href":"https:\/\/swissbaker.ch\/fr\/wp-json\/wp\/v2\/posts\/82248\/revisions"}],"wp:featuredmedia":[{"embeddable":true,"href":"https:\/\/swissbaker.ch\/fr\/wp-json\/wp\/v2\/media\/78135"}],"wp:attachment":[{"href":"https:\/\/swissbaker.ch\/fr\/wp-json\/wp\/v2\/media?parent=82248"}],"wp:term":[{"taxonomy":"category","embeddable":true,"href":"https:\/\/swissbaker.ch\/fr\/wp-json\/wp\/v2\/categories?post=82248"},{"taxonomy":"post_tag","embeddable":true,"href":"https:\/\/swissbaker.ch\/fr\/wp-json\/wp\/v2\/tags?post=82248"}],"curies":[{"name":"wp","href":"https:\/\/api.w.org\/{rel}","templated":true}]}}