{"id":8221,"date":"2021-07-07T09:29:00","date_gmt":"2021-07-07T07:29:00","guid":{"rendered":"https:\/\/swissbaker.ch\/?p=8221"},"modified":"2022-05-05T15:00:28","modified_gmt":"2022-05-05T13:00:28","slug":"limportance-des-rencontres-en-presentiel-lors-des-reunions","status":"publish","type":"post","link":"https:\/\/swissbaker.ch\/fr\/panissimo-news\/limportance-des-rencontres-en-presentiel-lors-des-reunions\/","title":{"rendered":"L\u2019importance des rencontres en pr\u00e9sentiel lors des r\u00e9unions"},"content":{"rendered":"\n<p><strong>Repr\u00e9sentant tessinois au comit\u00e9 central de la BCS, Daniel Ricigliano, revient sur son exp\u00e9rience en tant que membre de celui-ci entre 2019 et le moment de sa r\u00e9\u00e9lection lors du congr\u00e8s en ligne, d\u00e9but juin.<\/strong><\/p>\n\n\n\n<p>Chers membres, chers lecteurs,<\/p>\n\n\n\n<p>En ao\u00fbt\u202f2019, en tant que membre nouvellement \u00e9lu au comit\u00e9 central, j\u2019ai commenc\u00e9 par un atelier intensif de deux jours sur le projet strat\u00e9gique \u00ab\u2009Reload\u2009\u00bb \u00e0 Zoug. J\u2019ai beaucoup appr\u00e9ci\u00e9 de rencontrer tous les membres et de pouvoir m\u2019asseoir \u00e0 la table des diff\u00e9rents repr\u00e9sentants des cantons.<\/p>\n\n\n\n<h2 class=\"wp-block-heading\" id=\"h-la-premiere-periode\">La premi\u00e8re p\u00e9riode<\/h2>\n\n\n\n<p>Il est clair que j\u2019ai dans un premier temps d\u00fb me familiariser avec mon nouvel environnement pour comprendre la dynamique des r\u00e9unions et la fa\u00e7on d\u2019aborder les diff\u00e9rents sujets\u2009; mes connaissances linguistiques me permettant de communiquer avec tous les membres.<\/p>\n\n\n\n<h2 class=\"wp-block-heading\" id=\"h-la-pandemie\">La pand\u00e9mie<\/h2>\n\n\n\n<p>A la suite de l\u2019apparition de la pand\u00e9mie, nous avons malheureusement d\u00fb tenir de nombreuses r\u00e9unions en \u00ab\u2009Zoom\u2009\u00bb. Dans ce contexte, nous avons compris l\u2019importance des rencontres en pr\u00e9sentiel. Les \u00e9changes d\u2019opinions, de doutes ou les simples observations durant les pauses ou avant le d\u00e9but des s\u00e9ances sont essentiels, ils permettent une participation naturelle et active aux r\u00e9unions.<\/p>\n\n\n\n<h2 class=\"wp-block-heading\" id=\"h-signes-de-solidarite\">Signes de solidarit\u00e9<\/h2>\n\n\n\n<p>Silvan Hotz, pr\u00e9sident de l\u2019Association suisse des patrons boulangers-confiseurs (BCS), et Peter Signer, responsable de la formation en production de la BCS, nous ont r\u00e9cemment rendu visite au Centro Professionale Tecnico (centre de formation professionnelle) de Trevano, pr\u00e8s de Lugano\u2009; un beau signe de solidarit\u00e9 avec le Tessin, dont nous sommes tr\u00e8s honor\u00e9s. Nous avons le sentiment de faire partie de l\u2019instance et c\u2019est important pour pouvoir bien aborder les sujets \u00e0 venir.<\/p>\n\n\n\n<h2 class=\"wp-block-heading\" id=\"h-reelection\">R\u00e9\u00e9lection<\/h2>\n\n\n\n<p>J\u2019ai \u00e9t\u00e9 r\u00e9\u00e9lu en tant que repr\u00e9sentant du canton du Tessin lors du congr\u00e8s de la BCS qui a eu lieu le 1er\u202fjuin. Je m\u2019acquitte de cette t\u00e2che avec s\u00e9rieux et responsabilit\u00e9, en collaboration avec mes coll\u00e8gues du comit\u00e9 central, avec pour objectif de trouver les meilleures solutions possibles pour notre secteur. Je vais maintenant prendre cong\u00e9 de vous, car l\u2019ordre du jour et les documents qu\u2019il faut \u00e9tudier pour la prochaine s\u00e9ance du comit\u00e9 central pr\u00e9vue fin juin sont arriv\u00e9s et\u2026 je dois aller travailler\u2009!<\/p>\n\n\n\n<p>Votre repr\u00e9sentant tessinois au comit\u00e9 central, Daniel Ricigliano<\/p>\n\n\n\n<p>PS\u2009: Ecrivez-moi en cas de questions ou de suggestions\u2009! Je me r\u00e9jouis de vous lire\u2009: panissimo(at)swissbaker.ch<\/p>\n","protected":false},"excerpt":{"rendered":"<p>Repr\u00e9sentant tessinois au comit\u00e9 central de la BCS, Daniel Ricigliano, revient sur son exp\u00e9rience en tant que membre de celui-ci entre 2019 et le moment de sa r\u00e9\u00e9lection lors du congr\u00e8s en ligne, d\u00e9but juin. Chers membres, chers lecteurs, En ao\u00fbt\u202f2019, en tant que membre nouvellement \u00e9lu au comit\u00e9 central, j\u2019ai commenc\u00e9 par un atelier intensif de deux jours sur [&hellip;]<\/p>\n","protected":false},"author":1,"featured_media":5252,"comment_status":"open","ping_status":"closed","sticky":false,"template":"","format":"standard","meta":{"_acf_changed":false,"footnotes":""},"categories":[41],"tags":[],"class_list":["post-8221","post","type-post","status-publish","format-standard","has-post-thumbnail","hentry","category-association"],"acf":[],"yoast_head":"<!-- This site is optimized with the Yoast SEO Premium plugin v26.8 (Yoast SEO v26.8) - https:\/\/yoast.com\/product\/yoast-seo-premium-wordpress\/ -->\n<title>L\u2019importance des rencontres en pr\u00e9sentiel lors des r\u00e9unions | SBC<\/title>\n<meta name=\"robots\" content=\"index, follow, max-snippet:-1, max-image-preview:large, max-video-preview:-1\" \/>\n<link rel=\"canonical\" href=\"https:\/\/swissbaker.ch\/fr\/panissimo-news\/limportance-des-rencontres-en-presentiel-lors-des-reunions\/\" \/>\n<meta property=\"og:locale\" content=\"fr_FR\" \/>\n<meta property=\"og:type\" content=\"article\" \/>\n<meta property=\"og:title\" content=\"L\u2019importance des rencontres en pr\u00e9sentiel lors des r\u00e9unions\" \/>\n<meta property=\"og:description\" content=\"Repr\u00e9sentant tessinois au comit\u00e9 central de la BCS, Daniel Ricigliano, revient sur son exp\u00e9rience en tant que membre de celui-ci entre 2019 et le moment de sa r\u00e9\u00e9lection lors du congr\u00e8s en ligne, d\u00e9but juin. Chers membres, chers lecteurs, En ao\u00fbt\u202f2019, en tant que membre nouvellement \u00e9lu au comit\u00e9 central, j\u2019ai commenc\u00e9 par un atelier intensif de deux jours sur [&hellip;]\" \/>\n<meta property=\"og:url\" content=\"https:\/\/swissbaker.ch\/fr\/panissimo-news\/limportance-des-rencontres-en-presentiel-lors-des-reunions\/\" \/>\n<meta property=\"og:site_name\" content=\"SBC\" \/>\n<meta property=\"article:publisher\" content=\"https:\/\/www.facebook.com\/swissbaker.ch\" \/>\n<meta property=\"article:published_time\" content=\"2021-07-07T07:29:00+00:00\" \/>\n<meta property=\"article:modified_time\" content=\"2022-05-05T13:00:28+00:00\" \/>\n<meta property=\"og:image\" content=\"https:\/\/swissbaker.ch\/wp-content\/uploads\/2022\/03\/14_1_riccigliano.png\" \/>\n\t<meta property=\"og:image:width\" content=\"800\" \/>\n\t<meta property=\"og:image:height\" content=\"474\" \/>\n\t<meta property=\"og:image:type\" content=\"image\/png\" \/>\n<meta name=\"author\" content=\"azureart\" \/>\n<meta name=\"twitter:card\" content=\"summary_large_image\" \/>\n<meta name=\"twitter:creator\" content=\"@ch_swissbaker\" \/>\n<meta name=\"twitter:site\" content=\"@ch_swissbaker\" \/>\n<meta name=\"twitter:label1\" content=\"Written by\" \/>\n\t<meta name=\"twitter:data1\" content=\"azureart\" \/>\n\t<meta name=\"twitter:label2\" content=\"Est. reading time\" \/>\n\t<meta name=\"twitter:data2\" content=\"3 minutes\" \/>\n<script type=\"application\/ld+json\" class=\"yoast-schema-graph\">{\"@context\":\"https:\/\/schema.org\",\"@graph\":[{\"@type\":\"Article\",\"@id\":\"https:\/\/swissbaker.ch\/fr\/panissimo-news\/limportance-des-rencontres-en-presentiel-lors-des-reunions\/#article\",\"isPartOf\":{\"@id\":\"https:\/\/swissbaker.ch\/fr\/panissimo-news\/limportance-des-rencontres-en-presentiel-lors-des-reunions\/\"},\"author\":{\"name\":\"azureart\",\"@id\":\"https:\/\/swissbaker.ch\/fr\/#\/schema\/person\/058ac47619f7da53df62aba60f939b78\"},\"headline\":\"L\u2019importance des rencontres en pr\u00e9sentiel lors des r\u00e9unions\",\"datePublished\":\"2021-07-07T07:29:00+00:00\",\"dateModified\":\"2022-05-05T13:00:28+00:00\",\"mainEntityOfPage\":{\"@id\":\"https:\/\/swissbaker.ch\/fr\/panissimo-news\/limportance-des-rencontres-en-presentiel-lors-des-reunions\/\"},\"wordCount\":441,\"commentCount\":0,\"publisher\":{\"@id\":\"https:\/\/swissbaker.ch\/fr\/#organization\"},\"image\":{\"@id\":\"https:\/\/swissbaker.ch\/fr\/panissimo-news\/limportance-des-rencontres-en-presentiel-lors-des-reunions\/#primaryimage\"},\"thumbnailUrl\":\"https:\/\/swissbaker.ch\/wp-content\/uploads\/2022\/03\/14_1_riccigliano.png\",\"articleSection\":[\"Association\"],\"inLanguage\":\"fr-FR\",\"potentialAction\":[{\"@type\":\"CommentAction\",\"name\":\"Comment\",\"target\":[\"https:\/\/swissbaker.ch\/fr\/panissimo-news\/limportance-des-rencontres-en-presentiel-lors-des-reunions\/#respond\"]}]},{\"@type\":\"WebPage\",\"@id\":\"https:\/\/swissbaker.ch\/fr\/panissimo-news\/limportance-des-rencontres-en-presentiel-lors-des-reunions\/\",\"url\":\"https:\/\/swissbaker.ch\/fr\/panissimo-news\/limportance-des-rencontres-en-presentiel-lors-des-reunions\/\",\"name\":\"L\u2019importance des rencontres en pr\u00e9sentiel lors des r\u00e9unions | SBC\",\"isPartOf\":{\"@id\":\"https:\/\/swissbaker.ch\/fr\/#website\"},\"primaryImageOfPage\":{\"@id\":\"https:\/\/swissbaker.ch\/fr\/panissimo-news\/limportance-des-rencontres-en-presentiel-lors-des-reunions\/#primaryimage\"},\"image\":{\"@id\":\"https:\/\/swissbaker.ch\/fr\/panissimo-news\/limportance-des-rencontres-en-presentiel-lors-des-reunions\/#primaryimage\"},\"thumbnailUrl\":\"https:\/\/swissbaker.ch\/wp-content\/uploads\/2022\/03\/14_1_riccigliano.png\",\"datePublished\":\"2021-07-07T07:29:00+00:00\",\"dateModified\":\"2022-05-05T13:00:28+00:00\",\"breadcrumb\":{\"@id\":\"https:\/\/swissbaker.ch\/fr\/panissimo-news\/limportance-des-rencontres-en-presentiel-lors-des-reunions\/#breadcrumb\"},\"inLanguage\":\"fr-FR\",\"potentialAction\":[{\"@type\":\"ReadAction\",\"target\":[\"https:\/\/swissbaker.ch\/fr\/panissimo-news\/limportance-des-rencontres-en-presentiel-lors-des-reunions\/\"]}]},{\"@type\":\"ImageObject\",\"inLanguage\":\"fr-FR\",\"@id\":\"https:\/\/swissbaker.ch\/fr\/panissimo-news\/limportance-des-rencontres-en-presentiel-lors-des-reunions\/#primaryimage\",\"url\":\"https:\/\/swissbaker.ch\/wp-content\/uploads\/2022\/03\/14_1_riccigliano.png\",\"contentUrl\":\"https:\/\/swissbaker.ch\/wp-content\/uploads\/2022\/03\/14_1_riccigliano.png\",\"width\":800,\"height\":474,\"caption\":\"L\u2019importance des rencontres en pr\u00e9sentiel lors des r\u00e9unions\"},{\"@type\":\"BreadcrumbList\",\"@id\":\"https:\/\/swissbaker.ch\/fr\/panissimo-news\/limportance-des-rencontres-en-presentiel-lors-des-reunions\/#breadcrumb\",\"itemListElement\":[{\"@type\":\"ListItem\",\"position\":1,\"name\":\"\",\"item\":\"https:\/\/swissbaker.ch\/fr\/\"},{\"@type\":\"ListItem\",\"position\":2,\"name\":\"Association\",\"item\":\"https:\/\/swissbaker.ch\/fr\/panissimo-news\/category\/association\/\"},{\"@type\":\"ListItem\",\"position\":3,\"name\":\"L\u2019importance des rencontres en pr\u00e9sentiel lors des r\u00e9unions\"}]},{\"@type\":\"WebSite\",\"@id\":\"https:\/\/swissbaker.ch\/fr\/#website\",\"url\":\"https:\/\/swissbaker.ch\/fr\/\",\"name\":\"SBC\",\"description\":\"\",\"publisher\":{\"@id\":\"https:\/\/swissbaker.ch\/fr\/#organization\"},\"potentialAction\":[{\"@type\":\"SearchAction\",\"target\":{\"@type\":\"EntryPoint\",\"urlTemplate\":\"https:\/\/swissbaker.ch\/fr\/?s={search_term_string}\"},\"query-input\":{\"@type\":\"PropertyValueSpecification\",\"valueRequired\":true,\"valueName\":\"search_term_string\"}}],\"inLanguage\":\"fr-FR\"},{\"@type\":\"Organization\",\"@id\":\"https:\/\/swissbaker.ch\/fr\/#organization\",\"name\":\"Schweizerischer B\u00e4cker-Confiseurmeister-Verband\",\"url\":\"https:\/\/swissbaker.ch\/fr\/\",\"logo\":{\"@type\":\"ImageObject\",\"inLanguage\":\"fr-FR\",\"@id\":\"https:\/\/swissbaker.ch\/fr\/#\/schema\/logo\/image\/\",\"url\":\"https:\/\/swissbaker.ch\/wp-content\/uploads\/2022\/04\/sbc-logo-yoast.jpg\",\"contentUrl\":\"https:\/\/swissbaker.ch\/wp-content\/uploads\/2022\/04\/sbc-logo-yoast.jpg\",\"width\":512,\"height\":512,\"caption\":\"Schweizerischer B\u00e4cker-Confiseurmeister-Verband\"},\"image\":{\"@id\":\"https:\/\/swissbaker.ch\/fr\/#\/schema\/logo\/image\/\"},\"sameAs\":[\"https:\/\/www.facebook.com\/swissbaker.ch\",\"https:\/\/x.com\/ch_swissbaker\"]},{\"@type\":\"Person\",\"@id\":\"https:\/\/swissbaker.ch\/fr\/#\/schema\/person\/058ac47619f7da53df62aba60f939b78\",\"name\":\"azureart\",\"image\":{\"@type\":\"ImageObject\",\"inLanguage\":\"fr-FR\",\"@id\":\"https:\/\/swissbaker.ch\/fr\/#\/schema\/person\/image\/\",\"url\":\"https:\/\/secure.gravatar.com\/avatar\/be04dd3098fd612c83067af4f7a295384c93cb6a9112f51beb9d2f477d25da61?s=96&d=mm&r=g\",\"contentUrl\":\"https:\/\/secure.gravatar.com\/avatar\/be04dd3098fd612c83067af4f7a295384c93cb6a9112f51beb9d2f477d25da61?s=96&d=mm&r=g\",\"caption\":\"azureart\"},\"sameAs\":[\"https:\/\/swissbaker.ch\"],\"url\":\"https:\/\/swissbaker.ch\/fr\/panissimo-news\/author\/pixel-ahoi\/\"}]}<\/script>\n<!-- \/ Yoast SEO Premium plugin. -->","yoast_head_json":{"title":"L\u2019importance des rencontres en pr\u00e9sentiel lors des r\u00e9unions | SBC","robots":{"index":"index","follow":"follow","max-snippet":"max-snippet:-1","max-image-preview":"max-image-preview:large","max-video-preview":"max-video-preview:-1"},"canonical":"https:\/\/swissbaker.ch\/fr\/panissimo-news\/limportance-des-rencontres-en-presentiel-lors-des-reunions\/","og_locale":"fr_FR","og_type":"article","og_title":"L\u2019importance des rencontres en pr\u00e9sentiel lors des r\u00e9unions","og_description":"Repr\u00e9sentant tessinois au comit\u00e9 central de la BCS, Daniel Ricigliano, revient sur son exp\u00e9rience en tant que membre de celui-ci entre 2019 et le moment de sa r\u00e9\u00e9lection lors du congr\u00e8s en ligne, d\u00e9but juin. Chers membres, chers lecteurs, En ao\u00fbt\u202f2019, en tant que membre nouvellement \u00e9lu au comit\u00e9 central, j\u2019ai commenc\u00e9 par un atelier intensif de deux jours sur [&hellip;]","og_url":"https:\/\/swissbaker.ch\/fr\/panissimo-news\/limportance-des-rencontres-en-presentiel-lors-des-reunions\/","og_site_name":"SBC","article_publisher":"https:\/\/www.facebook.com\/swissbaker.ch","article_published_time":"2021-07-07T07:29:00+00:00","article_modified_time":"2022-05-05T13:00:28+00:00","og_image":[{"width":800,"height":474,"url":"https:\/\/swissbaker.ch\/wp-content\/uploads\/2022\/03\/14_1_riccigliano.png","type":"image\/png"}],"author":"azureart","twitter_card":"summary_large_image","twitter_creator":"@ch_swissbaker","twitter_site":"@ch_swissbaker","twitter_misc":{"Written by":"azureart","Est. reading time":"3 minutes"},"schema":{"@context":"https:\/\/schema.org","@graph":[{"@type":"Article","@id":"https:\/\/swissbaker.ch\/fr\/panissimo-news\/limportance-des-rencontres-en-presentiel-lors-des-reunions\/#article","isPartOf":{"@id":"https:\/\/swissbaker.ch\/fr\/panissimo-news\/limportance-des-rencontres-en-presentiel-lors-des-reunions\/"},"author":{"name":"azureart","@id":"https:\/\/swissbaker.ch\/fr\/#\/schema\/person\/058ac47619f7da53df62aba60f939b78"},"headline":"L\u2019importance des rencontres en pr\u00e9sentiel lors des r\u00e9unions","datePublished":"2021-07-07T07:29:00+00:00","dateModified":"2022-05-05T13:00:28+00:00","mainEntityOfPage":{"@id":"https:\/\/swissbaker.ch\/fr\/panissimo-news\/limportance-des-rencontres-en-presentiel-lors-des-reunions\/"},"wordCount":441,"commentCount":0,"publisher":{"@id":"https:\/\/swissbaker.ch\/fr\/#organization"},"image":{"@id":"https:\/\/swissbaker.ch\/fr\/panissimo-news\/limportance-des-rencontres-en-presentiel-lors-des-reunions\/#primaryimage"},"thumbnailUrl":"https:\/\/swissbaker.ch\/wp-content\/uploads\/2022\/03\/14_1_riccigliano.png","articleSection":["Association"],"inLanguage":"fr-FR","potentialAction":[{"@type":"CommentAction","name":"Comment","target":["https:\/\/swissbaker.ch\/fr\/panissimo-news\/limportance-des-rencontres-en-presentiel-lors-des-reunions\/#respond"]}]},{"@type":"WebPage","@id":"https:\/\/swissbaker.ch\/fr\/panissimo-news\/limportance-des-rencontres-en-presentiel-lors-des-reunions\/","url":"https:\/\/swissbaker.ch\/fr\/panissimo-news\/limportance-des-rencontres-en-presentiel-lors-des-reunions\/","name":"L\u2019importance des rencontres en pr\u00e9sentiel lors des r\u00e9unions | SBC","isPartOf":{"@id":"https:\/\/swissbaker.ch\/fr\/#website"},"primaryImageOfPage":{"@id":"https:\/\/swissbaker.ch\/fr\/panissimo-news\/limportance-des-rencontres-en-presentiel-lors-des-reunions\/#primaryimage"},"image":{"@id":"https:\/\/swissbaker.ch\/fr\/panissimo-news\/limportance-des-rencontres-en-presentiel-lors-des-reunions\/#primaryimage"},"thumbnailUrl":"https:\/\/swissbaker.ch\/wp-content\/uploads\/2022\/03\/14_1_riccigliano.png","datePublished":"2021-07-07T07:29:00+00:00","dateModified":"2022-05-05T13:00:28+00:00","breadcrumb":{"@id":"https:\/\/swissbaker.ch\/fr\/panissimo-news\/limportance-des-rencontres-en-presentiel-lors-des-reunions\/#breadcrumb"},"inLanguage":"fr-FR","potentialAction":[{"@type":"ReadAction","target":["https:\/\/swissbaker.ch\/fr\/panissimo-news\/limportance-des-rencontres-en-presentiel-lors-des-reunions\/"]}]},{"@type":"ImageObject","inLanguage":"fr-FR","@id":"https:\/\/swissbaker.ch\/fr\/panissimo-news\/limportance-des-rencontres-en-presentiel-lors-des-reunions\/#primaryimage","url":"https:\/\/swissbaker.ch\/wp-content\/uploads\/2022\/03\/14_1_riccigliano.png","contentUrl":"https:\/\/swissbaker.ch\/wp-content\/uploads\/2022\/03\/14_1_riccigliano.png","width":800,"height":474,"caption":"L\u2019importance des rencontres en pr\u00e9sentiel lors des r\u00e9unions"},{"@type":"BreadcrumbList","@id":"https:\/\/swissbaker.ch\/fr\/panissimo-news\/limportance-des-rencontres-en-presentiel-lors-des-reunions\/#breadcrumb","itemListElement":[{"@type":"ListItem","position":1,"name":"","item":"https:\/\/swissbaker.ch\/fr\/"},{"@type":"ListItem","position":2,"name":"Association","item":"https:\/\/swissbaker.ch\/fr\/panissimo-news\/category\/association\/"},{"@type":"ListItem","position":3,"name":"L\u2019importance des rencontres en pr\u00e9sentiel lors des r\u00e9unions"}]},{"@type":"WebSite","@id":"https:\/\/swissbaker.ch\/fr\/#website","url":"https:\/\/swissbaker.ch\/fr\/","name":"SBC","description":"","publisher":{"@id":"https:\/\/swissbaker.ch\/fr\/#organization"},"potentialAction":[{"@type":"SearchAction","target":{"@type":"EntryPoint","urlTemplate":"https:\/\/swissbaker.ch\/fr\/?s={search_term_string}"},"query-input":{"@type":"PropertyValueSpecification","valueRequired":true,"valueName":"search_term_string"}}],"inLanguage":"fr-FR"},{"@type":"Organization","@id":"https:\/\/swissbaker.ch\/fr\/#organization","name":"Schweizerischer B\u00e4cker-Confiseurmeister-Verband","url":"https:\/\/swissbaker.ch\/fr\/","logo":{"@type":"ImageObject","inLanguage":"fr-FR","@id":"https:\/\/swissbaker.ch\/fr\/#\/schema\/logo\/image\/","url":"https:\/\/swissbaker.ch\/wp-content\/uploads\/2022\/04\/sbc-logo-yoast.jpg","contentUrl":"https:\/\/swissbaker.ch\/wp-content\/uploads\/2022\/04\/sbc-logo-yoast.jpg","width":512,"height":512,"caption":"Schweizerischer B\u00e4cker-Confiseurmeister-Verband"},"image":{"@id":"https:\/\/swissbaker.ch\/fr\/#\/schema\/logo\/image\/"},"sameAs":["https:\/\/www.facebook.com\/swissbaker.ch","https:\/\/x.com\/ch_swissbaker"]},{"@type":"Person","@id":"https:\/\/swissbaker.ch\/fr\/#\/schema\/person\/058ac47619f7da53df62aba60f939b78","name":"azureart","image":{"@type":"ImageObject","inLanguage":"fr-FR","@id":"https:\/\/swissbaker.ch\/fr\/#\/schema\/person\/image\/","url":"https:\/\/secure.gravatar.com\/avatar\/be04dd3098fd612c83067af4f7a295384c93cb6a9112f51beb9d2f477d25da61?s=96&d=mm&r=g","contentUrl":"https:\/\/secure.gravatar.com\/avatar\/be04dd3098fd612c83067af4f7a295384c93cb6a9112f51beb9d2f477d25da61?s=96&d=mm&r=g","caption":"azureart"},"sameAs":["https:\/\/swissbaker.ch"],"url":"https:\/\/swissbaker.ch\/fr\/panissimo-news\/author\/pixel-ahoi\/"}]}},"_links":{"self":[{"href":"https:\/\/swissbaker.ch\/fr\/wp-json\/wp\/v2\/posts\/8221","targetHints":{"allow":["GET"]}}],"collection":[{"href":"https:\/\/swissbaker.ch\/fr\/wp-json\/wp\/v2\/posts"}],"about":[{"href":"https:\/\/swissbaker.ch\/fr\/wp-json\/wp\/v2\/types\/post"}],"author":[{"embeddable":true,"href":"https:\/\/swissbaker.ch\/fr\/wp-json\/wp\/v2\/users\/1"}],"replies":[{"embeddable":true,"href":"https:\/\/swissbaker.ch\/fr\/wp-json\/wp\/v2\/comments?post=8221"}],"version-history":[{"count":0,"href":"https:\/\/swissbaker.ch\/fr\/wp-json\/wp\/v2\/posts\/8221\/revisions"}],"wp:featuredmedia":[{"embeddable":true,"href":"https:\/\/swissbaker.ch\/fr\/wp-json\/wp\/v2\/media\/5252"}],"wp:attachment":[{"href":"https:\/\/swissbaker.ch\/fr\/wp-json\/wp\/v2\/media?parent=8221"}],"wp:term":[{"taxonomy":"category","embeddable":true,"href":"https:\/\/swissbaker.ch\/fr\/wp-json\/wp\/v2\/categories?post=8221"},{"taxonomy":"post_tag","embeddable":true,"href":"https:\/\/swissbaker.ch\/fr\/wp-json\/wp\/v2\/tags?post=8221"}],"curies":[{"name":"wp","href":"https:\/\/api.w.org\/{rel}","templated":true}]}}