{"id":8207,"date":"2021-07-07T09:18:00","date_gmt":"2021-07-07T07:18:00","guid":{"rendered":"https:\/\/swissbaker.ch\/?p=8207"},"modified":"2022-05-05T14:54:52","modified_gmt":"2022-05-05T12:54:52","slug":"participez-au-concours-de-photos-instagram","status":"publish","type":"post","link":"https:\/\/swissbaker.ch\/fr\/panissimo-news\/participez-au-concours-de-photos-instagram\/","title":{"rendered":"Participez au concours de photos Instagram\u2009!"},"content":{"rendered":"\n<p><strong>Le travail artistique des apprentis m\u00e9rite d\u2019\u00eatre c\u00e9l\u00e9br\u00e9. C\u2019est pourquoi trois concours de photos Instagram sont lanc\u00e9s dans le cadre de la nouvelle campagne pour les jeunes talents.<\/strong><\/p>\n\n\n\n<p>La communaut\u00e9 choisira le produit le plus beau ou le plus cr\u00e9atif de chaque discipline. L\u2019emballage (cadeau) le plus \u00e9tonnant, le g\u00e2teau de fin d\u2019\u00e9t\u00e9 le plus cr\u00e9atif et le sandwich le plus original sont recherch\u00e9s.<\/p>\n\n\n\n<p>De superbes prix attendent les trois gagnants. C\u2019est maintenant \u00e0 vous, chers membres, d\u2019informer vos apprentis et de les motiver \u00e0 participer. Nous sommes impatients de d\u00e9couvrir ces produits et de recevoir les candidatures, \u00e0 l\u2019adresse suivante\u2009:<\/p>\n\n\n\n<p>panissimo(at)swissbaker.ch<\/p>\n\n\n\n<p><a href=\"https:\/\/www.instagram.com\/swissbaker.ch\/\">instagram.com\/swissbaker.ch<\/a><\/p>\n","protected":false},"excerpt":{"rendered":"<p>Le travail artistique des apprentis m\u00e9rite d\u2019\u00eatre c\u00e9l\u00e9br\u00e9. C\u2019est pourquoi trois concours de photos Instagram sont lanc\u00e9s dans le cadre de la nouvelle campagne pour les jeunes talents. La communaut\u00e9 choisira le produit le plus beau ou le plus cr\u00e9atif de chaque discipline. L\u2019emballage (cadeau) le plus \u00e9tonnant, le g\u00e2teau de fin d\u2019\u00e9t\u00e9 le plus cr\u00e9atif et le sandwich le [&hellip;]<\/p>\n","protected":false},"author":1,"featured_media":5249,"comment_status":"open","ping_status":"closed","sticky":false,"template":"","format":"standard","meta":{"_acf_changed":false,"footnotes":""},"categories":[25],"tags":[],"class_list":["post-8207","post","type-post","status-publish","format-standard","has-post-thumbnail","hentry","category-non-classifiee"],"acf":[],"yoast_head":"<!-- This site is optimized with the Yoast SEO Premium plugin v26.8 (Yoast SEO v26.8) - https:\/\/yoast.com\/product\/yoast-seo-premium-wordpress\/ -->\n<title>Participez au concours de photos Instagram\u2009! | SBC<\/title>\n<meta name=\"robots\" content=\"index, follow, max-snippet:-1, max-image-preview:large, max-video-preview:-1\" \/>\n<link rel=\"canonical\" href=\"https:\/\/swissbaker.ch\/fr\/panissimo-news\/participez-au-concours-de-photos-instagram\/\" \/>\n<meta property=\"og:locale\" content=\"fr_FR\" \/>\n<meta property=\"og:type\" content=\"article\" \/>\n<meta property=\"og:title\" content=\"Participez au concours de photos Instagram\u2009!\" \/>\n<meta property=\"og:description\" content=\"Le travail artistique des apprentis m\u00e9rite d\u2019\u00eatre c\u00e9l\u00e9br\u00e9. C\u2019est pourquoi trois concours de photos Instagram sont lanc\u00e9s dans le cadre de la nouvelle campagne pour les jeunes talents. La communaut\u00e9 choisira le produit le plus beau ou le plus cr\u00e9atif de chaque discipline. L\u2019emballage (cadeau) le plus \u00e9tonnant, le g\u00e2teau de fin d\u2019\u00e9t\u00e9 le plus cr\u00e9atif et le sandwich le [&hellip;]\" \/>\n<meta property=\"og:url\" content=\"https:\/\/swissbaker.ch\/fr\/panissimo-news\/participez-au-concours-de-photos-instagram\/\" \/>\n<meta property=\"og:site_name\" content=\"SBC\" \/>\n<meta property=\"article:publisher\" content=\"https:\/\/www.facebook.com\/swissbaker.ch\" \/>\n<meta property=\"article:published_time\" content=\"2021-07-07T07:18:00+00:00\" \/>\n<meta property=\"article:modified_time\" content=\"2022-05-05T12:54:52+00:00\" \/>\n<meta property=\"og:image\" content=\"https:\/\/swissbaker.ch\/wp-content\/uploads\/2022\/03\/csm_14_1_instagramm_fotochallenge_5d6c2bd82f.jpeg\" \/>\n\t<meta property=\"og:image:width\" content=\"551\" \/>\n\t<meta property=\"og:image:height\" content=\"327\" \/>\n\t<meta property=\"og:image:type\" content=\"image\/jpeg\" \/>\n<meta name=\"author\" content=\"azureart\" \/>\n<meta name=\"twitter:card\" content=\"summary_large_image\" \/>\n<meta name=\"twitter:creator\" content=\"@ch_swissbaker\" \/>\n<meta name=\"twitter:site\" content=\"@ch_swissbaker\" \/>\n<meta name=\"twitter:label1\" content=\"Written by\" \/>\n\t<meta name=\"twitter:data1\" content=\"azureart\" \/>\n\t<meta name=\"twitter:label2\" content=\"Est. reading time\" \/>\n\t<meta name=\"twitter:data2\" content=\"1 minute\" \/>\n<script type=\"application\/ld+json\" class=\"yoast-schema-graph\">{\"@context\":\"https:\/\/schema.org\",\"@graph\":[{\"@type\":\"Article\",\"@id\":\"https:\/\/swissbaker.ch\/fr\/panissimo-news\/participez-au-concours-de-photos-instagram\/#article\",\"isPartOf\":{\"@id\":\"https:\/\/swissbaker.ch\/fr\/panissimo-news\/participez-au-concours-de-photos-instagram\/\"},\"author\":{\"name\":\"azureart\",\"@id\":\"https:\/\/swissbaker.ch\/fr\/#\/schema\/person\/058ac47619f7da53df62aba60f939b78\"},\"headline\":\"Participez au concours de photos Instagram\u2009!\",\"datePublished\":\"2021-07-07T07:18:00+00:00\",\"dateModified\":\"2022-05-05T12:54:52+00:00\",\"mainEntityOfPage\":{\"@id\":\"https:\/\/swissbaker.ch\/fr\/panissimo-news\/participez-au-concours-de-photos-instagram\/\"},\"wordCount\":128,\"commentCount\":0,\"publisher\":{\"@id\":\"https:\/\/swissbaker.ch\/fr\/#organization\"},\"image\":{\"@id\":\"https:\/\/swissbaker.ch\/fr\/panissimo-news\/participez-au-concours-de-photos-instagram\/#primaryimage\"},\"thumbnailUrl\":\"https:\/\/swissbaker.ch\/wp-content\/uploads\/2022\/03\/csm_14_1_instagramm_fotochallenge_5d6c2bd82f.jpeg\",\"articleSection\":[\"Non classifi\u00e9(e)\"],\"inLanguage\":\"fr-FR\",\"potentialAction\":[{\"@type\":\"CommentAction\",\"name\":\"Comment\",\"target\":[\"https:\/\/swissbaker.ch\/fr\/panissimo-news\/participez-au-concours-de-photos-instagram\/#respond\"]}]},{\"@type\":\"WebPage\",\"@id\":\"https:\/\/swissbaker.ch\/fr\/panissimo-news\/participez-au-concours-de-photos-instagram\/\",\"url\":\"https:\/\/swissbaker.ch\/fr\/panissimo-news\/participez-au-concours-de-photos-instagram\/\",\"name\":\"Participez au concours de photos Instagram\u2009! | SBC\",\"isPartOf\":{\"@id\":\"https:\/\/swissbaker.ch\/fr\/#website\"},\"primaryImageOfPage\":{\"@id\":\"https:\/\/swissbaker.ch\/fr\/panissimo-news\/participez-au-concours-de-photos-instagram\/#primaryimage\"},\"image\":{\"@id\":\"https:\/\/swissbaker.ch\/fr\/panissimo-news\/participez-au-concours-de-photos-instagram\/#primaryimage\"},\"thumbnailUrl\":\"https:\/\/swissbaker.ch\/wp-content\/uploads\/2022\/03\/csm_14_1_instagramm_fotochallenge_5d6c2bd82f.jpeg\",\"datePublished\":\"2021-07-07T07:18:00+00:00\",\"dateModified\":\"2022-05-05T12:54:52+00:00\",\"breadcrumb\":{\"@id\":\"https:\/\/swissbaker.ch\/fr\/panissimo-news\/participez-au-concours-de-photos-instagram\/#breadcrumb\"},\"inLanguage\":\"fr-FR\",\"potentialAction\":[{\"@type\":\"ReadAction\",\"target\":[\"https:\/\/swissbaker.ch\/fr\/panissimo-news\/participez-au-concours-de-photos-instagram\/\"]}]},{\"@type\":\"ImageObject\",\"inLanguage\":\"fr-FR\",\"@id\":\"https:\/\/swissbaker.ch\/fr\/panissimo-news\/participez-au-concours-de-photos-instagram\/#primaryimage\",\"url\":\"https:\/\/swissbaker.ch\/wp-content\/uploads\/2022\/03\/csm_14_1_instagramm_fotochallenge_5d6c2bd82f.jpeg\",\"contentUrl\":\"https:\/\/swissbaker.ch\/wp-content\/uploads\/2022\/03\/csm_14_1_instagramm_fotochallenge_5d6c2bd82f.jpeg\",\"width\":551,\"height\":327,\"caption\":\"Participez au concours de photos Instagram\u2009!\"},{\"@type\":\"BreadcrumbList\",\"@id\":\"https:\/\/swissbaker.ch\/fr\/panissimo-news\/participez-au-concours-de-photos-instagram\/#breadcrumb\",\"itemListElement\":[{\"@type\":\"ListItem\",\"position\":1,\"name\":\"\",\"item\":\"https:\/\/swissbaker.ch\/fr\/\"},{\"@type\":\"ListItem\",\"position\":2,\"name\":\"Non classifi\u00e9(e)\",\"item\":\"https:\/\/swissbaker.ch\/fr\/panissimo-news\/category\/non-classifiee\/\"},{\"@type\":\"ListItem\",\"position\":3,\"name\":\"Participez au concours de photos Instagram\u2009!\"}]},{\"@type\":\"WebSite\",\"@id\":\"https:\/\/swissbaker.ch\/fr\/#website\",\"url\":\"https:\/\/swissbaker.ch\/fr\/\",\"name\":\"SBC\",\"description\":\"\",\"publisher\":{\"@id\":\"https:\/\/swissbaker.ch\/fr\/#organization\"},\"potentialAction\":[{\"@type\":\"SearchAction\",\"target\":{\"@type\":\"EntryPoint\",\"urlTemplate\":\"https:\/\/swissbaker.ch\/fr\/?s={search_term_string}\"},\"query-input\":{\"@type\":\"PropertyValueSpecification\",\"valueRequired\":true,\"valueName\":\"search_term_string\"}}],\"inLanguage\":\"fr-FR\"},{\"@type\":\"Organization\",\"@id\":\"https:\/\/swissbaker.ch\/fr\/#organization\",\"name\":\"Schweizerischer B\u00e4cker-Confiseurmeister-Verband\",\"url\":\"https:\/\/swissbaker.ch\/fr\/\",\"logo\":{\"@type\":\"ImageObject\",\"inLanguage\":\"fr-FR\",\"@id\":\"https:\/\/swissbaker.ch\/fr\/#\/schema\/logo\/image\/\",\"url\":\"https:\/\/swissbaker.ch\/wp-content\/uploads\/2022\/04\/sbc-logo-yoast.jpg\",\"contentUrl\":\"https:\/\/swissbaker.ch\/wp-content\/uploads\/2022\/04\/sbc-logo-yoast.jpg\",\"width\":512,\"height\":512,\"caption\":\"Schweizerischer B\u00e4cker-Confiseurmeister-Verband\"},\"image\":{\"@id\":\"https:\/\/swissbaker.ch\/fr\/#\/schema\/logo\/image\/\"},\"sameAs\":[\"https:\/\/www.facebook.com\/swissbaker.ch\",\"https:\/\/x.com\/ch_swissbaker\"]},{\"@type\":\"Person\",\"@id\":\"https:\/\/swissbaker.ch\/fr\/#\/schema\/person\/058ac47619f7da53df62aba60f939b78\",\"name\":\"azureart\",\"image\":{\"@type\":\"ImageObject\",\"inLanguage\":\"fr-FR\",\"@id\":\"https:\/\/swissbaker.ch\/fr\/#\/schema\/person\/image\/\",\"url\":\"https:\/\/secure.gravatar.com\/avatar\/be04dd3098fd612c83067af4f7a295384c93cb6a9112f51beb9d2f477d25da61?s=96&d=mm&r=g\",\"contentUrl\":\"https:\/\/secure.gravatar.com\/avatar\/be04dd3098fd612c83067af4f7a295384c93cb6a9112f51beb9d2f477d25da61?s=96&d=mm&r=g\",\"caption\":\"azureart\"},\"sameAs\":[\"https:\/\/swissbaker.ch\"],\"url\":\"https:\/\/swissbaker.ch\/fr\/panissimo-news\/author\/pixel-ahoi\/\"}]}<\/script>\n<!-- \/ Yoast SEO Premium plugin. -->","yoast_head_json":{"title":"Participez au concours de photos Instagram\u2009! | SBC","robots":{"index":"index","follow":"follow","max-snippet":"max-snippet:-1","max-image-preview":"max-image-preview:large","max-video-preview":"max-video-preview:-1"},"canonical":"https:\/\/swissbaker.ch\/fr\/panissimo-news\/participez-au-concours-de-photos-instagram\/","og_locale":"fr_FR","og_type":"article","og_title":"Participez au concours de photos Instagram\u2009!","og_description":"Le travail artistique des apprentis m\u00e9rite d\u2019\u00eatre c\u00e9l\u00e9br\u00e9. C\u2019est pourquoi trois concours de photos Instagram sont lanc\u00e9s dans le cadre de la nouvelle campagne pour les jeunes talents. La communaut\u00e9 choisira le produit le plus beau ou le plus cr\u00e9atif de chaque discipline. L\u2019emballage (cadeau) le plus \u00e9tonnant, le g\u00e2teau de fin d\u2019\u00e9t\u00e9 le plus cr\u00e9atif et le sandwich le [&hellip;]","og_url":"https:\/\/swissbaker.ch\/fr\/panissimo-news\/participez-au-concours-de-photos-instagram\/","og_site_name":"SBC","article_publisher":"https:\/\/www.facebook.com\/swissbaker.ch","article_published_time":"2021-07-07T07:18:00+00:00","article_modified_time":"2022-05-05T12:54:52+00:00","og_image":[{"width":551,"height":327,"url":"https:\/\/swissbaker.ch\/wp-content\/uploads\/2022\/03\/csm_14_1_instagramm_fotochallenge_5d6c2bd82f.jpeg","type":"image\/jpeg"}],"author":"azureart","twitter_card":"summary_large_image","twitter_creator":"@ch_swissbaker","twitter_site":"@ch_swissbaker","twitter_misc":{"Written by":"azureart","Est. reading time":"1 minute"},"schema":{"@context":"https:\/\/schema.org","@graph":[{"@type":"Article","@id":"https:\/\/swissbaker.ch\/fr\/panissimo-news\/participez-au-concours-de-photos-instagram\/#article","isPartOf":{"@id":"https:\/\/swissbaker.ch\/fr\/panissimo-news\/participez-au-concours-de-photos-instagram\/"},"author":{"name":"azureart","@id":"https:\/\/swissbaker.ch\/fr\/#\/schema\/person\/058ac47619f7da53df62aba60f939b78"},"headline":"Participez au concours de photos Instagram\u2009!","datePublished":"2021-07-07T07:18:00+00:00","dateModified":"2022-05-05T12:54:52+00:00","mainEntityOfPage":{"@id":"https:\/\/swissbaker.ch\/fr\/panissimo-news\/participez-au-concours-de-photos-instagram\/"},"wordCount":128,"commentCount":0,"publisher":{"@id":"https:\/\/swissbaker.ch\/fr\/#organization"},"image":{"@id":"https:\/\/swissbaker.ch\/fr\/panissimo-news\/participez-au-concours-de-photos-instagram\/#primaryimage"},"thumbnailUrl":"https:\/\/swissbaker.ch\/wp-content\/uploads\/2022\/03\/csm_14_1_instagramm_fotochallenge_5d6c2bd82f.jpeg","articleSection":["Non classifi\u00e9(e)"],"inLanguage":"fr-FR","potentialAction":[{"@type":"CommentAction","name":"Comment","target":["https:\/\/swissbaker.ch\/fr\/panissimo-news\/participez-au-concours-de-photos-instagram\/#respond"]}]},{"@type":"WebPage","@id":"https:\/\/swissbaker.ch\/fr\/panissimo-news\/participez-au-concours-de-photos-instagram\/","url":"https:\/\/swissbaker.ch\/fr\/panissimo-news\/participez-au-concours-de-photos-instagram\/","name":"Participez au concours de photos Instagram\u2009! | SBC","isPartOf":{"@id":"https:\/\/swissbaker.ch\/fr\/#website"},"primaryImageOfPage":{"@id":"https:\/\/swissbaker.ch\/fr\/panissimo-news\/participez-au-concours-de-photos-instagram\/#primaryimage"},"image":{"@id":"https:\/\/swissbaker.ch\/fr\/panissimo-news\/participez-au-concours-de-photos-instagram\/#primaryimage"},"thumbnailUrl":"https:\/\/swissbaker.ch\/wp-content\/uploads\/2022\/03\/csm_14_1_instagramm_fotochallenge_5d6c2bd82f.jpeg","datePublished":"2021-07-07T07:18:00+00:00","dateModified":"2022-05-05T12:54:52+00:00","breadcrumb":{"@id":"https:\/\/swissbaker.ch\/fr\/panissimo-news\/participez-au-concours-de-photos-instagram\/#breadcrumb"},"inLanguage":"fr-FR","potentialAction":[{"@type":"ReadAction","target":["https:\/\/swissbaker.ch\/fr\/panissimo-news\/participez-au-concours-de-photos-instagram\/"]}]},{"@type":"ImageObject","inLanguage":"fr-FR","@id":"https:\/\/swissbaker.ch\/fr\/panissimo-news\/participez-au-concours-de-photos-instagram\/#primaryimage","url":"https:\/\/swissbaker.ch\/wp-content\/uploads\/2022\/03\/csm_14_1_instagramm_fotochallenge_5d6c2bd82f.jpeg","contentUrl":"https:\/\/swissbaker.ch\/wp-content\/uploads\/2022\/03\/csm_14_1_instagramm_fotochallenge_5d6c2bd82f.jpeg","width":551,"height":327,"caption":"Participez au concours de photos Instagram\u2009!"},{"@type":"BreadcrumbList","@id":"https:\/\/swissbaker.ch\/fr\/panissimo-news\/participez-au-concours-de-photos-instagram\/#breadcrumb","itemListElement":[{"@type":"ListItem","position":1,"name":"","item":"https:\/\/swissbaker.ch\/fr\/"},{"@type":"ListItem","position":2,"name":"Non classifi\u00e9(e)","item":"https:\/\/swissbaker.ch\/fr\/panissimo-news\/category\/non-classifiee\/"},{"@type":"ListItem","position":3,"name":"Participez au concours de photos Instagram\u2009!"}]},{"@type":"WebSite","@id":"https:\/\/swissbaker.ch\/fr\/#website","url":"https:\/\/swissbaker.ch\/fr\/","name":"SBC","description":"","publisher":{"@id":"https:\/\/swissbaker.ch\/fr\/#organization"},"potentialAction":[{"@type":"SearchAction","target":{"@type":"EntryPoint","urlTemplate":"https:\/\/swissbaker.ch\/fr\/?s={search_term_string}"},"query-input":{"@type":"PropertyValueSpecification","valueRequired":true,"valueName":"search_term_string"}}],"inLanguage":"fr-FR"},{"@type":"Organization","@id":"https:\/\/swissbaker.ch\/fr\/#organization","name":"Schweizerischer B\u00e4cker-Confiseurmeister-Verband","url":"https:\/\/swissbaker.ch\/fr\/","logo":{"@type":"ImageObject","inLanguage":"fr-FR","@id":"https:\/\/swissbaker.ch\/fr\/#\/schema\/logo\/image\/","url":"https:\/\/swissbaker.ch\/wp-content\/uploads\/2022\/04\/sbc-logo-yoast.jpg","contentUrl":"https:\/\/swissbaker.ch\/wp-content\/uploads\/2022\/04\/sbc-logo-yoast.jpg","width":512,"height":512,"caption":"Schweizerischer B\u00e4cker-Confiseurmeister-Verband"},"image":{"@id":"https:\/\/swissbaker.ch\/fr\/#\/schema\/logo\/image\/"},"sameAs":["https:\/\/www.facebook.com\/swissbaker.ch","https:\/\/x.com\/ch_swissbaker"]},{"@type":"Person","@id":"https:\/\/swissbaker.ch\/fr\/#\/schema\/person\/058ac47619f7da53df62aba60f939b78","name":"azureart","image":{"@type":"ImageObject","inLanguage":"fr-FR","@id":"https:\/\/swissbaker.ch\/fr\/#\/schema\/person\/image\/","url":"https:\/\/secure.gravatar.com\/avatar\/be04dd3098fd612c83067af4f7a295384c93cb6a9112f51beb9d2f477d25da61?s=96&d=mm&r=g","contentUrl":"https:\/\/secure.gravatar.com\/avatar\/be04dd3098fd612c83067af4f7a295384c93cb6a9112f51beb9d2f477d25da61?s=96&d=mm&r=g","caption":"azureart"},"sameAs":["https:\/\/swissbaker.ch"],"url":"https:\/\/swissbaker.ch\/fr\/panissimo-news\/author\/pixel-ahoi\/"}]}},"_links":{"self":[{"href":"https:\/\/swissbaker.ch\/fr\/wp-json\/wp\/v2\/posts\/8207","targetHints":{"allow":["GET"]}}],"collection":[{"href":"https:\/\/swissbaker.ch\/fr\/wp-json\/wp\/v2\/posts"}],"about":[{"href":"https:\/\/swissbaker.ch\/fr\/wp-json\/wp\/v2\/types\/post"}],"author":[{"embeddable":true,"href":"https:\/\/swissbaker.ch\/fr\/wp-json\/wp\/v2\/users\/1"}],"replies":[{"embeddable":true,"href":"https:\/\/swissbaker.ch\/fr\/wp-json\/wp\/v2\/comments?post=8207"}],"version-history":[{"count":0,"href":"https:\/\/swissbaker.ch\/fr\/wp-json\/wp\/v2\/posts\/8207\/revisions"}],"wp:featuredmedia":[{"embeddable":true,"href":"https:\/\/swissbaker.ch\/fr\/wp-json\/wp\/v2\/media\/5249"}],"wp:attachment":[{"href":"https:\/\/swissbaker.ch\/fr\/wp-json\/wp\/v2\/media?parent=8207"}],"wp:term":[{"taxonomy":"category","embeddable":true,"href":"https:\/\/swissbaker.ch\/fr\/wp-json\/wp\/v2\/categories?post=8207"},{"taxonomy":"post_tag","embeddable":true,"href":"https:\/\/swissbaker.ch\/fr\/wp-json\/wp\/v2\/tags?post=8207"}],"curies":[{"name":"wp","href":"https:\/\/api.w.org\/{rel}","templated":true}]}}