{"id":8203,"date":"2021-07-07T09:07:00","date_gmt":"2021-07-07T07:07:00","guid":{"rendered":"https:\/\/swissbaker.ch\/?p=8203"},"modified":"2022-05-05T14:51:09","modified_gmt":"2022-05-05T12:51:09","slug":"shopp-suisse-acheter-ici","status":"publish","type":"post","link":"https:\/\/swissbaker.ch\/fr\/panissimo-news\/shopp-suisse-acheter-ici\/","title":{"rendered":"Shopp Suisse, acheter ici\u2009!"},"content":{"rendered":"\n<p><strong>Avec la campagne nationale commune Shopp Suisse, l\u2019Union suisse des arts et m\u00e9tiers, la Swiss Retail Federation et Agro-Marketing Suisse veulent sensibiliser la population suisse au magasinage en Suisse.<\/strong><\/p>\n\n\n\n<p>Pendant l\u2019ann\u00e9e de la pand\u00e9mie, les gens sont devenus plus conscients et ont choisi d\u2019acheter sur place, comme le montrent plusieurs \u00e9tudes. Des facteurs tels que la qualit\u00e9, la durabilit\u00e9, la disponibilit\u00e9 et le gain de temps ont regagn\u00e9 en importance. L\u2019habituel tourisme d\u2019achat, qui, selon les estimations, fait perdre chaque ann\u00e9e \u00e0 l\u2019\u00e9conomie suisse entre 9 et 11\u202fmilliards de francs de chiffre d\u2019affaires, a baiss\u00e9 pendant l\u2019ann\u00e9e de la pand\u00e9mie. Un \u00e9lan positif pour l\u2019ensemble du commerce de d\u00e9tail, des artisans et des producteurs suisses qui doit \u00eatre poursuivi, a-t-il \u00e9t\u00e9 soulign\u00e9 lors de la conf\u00e9rence de presse de mardi dernier.<\/p>\n\n\n\n<h2 class=\"wp-block-heading\" id=\"h-profiter-de-l-effet-coupe-d-europe-de-football\">Profiter de l\u2019effet Coupe d\u2019Europe de football<\/h2>\n\n\n\n<p>\u00ab\u2009Ce n\u2019est pas un hasard si nous appelons notre campagne Shopp Suisse. Nous souhaitons capter l\u2019enthousiasme pour la Suisse que nous avons pu ressentir devant la t\u00e9l\u00e9vision il y a \u00e9galement une semaine\u2009\u00bb, a d\u00e9clar\u00e9 aux m\u00e9dias Hans-Ulrich Bigler, directeur de l\u2019Union suisse des arts et m\u00e9tiers.<br>Ce slogan sera largement diffus\u00e9 et sera \u00e9galement visible dans les entreprises, dont les trois organismes partenaires sont les \u00e9manations, sous forme d\u2019affiches, d\u2019autocollants ou de badges.<\/p>\n\n\n\n<h2 class=\"wp-block-heading\" id=\"h-materiel-de-campagne\">Mat\u00e9riel de campagne\u2009:<\/h2>\n\n\n\n<ul class=\"wp-block-list\"><li><a href=\"https:\/\/shopp-suisse.ch\/#.\/instagram\">shopp-suisse.ch\/#.\/instagram<\/a><\/li><li>ou action BCS <a href=\"https:\/\/www.swissbaker.ch\/fr\/la-bcs\/marketingcommunication\/acheter-local-2021\/\">\u00ab\u2009Acheter local\u2009\u00bb<\/a><\/li><\/ul>\n","protected":false},"excerpt":{"rendered":"<p>Avec la campagne nationale commune Shopp Suisse, l\u2019Union suisse des arts et m\u00e9tiers, la Swiss Retail Federation et Agro-Marketing Suisse veulent sensibiliser la population suisse au magasinage en Suisse. Pendant l\u2019ann\u00e9e de la pand\u00e9mie, les gens sont devenus plus conscients et ont choisi d\u2019acheter sur place, comme le montrent plusieurs \u00e9tudes. Des facteurs tels que la qualit\u00e9, la durabilit\u00e9, la [&hellip;]<\/p>\n","protected":false},"author":1,"featured_media":5247,"comment_status":"open","ping_status":"closed","sticky":false,"template":"","format":"standard","meta":{"_acf_changed":false,"footnotes":""},"categories":[45,50],"tags":[],"class_list":["post-8203","post","type-post","status-publish","format-standard","has-post-thumbnail","hentry","category-environnement-professionnel","category-vente-marketing"],"acf":[],"yoast_head":"<!-- This site is optimized with the Yoast SEO Premium plugin v26.8 (Yoast SEO v26.8) - https:\/\/yoast.com\/product\/yoast-seo-premium-wordpress\/ -->\n<title>Shopp Suisse, acheter ici\u2009! | SBC<\/title>\n<meta name=\"robots\" content=\"index, follow, max-snippet:-1, max-image-preview:large, max-video-preview:-1\" \/>\n<link rel=\"canonical\" href=\"https:\/\/swissbaker.ch\/fr\/panissimo-news\/shopp-suisse-acheter-ici\/\" \/>\n<meta property=\"og:locale\" content=\"fr_FR\" \/>\n<meta property=\"og:type\" content=\"article\" \/>\n<meta property=\"og:title\" content=\"Shopp Suisse, acheter ici\u2009!\" \/>\n<meta property=\"og:description\" content=\"Avec la campagne nationale commune Shopp Suisse, l\u2019Union suisse des arts et m\u00e9tiers, la Swiss Retail Federation et Agro-Marketing Suisse veulent sensibiliser la population suisse au magasinage en Suisse. Pendant l\u2019ann\u00e9e de la pand\u00e9mie, les gens sont devenus plus conscients et ont choisi d\u2019acheter sur place, comme le montrent plusieurs \u00e9tudes. Des facteurs tels que la qualit\u00e9, la durabilit\u00e9, la [&hellip;]\" \/>\n<meta property=\"og:url\" content=\"https:\/\/swissbaker.ch\/fr\/panissimo-news\/shopp-suisse-acheter-ici\/\" \/>\n<meta property=\"og:site_name\" content=\"SBC\" \/>\n<meta property=\"article:publisher\" content=\"https:\/\/www.facebook.com\/swissbaker.ch\" \/>\n<meta property=\"article:published_time\" content=\"2021-07-07T07:07:00+00:00\" \/>\n<meta property=\"article:modified_time\" content=\"2022-05-05T12:51:09+00:00\" \/>\n<meta property=\"og:image\" content=\"https:\/\/swissbaker.ch\/wp-content\/uploads\/2022\/03\/14_1_shopp_schwizz.jpeg\" \/>\n\t<meta property=\"og:image:width\" content=\"800\" \/>\n\t<meta property=\"og:image:height\" content=\"474\" \/>\n\t<meta property=\"og:image:type\" content=\"image\/jpeg\" \/>\n<meta name=\"author\" content=\"azureart\" \/>\n<meta name=\"twitter:card\" content=\"summary_large_image\" \/>\n<meta name=\"twitter:creator\" content=\"@ch_swissbaker\" \/>\n<meta name=\"twitter:site\" content=\"@ch_swissbaker\" \/>\n<meta name=\"twitter:label1\" content=\"Written by\" \/>\n\t<meta name=\"twitter:data1\" content=\"azureart\" \/>\n\t<meta name=\"twitter:label2\" content=\"Est. reading time\" \/>\n\t<meta name=\"twitter:data2\" content=\"2 minutes\" \/>\n<script type=\"application\/ld+json\" class=\"yoast-schema-graph\">{\"@context\":\"https:\/\/schema.org\",\"@graph\":[{\"@type\":\"Article\",\"@id\":\"https:\/\/swissbaker.ch\/fr\/panissimo-news\/shopp-suisse-acheter-ici\/#article\",\"isPartOf\":{\"@id\":\"https:\/\/swissbaker.ch\/fr\/panissimo-news\/shopp-suisse-acheter-ici\/\"},\"author\":{\"name\":\"azureart\",\"@id\":\"https:\/\/swissbaker.ch\/fr\/#\/schema\/person\/058ac47619f7da53df62aba60f939b78\"},\"headline\":\"Shopp Suisse, acheter ici\u2009!\",\"datePublished\":\"2021-07-07T07:07:00+00:00\",\"dateModified\":\"2022-05-05T12:51:09+00:00\",\"mainEntityOfPage\":{\"@id\":\"https:\/\/swissbaker.ch\/fr\/panissimo-news\/shopp-suisse-acheter-ici\/\"},\"wordCount\":255,\"commentCount\":0,\"publisher\":{\"@id\":\"https:\/\/swissbaker.ch\/fr\/#organization\"},\"image\":{\"@id\":\"https:\/\/swissbaker.ch\/fr\/panissimo-news\/shopp-suisse-acheter-ici\/#primaryimage\"},\"thumbnailUrl\":\"https:\/\/swissbaker.ch\/wp-content\/uploads\/2022\/03\/14_1_shopp_schwizz.jpeg\",\"articleSection\":[\"Environnement professionnel\",\"Vente\/Marketing\"],\"inLanguage\":\"fr-FR\",\"potentialAction\":[{\"@type\":\"CommentAction\",\"name\":\"Comment\",\"target\":[\"https:\/\/swissbaker.ch\/fr\/panissimo-news\/shopp-suisse-acheter-ici\/#respond\"]}]},{\"@type\":\"WebPage\",\"@id\":\"https:\/\/swissbaker.ch\/fr\/panissimo-news\/shopp-suisse-acheter-ici\/\",\"url\":\"https:\/\/swissbaker.ch\/fr\/panissimo-news\/shopp-suisse-acheter-ici\/\",\"name\":\"Shopp Suisse, acheter ici\u2009! | SBC\",\"isPartOf\":{\"@id\":\"https:\/\/swissbaker.ch\/fr\/#website\"},\"primaryImageOfPage\":{\"@id\":\"https:\/\/swissbaker.ch\/fr\/panissimo-news\/shopp-suisse-acheter-ici\/#primaryimage\"},\"image\":{\"@id\":\"https:\/\/swissbaker.ch\/fr\/panissimo-news\/shopp-suisse-acheter-ici\/#primaryimage\"},\"thumbnailUrl\":\"https:\/\/swissbaker.ch\/wp-content\/uploads\/2022\/03\/14_1_shopp_schwizz.jpeg\",\"datePublished\":\"2021-07-07T07:07:00+00:00\",\"dateModified\":\"2022-05-05T12:51:09+00:00\",\"breadcrumb\":{\"@id\":\"https:\/\/swissbaker.ch\/fr\/panissimo-news\/shopp-suisse-acheter-ici\/#breadcrumb\"},\"inLanguage\":\"fr-FR\",\"potentialAction\":[{\"@type\":\"ReadAction\",\"target\":[\"https:\/\/swissbaker.ch\/fr\/panissimo-news\/shopp-suisse-acheter-ici\/\"]}]},{\"@type\":\"ImageObject\",\"inLanguage\":\"fr-FR\",\"@id\":\"https:\/\/swissbaker.ch\/fr\/panissimo-news\/shopp-suisse-acheter-ici\/#primaryimage\",\"url\":\"https:\/\/swissbaker.ch\/wp-content\/uploads\/2022\/03\/14_1_shopp_schwizz.jpeg\",\"contentUrl\":\"https:\/\/swissbaker.ch\/wp-content\/uploads\/2022\/03\/14_1_shopp_schwizz.jpeg\",\"width\":800,\"height\":474,\"caption\":\"Shopp Suisse, acheter ici\u2009!\"},{\"@type\":\"BreadcrumbList\",\"@id\":\"https:\/\/swissbaker.ch\/fr\/panissimo-news\/shopp-suisse-acheter-ici\/#breadcrumb\",\"itemListElement\":[{\"@type\":\"ListItem\",\"position\":1,\"name\":\"\",\"item\":\"https:\/\/swissbaker.ch\/fr\/\"},{\"@type\":\"ListItem\",\"position\":2,\"name\":\"Vente\/Marketing\",\"item\":\"https:\/\/swissbaker.ch\/fr\/panissimo-news\/category\/vente-marketing\/\"},{\"@type\":\"ListItem\",\"position\":3,\"name\":\"Shopp Suisse, acheter ici\u2009!\"}]},{\"@type\":\"WebSite\",\"@id\":\"https:\/\/swissbaker.ch\/fr\/#website\",\"url\":\"https:\/\/swissbaker.ch\/fr\/\",\"name\":\"SBC\",\"description\":\"\",\"publisher\":{\"@id\":\"https:\/\/swissbaker.ch\/fr\/#organization\"},\"potentialAction\":[{\"@type\":\"SearchAction\",\"target\":{\"@type\":\"EntryPoint\",\"urlTemplate\":\"https:\/\/swissbaker.ch\/fr\/?s={search_term_string}\"},\"query-input\":{\"@type\":\"PropertyValueSpecification\",\"valueRequired\":true,\"valueName\":\"search_term_string\"}}],\"inLanguage\":\"fr-FR\"},{\"@type\":\"Organization\",\"@id\":\"https:\/\/swissbaker.ch\/fr\/#organization\",\"name\":\"Schweizerischer B\u00e4cker-Confiseurmeister-Verband\",\"url\":\"https:\/\/swissbaker.ch\/fr\/\",\"logo\":{\"@type\":\"ImageObject\",\"inLanguage\":\"fr-FR\",\"@id\":\"https:\/\/swissbaker.ch\/fr\/#\/schema\/logo\/image\/\",\"url\":\"https:\/\/swissbaker.ch\/wp-content\/uploads\/2022\/04\/sbc-logo-yoast.jpg\",\"contentUrl\":\"https:\/\/swissbaker.ch\/wp-content\/uploads\/2022\/04\/sbc-logo-yoast.jpg\",\"width\":512,\"height\":512,\"caption\":\"Schweizerischer B\u00e4cker-Confiseurmeister-Verband\"},\"image\":{\"@id\":\"https:\/\/swissbaker.ch\/fr\/#\/schema\/logo\/image\/\"},\"sameAs\":[\"https:\/\/www.facebook.com\/swissbaker.ch\",\"https:\/\/x.com\/ch_swissbaker\"]},{\"@type\":\"Person\",\"@id\":\"https:\/\/swissbaker.ch\/fr\/#\/schema\/person\/058ac47619f7da53df62aba60f939b78\",\"name\":\"azureart\",\"image\":{\"@type\":\"ImageObject\",\"inLanguage\":\"fr-FR\",\"@id\":\"https:\/\/swissbaker.ch\/fr\/#\/schema\/person\/image\/\",\"url\":\"https:\/\/secure.gravatar.com\/avatar\/be04dd3098fd612c83067af4f7a295384c93cb6a9112f51beb9d2f477d25da61?s=96&d=mm&r=g\",\"contentUrl\":\"https:\/\/secure.gravatar.com\/avatar\/be04dd3098fd612c83067af4f7a295384c93cb6a9112f51beb9d2f477d25da61?s=96&d=mm&r=g\",\"caption\":\"azureart\"},\"sameAs\":[\"https:\/\/swissbaker.ch\"],\"url\":\"https:\/\/swissbaker.ch\/fr\/panissimo-news\/author\/pixel-ahoi\/\"}]}<\/script>\n<!-- \/ Yoast SEO Premium plugin. -->","yoast_head_json":{"title":"Shopp Suisse, acheter ici\u2009! | SBC","robots":{"index":"index","follow":"follow","max-snippet":"max-snippet:-1","max-image-preview":"max-image-preview:large","max-video-preview":"max-video-preview:-1"},"canonical":"https:\/\/swissbaker.ch\/fr\/panissimo-news\/shopp-suisse-acheter-ici\/","og_locale":"fr_FR","og_type":"article","og_title":"Shopp Suisse, acheter ici\u2009!","og_description":"Avec la campagne nationale commune Shopp Suisse, l\u2019Union suisse des arts et m\u00e9tiers, la Swiss Retail Federation et Agro-Marketing Suisse veulent sensibiliser la population suisse au magasinage en Suisse. Pendant l\u2019ann\u00e9e de la pand\u00e9mie, les gens sont devenus plus conscients et ont choisi d\u2019acheter sur place, comme le montrent plusieurs \u00e9tudes. Des facteurs tels que la qualit\u00e9, la durabilit\u00e9, la [&hellip;]","og_url":"https:\/\/swissbaker.ch\/fr\/panissimo-news\/shopp-suisse-acheter-ici\/","og_site_name":"SBC","article_publisher":"https:\/\/www.facebook.com\/swissbaker.ch","article_published_time":"2021-07-07T07:07:00+00:00","article_modified_time":"2022-05-05T12:51:09+00:00","og_image":[{"width":800,"height":474,"url":"https:\/\/swissbaker.ch\/wp-content\/uploads\/2022\/03\/14_1_shopp_schwizz.jpeg","type":"image\/jpeg"}],"author":"azureart","twitter_card":"summary_large_image","twitter_creator":"@ch_swissbaker","twitter_site":"@ch_swissbaker","twitter_misc":{"Written by":"azureart","Est. reading time":"2 minutes"},"schema":{"@context":"https:\/\/schema.org","@graph":[{"@type":"Article","@id":"https:\/\/swissbaker.ch\/fr\/panissimo-news\/shopp-suisse-acheter-ici\/#article","isPartOf":{"@id":"https:\/\/swissbaker.ch\/fr\/panissimo-news\/shopp-suisse-acheter-ici\/"},"author":{"name":"azureart","@id":"https:\/\/swissbaker.ch\/fr\/#\/schema\/person\/058ac47619f7da53df62aba60f939b78"},"headline":"Shopp Suisse, acheter ici\u2009!","datePublished":"2021-07-07T07:07:00+00:00","dateModified":"2022-05-05T12:51:09+00:00","mainEntityOfPage":{"@id":"https:\/\/swissbaker.ch\/fr\/panissimo-news\/shopp-suisse-acheter-ici\/"},"wordCount":255,"commentCount":0,"publisher":{"@id":"https:\/\/swissbaker.ch\/fr\/#organization"},"image":{"@id":"https:\/\/swissbaker.ch\/fr\/panissimo-news\/shopp-suisse-acheter-ici\/#primaryimage"},"thumbnailUrl":"https:\/\/swissbaker.ch\/wp-content\/uploads\/2022\/03\/14_1_shopp_schwizz.jpeg","articleSection":["Environnement professionnel","Vente\/Marketing"],"inLanguage":"fr-FR","potentialAction":[{"@type":"CommentAction","name":"Comment","target":["https:\/\/swissbaker.ch\/fr\/panissimo-news\/shopp-suisse-acheter-ici\/#respond"]}]},{"@type":"WebPage","@id":"https:\/\/swissbaker.ch\/fr\/panissimo-news\/shopp-suisse-acheter-ici\/","url":"https:\/\/swissbaker.ch\/fr\/panissimo-news\/shopp-suisse-acheter-ici\/","name":"Shopp Suisse, acheter ici\u2009! | SBC","isPartOf":{"@id":"https:\/\/swissbaker.ch\/fr\/#website"},"primaryImageOfPage":{"@id":"https:\/\/swissbaker.ch\/fr\/panissimo-news\/shopp-suisse-acheter-ici\/#primaryimage"},"image":{"@id":"https:\/\/swissbaker.ch\/fr\/panissimo-news\/shopp-suisse-acheter-ici\/#primaryimage"},"thumbnailUrl":"https:\/\/swissbaker.ch\/wp-content\/uploads\/2022\/03\/14_1_shopp_schwizz.jpeg","datePublished":"2021-07-07T07:07:00+00:00","dateModified":"2022-05-05T12:51:09+00:00","breadcrumb":{"@id":"https:\/\/swissbaker.ch\/fr\/panissimo-news\/shopp-suisse-acheter-ici\/#breadcrumb"},"inLanguage":"fr-FR","potentialAction":[{"@type":"ReadAction","target":["https:\/\/swissbaker.ch\/fr\/panissimo-news\/shopp-suisse-acheter-ici\/"]}]},{"@type":"ImageObject","inLanguage":"fr-FR","@id":"https:\/\/swissbaker.ch\/fr\/panissimo-news\/shopp-suisse-acheter-ici\/#primaryimage","url":"https:\/\/swissbaker.ch\/wp-content\/uploads\/2022\/03\/14_1_shopp_schwizz.jpeg","contentUrl":"https:\/\/swissbaker.ch\/wp-content\/uploads\/2022\/03\/14_1_shopp_schwizz.jpeg","width":800,"height":474,"caption":"Shopp Suisse, acheter ici\u2009!"},{"@type":"BreadcrumbList","@id":"https:\/\/swissbaker.ch\/fr\/panissimo-news\/shopp-suisse-acheter-ici\/#breadcrumb","itemListElement":[{"@type":"ListItem","position":1,"name":"","item":"https:\/\/swissbaker.ch\/fr\/"},{"@type":"ListItem","position":2,"name":"Vente\/Marketing","item":"https:\/\/swissbaker.ch\/fr\/panissimo-news\/category\/vente-marketing\/"},{"@type":"ListItem","position":3,"name":"Shopp Suisse, acheter ici\u2009!"}]},{"@type":"WebSite","@id":"https:\/\/swissbaker.ch\/fr\/#website","url":"https:\/\/swissbaker.ch\/fr\/","name":"SBC","description":"","publisher":{"@id":"https:\/\/swissbaker.ch\/fr\/#organization"},"potentialAction":[{"@type":"SearchAction","target":{"@type":"EntryPoint","urlTemplate":"https:\/\/swissbaker.ch\/fr\/?s={search_term_string}"},"query-input":{"@type":"PropertyValueSpecification","valueRequired":true,"valueName":"search_term_string"}}],"inLanguage":"fr-FR"},{"@type":"Organization","@id":"https:\/\/swissbaker.ch\/fr\/#organization","name":"Schweizerischer B\u00e4cker-Confiseurmeister-Verband","url":"https:\/\/swissbaker.ch\/fr\/","logo":{"@type":"ImageObject","inLanguage":"fr-FR","@id":"https:\/\/swissbaker.ch\/fr\/#\/schema\/logo\/image\/","url":"https:\/\/swissbaker.ch\/wp-content\/uploads\/2022\/04\/sbc-logo-yoast.jpg","contentUrl":"https:\/\/swissbaker.ch\/wp-content\/uploads\/2022\/04\/sbc-logo-yoast.jpg","width":512,"height":512,"caption":"Schweizerischer B\u00e4cker-Confiseurmeister-Verband"},"image":{"@id":"https:\/\/swissbaker.ch\/fr\/#\/schema\/logo\/image\/"},"sameAs":["https:\/\/www.facebook.com\/swissbaker.ch","https:\/\/x.com\/ch_swissbaker"]},{"@type":"Person","@id":"https:\/\/swissbaker.ch\/fr\/#\/schema\/person\/058ac47619f7da53df62aba60f939b78","name":"azureart","image":{"@type":"ImageObject","inLanguage":"fr-FR","@id":"https:\/\/swissbaker.ch\/fr\/#\/schema\/person\/image\/","url":"https:\/\/secure.gravatar.com\/avatar\/be04dd3098fd612c83067af4f7a295384c93cb6a9112f51beb9d2f477d25da61?s=96&d=mm&r=g","contentUrl":"https:\/\/secure.gravatar.com\/avatar\/be04dd3098fd612c83067af4f7a295384c93cb6a9112f51beb9d2f477d25da61?s=96&d=mm&r=g","caption":"azureart"},"sameAs":["https:\/\/swissbaker.ch"],"url":"https:\/\/swissbaker.ch\/fr\/panissimo-news\/author\/pixel-ahoi\/"}]}},"_links":{"self":[{"href":"https:\/\/swissbaker.ch\/fr\/wp-json\/wp\/v2\/posts\/8203","targetHints":{"allow":["GET"]}}],"collection":[{"href":"https:\/\/swissbaker.ch\/fr\/wp-json\/wp\/v2\/posts"}],"about":[{"href":"https:\/\/swissbaker.ch\/fr\/wp-json\/wp\/v2\/types\/post"}],"author":[{"embeddable":true,"href":"https:\/\/swissbaker.ch\/fr\/wp-json\/wp\/v2\/users\/1"}],"replies":[{"embeddable":true,"href":"https:\/\/swissbaker.ch\/fr\/wp-json\/wp\/v2\/comments?post=8203"}],"version-history":[{"count":0,"href":"https:\/\/swissbaker.ch\/fr\/wp-json\/wp\/v2\/posts\/8203\/revisions"}],"wp:featuredmedia":[{"embeddable":true,"href":"https:\/\/swissbaker.ch\/fr\/wp-json\/wp\/v2\/media\/5247"}],"wp:attachment":[{"href":"https:\/\/swissbaker.ch\/fr\/wp-json\/wp\/v2\/media?parent=8203"}],"wp:term":[{"taxonomy":"category","embeddable":true,"href":"https:\/\/swissbaker.ch\/fr\/wp-json\/wp\/v2\/categories?post=8203"},{"taxonomy":"post_tag","embeddable":true,"href":"https:\/\/swissbaker.ch\/fr\/wp-json\/wp\/v2\/tags?post=8203"}],"curies":[{"name":"wp","href":"https:\/\/api.w.org\/{rel}","templated":true}]}}