{"id":81975,"date":"2024-08-14T16:23:15","date_gmt":"2024-08-14T14:23:15","guid":{"rendered":"https:\/\/swissbaker.ch\/?p=81975"},"modified":"2024-10-24T08:56:13","modified_gmt":"2024-10-24T06:56:13","slug":"cct-2025-ou-es-tu","status":"publish","type":"post","link":"https:\/\/swissbaker.ch\/fr\/panissimo-news\/cct-2025-ou-es-tu\/","title":{"rendered":"CCT 2025 o\u00f9 es-tu?"},"content":{"rendered":"\n<p><strong>La nouvelle convention collective de travail CCT 2025 n\u2019entrera en vigueur qu\u2019apr\u00e8s son extension par le Conseil f\u00e9d\u00e9ral.<\/strong> <strong>La date exacte n\u2019est pas encore connue.<\/strong><\/p>\n\n\n\n<p>Jusqu\u2019\u00e0 ladite d\u00e9claration de force obligatoire (DFO) de la CCT 2025, l\u2019ancienne CCT reste en vigueur. \u00c0 partir du 1er janvier 2025, il faudra toutefois d\u00e9j\u00e0 respecter de nouveaux salaires minimaux. <a href=\"https:\/\/swissbaker.ch\/fr\/association\/documents\/cct-salaires-droit\/cct-contrats-de-travail\/\">Les nouveaux salaires minimaux ou r\u00e8glements salariaux peuvent \u00eatre consult\u00e9s ici<\/a>. Les salaires conventionnels qui d\u00e9passent le nouveau salaire minimum ne doivent pas obligatoirement \u00eatre augment\u00e9s.<\/p>\n\n\n\n<h3 class=\"wp-block-heading\" id=\"h-il-convient-de-tenir-compte-des-nouveautes-suivantes\">Il convient de tenir compte des nouveaut\u00e9s suivantes:<\/h3>\n\n\n\n<ul class=\"wp-block-list\">\n<li>Pour le personnel de production et de vente, il existe d\u00e9sormais <strong>un r\u00e8glement salarial<\/strong> avec des salaires minimaux uniformes.<\/li>\n\n\n\n<li>Les collaborateurs de production et de vente <strong>non qualifi\u00e9s<\/strong> ainsi que le personnel non qualifi\u00e9 (sans les collaborateurs de la restauration) ont d\u00e9sormais un salaire minimum plus \u00e9lev\u00e9 <strong>apr\u00e8s trois ans de service<\/strong>. La d\u00e9finition des ann\u00e9es de service se trouve \u00e0 l\u2019art. 1, ch. 4 de la CCT.<\/li>\n\n\n\n<li>Les collaborateurs de la production et de la vente titulaires d\u2019un dipl\u00f4me professionnel f\u00e9d\u00e9ral ont d\u00e9sormais un salaire minimum plus \u00e9lev\u00e9, m\u00eame <strong>s\u2019ils n\u2019exercent pas de fonction de responsable<\/strong>. La condition est toutefois un <strong>taux d\u2019occupation minimum de 60%<\/strong>. Pour les collaborateurs de la production et de la vente titulaires d\u2019un dipl\u00f4me professionnel et <strong>exer\u00e7ant une fonction de responsable<\/strong>, un autre salaire minimum s\u2019applique comme jusqu\u2019\u00e0 pr\u00e9sent.<\/li>\n<\/ul>\n\n\n\n<h2 class=\"wp-block-heading\" id=\"h-seance-d-information-cct-18-novembre\"><strong>S\u00e9ance d\u2019information CCT: 18 novembre<\/strong><\/h2>\n\n\n\n<p>En vue de la CCT 2025, l\u2019Association suisse des patrons boulangers-confiseurs organise pour ses membres une s\u00e9ance d\u2019information le 18 novembre 2024.<\/p>\n\n\n\n<p class=\"has-text-align-right\"><em>BCS<\/em><\/p>\n","protected":false},"excerpt":{"rendered":"<p>La nouvelle convention collective de travail CCT 2025 n\u2019entrera en vigueur qu\u2019apr\u00e8s son extension par le Conseil f\u00e9d\u00e9ral. La date exacte n\u2019est pas encore connue. \u00c0 partir du 1er janvier 2025, il faudra toutefois d\u00e9j\u00e0 respecter de nouveaux salaires minimaux<\/p>\n","protected":false},"author":5,"featured_media":79778,"comment_status":"closed","ping_status":"closed","sticky":true,"template":"","format":"standard","meta":{"_acf_changed":false,"footnotes":""},"categories":[41,44],"tags":[],"class_list":["post-81975","post","type-post","status-publish","format-standard","has-post-thumbnail","hentry","category-association","category-droit-politique"],"acf":[],"yoast_head":"<!-- This site is optimized with the Yoast SEO Premium plugin v26.8 (Yoast SEO v26.8) - https:\/\/yoast.com\/product\/yoast-seo-premium-wordpress\/ -->\n<title>CCT 2025 o\u00f9 es-tu? | SBC<\/title>\n<meta name=\"robots\" content=\"index, follow, max-snippet:-1, max-image-preview:large, max-video-preview:-1\" \/>\n<link rel=\"canonical\" href=\"https:\/\/swissbaker.ch\/fr\/panissimo-news\/cct-2025-ou-es-tu\/\" \/>\n<meta property=\"og:locale\" content=\"fr_FR\" \/>\n<meta property=\"og:type\" content=\"article\" \/>\n<meta property=\"og:title\" content=\"CCT 2025 o\u00f9 es-tu?\" \/>\n<meta property=\"og:description\" content=\"La nouvelle convention collective de travail CCT 2025 n\u2019entrera en vigueur qu\u2019apr\u00e8s son extension par le Conseil f\u00e9d\u00e9ral. La date exacte n\u2019est pas encore connue. \u00c0 partir du 1er janvier 2025, il faudra toutefois d\u00e9j\u00e0 respecter de nouveaux salaires minimaux\" \/>\n<meta property=\"og:url\" content=\"https:\/\/swissbaker.ch\/fr\/panissimo-news\/cct-2025-ou-es-tu\/\" \/>\n<meta property=\"og:site_name\" content=\"SBC\" \/>\n<meta property=\"article:publisher\" content=\"https:\/\/www.facebook.com\/swissbaker.ch\" \/>\n<meta property=\"article:published_time\" content=\"2024-08-14T14:23:15+00:00\" \/>\n<meta property=\"article:modified_time\" content=\"2024-10-24T06:56:13+00:00\" \/>\n<meta property=\"og:image\" content=\"https:\/\/swissbaker.ch\/wp-content\/uploads\/2024\/06\/11_2_gav.jpg\" \/>\n\t<meta property=\"og:image:width\" content=\"1200\" \/>\n\t<meta property=\"og:image:height\" content=\"712\" \/>\n\t<meta property=\"og:image:type\" content=\"image\/jpeg\" \/>\n<meta name=\"author\" content=\"Simon Nussbaum\" \/>\n<meta name=\"twitter:card\" content=\"summary_large_image\" \/>\n<meta name=\"twitter:creator\" content=\"@ch_swissbaker\" \/>\n<meta name=\"twitter:site\" content=\"@ch_swissbaker\" \/>\n<meta name=\"twitter:label1\" content=\"Written by\" \/>\n\t<meta name=\"twitter:data1\" content=\"Simon Nussbaum\" \/>\n\t<meta name=\"twitter:label2\" content=\"Est. reading time\" \/>\n\t<meta name=\"twitter:data2\" content=\"1 minute\" \/>\n<script type=\"application\/ld+json\" class=\"yoast-schema-graph\">{\"@context\":\"https:\/\/schema.org\",\"@graph\":[{\"@type\":\"Article\",\"@id\":\"https:\/\/swissbaker.ch\/fr\/panissimo-news\/cct-2025-ou-es-tu\/#article\",\"isPartOf\":{\"@id\":\"https:\/\/swissbaker.ch\/fr\/panissimo-news\/cct-2025-ou-es-tu\/\"},\"author\":{\"name\":\"Simon Nussbaum\",\"@id\":\"https:\/\/swissbaker.ch\/fr\/#\/schema\/person\/74bd327b08c18ca6042c02ff6f0ed5e2\"},\"headline\":\"CCT 2025 o\u00f9 es-tu?\",\"datePublished\":\"2024-08-14T14:23:15+00:00\",\"dateModified\":\"2024-10-24T06:56:13+00:00\",\"mainEntityOfPage\":{\"@id\":\"https:\/\/swissbaker.ch\/fr\/panissimo-news\/cct-2025-ou-es-tu\/\"},\"wordCount\":285,\"publisher\":{\"@id\":\"https:\/\/swissbaker.ch\/fr\/#organization\"},\"image\":{\"@id\":\"https:\/\/swissbaker.ch\/fr\/panissimo-news\/cct-2025-ou-es-tu\/#primaryimage\"},\"thumbnailUrl\":\"https:\/\/swissbaker.ch\/wp-content\/uploads\/2024\/06\/11_2_gav.jpg\",\"articleSection\":[\"Association\",\"Droit &amp; politique\"],\"inLanguage\":\"fr-FR\"},{\"@type\":\"WebPage\",\"@id\":\"https:\/\/swissbaker.ch\/fr\/panissimo-news\/cct-2025-ou-es-tu\/\",\"url\":\"https:\/\/swissbaker.ch\/fr\/panissimo-news\/cct-2025-ou-es-tu\/\",\"name\":\"CCT 2025 o\u00f9 es-tu? | SBC\",\"isPartOf\":{\"@id\":\"https:\/\/swissbaker.ch\/fr\/#website\"},\"primaryImageOfPage\":{\"@id\":\"https:\/\/swissbaker.ch\/fr\/panissimo-news\/cct-2025-ou-es-tu\/#primaryimage\"},\"image\":{\"@id\":\"https:\/\/swissbaker.ch\/fr\/panissimo-news\/cct-2025-ou-es-tu\/#primaryimage\"},\"thumbnailUrl\":\"https:\/\/swissbaker.ch\/wp-content\/uploads\/2024\/06\/11_2_gav.jpg\",\"datePublished\":\"2024-08-14T14:23:15+00:00\",\"dateModified\":\"2024-10-24T06:56:13+00:00\",\"breadcrumb\":{\"@id\":\"https:\/\/swissbaker.ch\/fr\/panissimo-news\/cct-2025-ou-es-tu\/#breadcrumb\"},\"inLanguage\":\"fr-FR\",\"potentialAction\":[{\"@type\":\"ReadAction\",\"target\":[\"https:\/\/swissbaker.ch\/fr\/panissimo-news\/cct-2025-ou-es-tu\/\"]}]},{\"@type\":\"ImageObject\",\"inLanguage\":\"fr-FR\",\"@id\":\"https:\/\/swissbaker.ch\/fr\/panissimo-news\/cct-2025-ou-es-tu\/#primaryimage\",\"url\":\"https:\/\/swissbaker.ch\/wp-content\/uploads\/2024\/06\/11_2_gav.jpg\",\"contentUrl\":\"https:\/\/swissbaker.ch\/wp-content\/uploads\/2024\/06\/11_2_gav.jpg\",\"width\":1200,\"height\":712},{\"@type\":\"BreadcrumbList\",\"@id\":\"https:\/\/swissbaker.ch\/fr\/panissimo-news\/cct-2025-ou-es-tu\/#breadcrumb\",\"itemListElement\":[{\"@type\":\"ListItem\",\"position\":1,\"name\":\"\",\"item\":\"https:\/\/swissbaker.ch\/fr\/\"},{\"@type\":\"ListItem\",\"position\":2,\"name\":\"Droit &amp; politique\",\"item\":\"https:\/\/swissbaker.ch\/fr\/panissimo-news\/category\/droit-politique\/\"},{\"@type\":\"ListItem\",\"position\":3,\"name\":\"CCT 2025 o\u00f9 es-tu?\"}]},{\"@type\":\"WebSite\",\"@id\":\"https:\/\/swissbaker.ch\/fr\/#website\",\"url\":\"https:\/\/swissbaker.ch\/fr\/\",\"name\":\"SBC\",\"description\":\"\",\"publisher\":{\"@id\":\"https:\/\/swissbaker.ch\/fr\/#organization\"},\"potentialAction\":[{\"@type\":\"SearchAction\",\"target\":{\"@type\":\"EntryPoint\",\"urlTemplate\":\"https:\/\/swissbaker.ch\/fr\/?s={search_term_string}\"},\"query-input\":{\"@type\":\"PropertyValueSpecification\",\"valueRequired\":true,\"valueName\":\"search_term_string\"}}],\"inLanguage\":\"fr-FR\"},{\"@type\":\"Organization\",\"@id\":\"https:\/\/swissbaker.ch\/fr\/#organization\",\"name\":\"Schweizerischer B\u00e4cker-Confiseurmeister-Verband\",\"url\":\"https:\/\/swissbaker.ch\/fr\/\",\"logo\":{\"@type\":\"ImageObject\",\"inLanguage\":\"fr-FR\",\"@id\":\"https:\/\/swissbaker.ch\/fr\/#\/schema\/logo\/image\/\",\"url\":\"https:\/\/swissbaker.ch\/wp-content\/uploads\/2022\/04\/sbc-logo-yoast.jpg\",\"contentUrl\":\"https:\/\/swissbaker.ch\/wp-content\/uploads\/2022\/04\/sbc-logo-yoast.jpg\",\"width\":512,\"height\":512,\"caption\":\"Schweizerischer B\u00e4cker-Confiseurmeister-Verband\"},\"image\":{\"@id\":\"https:\/\/swissbaker.ch\/fr\/#\/schema\/logo\/image\/\"},\"sameAs\":[\"https:\/\/www.facebook.com\/swissbaker.ch\",\"https:\/\/x.com\/ch_swissbaker\"]},{\"@type\":\"Person\",\"@id\":\"https:\/\/swissbaker.ch\/fr\/#\/schema\/person\/74bd327b08c18ca6042c02ff6f0ed5e2\",\"name\":\"Simon Nussbaum\",\"image\":{\"@type\":\"ImageObject\",\"inLanguage\":\"fr-FR\",\"@id\":\"https:\/\/swissbaker.ch\/fr\/#\/schema\/person\/image\/\",\"url\":\"https:\/\/secure.gravatar.com\/avatar\/df0eced3bb556c806cb760cf503ade1ed1df25b4104d80d6fd28d93a9509aa12?s=96&d=mm&r=g\",\"contentUrl\":\"https:\/\/secure.gravatar.com\/avatar\/df0eced3bb556c806cb760cf503ade1ed1df25b4104d80d6fd28d93a9509aa12?s=96&d=mm&r=g\",\"caption\":\"Simon Nussbaum\"},\"url\":\"https:\/\/swissbaker.ch\/fr\/panissimo-news\/author\/simon-nussbaum\/\"}]}<\/script>\n<!-- \/ Yoast SEO Premium plugin. -->","yoast_head_json":{"title":"CCT 2025 o\u00f9 es-tu? | SBC","robots":{"index":"index","follow":"follow","max-snippet":"max-snippet:-1","max-image-preview":"max-image-preview:large","max-video-preview":"max-video-preview:-1"},"canonical":"https:\/\/swissbaker.ch\/fr\/panissimo-news\/cct-2025-ou-es-tu\/","og_locale":"fr_FR","og_type":"article","og_title":"CCT 2025 o\u00f9 es-tu?","og_description":"La nouvelle convention collective de travail CCT 2025 n\u2019entrera en vigueur qu\u2019apr\u00e8s son extension par le Conseil f\u00e9d\u00e9ral. La date exacte n\u2019est pas encore connue. \u00c0 partir du 1er janvier 2025, il faudra toutefois d\u00e9j\u00e0 respecter de nouveaux salaires minimaux","og_url":"https:\/\/swissbaker.ch\/fr\/panissimo-news\/cct-2025-ou-es-tu\/","og_site_name":"SBC","article_publisher":"https:\/\/www.facebook.com\/swissbaker.ch","article_published_time":"2024-08-14T14:23:15+00:00","article_modified_time":"2024-10-24T06:56:13+00:00","og_image":[{"width":1200,"height":712,"url":"https:\/\/swissbaker.ch\/wp-content\/uploads\/2024\/06\/11_2_gav.jpg","type":"image\/jpeg"}],"author":"Simon Nussbaum","twitter_card":"summary_large_image","twitter_creator":"@ch_swissbaker","twitter_site":"@ch_swissbaker","twitter_misc":{"Written by":"Simon Nussbaum","Est. reading time":"1 minute"},"schema":{"@context":"https:\/\/schema.org","@graph":[{"@type":"Article","@id":"https:\/\/swissbaker.ch\/fr\/panissimo-news\/cct-2025-ou-es-tu\/#article","isPartOf":{"@id":"https:\/\/swissbaker.ch\/fr\/panissimo-news\/cct-2025-ou-es-tu\/"},"author":{"name":"Simon Nussbaum","@id":"https:\/\/swissbaker.ch\/fr\/#\/schema\/person\/74bd327b08c18ca6042c02ff6f0ed5e2"},"headline":"CCT 2025 o\u00f9 es-tu?","datePublished":"2024-08-14T14:23:15+00:00","dateModified":"2024-10-24T06:56:13+00:00","mainEntityOfPage":{"@id":"https:\/\/swissbaker.ch\/fr\/panissimo-news\/cct-2025-ou-es-tu\/"},"wordCount":285,"publisher":{"@id":"https:\/\/swissbaker.ch\/fr\/#organization"},"image":{"@id":"https:\/\/swissbaker.ch\/fr\/panissimo-news\/cct-2025-ou-es-tu\/#primaryimage"},"thumbnailUrl":"https:\/\/swissbaker.ch\/wp-content\/uploads\/2024\/06\/11_2_gav.jpg","articleSection":["Association","Droit &amp; politique"],"inLanguage":"fr-FR"},{"@type":"WebPage","@id":"https:\/\/swissbaker.ch\/fr\/panissimo-news\/cct-2025-ou-es-tu\/","url":"https:\/\/swissbaker.ch\/fr\/panissimo-news\/cct-2025-ou-es-tu\/","name":"CCT 2025 o\u00f9 es-tu? | SBC","isPartOf":{"@id":"https:\/\/swissbaker.ch\/fr\/#website"},"primaryImageOfPage":{"@id":"https:\/\/swissbaker.ch\/fr\/panissimo-news\/cct-2025-ou-es-tu\/#primaryimage"},"image":{"@id":"https:\/\/swissbaker.ch\/fr\/panissimo-news\/cct-2025-ou-es-tu\/#primaryimage"},"thumbnailUrl":"https:\/\/swissbaker.ch\/wp-content\/uploads\/2024\/06\/11_2_gav.jpg","datePublished":"2024-08-14T14:23:15+00:00","dateModified":"2024-10-24T06:56:13+00:00","breadcrumb":{"@id":"https:\/\/swissbaker.ch\/fr\/panissimo-news\/cct-2025-ou-es-tu\/#breadcrumb"},"inLanguage":"fr-FR","potentialAction":[{"@type":"ReadAction","target":["https:\/\/swissbaker.ch\/fr\/panissimo-news\/cct-2025-ou-es-tu\/"]}]},{"@type":"ImageObject","inLanguage":"fr-FR","@id":"https:\/\/swissbaker.ch\/fr\/panissimo-news\/cct-2025-ou-es-tu\/#primaryimage","url":"https:\/\/swissbaker.ch\/wp-content\/uploads\/2024\/06\/11_2_gav.jpg","contentUrl":"https:\/\/swissbaker.ch\/wp-content\/uploads\/2024\/06\/11_2_gav.jpg","width":1200,"height":712},{"@type":"BreadcrumbList","@id":"https:\/\/swissbaker.ch\/fr\/panissimo-news\/cct-2025-ou-es-tu\/#breadcrumb","itemListElement":[{"@type":"ListItem","position":1,"name":"","item":"https:\/\/swissbaker.ch\/fr\/"},{"@type":"ListItem","position":2,"name":"Droit &amp; politique","item":"https:\/\/swissbaker.ch\/fr\/panissimo-news\/category\/droit-politique\/"},{"@type":"ListItem","position":3,"name":"CCT 2025 o\u00f9 es-tu?"}]},{"@type":"WebSite","@id":"https:\/\/swissbaker.ch\/fr\/#website","url":"https:\/\/swissbaker.ch\/fr\/","name":"SBC","description":"","publisher":{"@id":"https:\/\/swissbaker.ch\/fr\/#organization"},"potentialAction":[{"@type":"SearchAction","target":{"@type":"EntryPoint","urlTemplate":"https:\/\/swissbaker.ch\/fr\/?s={search_term_string}"},"query-input":{"@type":"PropertyValueSpecification","valueRequired":true,"valueName":"search_term_string"}}],"inLanguage":"fr-FR"},{"@type":"Organization","@id":"https:\/\/swissbaker.ch\/fr\/#organization","name":"Schweizerischer B\u00e4cker-Confiseurmeister-Verband","url":"https:\/\/swissbaker.ch\/fr\/","logo":{"@type":"ImageObject","inLanguage":"fr-FR","@id":"https:\/\/swissbaker.ch\/fr\/#\/schema\/logo\/image\/","url":"https:\/\/swissbaker.ch\/wp-content\/uploads\/2022\/04\/sbc-logo-yoast.jpg","contentUrl":"https:\/\/swissbaker.ch\/wp-content\/uploads\/2022\/04\/sbc-logo-yoast.jpg","width":512,"height":512,"caption":"Schweizerischer B\u00e4cker-Confiseurmeister-Verband"},"image":{"@id":"https:\/\/swissbaker.ch\/fr\/#\/schema\/logo\/image\/"},"sameAs":["https:\/\/www.facebook.com\/swissbaker.ch","https:\/\/x.com\/ch_swissbaker"]},{"@type":"Person","@id":"https:\/\/swissbaker.ch\/fr\/#\/schema\/person\/74bd327b08c18ca6042c02ff6f0ed5e2","name":"Simon Nussbaum","image":{"@type":"ImageObject","inLanguage":"fr-FR","@id":"https:\/\/swissbaker.ch\/fr\/#\/schema\/person\/image\/","url":"https:\/\/secure.gravatar.com\/avatar\/df0eced3bb556c806cb760cf503ade1ed1df25b4104d80d6fd28d93a9509aa12?s=96&d=mm&r=g","contentUrl":"https:\/\/secure.gravatar.com\/avatar\/df0eced3bb556c806cb760cf503ade1ed1df25b4104d80d6fd28d93a9509aa12?s=96&d=mm&r=g","caption":"Simon Nussbaum"},"url":"https:\/\/swissbaker.ch\/fr\/panissimo-news\/author\/simon-nussbaum\/"}]}},"_links":{"self":[{"href":"https:\/\/swissbaker.ch\/fr\/wp-json\/wp\/v2\/posts\/81975","targetHints":{"allow":["GET"]}}],"collection":[{"href":"https:\/\/swissbaker.ch\/fr\/wp-json\/wp\/v2\/posts"}],"about":[{"href":"https:\/\/swissbaker.ch\/fr\/wp-json\/wp\/v2\/types\/post"}],"author":[{"embeddable":true,"href":"https:\/\/swissbaker.ch\/fr\/wp-json\/wp\/v2\/users\/5"}],"replies":[{"embeddable":true,"href":"https:\/\/swissbaker.ch\/fr\/wp-json\/wp\/v2\/comments?post=81975"}],"version-history":[{"count":0,"href":"https:\/\/swissbaker.ch\/fr\/wp-json\/wp\/v2\/posts\/81975\/revisions"}],"wp:featuredmedia":[{"embeddable":true,"href":"https:\/\/swissbaker.ch\/fr\/wp-json\/wp\/v2\/media\/79778"}],"wp:attachment":[{"href":"https:\/\/swissbaker.ch\/fr\/wp-json\/wp\/v2\/media?parent=81975"}],"wp:term":[{"taxonomy":"category","embeddable":true,"href":"https:\/\/swissbaker.ch\/fr\/wp-json\/wp\/v2\/categories?post=81975"},{"taxonomy":"post_tag","embeddable":true,"href":"https:\/\/swissbaker.ch\/fr\/wp-json\/wp\/v2\/tags?post=81975"}],"curies":[{"name":"wp","href":"https:\/\/api.w.org\/{rel}","templated":true}]}}