{"id":81918,"date":"2024-08-14T10:53:00","date_gmt":"2024-08-14T08:53:00","guid":{"rendered":"https:\/\/swissbaker.ch\/?p=81918"},"modified":"2024-08-14T11:57:25","modified_gmt":"2024-08-14T09:57:25","slug":"la-meteo-affecte-le-bilanintermediaire-de-la-recolte","status":"publish","type":"post","link":"https:\/\/swissbaker.ch\/fr\/panissimo-news\/la-meteo-affecte-le-bilanintermediaire-de-la-recolte\/","title":{"rendered":"La m\u00e9t\u00e9o affecte le bilan interm\u00e9diaire de la r\u00e9colte"},"content":{"rendered":"\n<p><strong>Le temps maussade du printemps a des cons\u00e9quences sur la r\u00e9colte de bl\u00e9. Le rendement pourrait \u00eatre inf\u00e9rieur de 15\u202f% en 2024, selon les estimations de Rahel Emmenegger de la F\u00e9d\u00e9ration suisse des producteurs de c\u00e9r\u00e9ales, qui s\u2019est confi\u00e9e au \u00ab\u2009Bauernzeitung\u2009\u00bb.<\/strong><\/p>\n\n\n\n<p>D\u2019une part, les champs ont b\u00e9n\u00e9fici\u00e9 d\u2019un faible nombre d\u2019heures d\u2019ensoleillement et, d\u2019autre part, les temp\u00e9ratures douces ont favoris\u00e9 les maladies fongiques et foliaires. C\u2019est ce que constate un collaborateur du groupe de recherche sur la s\u00e9lection des plantes agricoles d\u2019Agroscope dans un article publi\u00e9 sur \u00ab\u2009srf.ch\u2009\u00bb. Les voix de centres collecteurs r\u00e9gionaux se joignent \u00e0 ces d\u00e9clarations. Des importations devraient combler les lacunes dans l\u2019offre de c\u00e9r\u00e9ales.<\/p>\n\n\n\n<p class=\"has-text-align-right\"><em>\u00abPanissimo\u00bb<\/em><\/p>\n","protected":false},"excerpt":{"rendered":"<p>Le temps maussade du printemps a des cons\u00e9quences sur la r\u00e9colte de bl\u00e9. Le rendement pourrait \u00eatre inf\u00e9rieur de 15\u202f% en 2024, selon les estimations de Rahel Emmenegger de la F\u00e9d\u00e9ration suisse des producteurs de c\u00e9r\u00e9ales, qui s\u2019est confi\u00e9e au \u00ab\u2009Bauernzeitung\u2009\u00bb.<\/p>\n","protected":false},"author":5,"featured_media":45805,"comment_status":"closed","ping_status":"closed","sticky":true,"template":"","format":"standard","meta":{"_acf_changed":false,"footnotes":""},"categories":[39],"tags":[],"class_list":["post-81918","post","type-post","status-publish","format-standard","has-post-thumbnail","hentry","category-de-la-branche"],"acf":[],"yoast_head":"<!-- This site is optimized with the Yoast SEO Premium plugin v26.8 (Yoast SEO v26.8) - https:\/\/yoast.com\/product\/yoast-seo-premium-wordpress\/ -->\n<title>La m\u00e9t\u00e9o affecte le bilan interm\u00e9diaire de la r\u00e9colte | SBC<\/title>\n<meta name=\"robots\" content=\"index, follow, max-snippet:-1, max-image-preview:large, max-video-preview:-1\" \/>\n<link rel=\"canonical\" href=\"https:\/\/swissbaker.ch\/fr\/panissimo-news\/la-meteo-affecte-le-bilanintermediaire-de-la-recolte\/\" \/>\n<meta property=\"og:locale\" content=\"fr_FR\" \/>\n<meta property=\"og:type\" content=\"article\" \/>\n<meta property=\"og:title\" content=\"La m\u00e9t\u00e9o affecte le bilan interm\u00e9diaire de la r\u00e9colte\" \/>\n<meta property=\"og:description\" content=\"Le temps maussade du printemps a des cons\u00e9quences sur la r\u00e9colte de bl\u00e9. Le rendement pourrait \u00eatre inf\u00e9rieur de 15\u202f% en 2024, selon les estimations de Rahel Emmenegger de la F\u00e9d\u00e9ration suisse des producteurs de c\u00e9r\u00e9ales, qui s\u2019est confi\u00e9e au \u00ab\u2009Bauernzeitung\u2009\u00bb.\" \/>\n<meta property=\"og:url\" content=\"https:\/\/swissbaker.ch\/fr\/panissimo-news\/la-meteo-affecte-le-bilanintermediaire-de-la-recolte\/\" \/>\n<meta property=\"og:site_name\" content=\"SBC\" \/>\n<meta property=\"article:publisher\" content=\"https:\/\/www.facebook.com\/swissbaker.ch\" \/>\n<meta property=\"article:published_time\" content=\"2024-08-14T08:53:00+00:00\" \/>\n<meta property=\"article:modified_time\" content=\"2024-08-14T09:57:25+00:00\" \/>\n<meta property=\"og:image\" content=\"https:\/\/swissbaker.ch\/wp-content\/uploads\/2022\/08\/16_2_getreide_ernte_maehdrescher.jpg\" \/>\n\t<meta property=\"og:image:width\" content=\"1200\" \/>\n\t<meta property=\"og:image:height\" content=\"712\" \/>\n\t<meta property=\"og:image:type\" content=\"image\/jpeg\" \/>\n<meta name=\"author\" content=\"Simon Nussbaum\" \/>\n<meta name=\"twitter:card\" content=\"summary_large_image\" \/>\n<meta name=\"twitter:creator\" content=\"@ch_swissbaker\" \/>\n<meta name=\"twitter:site\" content=\"@ch_swissbaker\" \/>\n<meta name=\"twitter:label1\" content=\"Written by\" \/>\n\t<meta name=\"twitter:data1\" content=\"Simon Nussbaum\" \/>\n\t<meta name=\"twitter:label2\" content=\"Est. reading time\" \/>\n\t<meta name=\"twitter:data2\" content=\"1 minute\" \/>\n<script type=\"application\/ld+json\" class=\"yoast-schema-graph\">{\"@context\":\"https:\/\/schema.org\",\"@graph\":[{\"@type\":\"Article\",\"@id\":\"https:\/\/swissbaker.ch\/fr\/panissimo-news\/la-meteo-affecte-le-bilanintermediaire-de-la-recolte\/#article\",\"isPartOf\":{\"@id\":\"https:\/\/swissbaker.ch\/fr\/panissimo-news\/la-meteo-affecte-le-bilanintermediaire-de-la-recolte\/\"},\"author\":{\"name\":\"Simon Nussbaum\",\"@id\":\"https:\/\/swissbaker.ch\/fr\/#\/schema\/person\/74bd327b08c18ca6042c02ff6f0ed5e2\"},\"headline\":\"La m\u00e9t\u00e9o affecte le bilan interm\u00e9diaire de la r\u00e9colte\",\"datePublished\":\"2024-08-14T08:53:00+00:00\",\"dateModified\":\"2024-08-14T09:57:25+00:00\",\"mainEntityOfPage\":{\"@id\":\"https:\/\/swissbaker.ch\/fr\/panissimo-news\/la-meteo-affecte-le-bilanintermediaire-de-la-recolte\/\"},\"wordCount\":146,\"publisher\":{\"@id\":\"https:\/\/swissbaker.ch\/fr\/#organization\"},\"image\":{\"@id\":\"https:\/\/swissbaker.ch\/fr\/panissimo-news\/la-meteo-affecte-le-bilanintermediaire-de-la-recolte\/#primaryimage\"},\"thumbnailUrl\":\"https:\/\/swissbaker.ch\/wp-content\/uploads\/2022\/08\/16_2_getreide_ernte_maehdrescher.jpg\",\"articleSection\":[\"De la branche\"],\"inLanguage\":\"fr-FR\"},{\"@type\":\"WebPage\",\"@id\":\"https:\/\/swissbaker.ch\/fr\/panissimo-news\/la-meteo-affecte-le-bilanintermediaire-de-la-recolte\/\",\"url\":\"https:\/\/swissbaker.ch\/fr\/panissimo-news\/la-meteo-affecte-le-bilanintermediaire-de-la-recolte\/\",\"name\":\"La m\u00e9t\u00e9o affecte le bilan interm\u00e9diaire de la r\u00e9colte | SBC\",\"isPartOf\":{\"@id\":\"https:\/\/swissbaker.ch\/fr\/#website\"},\"primaryImageOfPage\":{\"@id\":\"https:\/\/swissbaker.ch\/fr\/panissimo-news\/la-meteo-affecte-le-bilanintermediaire-de-la-recolte\/#primaryimage\"},\"image\":{\"@id\":\"https:\/\/swissbaker.ch\/fr\/panissimo-news\/la-meteo-affecte-le-bilanintermediaire-de-la-recolte\/#primaryimage\"},\"thumbnailUrl\":\"https:\/\/swissbaker.ch\/wp-content\/uploads\/2022\/08\/16_2_getreide_ernte_maehdrescher.jpg\",\"datePublished\":\"2024-08-14T08:53:00+00:00\",\"dateModified\":\"2024-08-14T09:57:25+00:00\",\"breadcrumb\":{\"@id\":\"https:\/\/swissbaker.ch\/fr\/panissimo-news\/la-meteo-affecte-le-bilanintermediaire-de-la-recolte\/#breadcrumb\"},\"inLanguage\":\"fr-FR\",\"potentialAction\":[{\"@type\":\"ReadAction\",\"target\":[\"https:\/\/swissbaker.ch\/fr\/panissimo-news\/la-meteo-affecte-le-bilanintermediaire-de-la-recolte\/\"]}]},{\"@type\":\"ImageObject\",\"inLanguage\":\"fr-FR\",\"@id\":\"https:\/\/swissbaker.ch\/fr\/panissimo-news\/la-meteo-affecte-le-bilanintermediaire-de-la-recolte\/#primaryimage\",\"url\":\"https:\/\/swissbaker.ch\/wp-content\/uploads\/2022\/08\/16_2_getreide_ernte_maehdrescher.jpg\",\"contentUrl\":\"https:\/\/swissbaker.ch\/wp-content\/uploads\/2022\/08\/16_2_getreide_ernte_maehdrescher.jpg\",\"width\":1200,\"height\":712},{\"@type\":\"BreadcrumbList\",\"@id\":\"https:\/\/swissbaker.ch\/fr\/panissimo-news\/la-meteo-affecte-le-bilanintermediaire-de-la-recolte\/#breadcrumb\",\"itemListElement\":[{\"@type\":\"ListItem\",\"position\":1,\"name\":\"\",\"item\":\"https:\/\/swissbaker.ch\/fr\/\"},{\"@type\":\"ListItem\",\"position\":2,\"name\":\"De la branche\",\"item\":\"https:\/\/swissbaker.ch\/fr\/panissimo-news\/category\/de-la-branche\/\"},{\"@type\":\"ListItem\",\"position\":3,\"name\":\"La m\u00e9t\u00e9o affecte le bilan interm\u00e9diaire de la r\u00e9colte\"}]},{\"@type\":\"WebSite\",\"@id\":\"https:\/\/swissbaker.ch\/fr\/#website\",\"url\":\"https:\/\/swissbaker.ch\/fr\/\",\"name\":\"SBC\",\"description\":\"\",\"publisher\":{\"@id\":\"https:\/\/swissbaker.ch\/fr\/#organization\"},\"potentialAction\":[{\"@type\":\"SearchAction\",\"target\":{\"@type\":\"EntryPoint\",\"urlTemplate\":\"https:\/\/swissbaker.ch\/fr\/?s={search_term_string}\"},\"query-input\":{\"@type\":\"PropertyValueSpecification\",\"valueRequired\":true,\"valueName\":\"search_term_string\"}}],\"inLanguage\":\"fr-FR\"},{\"@type\":\"Organization\",\"@id\":\"https:\/\/swissbaker.ch\/fr\/#organization\",\"name\":\"Schweizerischer B\u00e4cker-Confiseurmeister-Verband\",\"url\":\"https:\/\/swissbaker.ch\/fr\/\",\"logo\":{\"@type\":\"ImageObject\",\"inLanguage\":\"fr-FR\",\"@id\":\"https:\/\/swissbaker.ch\/fr\/#\/schema\/logo\/image\/\",\"url\":\"https:\/\/swissbaker.ch\/wp-content\/uploads\/2022\/04\/sbc-logo-yoast.jpg\",\"contentUrl\":\"https:\/\/swissbaker.ch\/wp-content\/uploads\/2022\/04\/sbc-logo-yoast.jpg\",\"width\":512,\"height\":512,\"caption\":\"Schweizerischer B\u00e4cker-Confiseurmeister-Verband\"},\"image\":{\"@id\":\"https:\/\/swissbaker.ch\/fr\/#\/schema\/logo\/image\/\"},\"sameAs\":[\"https:\/\/www.facebook.com\/swissbaker.ch\",\"https:\/\/x.com\/ch_swissbaker\"]},{\"@type\":\"Person\",\"@id\":\"https:\/\/swissbaker.ch\/fr\/#\/schema\/person\/74bd327b08c18ca6042c02ff6f0ed5e2\",\"name\":\"Simon Nussbaum\",\"image\":{\"@type\":\"ImageObject\",\"inLanguage\":\"fr-FR\",\"@id\":\"https:\/\/swissbaker.ch\/fr\/#\/schema\/person\/image\/\",\"url\":\"https:\/\/secure.gravatar.com\/avatar\/df0eced3bb556c806cb760cf503ade1ed1df25b4104d80d6fd28d93a9509aa12?s=96&d=mm&r=g\",\"contentUrl\":\"https:\/\/secure.gravatar.com\/avatar\/df0eced3bb556c806cb760cf503ade1ed1df25b4104d80d6fd28d93a9509aa12?s=96&d=mm&r=g\",\"caption\":\"Simon Nussbaum\"},\"url\":\"https:\/\/swissbaker.ch\/fr\/panissimo-news\/author\/simon-nussbaum\/\"}]}<\/script>\n<!-- \/ Yoast SEO Premium plugin. -->","yoast_head_json":{"title":"La m\u00e9t\u00e9o affecte le bilan interm\u00e9diaire de la r\u00e9colte | SBC","robots":{"index":"index","follow":"follow","max-snippet":"max-snippet:-1","max-image-preview":"max-image-preview:large","max-video-preview":"max-video-preview:-1"},"canonical":"https:\/\/swissbaker.ch\/fr\/panissimo-news\/la-meteo-affecte-le-bilanintermediaire-de-la-recolte\/","og_locale":"fr_FR","og_type":"article","og_title":"La m\u00e9t\u00e9o affecte le bilan interm\u00e9diaire de la r\u00e9colte","og_description":"Le temps maussade du printemps a des cons\u00e9quences sur la r\u00e9colte de bl\u00e9. Le rendement pourrait \u00eatre inf\u00e9rieur de 15\u202f% en 2024, selon les estimations de Rahel Emmenegger de la F\u00e9d\u00e9ration suisse des producteurs de c\u00e9r\u00e9ales, qui s\u2019est confi\u00e9e au \u00ab\u2009Bauernzeitung\u2009\u00bb.","og_url":"https:\/\/swissbaker.ch\/fr\/panissimo-news\/la-meteo-affecte-le-bilanintermediaire-de-la-recolte\/","og_site_name":"SBC","article_publisher":"https:\/\/www.facebook.com\/swissbaker.ch","article_published_time":"2024-08-14T08:53:00+00:00","article_modified_time":"2024-08-14T09:57:25+00:00","og_image":[{"width":1200,"height":712,"url":"https:\/\/swissbaker.ch\/wp-content\/uploads\/2022\/08\/16_2_getreide_ernte_maehdrescher.jpg","type":"image\/jpeg"}],"author":"Simon Nussbaum","twitter_card":"summary_large_image","twitter_creator":"@ch_swissbaker","twitter_site":"@ch_swissbaker","twitter_misc":{"Written by":"Simon Nussbaum","Est. reading time":"1 minute"},"schema":{"@context":"https:\/\/schema.org","@graph":[{"@type":"Article","@id":"https:\/\/swissbaker.ch\/fr\/panissimo-news\/la-meteo-affecte-le-bilanintermediaire-de-la-recolte\/#article","isPartOf":{"@id":"https:\/\/swissbaker.ch\/fr\/panissimo-news\/la-meteo-affecte-le-bilanintermediaire-de-la-recolte\/"},"author":{"name":"Simon Nussbaum","@id":"https:\/\/swissbaker.ch\/fr\/#\/schema\/person\/74bd327b08c18ca6042c02ff6f0ed5e2"},"headline":"La m\u00e9t\u00e9o affecte le bilan interm\u00e9diaire de la r\u00e9colte","datePublished":"2024-08-14T08:53:00+00:00","dateModified":"2024-08-14T09:57:25+00:00","mainEntityOfPage":{"@id":"https:\/\/swissbaker.ch\/fr\/panissimo-news\/la-meteo-affecte-le-bilanintermediaire-de-la-recolte\/"},"wordCount":146,"publisher":{"@id":"https:\/\/swissbaker.ch\/fr\/#organization"},"image":{"@id":"https:\/\/swissbaker.ch\/fr\/panissimo-news\/la-meteo-affecte-le-bilanintermediaire-de-la-recolte\/#primaryimage"},"thumbnailUrl":"https:\/\/swissbaker.ch\/wp-content\/uploads\/2022\/08\/16_2_getreide_ernte_maehdrescher.jpg","articleSection":["De la branche"],"inLanguage":"fr-FR"},{"@type":"WebPage","@id":"https:\/\/swissbaker.ch\/fr\/panissimo-news\/la-meteo-affecte-le-bilanintermediaire-de-la-recolte\/","url":"https:\/\/swissbaker.ch\/fr\/panissimo-news\/la-meteo-affecte-le-bilanintermediaire-de-la-recolte\/","name":"La m\u00e9t\u00e9o affecte le bilan interm\u00e9diaire de la r\u00e9colte | SBC","isPartOf":{"@id":"https:\/\/swissbaker.ch\/fr\/#website"},"primaryImageOfPage":{"@id":"https:\/\/swissbaker.ch\/fr\/panissimo-news\/la-meteo-affecte-le-bilanintermediaire-de-la-recolte\/#primaryimage"},"image":{"@id":"https:\/\/swissbaker.ch\/fr\/panissimo-news\/la-meteo-affecte-le-bilanintermediaire-de-la-recolte\/#primaryimage"},"thumbnailUrl":"https:\/\/swissbaker.ch\/wp-content\/uploads\/2022\/08\/16_2_getreide_ernte_maehdrescher.jpg","datePublished":"2024-08-14T08:53:00+00:00","dateModified":"2024-08-14T09:57:25+00:00","breadcrumb":{"@id":"https:\/\/swissbaker.ch\/fr\/panissimo-news\/la-meteo-affecte-le-bilanintermediaire-de-la-recolte\/#breadcrumb"},"inLanguage":"fr-FR","potentialAction":[{"@type":"ReadAction","target":["https:\/\/swissbaker.ch\/fr\/panissimo-news\/la-meteo-affecte-le-bilanintermediaire-de-la-recolte\/"]}]},{"@type":"ImageObject","inLanguage":"fr-FR","@id":"https:\/\/swissbaker.ch\/fr\/panissimo-news\/la-meteo-affecte-le-bilanintermediaire-de-la-recolte\/#primaryimage","url":"https:\/\/swissbaker.ch\/wp-content\/uploads\/2022\/08\/16_2_getreide_ernte_maehdrescher.jpg","contentUrl":"https:\/\/swissbaker.ch\/wp-content\/uploads\/2022\/08\/16_2_getreide_ernte_maehdrescher.jpg","width":1200,"height":712},{"@type":"BreadcrumbList","@id":"https:\/\/swissbaker.ch\/fr\/panissimo-news\/la-meteo-affecte-le-bilanintermediaire-de-la-recolte\/#breadcrumb","itemListElement":[{"@type":"ListItem","position":1,"name":"","item":"https:\/\/swissbaker.ch\/fr\/"},{"@type":"ListItem","position":2,"name":"De la branche","item":"https:\/\/swissbaker.ch\/fr\/panissimo-news\/category\/de-la-branche\/"},{"@type":"ListItem","position":3,"name":"La m\u00e9t\u00e9o affecte le bilan interm\u00e9diaire de la r\u00e9colte"}]},{"@type":"WebSite","@id":"https:\/\/swissbaker.ch\/fr\/#website","url":"https:\/\/swissbaker.ch\/fr\/","name":"SBC","description":"","publisher":{"@id":"https:\/\/swissbaker.ch\/fr\/#organization"},"potentialAction":[{"@type":"SearchAction","target":{"@type":"EntryPoint","urlTemplate":"https:\/\/swissbaker.ch\/fr\/?s={search_term_string}"},"query-input":{"@type":"PropertyValueSpecification","valueRequired":true,"valueName":"search_term_string"}}],"inLanguage":"fr-FR"},{"@type":"Organization","@id":"https:\/\/swissbaker.ch\/fr\/#organization","name":"Schweizerischer B\u00e4cker-Confiseurmeister-Verband","url":"https:\/\/swissbaker.ch\/fr\/","logo":{"@type":"ImageObject","inLanguage":"fr-FR","@id":"https:\/\/swissbaker.ch\/fr\/#\/schema\/logo\/image\/","url":"https:\/\/swissbaker.ch\/wp-content\/uploads\/2022\/04\/sbc-logo-yoast.jpg","contentUrl":"https:\/\/swissbaker.ch\/wp-content\/uploads\/2022\/04\/sbc-logo-yoast.jpg","width":512,"height":512,"caption":"Schweizerischer B\u00e4cker-Confiseurmeister-Verband"},"image":{"@id":"https:\/\/swissbaker.ch\/fr\/#\/schema\/logo\/image\/"},"sameAs":["https:\/\/www.facebook.com\/swissbaker.ch","https:\/\/x.com\/ch_swissbaker"]},{"@type":"Person","@id":"https:\/\/swissbaker.ch\/fr\/#\/schema\/person\/74bd327b08c18ca6042c02ff6f0ed5e2","name":"Simon Nussbaum","image":{"@type":"ImageObject","inLanguage":"fr-FR","@id":"https:\/\/swissbaker.ch\/fr\/#\/schema\/person\/image\/","url":"https:\/\/secure.gravatar.com\/avatar\/df0eced3bb556c806cb760cf503ade1ed1df25b4104d80d6fd28d93a9509aa12?s=96&d=mm&r=g","contentUrl":"https:\/\/secure.gravatar.com\/avatar\/df0eced3bb556c806cb760cf503ade1ed1df25b4104d80d6fd28d93a9509aa12?s=96&d=mm&r=g","caption":"Simon Nussbaum"},"url":"https:\/\/swissbaker.ch\/fr\/panissimo-news\/author\/simon-nussbaum\/"}]}},"_links":{"self":[{"href":"https:\/\/swissbaker.ch\/fr\/wp-json\/wp\/v2\/posts\/81918","targetHints":{"allow":["GET"]}}],"collection":[{"href":"https:\/\/swissbaker.ch\/fr\/wp-json\/wp\/v2\/posts"}],"about":[{"href":"https:\/\/swissbaker.ch\/fr\/wp-json\/wp\/v2\/types\/post"}],"author":[{"embeddable":true,"href":"https:\/\/swissbaker.ch\/fr\/wp-json\/wp\/v2\/users\/5"}],"replies":[{"embeddable":true,"href":"https:\/\/swissbaker.ch\/fr\/wp-json\/wp\/v2\/comments?post=81918"}],"version-history":[{"count":0,"href":"https:\/\/swissbaker.ch\/fr\/wp-json\/wp\/v2\/posts\/81918\/revisions"}],"wp:featuredmedia":[{"embeddable":true,"href":"https:\/\/swissbaker.ch\/fr\/wp-json\/wp\/v2\/media\/45805"}],"wp:attachment":[{"href":"https:\/\/swissbaker.ch\/fr\/wp-json\/wp\/v2\/media?parent=81918"}],"wp:term":[{"taxonomy":"category","embeddable":true,"href":"https:\/\/swissbaker.ch\/fr\/wp-json\/wp\/v2\/categories?post=81918"},{"taxonomy":"post_tag","embeddable":true,"href":"https:\/\/swissbaker.ch\/fr\/wp-json\/wp\/v2\/tags?post=81918"}],"curies":[{"name":"wp","href":"https:\/\/api.w.org\/{rel}","templated":true}]}}