{"id":8174,"date":"2021-07-15T14:03:00","date_gmt":"2021-07-15T12:03:00","guid":{"rendered":"https:\/\/swissbaker.ch\/?p=8174"},"modified":"2022-05-05T14:05:06","modified_gmt":"2022-05-05T12:05:06","slug":"neuf-videos-en-faveur-de-lapprentissage","status":"publish","type":"post","link":"https:\/\/swissbaker.ch\/fr\/panissimo-news\/neuf-videos-en-faveur-de-lapprentissage\/","title":{"rendered":"Neuf vid\u00e9os en faveur de l\u2019apprentissage"},"content":{"rendered":"\n<p><strong>La Task Force \u00ab\u2009Perspective Apprentissage\u2009\u00bb travaille \u00e0 ce qu\u2019un maximum de jeunes puisse trouver une place d\u2019apprentissage pour la rentr\u00e9e. Afin d\u2019attirer l\u2019attention des jeunes et de leur entourage sur la n\u00e9cessit\u00e9 de rel\u00e8ve professionnelle pour l\u2019\u00e9conomie, elle a cr\u00e9\u00e9 neuf vid\u00e9os.<\/strong><\/p>\n\n\n\n<p>Mohamad et la boulangerie Roelli, un duo de choc \u00bb, est l\u2019une des neuf vid\u00e9os de la campagne #proapprentissage destin\u00e9es aux r\u00e9seaux sociaux.<\/p>\n\n\n\n<p>L\u2019une de ces r\u00e9alisations destin\u00e9es aux r\u00e9seaux sociaux met en sc\u00e8ne Mohamad, un apprenti de la boulangerie-confiserie Roelli \u00e0 Porrentruy (JU), et Jean-Pierre Roelli, son patron. Les vid\u00e9os \u00e0 visionner et \u00e0 partager sont disponibles en fran\u00e7ais, en allemand et en italien, sur la cha\u00eene Youtube du Secr\u00e9tariat d\u2019Etat \u00e0 la formation, \u00e0 la recherche et \u00e0 l\u2019innovation\u2009: <a href=\"http:\/\/bit.ly\/2VfzUPW\" target=\"_blank\" rel=\"noreferrer noopener\">bit.ly\/2VfzUPW<\/a><\/p>\n","protected":false},"excerpt":{"rendered":"<p>La Task Force \u00ab\u2009Perspective Apprentissage\u2009\u00bb travaille \u00e0 ce qu\u2019un maximum de jeunes puisse trouver une place d\u2019apprentissage pour la rentr\u00e9e. Afin d\u2019attirer l\u2019attention des jeunes et de leur entourage sur la n\u00e9cessit\u00e9 de rel\u00e8ve professionnelle pour l\u2019\u00e9conomie, elle a cr\u00e9\u00e9 neuf vid\u00e9os. Mohamad et la boulangerie Roelli, un duo de choc \u00bb, est l\u2019une des neuf vid\u00e9os de la campagne [&hellip;]<\/p>\n","protected":false},"author":1,"featured_media":8175,"comment_status":"open","ping_status":"closed","sticky":false,"template":"","format":"standard","meta":{"_acf_changed":false,"footnotes":""},"categories":[47],"tags":[],"class_list":["post-8174","post","type-post","status-publish","format-standard","has-post-thumbnail","hentry","category-formation-releve"],"acf":[],"yoast_head":"<!-- This site is optimized with the Yoast SEO Premium plugin v26.8 (Yoast SEO v26.8) - https:\/\/yoast.com\/product\/yoast-seo-premium-wordpress\/ -->\n<title>Neuf vid\u00e9os en faveur de l\u2019apprentissage | SBC<\/title>\n<meta name=\"robots\" content=\"index, follow, max-snippet:-1, max-image-preview:large, max-video-preview:-1\" \/>\n<link rel=\"canonical\" href=\"https:\/\/swissbaker.ch\/fr\/panissimo-news\/neuf-videos-en-faveur-de-lapprentissage\/\" \/>\n<meta property=\"og:locale\" content=\"fr_FR\" \/>\n<meta property=\"og:type\" content=\"article\" \/>\n<meta property=\"og:title\" content=\"Neuf vid\u00e9os en faveur de l\u2019apprentissage\" \/>\n<meta property=\"og:description\" content=\"La Task Force \u00ab\u2009Perspective Apprentissage\u2009\u00bb travaille \u00e0 ce qu\u2019un maximum de jeunes puisse trouver une place d\u2019apprentissage pour la rentr\u00e9e. Afin d\u2019attirer l\u2019attention des jeunes et de leur entourage sur la n\u00e9cessit\u00e9 de rel\u00e8ve professionnelle pour l\u2019\u00e9conomie, elle a cr\u00e9\u00e9 neuf vid\u00e9os. Mohamad et la boulangerie Roelli, un duo de choc \u00bb, est l\u2019une des neuf vid\u00e9os de la campagne [&hellip;]\" \/>\n<meta property=\"og:url\" content=\"https:\/\/swissbaker.ch\/fr\/panissimo-news\/neuf-videos-en-faveur-de-lapprentissage\/\" \/>\n<meta property=\"og:site_name\" content=\"SBC\" \/>\n<meta property=\"article:publisher\" content=\"https:\/\/www.facebook.com\/swissbaker.ch\" \/>\n<meta property=\"article:published_time\" content=\"2021-07-15T12:03:00+00:00\" \/>\n<meta property=\"article:modified_time\" content=\"2022-05-05T12:05:06+00:00\" \/>\n<meta property=\"og:image\" content=\"https:\/\/swissbaker.ch\/wp-content\/uploads\/2022\/05\/14_2_proapprentissage.jpeg\" \/>\n\t<meta property=\"og:image:width\" content=\"800\" \/>\n\t<meta property=\"og:image:height\" content=\"474\" \/>\n\t<meta property=\"og:image:type\" content=\"image\/jpeg\" \/>\n<meta name=\"author\" content=\"azureart\" \/>\n<meta name=\"twitter:card\" content=\"summary_large_image\" \/>\n<meta name=\"twitter:creator\" content=\"@ch_swissbaker\" \/>\n<meta name=\"twitter:site\" content=\"@ch_swissbaker\" \/>\n<meta name=\"twitter:label1\" content=\"Written by\" \/>\n\t<meta name=\"twitter:data1\" content=\"azureart\" \/>\n\t<meta name=\"twitter:label2\" content=\"Est. reading time\" \/>\n\t<meta name=\"twitter:data2\" content=\"1 minute\" \/>\n<script type=\"application\/ld+json\" class=\"yoast-schema-graph\">{\"@context\":\"https:\/\/schema.org\",\"@graph\":[{\"@type\":\"Article\",\"@id\":\"https:\/\/swissbaker.ch\/fr\/panissimo-news\/neuf-videos-en-faveur-de-lapprentissage\/#article\",\"isPartOf\":{\"@id\":\"https:\/\/swissbaker.ch\/fr\/panissimo-news\/neuf-videos-en-faveur-de-lapprentissage\/\"},\"author\":{\"name\":\"azureart\",\"@id\":\"https:\/\/swissbaker.ch\/fr\/#\/schema\/person\/058ac47619f7da53df62aba60f939b78\"},\"headline\":\"Neuf vid\u00e9os en faveur de l\u2019apprentissage\",\"datePublished\":\"2021-07-15T12:03:00+00:00\",\"dateModified\":\"2022-05-05T12:05:06+00:00\",\"mainEntityOfPage\":{\"@id\":\"https:\/\/swissbaker.ch\/fr\/panissimo-news\/neuf-videos-en-faveur-de-lapprentissage\/\"},\"wordCount\":150,\"commentCount\":0,\"publisher\":{\"@id\":\"https:\/\/swissbaker.ch\/fr\/#organization\"},\"image\":{\"@id\":\"https:\/\/swissbaker.ch\/fr\/panissimo-news\/neuf-videos-en-faveur-de-lapprentissage\/#primaryimage\"},\"thumbnailUrl\":\"https:\/\/swissbaker.ch\/wp-content\/uploads\/2022\/05\/14_2_proapprentissage.jpeg\",\"articleSection\":[\"Formation\/Rel\u00e8ve\"],\"inLanguage\":\"fr-FR\",\"potentialAction\":[{\"@type\":\"CommentAction\",\"name\":\"Comment\",\"target\":[\"https:\/\/swissbaker.ch\/fr\/panissimo-news\/neuf-videos-en-faveur-de-lapprentissage\/#respond\"]}]},{\"@type\":\"WebPage\",\"@id\":\"https:\/\/swissbaker.ch\/fr\/panissimo-news\/neuf-videos-en-faveur-de-lapprentissage\/\",\"url\":\"https:\/\/swissbaker.ch\/fr\/panissimo-news\/neuf-videos-en-faveur-de-lapprentissage\/\",\"name\":\"Neuf vid\u00e9os en faveur de l\u2019apprentissage | SBC\",\"isPartOf\":{\"@id\":\"https:\/\/swissbaker.ch\/fr\/#website\"},\"primaryImageOfPage\":{\"@id\":\"https:\/\/swissbaker.ch\/fr\/panissimo-news\/neuf-videos-en-faveur-de-lapprentissage\/#primaryimage\"},\"image\":{\"@id\":\"https:\/\/swissbaker.ch\/fr\/panissimo-news\/neuf-videos-en-faveur-de-lapprentissage\/#primaryimage\"},\"thumbnailUrl\":\"https:\/\/swissbaker.ch\/wp-content\/uploads\/2022\/05\/14_2_proapprentissage.jpeg\",\"datePublished\":\"2021-07-15T12:03:00+00:00\",\"dateModified\":\"2022-05-05T12:05:06+00:00\",\"breadcrumb\":{\"@id\":\"https:\/\/swissbaker.ch\/fr\/panissimo-news\/neuf-videos-en-faveur-de-lapprentissage\/#breadcrumb\"},\"inLanguage\":\"fr-FR\",\"potentialAction\":[{\"@type\":\"ReadAction\",\"target\":[\"https:\/\/swissbaker.ch\/fr\/panissimo-news\/neuf-videos-en-faveur-de-lapprentissage\/\"]}]},{\"@type\":\"ImageObject\",\"inLanguage\":\"fr-FR\",\"@id\":\"https:\/\/swissbaker.ch\/fr\/panissimo-news\/neuf-videos-en-faveur-de-lapprentissage\/#primaryimage\",\"url\":\"https:\/\/swissbaker.ch\/wp-content\/uploads\/2022\/05\/14_2_proapprentissage.jpeg\",\"contentUrl\":\"https:\/\/swissbaker.ch\/wp-content\/uploads\/2022\/05\/14_2_proapprentissage.jpeg\",\"width\":800,\"height\":474,\"caption\":\"Neuf vid\u00e9os en faveur de l\u2019apprentissage\"},{\"@type\":\"BreadcrumbList\",\"@id\":\"https:\/\/swissbaker.ch\/fr\/panissimo-news\/neuf-videos-en-faveur-de-lapprentissage\/#breadcrumb\",\"itemListElement\":[{\"@type\":\"ListItem\",\"position\":1,\"name\":\"\",\"item\":\"https:\/\/swissbaker.ch\/fr\/\"},{\"@type\":\"ListItem\",\"position\":2,\"name\":\"Formation\/Rel\u00e8ve\",\"item\":\"https:\/\/swissbaker.ch\/fr\/panissimo-news\/category\/formation-releve\/\"},{\"@type\":\"ListItem\",\"position\":3,\"name\":\"Neuf vid\u00e9os en faveur de l\u2019apprentissage\"}]},{\"@type\":\"WebSite\",\"@id\":\"https:\/\/swissbaker.ch\/fr\/#website\",\"url\":\"https:\/\/swissbaker.ch\/fr\/\",\"name\":\"SBC\",\"description\":\"\",\"publisher\":{\"@id\":\"https:\/\/swissbaker.ch\/fr\/#organization\"},\"potentialAction\":[{\"@type\":\"SearchAction\",\"target\":{\"@type\":\"EntryPoint\",\"urlTemplate\":\"https:\/\/swissbaker.ch\/fr\/?s={search_term_string}\"},\"query-input\":{\"@type\":\"PropertyValueSpecification\",\"valueRequired\":true,\"valueName\":\"search_term_string\"}}],\"inLanguage\":\"fr-FR\"},{\"@type\":\"Organization\",\"@id\":\"https:\/\/swissbaker.ch\/fr\/#organization\",\"name\":\"Schweizerischer B\u00e4cker-Confiseurmeister-Verband\",\"url\":\"https:\/\/swissbaker.ch\/fr\/\",\"logo\":{\"@type\":\"ImageObject\",\"inLanguage\":\"fr-FR\",\"@id\":\"https:\/\/swissbaker.ch\/fr\/#\/schema\/logo\/image\/\",\"url\":\"https:\/\/swissbaker.ch\/wp-content\/uploads\/2022\/04\/sbc-logo-yoast.jpg\",\"contentUrl\":\"https:\/\/swissbaker.ch\/wp-content\/uploads\/2022\/04\/sbc-logo-yoast.jpg\",\"width\":512,\"height\":512,\"caption\":\"Schweizerischer B\u00e4cker-Confiseurmeister-Verband\"},\"image\":{\"@id\":\"https:\/\/swissbaker.ch\/fr\/#\/schema\/logo\/image\/\"},\"sameAs\":[\"https:\/\/www.facebook.com\/swissbaker.ch\",\"https:\/\/x.com\/ch_swissbaker\"]},{\"@type\":\"Person\",\"@id\":\"https:\/\/swissbaker.ch\/fr\/#\/schema\/person\/058ac47619f7da53df62aba60f939b78\",\"name\":\"azureart\",\"image\":{\"@type\":\"ImageObject\",\"inLanguage\":\"fr-FR\",\"@id\":\"https:\/\/swissbaker.ch\/fr\/#\/schema\/person\/image\/\",\"url\":\"https:\/\/secure.gravatar.com\/avatar\/be04dd3098fd612c83067af4f7a295384c93cb6a9112f51beb9d2f477d25da61?s=96&d=mm&r=g\",\"contentUrl\":\"https:\/\/secure.gravatar.com\/avatar\/be04dd3098fd612c83067af4f7a295384c93cb6a9112f51beb9d2f477d25da61?s=96&d=mm&r=g\",\"caption\":\"azureart\"},\"sameAs\":[\"https:\/\/swissbaker.ch\"],\"url\":\"https:\/\/swissbaker.ch\/fr\/panissimo-news\/author\/pixel-ahoi\/\"}]}<\/script>\n<!-- \/ Yoast SEO Premium plugin. -->","yoast_head_json":{"title":"Neuf vid\u00e9os en faveur de l\u2019apprentissage | SBC","robots":{"index":"index","follow":"follow","max-snippet":"max-snippet:-1","max-image-preview":"max-image-preview:large","max-video-preview":"max-video-preview:-1"},"canonical":"https:\/\/swissbaker.ch\/fr\/panissimo-news\/neuf-videos-en-faveur-de-lapprentissage\/","og_locale":"fr_FR","og_type":"article","og_title":"Neuf vid\u00e9os en faveur de l\u2019apprentissage","og_description":"La Task Force \u00ab\u2009Perspective Apprentissage\u2009\u00bb travaille \u00e0 ce qu\u2019un maximum de jeunes puisse trouver une place d\u2019apprentissage pour la rentr\u00e9e. Afin d\u2019attirer l\u2019attention des jeunes et de leur entourage sur la n\u00e9cessit\u00e9 de rel\u00e8ve professionnelle pour l\u2019\u00e9conomie, elle a cr\u00e9\u00e9 neuf vid\u00e9os. Mohamad et la boulangerie Roelli, un duo de choc \u00bb, est l\u2019une des neuf vid\u00e9os de la campagne [&hellip;]","og_url":"https:\/\/swissbaker.ch\/fr\/panissimo-news\/neuf-videos-en-faveur-de-lapprentissage\/","og_site_name":"SBC","article_publisher":"https:\/\/www.facebook.com\/swissbaker.ch","article_published_time":"2021-07-15T12:03:00+00:00","article_modified_time":"2022-05-05T12:05:06+00:00","og_image":[{"width":800,"height":474,"url":"https:\/\/swissbaker.ch\/wp-content\/uploads\/2022\/05\/14_2_proapprentissage.jpeg","type":"image\/jpeg"}],"author":"azureart","twitter_card":"summary_large_image","twitter_creator":"@ch_swissbaker","twitter_site":"@ch_swissbaker","twitter_misc":{"Written by":"azureart","Est. reading time":"1 minute"},"schema":{"@context":"https:\/\/schema.org","@graph":[{"@type":"Article","@id":"https:\/\/swissbaker.ch\/fr\/panissimo-news\/neuf-videos-en-faveur-de-lapprentissage\/#article","isPartOf":{"@id":"https:\/\/swissbaker.ch\/fr\/panissimo-news\/neuf-videos-en-faveur-de-lapprentissage\/"},"author":{"name":"azureart","@id":"https:\/\/swissbaker.ch\/fr\/#\/schema\/person\/058ac47619f7da53df62aba60f939b78"},"headline":"Neuf vid\u00e9os en faveur de l\u2019apprentissage","datePublished":"2021-07-15T12:03:00+00:00","dateModified":"2022-05-05T12:05:06+00:00","mainEntityOfPage":{"@id":"https:\/\/swissbaker.ch\/fr\/panissimo-news\/neuf-videos-en-faveur-de-lapprentissage\/"},"wordCount":150,"commentCount":0,"publisher":{"@id":"https:\/\/swissbaker.ch\/fr\/#organization"},"image":{"@id":"https:\/\/swissbaker.ch\/fr\/panissimo-news\/neuf-videos-en-faveur-de-lapprentissage\/#primaryimage"},"thumbnailUrl":"https:\/\/swissbaker.ch\/wp-content\/uploads\/2022\/05\/14_2_proapprentissage.jpeg","articleSection":["Formation\/Rel\u00e8ve"],"inLanguage":"fr-FR","potentialAction":[{"@type":"CommentAction","name":"Comment","target":["https:\/\/swissbaker.ch\/fr\/panissimo-news\/neuf-videos-en-faveur-de-lapprentissage\/#respond"]}]},{"@type":"WebPage","@id":"https:\/\/swissbaker.ch\/fr\/panissimo-news\/neuf-videos-en-faveur-de-lapprentissage\/","url":"https:\/\/swissbaker.ch\/fr\/panissimo-news\/neuf-videos-en-faveur-de-lapprentissage\/","name":"Neuf vid\u00e9os en faveur de l\u2019apprentissage | SBC","isPartOf":{"@id":"https:\/\/swissbaker.ch\/fr\/#website"},"primaryImageOfPage":{"@id":"https:\/\/swissbaker.ch\/fr\/panissimo-news\/neuf-videos-en-faveur-de-lapprentissage\/#primaryimage"},"image":{"@id":"https:\/\/swissbaker.ch\/fr\/panissimo-news\/neuf-videos-en-faveur-de-lapprentissage\/#primaryimage"},"thumbnailUrl":"https:\/\/swissbaker.ch\/wp-content\/uploads\/2022\/05\/14_2_proapprentissage.jpeg","datePublished":"2021-07-15T12:03:00+00:00","dateModified":"2022-05-05T12:05:06+00:00","breadcrumb":{"@id":"https:\/\/swissbaker.ch\/fr\/panissimo-news\/neuf-videos-en-faveur-de-lapprentissage\/#breadcrumb"},"inLanguage":"fr-FR","potentialAction":[{"@type":"ReadAction","target":["https:\/\/swissbaker.ch\/fr\/panissimo-news\/neuf-videos-en-faveur-de-lapprentissage\/"]}]},{"@type":"ImageObject","inLanguage":"fr-FR","@id":"https:\/\/swissbaker.ch\/fr\/panissimo-news\/neuf-videos-en-faveur-de-lapprentissage\/#primaryimage","url":"https:\/\/swissbaker.ch\/wp-content\/uploads\/2022\/05\/14_2_proapprentissage.jpeg","contentUrl":"https:\/\/swissbaker.ch\/wp-content\/uploads\/2022\/05\/14_2_proapprentissage.jpeg","width":800,"height":474,"caption":"Neuf vid\u00e9os en faveur de l\u2019apprentissage"},{"@type":"BreadcrumbList","@id":"https:\/\/swissbaker.ch\/fr\/panissimo-news\/neuf-videos-en-faveur-de-lapprentissage\/#breadcrumb","itemListElement":[{"@type":"ListItem","position":1,"name":"","item":"https:\/\/swissbaker.ch\/fr\/"},{"@type":"ListItem","position":2,"name":"Formation\/Rel\u00e8ve","item":"https:\/\/swissbaker.ch\/fr\/panissimo-news\/category\/formation-releve\/"},{"@type":"ListItem","position":3,"name":"Neuf vid\u00e9os en faveur de l\u2019apprentissage"}]},{"@type":"WebSite","@id":"https:\/\/swissbaker.ch\/fr\/#website","url":"https:\/\/swissbaker.ch\/fr\/","name":"SBC","description":"","publisher":{"@id":"https:\/\/swissbaker.ch\/fr\/#organization"},"potentialAction":[{"@type":"SearchAction","target":{"@type":"EntryPoint","urlTemplate":"https:\/\/swissbaker.ch\/fr\/?s={search_term_string}"},"query-input":{"@type":"PropertyValueSpecification","valueRequired":true,"valueName":"search_term_string"}}],"inLanguage":"fr-FR"},{"@type":"Organization","@id":"https:\/\/swissbaker.ch\/fr\/#organization","name":"Schweizerischer B\u00e4cker-Confiseurmeister-Verband","url":"https:\/\/swissbaker.ch\/fr\/","logo":{"@type":"ImageObject","inLanguage":"fr-FR","@id":"https:\/\/swissbaker.ch\/fr\/#\/schema\/logo\/image\/","url":"https:\/\/swissbaker.ch\/wp-content\/uploads\/2022\/04\/sbc-logo-yoast.jpg","contentUrl":"https:\/\/swissbaker.ch\/wp-content\/uploads\/2022\/04\/sbc-logo-yoast.jpg","width":512,"height":512,"caption":"Schweizerischer B\u00e4cker-Confiseurmeister-Verband"},"image":{"@id":"https:\/\/swissbaker.ch\/fr\/#\/schema\/logo\/image\/"},"sameAs":["https:\/\/www.facebook.com\/swissbaker.ch","https:\/\/x.com\/ch_swissbaker"]},{"@type":"Person","@id":"https:\/\/swissbaker.ch\/fr\/#\/schema\/person\/058ac47619f7da53df62aba60f939b78","name":"azureart","image":{"@type":"ImageObject","inLanguage":"fr-FR","@id":"https:\/\/swissbaker.ch\/fr\/#\/schema\/person\/image\/","url":"https:\/\/secure.gravatar.com\/avatar\/be04dd3098fd612c83067af4f7a295384c93cb6a9112f51beb9d2f477d25da61?s=96&d=mm&r=g","contentUrl":"https:\/\/secure.gravatar.com\/avatar\/be04dd3098fd612c83067af4f7a295384c93cb6a9112f51beb9d2f477d25da61?s=96&d=mm&r=g","caption":"azureart"},"sameAs":["https:\/\/swissbaker.ch"],"url":"https:\/\/swissbaker.ch\/fr\/panissimo-news\/author\/pixel-ahoi\/"}]}},"_links":{"self":[{"href":"https:\/\/swissbaker.ch\/fr\/wp-json\/wp\/v2\/posts\/8174","targetHints":{"allow":["GET"]}}],"collection":[{"href":"https:\/\/swissbaker.ch\/fr\/wp-json\/wp\/v2\/posts"}],"about":[{"href":"https:\/\/swissbaker.ch\/fr\/wp-json\/wp\/v2\/types\/post"}],"author":[{"embeddable":true,"href":"https:\/\/swissbaker.ch\/fr\/wp-json\/wp\/v2\/users\/1"}],"replies":[{"embeddable":true,"href":"https:\/\/swissbaker.ch\/fr\/wp-json\/wp\/v2\/comments?post=8174"}],"version-history":[{"count":0,"href":"https:\/\/swissbaker.ch\/fr\/wp-json\/wp\/v2\/posts\/8174\/revisions"}],"wp:featuredmedia":[{"embeddable":true,"href":"https:\/\/swissbaker.ch\/fr\/wp-json\/wp\/v2\/media\/8175"}],"wp:attachment":[{"href":"https:\/\/swissbaker.ch\/fr\/wp-json\/wp\/v2\/media?parent=8174"}],"wp:term":[{"taxonomy":"category","embeddable":true,"href":"https:\/\/swissbaker.ch\/fr\/wp-json\/wp\/v2\/categories?post=8174"},{"taxonomy":"post_tag","embeddable":true,"href":"https:\/\/swissbaker.ch\/fr\/wp-json\/wp\/v2\/tags?post=8174"}],"curies":[{"name":"wp","href":"https:\/\/api.w.org\/{rel}","templated":true}]}}