{"id":81506,"date":"2024-07-11T09:04:10","date_gmt":"2024-07-11T07:04:10","guid":{"rendered":"https:\/\/swissbaker.ch\/?p=81506"},"modified":"2024-07-11T11:19:13","modified_gmt":"2024-07-11T09:19:13","slug":"onze-professionnels-neuchatelois-de-plus","status":"publish","type":"post","link":"https:\/\/swissbaker.ch\/fr\/panissimo-news\/onze-professionnels-neuchatelois-de-plus\/","title":{"rendered":"Onze professionnels neuch\u00e2telois de plus"},"content":{"rendered":"\n<p><strong>Depuis le 4 juillet, le canton de Neuch\u00e2tel compte de nouveaux boulangers-confiseurs. Ils \u00e9taient en effet 11 \u00e0 recevoir leur attestation ou dipl\u00f4mes des mains des autorit\u00e9s associatives \u00e0 Fontainemelon (NE)<\/strong>:<\/p>\n\n\n\n<ul class=\"wp-block-list\">\n<li><strong>Valentin Court<\/strong> (AFP BPC, entreprise formatrice Confiserie Zurcher, Colombier)<\/li>\n\n\n\n<li><strong>Gabriel Stanciu<\/strong> (AFP BPC, Boulangerie de l\u2019Orangerie, Neuch\u00e2tel)<\/li>\n\n\n\n<li><strong>Hugo Birbaum<\/strong> (CFC BP, La Gourmandise, Boudevilliers)<\/li>\n\n\n\n<li><strong>In\u00eas Feirreira Nunes<\/strong> (CFC BP, Du Pain \u00d4 Chocolat, La Chaux-de-Fonds)<\/li>\n\n\n\n<li><strong>M\u00e9lissandre Gill\u00e9ron<\/strong> (CFC BP, Conrad, Le Landeron)<\/li>\n\n\n\n<li><strong>Keane Rollier<\/strong> (CFC BP, Boulangerie M\u00e4der, Neuch\u00e2tel)<\/li>\n\n\n\n<li><strong>Ethan Zaugg<\/strong> (CFC BP, Boulangerie de Colombier, Colombier)<\/li>\n\n\n\n<li><strong>Elena Cordaz<\/strong> (CFC PC, Conrad, La Neuveville)<\/li>\n\n\n\n<li><strong>Lucie Vo\u00e9lin<\/strong> (CFC PC, Confiserie Zurcher, Colombier)<\/li>\n\n\n\n<li><strong>Bryan Weber<\/strong> (CFC PC, Wodey-Suchard, Neuch\u00e2tel)<\/li>\n\n\n\n<li><strong>Karah Zerbini<\/strong> (CFC PC, Au C\u0153ur de France, La Chaux-de-Fonds)<\/li>\n<\/ul>\n\n\n\n<p><strong>A noter que trois AFP fribourgeois \u00e9taient \u00e9galement de la f\u00eate&nbsp;: <\/strong><\/p>\n\n\n\n<ul class=\"wp-block-list\">\n<li><strong>Cristiano Filipe De Jesus Francisco<\/strong> (AFP BPC, Boulangerie-P\u00e2tisserie R. Grangier, Bulle)<\/li>\n\n\n\n<li><strong>Chlo\u00e9 Domas<\/strong> (AFP BPC, Association Le Radeau, Orsonnens)<\/li>\n\n\n\n<li><strong>Elodie Sottas<\/strong> (AFP BPC, Le P\u00e2tissier de La Roche, La Roche)<\/li>\n<\/ul>\n\n\n\n<p>Ils ont suivi les cours Centre de formation professionnelle neuch\u00e2telois, mais pass\u00e9 la pratique \u00e0 Fribourg. C\u2019est donc dans ce dernier qu\u2019ils re\u00e7oivent leur attestation.<\/p>\n\n\n\n<p>Professionnels, invit\u00e9s et familles ont \u00e9galement assist\u00e9 \u00e0 la remise de plusieurs prix sp\u00e9ciaux, dont ceux de la meilleure moyenne g\u00e9n\u00e9rale. Ont \u00e9t\u00e9 r\u00e9compens\u00e9es&nbsp;: Chlo\u00e9 Domas (5,6), M\u00e9lissandre Gill\u00e9ron (5,5) et Lucie Vo\u00e9lin (5,3).<\/p>\n\n\n\n<p>Durant la c\u00e9r\u00e9monie, le groupe de rock aux intonations ska punk et reggae \u00ab\u00a0Les BriSKArds\u00a0\u00bb s\u2019est charg\u00e9 de l\u2019animation.<\/p>\n\n\n\n<p><a href=\"https:\/\/swissbaker.ch\/fr\/panissimo-news\/galerie\/ceremonie-de-fin-dapprentissage-neuchatel-2024\/\" target=\"_blank\" rel=\"noreferrer noopener\"><strong>Galerie de photos&#8230;\u00bb<\/strong><\/a><\/p>\n\n\n\n<p class=\"has-text-align-right\"><em>Johann Ruppen<\/em><\/p>\n","protected":false},"excerpt":{"rendered":"<p>Depuis le 4 juillet, le canton de Neuch\u00e2tel compte de nouveaux boulangers-confiseurs. Ils \u00e9taient en effet 11 \u00e0 recevoir leur attestation ou dipl\u00f4mes des mains des autorit\u00e9s associatives \u00e0 Fontainemelon (NE)<\/p>\n","protected":false},"author":5,"featured_media":81507,"comment_status":"closed","ping_status":"closed","sticky":true,"template":"","format":"standard","meta":{"_acf_changed":false,"footnotes":""},"categories":[40,47],"tags":[],"class_list":["post-81506","post","type-post","status-publish","format-standard","has-post-thumbnail","hentry","category-des-cantons","category-formation-releve"],"acf":[],"yoast_head":"<!-- This site is optimized with the Yoast SEO Premium plugin v26.8 (Yoast SEO v26.8) - https:\/\/yoast.com\/product\/yoast-seo-premium-wordpress\/ -->\n<title>Onze professionnels neuch\u00e2telois de plus | SBC<\/title>\n<meta name=\"robots\" content=\"index, follow, max-snippet:-1, max-image-preview:large, max-video-preview:-1\" \/>\n<link rel=\"canonical\" href=\"https:\/\/swissbaker.ch\/fr\/panissimo-news\/onze-professionnels-neuchatelois-de-plus\/\" \/>\n<meta property=\"og:locale\" content=\"fr_FR\" \/>\n<meta property=\"og:type\" content=\"article\" \/>\n<meta property=\"og:title\" content=\"Onze professionnels neuch\u00e2telois de plus\" \/>\n<meta property=\"og:description\" content=\"Depuis le 4 juillet, le canton de Neuch\u00e2tel compte de nouveaux boulangers-confiseurs. Ils \u00e9taient en effet 11 \u00e0 recevoir leur attestation ou dipl\u00f4mes des mains des autorit\u00e9s associatives \u00e0 Fontainemelon (NE)\" \/>\n<meta property=\"og:url\" content=\"https:\/\/swissbaker.ch\/fr\/panissimo-news\/onze-professionnels-neuchatelois-de-plus\/\" \/>\n<meta property=\"og:site_name\" content=\"SBC\" \/>\n<meta property=\"article:publisher\" content=\"https:\/\/www.facebook.com\/swissbaker.ch\" \/>\n<meta property=\"article:published_time\" content=\"2024-07-11T07:04:10+00:00\" \/>\n<meta property=\"article:modified_time\" content=\"2024-07-11T09:19:13+00:00\" \/>\n<meta property=\"og:image\" content=\"https:\/\/swissbaker.ch\/wp-content\/uploads\/2024\/07\/13_3_diplomfeier_neuenburg.jpg\" \/>\n\t<meta property=\"og:image:width\" content=\"1200\" \/>\n\t<meta property=\"og:image:height\" content=\"712\" \/>\n\t<meta property=\"og:image:type\" content=\"image\/jpeg\" \/>\n<meta name=\"author\" content=\"Simon Nussbaum\" \/>\n<meta name=\"twitter:card\" content=\"summary_large_image\" \/>\n<meta name=\"twitter:creator\" content=\"@ch_swissbaker\" \/>\n<meta name=\"twitter:site\" content=\"@ch_swissbaker\" \/>\n<meta name=\"twitter:label1\" content=\"Written by\" \/>\n\t<meta name=\"twitter:data1\" content=\"Simon Nussbaum\" \/>\n\t<meta name=\"twitter:label2\" content=\"Est. reading time\" \/>\n\t<meta name=\"twitter:data2\" content=\"1 minute\" \/>\n<script type=\"application\/ld+json\" class=\"yoast-schema-graph\">{\"@context\":\"https:\/\/schema.org\",\"@graph\":[{\"@type\":\"Article\",\"@id\":\"https:\/\/swissbaker.ch\/fr\/panissimo-news\/onze-professionnels-neuchatelois-de-plus\/#article\",\"isPartOf\":{\"@id\":\"https:\/\/swissbaker.ch\/fr\/panissimo-news\/onze-professionnels-neuchatelois-de-plus\/\"},\"author\":{\"name\":\"Simon Nussbaum\",\"@id\":\"https:\/\/swissbaker.ch\/fr\/#\/schema\/person\/74bd327b08c18ca6042c02ff6f0ed5e2\"},\"headline\":\"Onze professionnels neuch\u00e2telois de plus\",\"datePublished\":\"2024-07-11T07:04:10+00:00\",\"dateModified\":\"2024-07-11T09:19:13+00:00\",\"mainEntityOfPage\":{\"@id\":\"https:\/\/swissbaker.ch\/fr\/panissimo-news\/onze-professionnels-neuchatelois-de-plus\/\"},\"wordCount\":273,\"publisher\":{\"@id\":\"https:\/\/swissbaker.ch\/fr\/#organization\"},\"image\":{\"@id\":\"https:\/\/swissbaker.ch\/fr\/panissimo-news\/onze-professionnels-neuchatelois-de-plus\/#primaryimage\"},\"thumbnailUrl\":\"https:\/\/swissbaker.ch\/wp-content\/uploads\/2024\/07\/13_3_diplomfeier_neuenburg.jpg\",\"articleSection\":[\"Des cantons\",\"Formation\/Rel\u00e8ve\"],\"inLanguage\":\"fr-FR\"},{\"@type\":\"WebPage\",\"@id\":\"https:\/\/swissbaker.ch\/fr\/panissimo-news\/onze-professionnels-neuchatelois-de-plus\/\",\"url\":\"https:\/\/swissbaker.ch\/fr\/panissimo-news\/onze-professionnels-neuchatelois-de-plus\/\",\"name\":\"Onze professionnels neuch\u00e2telois de plus | SBC\",\"isPartOf\":{\"@id\":\"https:\/\/swissbaker.ch\/fr\/#website\"},\"primaryImageOfPage\":{\"@id\":\"https:\/\/swissbaker.ch\/fr\/panissimo-news\/onze-professionnels-neuchatelois-de-plus\/#primaryimage\"},\"image\":{\"@id\":\"https:\/\/swissbaker.ch\/fr\/panissimo-news\/onze-professionnels-neuchatelois-de-plus\/#primaryimage\"},\"thumbnailUrl\":\"https:\/\/swissbaker.ch\/wp-content\/uploads\/2024\/07\/13_3_diplomfeier_neuenburg.jpg\",\"datePublished\":\"2024-07-11T07:04:10+00:00\",\"dateModified\":\"2024-07-11T09:19:13+00:00\",\"breadcrumb\":{\"@id\":\"https:\/\/swissbaker.ch\/fr\/panissimo-news\/onze-professionnels-neuchatelois-de-plus\/#breadcrumb\"},\"inLanguage\":\"fr-FR\",\"potentialAction\":[{\"@type\":\"ReadAction\",\"target\":[\"https:\/\/swissbaker.ch\/fr\/panissimo-news\/onze-professionnels-neuchatelois-de-plus\/\"]}]},{\"@type\":\"ImageObject\",\"inLanguage\":\"fr-FR\",\"@id\":\"https:\/\/swissbaker.ch\/fr\/panissimo-news\/onze-professionnels-neuchatelois-de-plus\/#primaryimage\",\"url\":\"https:\/\/swissbaker.ch\/wp-content\/uploads\/2024\/07\/13_3_diplomfeier_neuenburg.jpg\",\"contentUrl\":\"https:\/\/swissbaker.ch\/wp-content\/uploads\/2024\/07\/13_3_diplomfeier_neuenburg.jpg\",\"width\":1200,\"height\":712},{\"@type\":\"BreadcrumbList\",\"@id\":\"https:\/\/swissbaker.ch\/fr\/panissimo-news\/onze-professionnels-neuchatelois-de-plus\/#breadcrumb\",\"itemListElement\":[{\"@type\":\"ListItem\",\"position\":1,\"name\":\"\",\"item\":\"https:\/\/swissbaker.ch\/fr\/\"},{\"@type\":\"ListItem\",\"position\":2,\"name\":\"Des cantons\",\"item\":\"https:\/\/swissbaker.ch\/fr\/panissimo-news\/category\/des-cantons\/\"},{\"@type\":\"ListItem\",\"position\":3,\"name\":\"Onze professionnels neuch\u00e2telois de plus\"}]},{\"@type\":\"WebSite\",\"@id\":\"https:\/\/swissbaker.ch\/fr\/#website\",\"url\":\"https:\/\/swissbaker.ch\/fr\/\",\"name\":\"SBC\",\"description\":\"\",\"publisher\":{\"@id\":\"https:\/\/swissbaker.ch\/fr\/#organization\"},\"potentialAction\":[{\"@type\":\"SearchAction\",\"target\":{\"@type\":\"EntryPoint\",\"urlTemplate\":\"https:\/\/swissbaker.ch\/fr\/?s={search_term_string}\"},\"query-input\":{\"@type\":\"PropertyValueSpecification\",\"valueRequired\":true,\"valueName\":\"search_term_string\"}}],\"inLanguage\":\"fr-FR\"},{\"@type\":\"Organization\",\"@id\":\"https:\/\/swissbaker.ch\/fr\/#organization\",\"name\":\"Schweizerischer B\u00e4cker-Confiseurmeister-Verband\",\"url\":\"https:\/\/swissbaker.ch\/fr\/\",\"logo\":{\"@type\":\"ImageObject\",\"inLanguage\":\"fr-FR\",\"@id\":\"https:\/\/swissbaker.ch\/fr\/#\/schema\/logo\/image\/\",\"url\":\"https:\/\/swissbaker.ch\/wp-content\/uploads\/2022\/04\/sbc-logo-yoast.jpg\",\"contentUrl\":\"https:\/\/swissbaker.ch\/wp-content\/uploads\/2022\/04\/sbc-logo-yoast.jpg\",\"width\":512,\"height\":512,\"caption\":\"Schweizerischer B\u00e4cker-Confiseurmeister-Verband\"},\"image\":{\"@id\":\"https:\/\/swissbaker.ch\/fr\/#\/schema\/logo\/image\/\"},\"sameAs\":[\"https:\/\/www.facebook.com\/swissbaker.ch\",\"https:\/\/x.com\/ch_swissbaker\"]},{\"@type\":\"Person\",\"@id\":\"https:\/\/swissbaker.ch\/fr\/#\/schema\/person\/74bd327b08c18ca6042c02ff6f0ed5e2\",\"name\":\"Simon Nussbaum\",\"image\":{\"@type\":\"ImageObject\",\"inLanguage\":\"fr-FR\",\"@id\":\"https:\/\/swissbaker.ch\/fr\/#\/schema\/person\/image\/\",\"url\":\"https:\/\/secure.gravatar.com\/avatar\/df0eced3bb556c806cb760cf503ade1ed1df25b4104d80d6fd28d93a9509aa12?s=96&d=mm&r=g\",\"contentUrl\":\"https:\/\/secure.gravatar.com\/avatar\/df0eced3bb556c806cb760cf503ade1ed1df25b4104d80d6fd28d93a9509aa12?s=96&d=mm&r=g\",\"caption\":\"Simon Nussbaum\"},\"url\":\"https:\/\/swissbaker.ch\/fr\/panissimo-news\/author\/simon-nussbaum\/\"}]}<\/script>\n<!-- \/ Yoast SEO Premium plugin. -->","yoast_head_json":{"title":"Onze professionnels neuch\u00e2telois de plus | SBC","robots":{"index":"index","follow":"follow","max-snippet":"max-snippet:-1","max-image-preview":"max-image-preview:large","max-video-preview":"max-video-preview:-1"},"canonical":"https:\/\/swissbaker.ch\/fr\/panissimo-news\/onze-professionnels-neuchatelois-de-plus\/","og_locale":"fr_FR","og_type":"article","og_title":"Onze professionnels neuch\u00e2telois de plus","og_description":"Depuis le 4 juillet, le canton de Neuch\u00e2tel compte de nouveaux boulangers-confiseurs. Ils \u00e9taient en effet 11 \u00e0 recevoir leur attestation ou dipl\u00f4mes des mains des autorit\u00e9s associatives \u00e0 Fontainemelon (NE)","og_url":"https:\/\/swissbaker.ch\/fr\/panissimo-news\/onze-professionnels-neuchatelois-de-plus\/","og_site_name":"SBC","article_publisher":"https:\/\/www.facebook.com\/swissbaker.ch","article_published_time":"2024-07-11T07:04:10+00:00","article_modified_time":"2024-07-11T09:19:13+00:00","og_image":[{"width":1200,"height":712,"url":"https:\/\/swissbaker.ch\/wp-content\/uploads\/2024\/07\/13_3_diplomfeier_neuenburg.jpg","type":"image\/jpeg"}],"author":"Simon Nussbaum","twitter_card":"summary_large_image","twitter_creator":"@ch_swissbaker","twitter_site":"@ch_swissbaker","twitter_misc":{"Written by":"Simon Nussbaum","Est. reading time":"1 minute"},"schema":{"@context":"https:\/\/schema.org","@graph":[{"@type":"Article","@id":"https:\/\/swissbaker.ch\/fr\/panissimo-news\/onze-professionnels-neuchatelois-de-plus\/#article","isPartOf":{"@id":"https:\/\/swissbaker.ch\/fr\/panissimo-news\/onze-professionnels-neuchatelois-de-plus\/"},"author":{"name":"Simon Nussbaum","@id":"https:\/\/swissbaker.ch\/fr\/#\/schema\/person\/74bd327b08c18ca6042c02ff6f0ed5e2"},"headline":"Onze professionnels neuch\u00e2telois de plus","datePublished":"2024-07-11T07:04:10+00:00","dateModified":"2024-07-11T09:19:13+00:00","mainEntityOfPage":{"@id":"https:\/\/swissbaker.ch\/fr\/panissimo-news\/onze-professionnels-neuchatelois-de-plus\/"},"wordCount":273,"publisher":{"@id":"https:\/\/swissbaker.ch\/fr\/#organization"},"image":{"@id":"https:\/\/swissbaker.ch\/fr\/panissimo-news\/onze-professionnels-neuchatelois-de-plus\/#primaryimage"},"thumbnailUrl":"https:\/\/swissbaker.ch\/wp-content\/uploads\/2024\/07\/13_3_diplomfeier_neuenburg.jpg","articleSection":["Des cantons","Formation\/Rel\u00e8ve"],"inLanguage":"fr-FR"},{"@type":"WebPage","@id":"https:\/\/swissbaker.ch\/fr\/panissimo-news\/onze-professionnels-neuchatelois-de-plus\/","url":"https:\/\/swissbaker.ch\/fr\/panissimo-news\/onze-professionnels-neuchatelois-de-plus\/","name":"Onze professionnels neuch\u00e2telois de plus | SBC","isPartOf":{"@id":"https:\/\/swissbaker.ch\/fr\/#website"},"primaryImageOfPage":{"@id":"https:\/\/swissbaker.ch\/fr\/panissimo-news\/onze-professionnels-neuchatelois-de-plus\/#primaryimage"},"image":{"@id":"https:\/\/swissbaker.ch\/fr\/panissimo-news\/onze-professionnels-neuchatelois-de-plus\/#primaryimage"},"thumbnailUrl":"https:\/\/swissbaker.ch\/wp-content\/uploads\/2024\/07\/13_3_diplomfeier_neuenburg.jpg","datePublished":"2024-07-11T07:04:10+00:00","dateModified":"2024-07-11T09:19:13+00:00","breadcrumb":{"@id":"https:\/\/swissbaker.ch\/fr\/panissimo-news\/onze-professionnels-neuchatelois-de-plus\/#breadcrumb"},"inLanguage":"fr-FR","potentialAction":[{"@type":"ReadAction","target":["https:\/\/swissbaker.ch\/fr\/panissimo-news\/onze-professionnels-neuchatelois-de-plus\/"]}]},{"@type":"ImageObject","inLanguage":"fr-FR","@id":"https:\/\/swissbaker.ch\/fr\/panissimo-news\/onze-professionnels-neuchatelois-de-plus\/#primaryimage","url":"https:\/\/swissbaker.ch\/wp-content\/uploads\/2024\/07\/13_3_diplomfeier_neuenburg.jpg","contentUrl":"https:\/\/swissbaker.ch\/wp-content\/uploads\/2024\/07\/13_3_diplomfeier_neuenburg.jpg","width":1200,"height":712},{"@type":"BreadcrumbList","@id":"https:\/\/swissbaker.ch\/fr\/panissimo-news\/onze-professionnels-neuchatelois-de-plus\/#breadcrumb","itemListElement":[{"@type":"ListItem","position":1,"name":"","item":"https:\/\/swissbaker.ch\/fr\/"},{"@type":"ListItem","position":2,"name":"Des cantons","item":"https:\/\/swissbaker.ch\/fr\/panissimo-news\/category\/des-cantons\/"},{"@type":"ListItem","position":3,"name":"Onze professionnels neuch\u00e2telois de plus"}]},{"@type":"WebSite","@id":"https:\/\/swissbaker.ch\/fr\/#website","url":"https:\/\/swissbaker.ch\/fr\/","name":"SBC","description":"","publisher":{"@id":"https:\/\/swissbaker.ch\/fr\/#organization"},"potentialAction":[{"@type":"SearchAction","target":{"@type":"EntryPoint","urlTemplate":"https:\/\/swissbaker.ch\/fr\/?s={search_term_string}"},"query-input":{"@type":"PropertyValueSpecification","valueRequired":true,"valueName":"search_term_string"}}],"inLanguage":"fr-FR"},{"@type":"Organization","@id":"https:\/\/swissbaker.ch\/fr\/#organization","name":"Schweizerischer B\u00e4cker-Confiseurmeister-Verband","url":"https:\/\/swissbaker.ch\/fr\/","logo":{"@type":"ImageObject","inLanguage":"fr-FR","@id":"https:\/\/swissbaker.ch\/fr\/#\/schema\/logo\/image\/","url":"https:\/\/swissbaker.ch\/wp-content\/uploads\/2022\/04\/sbc-logo-yoast.jpg","contentUrl":"https:\/\/swissbaker.ch\/wp-content\/uploads\/2022\/04\/sbc-logo-yoast.jpg","width":512,"height":512,"caption":"Schweizerischer B\u00e4cker-Confiseurmeister-Verband"},"image":{"@id":"https:\/\/swissbaker.ch\/fr\/#\/schema\/logo\/image\/"},"sameAs":["https:\/\/www.facebook.com\/swissbaker.ch","https:\/\/x.com\/ch_swissbaker"]},{"@type":"Person","@id":"https:\/\/swissbaker.ch\/fr\/#\/schema\/person\/74bd327b08c18ca6042c02ff6f0ed5e2","name":"Simon Nussbaum","image":{"@type":"ImageObject","inLanguage":"fr-FR","@id":"https:\/\/swissbaker.ch\/fr\/#\/schema\/person\/image\/","url":"https:\/\/secure.gravatar.com\/avatar\/df0eced3bb556c806cb760cf503ade1ed1df25b4104d80d6fd28d93a9509aa12?s=96&d=mm&r=g","contentUrl":"https:\/\/secure.gravatar.com\/avatar\/df0eced3bb556c806cb760cf503ade1ed1df25b4104d80d6fd28d93a9509aa12?s=96&d=mm&r=g","caption":"Simon Nussbaum"},"url":"https:\/\/swissbaker.ch\/fr\/panissimo-news\/author\/simon-nussbaum\/"}]}},"_links":{"self":[{"href":"https:\/\/swissbaker.ch\/fr\/wp-json\/wp\/v2\/posts\/81506","targetHints":{"allow":["GET"]}}],"collection":[{"href":"https:\/\/swissbaker.ch\/fr\/wp-json\/wp\/v2\/posts"}],"about":[{"href":"https:\/\/swissbaker.ch\/fr\/wp-json\/wp\/v2\/types\/post"}],"author":[{"embeddable":true,"href":"https:\/\/swissbaker.ch\/fr\/wp-json\/wp\/v2\/users\/5"}],"replies":[{"embeddable":true,"href":"https:\/\/swissbaker.ch\/fr\/wp-json\/wp\/v2\/comments?post=81506"}],"version-history":[{"count":0,"href":"https:\/\/swissbaker.ch\/fr\/wp-json\/wp\/v2\/posts\/81506\/revisions"}],"wp:featuredmedia":[{"embeddable":true,"href":"https:\/\/swissbaker.ch\/fr\/wp-json\/wp\/v2\/media\/81507"}],"wp:attachment":[{"href":"https:\/\/swissbaker.ch\/fr\/wp-json\/wp\/v2\/media?parent=81506"}],"wp:term":[{"taxonomy":"category","embeddable":true,"href":"https:\/\/swissbaker.ch\/fr\/wp-json\/wp\/v2\/categories?post=81506"},{"taxonomy":"post_tag","embeddable":true,"href":"https:\/\/swissbaker.ch\/fr\/wp-json\/wp\/v2\/tags?post=81506"}],"curies":[{"name":"wp","href":"https:\/\/api.w.org\/{rel}","templated":true}]}}